{"id":73591,"date":"2022-12-22T13:29:41","date_gmt":"2022-12-22T16:29:41","guid":{"rendered":"http:\/\/aarquiteta.com.br\/?p=73591"},"modified":"2023-07-18T13:59:40","modified_gmt":"2023-07-18T16:59:40","slug":"cristaleira-para-que-serve","status":"publish","type":"post","link":"https:\/\/www.aarquiteta.com.br\/blog\/cristaleira-para-que-serve\/","title":{"rendered":"Cristaleira: para que serve e quais os modelos mais usados?"},"content":{"rendered":"<p>A cristaleira \u00e9 um m\u00f3vel para sala, geralmente possui um envidra\u00e7ado no qual se guardam e exp\u00f5em objetos de cristal como copos, garrafas, compoteiras etc.<\/p>\n<p>Ela pode ser usada para diversas finalidades: como elemento decorativo, para ganhar mais espa\u00e7o ao guardar seu aparelho de jantar, ta\u00e7as e copos, ou simplesmente para complementar a adega.<\/p>\n<p>Na decora\u00e7\u00e3o da sala de estar a cristaleira pode ser usada como apoio para a \u00e1rea de um barzinho, onde esse m\u00f3vel pode ser usado para guardar ta\u00e7as, copos e bebidas.<\/p>\n<h2>Como se usa uma cristaleira?<\/h2>\n<p>Adicionar um arm\u00e1rio para armazenamento incentiva a cria\u00e7\u00e3o de um ambiente mais aconchegante e intimista. Acrescenta valor sentimental ao espa\u00e7o e incentiva a cria\u00e7\u00e3o de boas mem\u00f3rias.<\/p>\n<p>Para utiliz\u00e1-los adequadamente em sua casa, fornecemos sugest\u00f5es ao longo deste artigo. Aprenda como e onde incorporar essas tend\u00eancias para um efeito adicional.<\/p>\n<h3>Uso da cristaleira no modo cl\u00e1ssico:<\/h3>\n<p>Para muitas fam\u00edlias, a cristaleira\u00a0 ainda \u00e9 o principal meio de exibir seus objetos de valor e colecion\u00e1veis.<\/p>\n<p>Al\u00e9m de lou\u00e7as e cristais, as pessoas tamb\u00e9m exibem rel\u00edquias de fam\u00edlia herdadas e outros pertences importantes.<\/p>\n<p>Existem estilos r\u00fasticos e elegantes de gaiola dispon\u00edveis, bem como modernos com designs exclusivos. Esses m\u00f3veis podem ser usados \u200b\u200bna cozinha, sala de estar ou sala de jantar.<\/p>\n<p>Quando preenchido com vidro brilhante, este gabinete fornece um toque elegante a qualquer sala de jantar.<\/p>\n<p>O objetivo original deste arm\u00e1rio \u00e9 armazenar pratos usados \u200b\u200bem jantares e talheres; tamb\u00e9m serve como local para guardar talheres e outros suprimentos.<\/p>\n<h3>Cristaleiras fornecem armazenamento ou exibi\u00e7\u00e3o de livros em dois estilos diferentes.<\/h3>\n<p>Para exibir itens como antiguidades ou lembran\u00e7as de viagem, as pessoas costumam usar arm\u00e1rios de porcelana como uma vitrine.<\/p>\n<p>No entanto, a maioria dos estilos de decora\u00e7\u00e3o agora usa telas de gaiola.<\/p>\n<h3>Cristaleira usada para decora\u00e7\u00e3o.<\/h3>\n<p><img decoding=\"async\" class=\"alignnone size-full wp-image-73604\" src=\"https:\/\/www.aarquiteta.com.br\/blog\/wp-content\/uploads\/2022\/12\/WhatsApp-Image-2022-12-22-at-12.43.32-2.jpeg\" alt=\"cristaleira de video\" width=\"1000\" height=\"1000\" title=\"\" srcset=\"https:\/\/www.aarquiteta.com.br\/blog\/wp-content\/uploads\/2022\/12\/WhatsApp-Image-2022-12-22-at-12.43.32-2.jpeg 1000w, https:\/\/www.aarquiteta.com.br\/blog\/wp-content\/uploads\/2022\/12\/WhatsApp-Image-2022-12-22-at-12.43.32-2-696x696.jpeg 696w, https:\/\/www.aarquiteta.com.br\/blog\/wp-content\/uploads\/2022\/12\/WhatsApp-Image-2022-12-22-at-12.43.32-2-96x96.jpeg 96w, https:\/\/www.aarquiteta.com.br\/blog\/wp-content\/uploads\/2022\/12\/WhatsApp-Image-2022-12-22-at-12.43.32-2-150x150.jpeg 150w\" sizes=\"(max-width: 1000px) 100vw, 1000px\" \/><\/p>\n<p>Uma cristaleira de vidro pode ser usada para criar um estilo de decora\u00e7\u00e3o de destaque.<\/p>\n<p>Isso porque os m\u00f3veis envidra\u00e7ados se destacam dos demais m\u00f3veis gra\u00e7as aos detalhes ornamentais.<\/p>\n<p>Ao colocar m\u00f3veis envidra\u00e7ados em posi\u00e7\u00f5es de destaque, voc\u00ea pode exibir a decora\u00e7\u00e3o e encher sua casa de toques pessoais.<\/p>\n<p>As pessoas costumam usar as cristaleiras para organizar e proteger livros de poeira em sua sala de estar, escrit\u00f3rio ou em qualquer outro lugar.<\/p>\n<p>As portas de vidro facilitam a localiza\u00e7\u00e3o e visualiza\u00e7\u00e3o de esp\u00e9cimes. Al\u00e9m disso, as pessoas podem manter as cole\u00e7\u00f5es nos arm\u00e1rios.<\/p>\n<h3>O armazenamento extra na cozinha do chef inclui arm\u00e1rios.<\/h3>\n<p>Considere as cristaleiras para armazenar alimentos gourmets como uma bela adi\u00e7\u00e3o \u00e0 decora\u00e7\u00e3o moderna.<\/p>\n<p>Eles tamb\u00e9m atuam como m\u00f3veis funcionais e atenciosos. Sua funcionalidade e est\u00e9tica se misturam em um canto agrad\u00e1vel que fornece tudo o que \u00e9 necess\u00e1rio.<\/p>\n<p>Ao selecionar uma gaiola, \u00e9 importante considerar suas dimens\u00f5es antes de decidir. As medidas variam entre diferentes estilos e tamanhos de gaiola.<\/p>\n<p>Ap\u00f3s determinar onde deseja colocar seus m\u00f3veis, \u00e9 melhor verificar as dimens\u00f5es dispon\u00edveis.<\/p>\n<p>Ap\u00f3s determinar as medidas que voc\u00ea precisa, <strong>\u00e9 hora de decidir sobre a fun\u00e7\u00e3o de sua cristaleira. <\/strong><\/p>\n<p>Se voc\u00ea precisa de uma cristaleira que sirva de apoio e decora\u00e7\u00e3o para sua sala de jantar, por exemplo, considere adquirir uma cristaleira com portas de vidro e prateleiras extras para organizar e expor os itens.<\/p>\n<p>As cristaleiras s\u00e3o \u00fateis quando voc\u00ea precisa mostrar um item espec\u00edfico na decora\u00e7\u00e3o da sua casa.<\/p>\n<p>De salas de jantar a escrit\u00f3rios e creches, basta escolher onde colocar uma pe\u00e7a favorita.<\/p>\n<h2>Outras ideias de uso para as cristaleiras.<\/h2>\n<p><img decoding=\"async\" class=\"alignnone size-full wp-image-73600\" src=\"https:\/\/www.aarquiteta.com.br\/blog\/wp-content\/uploads\/2022\/12\/WhatsApp-Image-2022-12-22-at-12.43.31.jpeg\" alt=\"Cristaleira de vidro\" width=\"1000\" height=\"1000\" title=\"\" srcset=\"https:\/\/www.aarquiteta.com.br\/blog\/wp-content\/uploads\/2022\/12\/WhatsApp-Image-2022-12-22-at-12.43.31.jpeg 1000w, https:\/\/www.aarquiteta.com.br\/blog\/wp-content\/uploads\/2022\/12\/WhatsApp-Image-2022-12-22-at-12.43.31-696x696.jpeg 696w, https:\/\/www.aarquiteta.com.br\/blog\/wp-content\/uploads\/2022\/12\/WhatsApp-Image-2022-12-22-at-12.43.31-96x96.jpeg 96w, https:\/\/www.aarquiteta.com.br\/blog\/wp-content\/uploads\/2022\/12\/WhatsApp-Image-2022-12-22-at-12.43.31-150x150.jpeg 150w\" sizes=\"(max-width: 1000px) 100vw, 1000px\" \/><\/p>\n<p>As Cristaleiras modernas contam com um design inovador, utilizam dores e ainda oferecem um balc\u00e3o.<br \/>\nVoc\u00ea pode utilizar a sua cristaleira na tamb\u00e9m na cozinha.<\/p>\n<p>Voc\u00ea pode dar uma nova fun\u00e7\u00e3o a sua cristaleira e us\u00e1-la como um bar ou cantinho de caf\u00e9.<\/p>\n<p>Hoje voc\u00ea pode inserir a cristaleira na decora\u00e7\u00e3o da sua sala de jantar, cozinha ou at\u00e9 no cantinho do caf\u00e9\/bar.<\/p>\n<p>S\u00e3o m\u00f3veis confeccionados para expor todo o interior deste arm\u00e1rio, o que d\u00e1 ainda mais charme para as suas lou\u00e7as, ta\u00e7as e objetos de decora\u00e7\u00e3o nele armazenados.<\/p>\n<p>Os m\u00f3veis estilos r\u00fasticos est\u00e3o em alta e vem decorando casas, chal\u00e9s, fazendas e empresas que buscam exaltar uma moda passada, lembrando os m\u00f3veis antigos, agregando luxo e conforto \u00e0 decora\u00e7\u00e3o.<\/p>\n<p>Para uma cozinha pequena, voc\u00ea pode comprar o modelo de canto que ajudar\u00e3o a ganhar mais espa\u00e7o no ambiente.<\/p>\n<p>\u00c9 o conjunto ideal para compor a sua sala de jantar, deixando seu ambiente muito mais elegante. Possui um design moderno, encantador com detalhes aut\u00eanticos combinando com toda a decora\u00e7\u00e3o do ambiente.<\/p>\n<p>Se voc\u00ea gostaria de ter uma cristaleira, mas n\u00e3o sabe se tem espa\u00e7o para acomodar o modelo ideal, me\u00e7a primeiramente o tamanho do espa\u00e7o e busque por um modelo que se ajuste as estas medidas.<\/p>\n<p>Conhecida por ter caracter\u00edsticas cl\u00e1ssicas e exuberantes, a Cristaleira Vintage \u00e9 um m\u00f3vel marcante para decorar e ainda funcional na organiza\u00e7\u00e3o.<\/p>\n<p>Nela, lou\u00e7as, aparelhos de jantar, faqueiros e outros itens ficam armazenados enquanto decoram o espa\u00e7o.<\/p>\n<p><strong>Espero que este artigo tenha ajudado voc\u00ea!<\/strong><\/p>\n<p>Ent\u00e3o deslize a tela para baixo e<a href=\"https:\/\/br.pinterest.com\/aarquitetapinterest\/_created\/\" target=\"_blank\" rel=\"noopener\">\u00a0confira mais dicas<\/a>\u00a0como esta e n\u00e3o se esque\u00e7a de compartilhar com os amigos!<\/p>\n<p>Quer mais dicas sobre o mundo da\u00a0<a href=\"https:\/\/www.aarquiteta.com.br\/blog\/o-que-e-arquitetura\/\">arquitetura<\/a>\u00a0e\u00a0<a href=\"https:\/\/www.aarquiteta.com.br\/blog\/decoracao\/\">Decora\u00e7\u00e3o<\/a>, ent\u00e3o confira alguns dos nossos artigos em:<\/p>\n<ul>\n<li><a href=\"https:\/\/www.aarquiteta.com.br\/blog\/paisagismo\/\" target=\"_blank\" rel=\"noopener\">Casa e Jardim<\/a><\/li>\n<li><a href=\"https:\/\/www.aarquiteta.com.br\/blog\/arquitetura\/mundo-arquitetura\/\" target=\"_blank\" rel=\"noopener\">Mundo Arquitetura<\/a><\/li>\n<li><a href=\"https:\/\/www.aarquiteta.com.br\/decoracao\/\" target=\"_blank\" rel=\"noopener\">Decora\u00e7\u00e3o\u00a0<\/a><\/li>\n<\/ul>\n","protected":false},"excerpt":{"rendered":"<p>A cristaleira \u00e9 um m\u00f3vel para sala, geralmente possui um envidra\u00e7ado no qual se guardam e exp\u00f5em objetos de cristal como copos, garrafas, compoteiras etc. Ela pode ser usada para diversas finalidades: como elemento decorativo, para ganhar mais espa\u00e7o ao guardar seu aparelho de jantar, ta\u00e7as e copos, ou simplesmente para complementar a adega. Na [&hellip;]<\/p>\n","protected":false},"author":102,"featured_media":73601,"comment_status":"open","ping_status":"closed","sticky":false,"template":"","format":"standard","meta":{"footnotes":""},"categories":[1484,18751,18752],"tags":[25221,25244,25225,25240,25231,25234,25233,25223,25232,25222,25236,25242,25241,25229,25224,25238,25243,25239,25227,25226,25235,25237,25230,25228],"class_list":["post-73591","post","type-post","status-publish","format-standard","has-post-thumbnail","category-decoracao","category-decoracao-sala-de-estar","category-decoracao-sala-de-jantar","tag-cristaleira","tag-cristaleira-1-porta","tag-cristaleira-antiga","tag-cristaleira-baixa","tag-cristaleira-branca","tag-cristaleira-com-adega","tag-cristaleira-de-canto","tag-cristaleira-de-madeira","tag-cristaleira-de-parede","tag-cristaleira-de-vidro","tag-cristaleira-de-vidro-e-madeira","tag-cristaleira-horizontal","tag-cristaleira-industrial","tag-cristaleira-madeira","tag-cristaleira-moderna","tag-cristaleira-off-white","tag-cristaleira-para-cozinha","tag-cristaleira-para-sala-de-jantar","tag-cristaleira-pequena","tag-cristaleira-planejada","tag-cristaleira-preta","tag-cristaleira-retro","tag-cristaleira-rustica","tag-cristaleira-suspensa"],"_wp_attached_file":null,"_wp_attachment_metadata":null,"_wp_attachment_context":null,"_wp_attachment_is_custom_header":null,"geo_longitude":null,"geo_public":null,"geo_latitude":null,"_publicize_done_external":null,"_wpas_done_3897181":null,"publicize_twitter_user":null,"_wpas_done_3897175":null,"_wpas_skip_3897181":null,"_wpas_skip_3897175":null,"_wpas_skip_3924723":null,"_wpas_mess":null,"_wpas_done_3924723":null,"wps_subtitle":"","_links":{"self":[{"href":"https:\/\/www.aarquiteta.com.br\/blog\/wp-json\/wp\/v2\/posts\/73591","targetHints":{"allow":["GET"]}}],"collection":[{"href":"https:\/\/www.aarquiteta.com.br\/blog\/wp-json\/wp\/v2\/posts"}],"about":[{"href":"https:\/\/www.aarquiteta.com.br\/blog\/wp-json\/wp\/v2\/types\/post"}],"author":[{"embeddable":true,"href":"https:\/\/www.aarquiteta.com.br\/blog\/wp-json\/wp\/v2\/users\/102"}],"replies":[{"embeddable":true,"href":"https:\/\/www.aarquiteta.com.br\/blog\/wp-json\/wp\/v2\/comments?post=73591"}],"version-history":[{"count":0,"href":"https:\/\/www.aarquiteta.com.br\/blog\/wp-json\/wp\/v2\/posts\/73591\/revisions"}],"wp:featuredmedia":[{"embeddable":true,"href":"https:\/\/www.aarquiteta.com.br\/blog\/wp-json\/wp\/v2\/media\/73601"}],"wp:attachment":[{"href":"https:\/\/www.aarquiteta.com.br\/blog\/wp-json\/wp\/v2\/media?parent=73591"}],"wp:term":[{"taxonomy":"category","embeddable":true,"href":"https:\/\/www.aarquiteta.com.br\/blog\/wp-json\/wp\/v2\/categories?post=73591"},{"taxonomy":"post_tag","embeddable":true,"href":"https:\/\/www.aarquiteta.com.br\/blog\/wp-json\/wp\/v2\/tags?post=73591"}],"curies":[{"name":"wp","href":"https:\/\/api.w.org\/{rel}","templated":true}]}}