{"id":73524,"date":"2022-12-21T10:35:16","date_gmt":"2022-12-21T13:35:16","guid":{"rendered":"http:\/\/aarquiteta.com.br\/?p=73524"},"modified":"2024-07-03T15:59:41","modified_gmt":"2024-07-03T18:59:41","slug":"armario-de-cozinha-cinza","status":"publish","type":"post","link":"https:\/\/www.aarquiteta.com.br\/blog\/armario-de-cozinha-cinza\/","title":{"rendered":"Arm\u00e1rio de cozinha cinza &#8211; modelos e exemplos de decora\u00e7\u00e3o."},"content":{"rendered":"<p>Como resultado de sua considera\u00e7\u00e3o sobre a compra do arm\u00e1rio de cozinha cinza, este post detalha conselhos \u00fateis para escolher a melhor op\u00e7\u00e3o. Leia abaixo para saber mais.<\/p>\n<p>A decora\u00e7\u00e3o do arm\u00e1rio de cozinha cinza fornece uma apar\u00eancia elegante para uma cozinha. Por isso, pessoas com cozinhas modernas est\u00e3o defendendo a popularidade dos arm\u00e1rios de cozinha com estilo cinza planejado. Como essas cozinhas t\u00eam m\u00f3veis m\u00ednimos que ainda impressionam, elas s\u00e3o mais populares a cada dia.<\/p>\n<p>\u00c9 convencional imaginar cozinhas com arm\u00e1rios brancos porque essa \u00e9 a cor padr\u00e3o para esse tipo de ambiente. Tamb\u00e9m \u00e9 uma boa ideia ter um espa\u00e7o limpo e organizado, por isso os arm\u00e1rios de cozinha cinza s\u00e3o uma excelente alternativa.<\/p>\n<h2><a href=\"https:\/\/amzn.to\/3PHUK2u\" target=\"_blank\" rel=\"noopener\">Arm\u00e1rio de cozinha cinza<\/a><\/h2>\n<p>O uso de arm\u00e1rios de cozinha cinza-claro complementa a apar\u00eancia, aumentando o tamanho geral do espa\u00e7o. Al\u00e9m disso, combinar as cores das paredes e bancadas com outros estilos de arm\u00e1rio cinza ajuda a ampliar a apar\u00eancia da \u00e1rea.<\/p>\n<p>Uma cozinha pode apresentar designs modernos e retr\u00f4 com aparelhos variados.<\/p>\n<p>A decora\u00e7\u00e3o em um esquema de cores cinza requer o uso de aparelhos como geladeiras e fog\u00f5es. As pessoas que acreditam que todas as cozinhas cinza precisam ser futuristas precisam pensar novamente.<\/p>\n<p>Tamb\u00e9m \u00e9 poss\u00edvel uma abordagem mais r\u00fastica ao design da cozinha usando arm\u00e1rios e eletrodom\u00e9sticos de madeira em estilo retr\u00f4.<\/p>\n<h3>Na cozinha, que cor complementa o cinza?<\/h3>\n<p>Tons neutros como o cinza fazem qualquer arm\u00e1rio de cozinha parecer cinza. Combinar esses arm\u00e1rios com outras cores oferece uma s\u00e9rie de possibilidades est\u00e9ticas.<\/p>\n<p>Por exemplo, combinar um arm\u00e1rio cinza com laranja ou amarelo cria uma casa mais aconchegante.<\/p>\n<p>Se as pessoas preferem uma cozinha menos ensolarada, considere usar verde, azul ou violeta em sua decora\u00e7\u00e3o.<\/p>\n<p>Em cozinhas, o cinza pode ser usado para revestir as partes superiores dos arm\u00e1rios de cozinha. Tamb\u00e9m aparece em outros elementos de design, como azulejos e m\u00f3veis.<\/p>\n<h3>O cinza tem uma vasta gama de usos pr\u00e1ticos e decorativos.<\/h3>\n<figure id=\"attachment_73530\" aria-describedby=\"caption-attachment-73530\" style=\"width: 1000px\" class=\"wp-caption alignnone\"><img decoding=\"async\" class=\"size-full wp-image-73530\" src=\"https:\/\/www.aarquiteta.com.br\/blog\/wp-content\/uploads\/2022\/12\/armario-de-cozinha-cinza-2.jpg\" alt=\"armario de cozinha cinza\" width=\"1000\" height=\"1000\" title=\"\" srcset=\"https:\/\/www.aarquiteta.com.br\/blog\/wp-content\/uploads\/2022\/12\/armario-de-cozinha-cinza-2.jpg 1000w, https:\/\/www.aarquiteta.com.br\/blog\/wp-content\/uploads\/2022\/12\/armario-de-cozinha-cinza-2-696x696.jpg 696w, https:\/\/www.aarquiteta.com.br\/blog\/wp-content\/uploads\/2022\/12\/armario-de-cozinha-cinza-2-96x96.jpg 96w, https:\/\/www.aarquiteta.com.br\/blog\/wp-content\/uploads\/2022\/12\/armario-de-cozinha-cinza-2-150x150.jpg 150w\" sizes=\"(max-width: 1000px) 100vw, 1000px\" \/><figcaption id=\"caption-attachment-73530\" class=\"wp-caption-text\">Arm\u00e1rio de Cozinha Completa de Canto 445cm Cinza Nice Madesa 01<\/figcaption><\/figure>\n<p>Pode ser usado em cozinhas para forrar arm\u00e1rios superiores para arruma\u00e7\u00e3o. Alternativamente, pode ser usado como uma camada de base em arm\u00e1rios antes de terminar com branco ou outra cor brilhante.<\/p>\n<p>O vidro tingido de branco tamb\u00e9m emite um tom cinza suave. Geralmente \u00e9 usado em \u00e1reas p\u00fablicas, como hospitais, bibliotecas e escrit\u00f3rios para dar uma apar\u00eancia mais profissional.<\/p>\n<p>O arm\u00e1rio de cozinha \u00e9 geralmente feito de madeira escura com brilho branco ou cinza-claro. Os puxadores pretos s\u00e3o uma alternativa elegante para um visual sofisticado da cozinha.<\/p>\n<p>O cinza tamb\u00e9m \u00e9 a cor mais comum para portas de arm\u00e1rios de cozinha. Isso porque combina com outras cores escuras, como preto e marrom, e combina com o resto da decora\u00e7\u00e3o da cozinha.<\/p>\n<p>Cinza \u00e9 a tonalidade mais popular para arm\u00e1rio de cozinha no Brasil. \u00c9 muito utilizado em resid\u00eancias das regi\u00f5es Nordeste e Centro-Oeste do pa\u00eds.<\/p>\n<p>A cor \u00e9 especialmente popular entre os propriet\u00e1rios mais velhos que tiveram suas propriedades constru\u00eddas h\u00e1 cerca de 50 anos.<\/p>\n<p>Esses propriet\u00e1rios geralmente atualizam seus arm\u00e1rios de cozinha com um acabamento cinza para combinar com seus outros arm\u00e1rios de madeira escura.<\/p>\n<p>Cinza pode ser usado efetivamente em cozinhas para revestir arm\u00e1rios superiores para armazenamento ou como uma camada de base em arm\u00e1rios antes de pint\u00e1-los de branco ou outro cor brilhante.<\/p>\n<p>Parece especialmente bom em al\u00e7as pretas para cozinhas elegantes e sofisticadas. Qualquer pessoa interessada em usar o cinza em sua casa deve ter essas ideias em mente ao montar suas ideias de decora\u00e7\u00e3o!<\/p>\n<figure id=\"attachment_73529\" aria-describedby=\"caption-attachment-73529\" style=\"width: 1000px\" class=\"wp-caption alignnone\"><img decoding=\"async\" class=\"size-full wp-image-73529\" src=\"https:\/\/www.aarquiteta.com.br\/blog\/wp-content\/uploads\/2022\/12\/armario-de-cozinha-cinza-1.jpg\" alt=\"armario de cozinha cinza\" width=\"1000\" height=\"1000\" title=\"\" srcset=\"https:\/\/www.aarquiteta.com.br\/blog\/wp-content\/uploads\/2022\/12\/armario-de-cozinha-cinza-1.jpg 1000w, https:\/\/www.aarquiteta.com.br\/blog\/wp-content\/uploads\/2022\/12\/armario-de-cozinha-cinza-1-696x696.jpg 696w, https:\/\/www.aarquiteta.com.br\/blog\/wp-content\/uploads\/2022\/12\/armario-de-cozinha-cinza-1-96x96.jpg 96w, https:\/\/www.aarquiteta.com.br\/blog\/wp-content\/uploads\/2022\/12\/armario-de-cozinha-cinza-1-150x150.jpg 150w\" sizes=\"(max-width: 1000px) 100vw, 1000px\" \/><figcaption id=\"caption-attachment-73529\" class=\"wp-caption-text\"><br \/>Arm\u00e1rio de Cozinha Completa Suspenso 240cm Cinza Nice Madesa 05<\/figcaption><\/figure>\n<h3>Utens\u00edlios de a\u00e7o inoxid\u00e1vel em uma cozinha cinza com m\u00f3veis modernos.<\/h3>\n<p>Os estilos modernos de arm\u00e1rios de cozinha apresentam uma variedade de cinzas e formas geom\u00e9tricas.<\/p>\n<p>A caracter\u00edstica mais popular hoje \u00e9 o arm\u00e1rio de cozinha cinza com um design minimalista que enfatiza linhas retas e formas geom\u00e9tricas.<\/p>\n<p>Ao escolher uma cozinha contempor\u00e2nea, escolha uma com arm\u00e1rios pretos e cinzas. Estes arm\u00e1rios parecem elegantes e modernos gra\u00e7as \u00e0 sua combina\u00e7\u00e3o de tons.<\/p>\n<p>Al\u00e9m de parecerem modernos, eles tamb\u00e9m fazem sua cozinha parecer maior do que \u00e9, dominando o espa\u00e7o que ocupam.<\/p>\n<h3>Ao escolher um design de cozinha, \u00e9 melhor usar uma op\u00e7\u00e3o de arm\u00e1rio de cozinha cinza-claro.<\/h3>\n<p>Esses gabinetes ajudam a criar um campo visual maior em vez de reduzi-lo.<\/p>\n<p>Como alternativa, voc\u00ea pode escolher um design de arm\u00e1rio de cozinha preto e cinza para maximizar o tamanho visual.<\/p>\n<p>Alternativamente, voc\u00ea pode optar por arm\u00e1rios de cozinha brancos e cinzas ou uma op\u00e7\u00e3o de arm\u00e1rio de cozinha cinza-claro para aumentar a sensa\u00e7\u00e3o de amplitude no espa\u00e7o.<\/p>\n<h3>Um <a href=\"https:\/\/amzn.to\/3jnuazP\" target=\"_blank\" rel=\"noopener\">arm\u00e1rio de cozinha em a\u00e7o inox<\/a> cinza \u00e9 uma \u00f3tima op\u00e7\u00e3o moderna para quem procura um espa\u00e7o de cozinha harmonioso e moderno.<\/h3>\n<figure id=\"attachment_73531\" aria-describedby=\"caption-attachment-73531\" style=\"width: 1000px\" class=\"wp-caption alignnone\"><img decoding=\"async\" class=\"size-full wp-image-73531\" src=\"https:\/\/www.aarquiteta.com.br\/blog\/wp-content\/uploads\/2022\/12\/armario-de-cozinha-cinza-aco-inox.jpg\" alt=\"armario de cozinha cinza a\u00e7o inox\" width=\"1000\" height=\"956\" title=\"\" srcset=\"https:\/\/www.aarquiteta.com.br\/blog\/wp-content\/uploads\/2022\/12\/armario-de-cozinha-cinza-aco-inox.jpg 1000w, https:\/\/www.aarquiteta.com.br\/blog\/wp-content\/uploads\/2022\/12\/armario-de-cozinha-cinza-aco-inox-696x665.jpg 696w, https:\/\/www.aarquiteta.com.br\/blog\/wp-content\/uploads\/2022\/12\/armario-de-cozinha-cinza-aco-inox-150x143.jpg 150w\" sizes=\"(max-width: 1000px) 100vw, 1000px\" \/><figcaption id=\"caption-attachment-73531\" class=\"wp-caption-text\"><br \/>Cozinha Compacta 3 Pe\u00e7as sem Balc\u00e3o Rubi Telasul Branco<\/figcaption><\/figure>\n<p>Combinar geladeira e fog\u00e3o com essa est\u00e9tica garante um espa\u00e7o supermoderno e coeso. Adicionar uma geladeira preta \u00e0 sua cozinha ajudar\u00e1 voc\u00ea a conseguir esse visual.<\/p>\n<h4>Um arm\u00e1rio de cozinha cinza serve como uma alternativa simples ao design ornamentado.<\/h4>\n<p>Investir em um arm\u00e1rio de cozinha cinza-claro ou com tema branco e cinza \u00e9 a forma ideal de manter uma decora\u00e7\u00e3o neutra. Isso ocorre porque os arm\u00e1rios de cozinha cinza-claro n\u00e3o se destacam tanto quanto outros estilos de arm\u00e1rio.<\/p>\n<p>Como alternativa, voc\u00ea pode investir em um arm\u00e1rio de cozinha com tema cinza e branco &#8211; assim, ele n\u00e3o chamar\u00e1 a aten\u00e7\u00e3o.<\/p>\n<p>Adicionar elementos decorativos \u00e0 cozinha, como lustres suspensos e tigelas de porcelana com frutas, ajuda a incrementar a decora\u00e7\u00e3o sem sobrecarregar o espa\u00e7o.<\/p>\n<p>Evite criar uma apar\u00eancia desordenada investindo em arm\u00e1rios de cozinha com detalhes m\u00ednimos de design.<\/p>\n<p><strong>Espero que este artigo tenha ajudado voc\u00ea!<\/strong><\/p>\n<p>Ent\u00e3o deslize a tela para baixo e<a href=\"https:\/\/br.pinterest.com\/aarquitetapinterest\/_created\/\" target=\"_blank\" rel=\"noopener\">\u00a0confira mais dicas<\/a>\u00a0como esta e n\u00e3o se esque\u00e7a de compartilhar com os amigos!<\/p>\n<p>Quer mais dicas sobre o mundo da\u00a0<a href=\"https:\/\/www.aarquiteta.com.br\/blog\/o-que-e-arquitetura\/\">arquitetura<\/a>\u00a0e\u00a0<a href=\"https:\/\/www.aarquiteta.com.br\/blog\/decoracao\/\">Decora\u00e7\u00e3o<\/a>, ent\u00e3o confira alguns dos nossos artigos em:<\/p>\n<ul>\n<li><a href=\"https:\/\/www.aarquiteta.com.br\/blog\/paisagismo\/\" target=\"_blank\" rel=\"noopener\">Casa e Jardim<\/a><\/li>\n<li><a href=\"https:\/\/www.aarquiteta.com.br\/blog\/arquitetura\/mundo-arquitetura\/\" target=\"_blank\" rel=\"noopener\">Mundo Arquitetura<\/a><\/li>\n<li><a href=\"https:\/\/www.aarquiteta.com.br\/decoracao\/\" target=\"_blank\" rel=\"noopener\">Decora\u00e7\u00e3o\u00a0<\/a><\/li>\n<\/ul>\n","protected":false},"excerpt":{"rendered":"<p>Como resultado de sua considera\u00e7\u00e3o sobre a compra do arm\u00e1rio de cozinha cinza, este post detalha conselhos \u00fateis para escolher a melhor op\u00e7\u00e3o. Leia abaixo para saber mais. A decora\u00e7\u00e3o do arm\u00e1rio de cozinha cinza fornece uma apar\u00eancia elegante para uma cozinha. Por isso, pessoas com cozinhas modernas est\u00e3o defendendo a popularidade dos arm\u00e1rios de [&hellip;]<\/p>\n","protected":false},"author":102,"featured_media":73527,"comment_status":"open","ping_status":"closed","sticky":false,"template":"","format":"standard","meta":{"footnotes":""},"categories":[35414,35384,18754,1484,20353],"tags":[24881,24865,24873,24877,24869,24867,24860,24864,24868,24883,24870,24861,24872,24874,24876,24879,24871,24866,24859,13025,24862,24882,24863,24880,24875,24878],"class_list":["post-73524","post","type-post","status-publish","format-standard","has-post-thumbnail","category-acessorios-para-decoracao","category-armarios-e-aparadores","category-decoracao-de-cozinha","category-decoracao","category-home-decor","tag-armario-de-cozinha-balcao","tag-armario-de-cozinha-branco","tag-armario-de-cozinha-cinza","tag-armario-de-cozinha-com-balcao","tag-armario-de-cozinha-com-pia","tag-armario-de-cozinha-compacto","tag-armario-de-cozinha-completo","tag-armario-de-cozinha-de-aco","tag-armario-de-cozinha-de-canto","tag-armario-de-cozinha-de-chao","tag-armario-de-cozinha-de-madeira","tag-armario-de-cozinha-de-parede","tag-armario-de-cozinha-de-pezinho","tag-armario-de-cozinha-em-l","tag-armario-de-cozinha-espelhado","tag-armario-de-cozinha-inox","tag-armario-de-cozinha-mdf","tag-armario-de-cozinha-modulado","tag-armario-de-cozinha-pequeno","tag-armario-de-cozinha-planejado","tag-armario-de-cozinha-preto","tag-armario-de-cozinha-preto-e-branco","tag-armario-de-cozinha-suspenso","tag-armario-de-cozinha-vermelho","tag-como-organizar-armario-de-cozinha","tag-puxadores-para-armario-de-cozinha"],"_wp_attached_file":null,"_wp_attachment_metadata":null,"_wp_attachment_context":null,"_wp_attachment_is_custom_header":null,"geo_longitude":null,"geo_public":null,"geo_latitude":null,"_publicize_done_external":null,"_wpas_done_3897181":null,"publicize_twitter_user":null,"_wpas_done_3897175":null,"_wpas_skip_3897181":null,"_wpas_skip_3897175":null,"_wpas_skip_3924723":null,"_wpas_mess":null,"_wpas_done_3924723":null,"wps_subtitle":"","_links":{"self":[{"href":"https:\/\/www.aarquiteta.com.br\/blog\/wp-json\/wp\/v2\/posts\/73524","targetHints":{"allow":["GET"]}}],"collection":[{"href":"https:\/\/www.aarquiteta.com.br\/blog\/wp-json\/wp\/v2\/posts"}],"about":[{"href":"https:\/\/www.aarquiteta.com.br\/blog\/wp-json\/wp\/v2\/types\/post"}],"author":[{"embeddable":true,"href":"https:\/\/www.aarquiteta.com.br\/blog\/wp-json\/wp\/v2\/users\/102"}],"replies":[{"embeddable":true,"href":"https:\/\/www.aarquiteta.com.br\/blog\/wp-json\/wp\/v2\/comments?post=73524"}],"version-history":[{"count":0,"href":"https:\/\/www.aarquiteta.com.br\/blog\/wp-json\/wp\/v2\/posts\/73524\/revisions"}],"wp:featuredmedia":[{"embeddable":true,"href":"https:\/\/www.aarquiteta.com.br\/blog\/wp-json\/wp\/v2\/media\/73527"}],"wp:attachment":[{"href":"https:\/\/www.aarquiteta.com.br\/blog\/wp-json\/wp\/v2\/media?parent=73524"}],"wp:term":[{"taxonomy":"category","embeddable":true,"href":"https:\/\/www.aarquiteta.com.br\/blog\/wp-json\/wp\/v2\/categories?post=73524"},{"taxonomy":"post_tag","embeddable":true,"href":"https:\/\/www.aarquiteta.com.br\/blog\/wp-json\/wp\/v2\/tags?post=73524"}],"curies":[{"name":"wp","href":"https:\/\/api.w.org\/{rel}","templated":true}]}}