{"id":73380,"date":"2022-12-16T13:44:21","date_gmt":"2022-12-16T16:44:21","guid":{"rendered":"http:\/\/aarquiteta.com.br\/?p=73380"},"modified":"2024-09-16T07:49:51","modified_gmt":"2024-09-16T10:49:51","slug":"armario-de-cozinha-de-canto","status":"publish","type":"post","link":"https:\/\/www.aarquiteta.com.br\/blog\/armario-de-cozinha-de-canto\/","title":{"rendered":"Como organizar um arm\u00e1rio de cozinha de canto"},"content":{"rendered":"<p>Um arm\u00e1rio de <a href=\"https:\/\/www.aarquiteta.com.br\/blog\/decoracao\/ambientes-na-decoracao\/decoracao-de-cozinha\/\">cozinha<\/a> de canto \u00e9 uma \u00f3tima ideia para economizar espa\u00e7o em cozinhas pequenas. Ao organizar sua cozinha dessa maneira, ir\u00e1\u00a0 manter os suprimentos de cozinha prontamente acess\u00edveis.<\/p><p>Tamb\u00e9m torna a sua cozinha mais confort\u00e1vel para trabalhar e torna-a mais moderna e elegante.<\/p><h2>Arm\u00e1rio de cozinha de canto: vantagens.<\/h2><p>A principal vantagem deste tipo de <a href=\"https:\/\/www.aarquiteta.com.br\/blog\/home-decor\/acessorios-para-decoracao\/armarios-e-aparadores\/\" class=\"ilj-generated-link\">arm\u00e1rio<\/a> de cozinha <strong>\u00e9 a economia de espa\u00e7o.<\/strong><\/p><p>Pode aceder facilmente a todo o equipamento de cozinha de que necessita, colocando um arm\u00e1rio de cozinha de canto na sua cozinha.<\/p><p>Voc\u00ea tamb\u00e9m pode manter seus produtos secos limpos e organizados com um arm\u00e1rio de canto.<\/p><p>Em uma cozinha em &#8220;L&#8221; ou &#8220;U&#8221;, muitas vezes surge a d\u00favida sobre qual arm\u00e1rio ocupa o canto da cozinha.<\/p><p>O importante \u00e9 que eles podem fornecer espa\u00e7o de <a href=\"https:\/\/www.aarquiteta.com.br\/blog\/home-decor\/organizacao-e-armazenamento\/\" class=\"ilj-generated-link\">armazenamento<\/a> adicional e muito \u00fatil para o ambiente, basta ter o cuidado de colocar os itens onde eles possam ser acessados \u200b\u200bde l\u00e1 e n\u00e3o se percam nas profundezas do arm\u00e1rio.<\/p><h3>H\u00e1 muitos usos para um espa\u00e7o de armazenamento conveniente na cozinha.<\/h3><p>Para organizar com sucesso um arm\u00e1rio de cozinha de canto, voc\u00ea deve primeiro decidir quantos arm\u00e1rios deseja incluir.<\/p><p>Basicamente, voc\u00ea pode ter quantos arm\u00e1rios quiser, desde que haja pelo menos tr\u00eas.<\/p><p>Voc\u00ea tamb\u00e9m precisar\u00e1 de pelo menos uma prateleira para guardar suas panelas e frigideiras &#8211; penduradas e em p\u00e9.<\/p><p>Voc\u00ea tamb\u00e9m pode adicionar gavetas para espa\u00e7o de armazenamento adicional para utens\u00edlios, suprimentos e itens menores.<\/p><figure id=\"attachment_73384\" aria-describedby=\"caption-attachment-73384\" style=\"width: 1000px\" class=\"wp-caption alignnone\"><img decoding=\"async\" class=\"size-full wp-image-73384\" src=\"https:\/\/www.aarquiteta.com.br\/blog\/wp-content\/uploads\/2022\/12\/armario-de-cozinha-de-canto-1.jpg\" alt=\"arm\u00e1rio de cozinha de canto\" width=\"1000\" height=\"1000\" title=\"\" srcset=\"https:\/\/www.aarquiteta.com.br\/blog\/wp-content\/uploads\/2022\/12\/armario-de-cozinha-de-canto-1.jpg 1000w, https:\/\/www.aarquiteta.com.br\/blog\/wp-content\/uploads\/2022\/12\/armario-de-cozinha-de-canto-1-696x696.jpg 696w, https:\/\/www.aarquiteta.com.br\/blog\/wp-content\/uploads\/2022\/12\/armario-de-cozinha-de-canto-1-96x96.jpg 96w, https:\/\/www.aarquiteta.com.br\/blog\/wp-content\/uploads\/2022\/12\/armario-de-cozinha-de-canto-1-150x150.jpg 150w\" sizes=\"(max-width: 1000px) 100vw, 1000px\" \/><figcaption id=\"caption-attachment-73384\" class=\"wp-caption-text\"><br \/>Cozinha Completa 100% Mdf Madesa Smart Modulada de Canto<\/figcaption><\/figure><h3>Dicas para cuidar do seu arm\u00e1rio de cozinha de canto.<\/h3><p>Para manter sua cozinha bonita, considere onde deseja colocar os arm\u00e1rios em seu espa\u00e7o. Um bom lugar para come\u00e7ar \u00e9 com a \u00e1rea da <a href=\"https:\/\/www.aarquiteta.com.br\/blog\/?s=BANCADA\">bancada<\/a>.<\/p><p>Em seguida, coloque seus arm\u00e1rios ao longo da <a href=\"https:\/\/www.aarquiteta.com.br\/blog\/?s=PAREDE\">parede<\/a> oposta abaixo dos arm\u00e1rios. Isso d\u00e1 aos seus itens acesso f\u00e1cil aos balc\u00f5es e ao fundo dos arm\u00e1rios.<\/p><p>Tamb\u00e9m \u00e9 uma boa ideia colocar uma mesa ao lado dos arm\u00e1rios para que voc\u00ea possa limpar facilmente embaixo deles quando necess\u00e1rio.<\/p><p>Organizar seu arm\u00e1rio de canto da cozinha dessa maneira torna sua cozinha mais \u00fatil e confort\u00e1vel para trabalhar.<\/p><p>Acesse todos os equipamentos de cozinha necess\u00e1rios armazenando suprimentos perto do fog\u00e3o e da pia.<\/p><p>Al\u00e9m disso, adicionar gavetas facilita a organiza\u00e7\u00e3o de utens\u00edlios e itens menores para acesso r\u00e1pido ao cozinhar alimentos.<\/p><figure id=\"attachment_73385\" aria-describedby=\"caption-attachment-73385\" style=\"width: 1000px\" class=\"wp-caption alignnone\"><img decoding=\"async\" class=\"size-full wp-image-73385\" src=\"https:\/\/www.aarquiteta.com.br\/blog\/wp-content\/uploads\/2022\/12\/armario-de-cozinha-de-canto-2.jpg\" alt=\"arm\u00e1rio de cozinha de canto\" width=\"1000\" height=\"1000\" title=\"\" srcset=\"https:\/\/www.aarquiteta.com.br\/blog\/wp-content\/uploads\/2022\/12\/armario-de-cozinha-de-canto-2.jpg 1000w, https:\/\/www.aarquiteta.com.br\/blog\/wp-content\/uploads\/2022\/12\/armario-de-cozinha-de-canto-2-696x696.jpg 696w, https:\/\/www.aarquiteta.com.br\/blog\/wp-content\/uploads\/2022\/12\/armario-de-cozinha-de-canto-2-96x96.jpg 96w, https:\/\/www.aarquiteta.com.br\/blog\/wp-content\/uploads\/2022\/12\/armario-de-cozinha-de-canto-2-150x150.jpg 150w\" sizes=\"(max-width: 1000px) 100vw, 1000px\" \/><figcaption id=\"caption-attachment-73385\" class=\"wp-caption-text\"><br \/>Arm\u00e1rio de Cozinha Completa de Canto 332cm Preto Reims Madesa 03<\/figcaption><\/figure><h3>\nEspero que este artigo sobre arm\u00e1rio de cozinha de canto tenha ajudado voc\u00ea!<\/h3><p>Ent\u00e3o deslize a tela para baixo e<a href=\"https:\/\/br.pinterest.com\/aarquitetapinterest\/_created\/\" target=\"_blank\" rel=\"noopener\">\u00a0confira mais dicas<\/a>\u00a0como esta e n\u00e3o se esque\u00e7a de compartilhar com os amigos!<\/p><p>Quer mais dicas sobre o mundo da\u00a0<a href=\"https:\/\/www.aarquiteta.com.br\/blog\/o-que-e-arquitetura\/\">arquitetura<\/a>\u00a0e\u00a0<a href=\"https:\/\/www.aarquiteta.com.br\/blog\/decoracao\/\">Decora\u00e7\u00e3o<\/a>, ent\u00e3o confira alguns dos nossos artigos em:<\/p><ul><li><a href=\"https:\/\/www.aarquiteta.com.br\/blog\/paisagismo\/\" target=\"_blank\" rel=\"noopener\">Casa e Jardim<\/a><\/li><li><a href=\"https:\/\/www.aarquiteta.com.br\/blog\/arquitetura\/mundo-arquitetura\/\" target=\"_blank\" rel=\"noopener\">Mundo Arquitetura<\/a><\/li><li><a href=\"https:\/\/www.aarquiteta.com.br\/decoracao\/\" target=\"_blank\" rel=\"noopener\">Decora\u00e7\u00e3o\u00a0<\/a><\/li><\/ul>","protected":false},"excerpt":{"rendered":"<p>Um arm\u00e1rio de cozinha de canto \u00e9 uma \u00f3tima ideia para economizar espa\u00e7o em cozinhas pequenas. Ao organizar sua cozinha dessa maneira, ir\u00e1\u00a0 manter os suprimentos de cozinha prontamente acess\u00edveis.Tamb\u00e9m torna a sua cozinha mais confort\u00e1vel para trabalhar e torna-a mais moderna e elegante.Arm\u00e1rio de cozinha de canto: vantagens.A principal vantagem deste tipo de arm\u00e1rio [&hellip;]<\/p>\n","protected":false},"author":102,"featured_media":73383,"comment_status":"open","ping_status":"closed","sticky":false,"template":"","format":"standard","meta":{"footnotes":""},"categories":[10005,18754,1484],"tags":[24881,24865,24873,24877,24869,24867,24860,24864,24868,24883,24870,24861,24872,24874,24876,24879,24871,24866,24859,13025,24862,24882,24863,24880,24875,24878],"class_list":["post-73380","post","type-post","status-publish","format-standard","has-post-thumbnail","category-casa-e-jardim","category-decoracao-de-cozinha","category-decoracao","tag-armario-de-cozinha-balcao","tag-armario-de-cozinha-branco","tag-armario-de-cozinha-cinza","tag-armario-de-cozinha-com-balcao","tag-armario-de-cozinha-com-pia","tag-armario-de-cozinha-compacto","tag-armario-de-cozinha-completo","tag-armario-de-cozinha-de-aco","tag-armario-de-cozinha-de-canto","tag-armario-de-cozinha-de-chao","tag-armario-de-cozinha-de-madeira","tag-armario-de-cozinha-de-parede","tag-armario-de-cozinha-de-pezinho","tag-armario-de-cozinha-em-l","tag-armario-de-cozinha-espelhado","tag-armario-de-cozinha-inox","tag-armario-de-cozinha-mdf","tag-armario-de-cozinha-modulado","tag-armario-de-cozinha-pequeno","tag-armario-de-cozinha-planejado","tag-armario-de-cozinha-preto","tag-armario-de-cozinha-preto-e-branco","tag-armario-de-cozinha-suspenso","tag-armario-de-cozinha-vermelho","tag-como-organizar-armario-de-cozinha","tag-puxadores-para-armario-de-cozinha"],"_wp_attached_file":null,"_wp_attachment_metadata":null,"_wp_attachment_context":null,"_wp_attachment_is_custom_header":null,"geo_longitude":null,"geo_public":null,"geo_latitude":null,"_publicize_done_external":null,"_wpas_done_3897181":null,"publicize_twitter_user":null,"_wpas_done_3897175":null,"_wpas_skip_3897181":null,"_wpas_skip_3897175":null,"_wpas_skip_3924723":null,"_wpas_mess":null,"_wpas_done_3924723":null,"wps_subtitle":"","_links":{"self":[{"href":"https:\/\/www.aarquiteta.com.br\/blog\/wp-json\/wp\/v2\/posts\/73380","targetHints":{"allow":["GET"]}}],"collection":[{"href":"https:\/\/www.aarquiteta.com.br\/blog\/wp-json\/wp\/v2\/posts"}],"about":[{"href":"https:\/\/www.aarquiteta.com.br\/blog\/wp-json\/wp\/v2\/types\/post"}],"author":[{"embeddable":true,"href":"https:\/\/www.aarquiteta.com.br\/blog\/wp-json\/wp\/v2\/users\/102"}],"replies":[{"embeddable":true,"href":"https:\/\/www.aarquiteta.com.br\/blog\/wp-json\/wp\/v2\/comments?post=73380"}],"version-history":[{"count":0,"href":"https:\/\/www.aarquiteta.com.br\/blog\/wp-json\/wp\/v2\/posts\/73380\/revisions"}],"wp:featuredmedia":[{"embeddable":true,"href":"https:\/\/www.aarquiteta.com.br\/blog\/wp-json\/wp\/v2\/media\/73383"}],"wp:attachment":[{"href":"https:\/\/www.aarquiteta.com.br\/blog\/wp-json\/wp\/v2\/media?parent=73380"}],"wp:term":[{"taxonomy":"category","embeddable":true,"href":"https:\/\/www.aarquiteta.com.br\/blog\/wp-json\/wp\/v2\/categories?post=73380"},{"taxonomy":"post_tag","embeddable":true,"href":"https:\/\/www.aarquiteta.com.br\/blog\/wp-json\/wp\/v2\/tags?post=73380"}],"curies":[{"name":"wp","href":"https:\/\/api.w.org\/{rel}","templated":true}]}}