{"id":73305,"date":"2023-12-11T11:14:56","date_gmt":"2023-12-11T14:14:56","guid":{"rendered":"http:\/\/aarquiteta.com.br\/?p=73305"},"modified":"2026-09-01T16:04:38","modified_gmt":"2026-09-01T19:04:38","slug":"armario-de-cozinha-modular","status":"publish","type":"post","link":"https:\/\/www.aarquiteta.com.br\/blog\/armario-de-cozinha-modular\/","title":{"rendered":"Arm\u00e1rio de Cozinha Modular: A Solu\u00e7\u00e3o Pr\u00e1tica e Econ\u00f4mica para sua Casa!"},"content":{"rendered":"<p>Arm\u00e1rio de Cozinha Modular: A Solu\u00e7\u00e3o Pr\u00e1tica e Econ\u00f4mica para sua Casa! Quando se trata de projetar a cozinha dos seus sonhos, a escolha do mobili\u00e1rio desempenha um papel fundamental. O arm\u00e1rio de cozinha \u00e9 um dos elementos mais essenciais desse espa\u00e7o, e a decis\u00e3o sobre qual tipo de arm\u00e1rio usar pode afetar significativamente o funcionamento e o visual da sua cozinha.<\/p>\n<p>Se voc\u00ea busca uma solu\u00e7\u00e3o pr\u00e1tica e econ\u00f4mica para organizar sua cozinha, n\u00e3o procure mais: os arm\u00e1rios de cozinha modulares s\u00e3o a resposta que voc\u00ea estava esperando.<\/p>\n<h2>O que \u00e9 um arm\u00e1rio de cozinha modular?<\/h2>\n<figure id=\"attachment_73309\" aria-describedby=\"caption-attachment-73309\" style=\"width: 1000px\" class=\"wp-caption alignnone\"><img decoding=\"async\" class=\"size-full wp-image-73309\" src=\"https:\/\/www.aarquiteta.com.br\/blog\/wp-content\/uploads\/2022\/12\/armario-de-cozinha-modular.jpg\" alt=\"armario de cozinha modular\" width=\"1000\" height=\"1000\" title=\"\" srcset=\"https:\/\/www.aarquiteta.com.br\/blog\/wp-content\/uploads\/2022\/12\/armario-de-cozinha-modular.jpg 1000w, https:\/\/www.aarquiteta.com.br\/blog\/wp-content\/uploads\/2022\/12\/armario-de-cozinha-modular-696x696.jpg 696w, https:\/\/www.aarquiteta.com.br\/blog\/wp-content\/uploads\/2022\/12\/armario-de-cozinha-modular-96x96.jpg 96w, https:\/\/www.aarquiteta.com.br\/blog\/wp-content\/uploads\/2022\/12\/armario-de-cozinha-modular-150x150.jpg 150w\" sizes=\"(max-width: 1000px) 100vw, 1000px\" \/><figcaption id=\"caption-attachment-73309\" class=\"wp-caption-text\">Arm\u00e1rio de Cozinha Modular: A Solu\u00e7\u00e3o Pr\u00e1tica e Econ\u00f4mica para sua Casa! Cozinha Completa 100% Mdf Madesa Smart 300 cm Modulada Com Arm\u00e1rio, Balc\u00e3o e Tampo &#8211; Frentes Branco Brilho<\/figcaption><\/figure>\n<p>M\u00f3veis modulares n\u00e3o s\u00e3o m\u00f3veis planejados ou sob medida. S\u00e3o m\u00f3veis desenvolvidos seguindo um padr\u00e3o de desenhos e tamanhos.\u00a0Diferentes tipos de m\u00f3dulos podem ser usados \u200b\u200bem qualquer parte da sala, cozinha, escrit\u00f3rio ou quarto.<\/p>\n<p>Quando os m\u00f3veis planejados s\u00e3o modulados, o que eles teriam de diferente dos m\u00f3veis comuns? Existe uma diferen\u00e7a?\u00a0Os m\u00f3veis modulares s\u00e3o planejados para serem usados \u200b\u200bcom adapta\u00e7\u00f5es. Dessa forma, cada pe\u00e7a pode caber em seu espa\u00e7o espec\u00edfico e proporcionar mais uso a partir dele.<\/p>\n<p>Ao combinar adapta\u00e7\u00f5es e projetos, voc\u00ea pode obter mais valor de seus m\u00f3veis sob medida do que os m\u00f3veis modulares comuns em pelo menos 3 a 5 vezes o custo.<\/p>\n<h3>Qual arm\u00e1rio de cozinha modular devo escolher?<\/h3>\n<p>Voc\u00ea pode criar seus pr\u00f3prios m\u00f3veis modulares usando um programa chamado promob. Este software pode ser encontrado nos sites dos fabricantes que vendem m\u00f3veis modulares.<\/p>\n<p>Permite escolher m\u00f3dulos espec\u00edficos que ser\u00e3o utilizados para projetar sua sala ou cozinha.\u00a0Ap\u00f3s escolher os m\u00f3dulos, voc\u00ea pode fazer um pedido no site Filhao.com.br das pe\u00e7as necess\u00e1rias. Depois que eles chegarem, voc\u00ea pode pedir para algu\u00e9m montar seus m\u00f3veis para voc\u00ea.<\/p>\n<h3>Qual a qualidade de um arm\u00e1rio de cozinha modular?<\/h3>\n<figure id=\"attachment_73310\" aria-describedby=\"caption-attachment-73310\" style=\"width: 1000px\" class=\"wp-caption alignnone\"><img decoding=\"async\" class=\"size-full wp-image-73310\" src=\"https:\/\/www.aarquiteta.com.br\/blog\/wp-content\/uploads\/2022\/12\/armario-de-cozinha-modular-1.jpg\" alt=\"armario de cozinha modular\" width=\"1000\" height=\"1000\" title=\"\" srcset=\"https:\/\/www.aarquiteta.com.br\/blog\/wp-content\/uploads\/2022\/12\/armario-de-cozinha-modular-1.jpg 1000w, https:\/\/www.aarquiteta.com.br\/blog\/wp-content\/uploads\/2022\/12\/armario-de-cozinha-modular-1-696x696.jpg 696w, https:\/\/www.aarquiteta.com.br\/blog\/wp-content\/uploads\/2022\/12\/armario-de-cozinha-modular-1-96x96.jpg 96w, https:\/\/www.aarquiteta.com.br\/blog\/wp-content\/uploads\/2022\/12\/armario-de-cozinha-modular-1-150x150.jpg 150w\" sizes=\"(max-width: 1000px) 100vw, 1000px\" \/><figcaption id=\"caption-attachment-73310\" class=\"wp-caption-text\">Arm\u00e1rio de Cozinha Modular: A Solu\u00e7\u00e3o Pr\u00e1tica e Econ\u00f4mica para sua Casa! Cozinha Completa 100% Mdf Madesa Smart 300 cm Modulada Com Arm\u00e1rio, Balc\u00e3o e Tampo<\/figcaption><\/figure>\n<p>Existem muitos fabricantes e linhas de m\u00f3veis modulares para escolher. Alguns oferecem vers\u00f5es mais baratas dos m\u00f3veis que buscam um design ou est\u00e9tica diferente, mas com um gasto inicial maior.<\/p>\n<p>Ao projetar um quarto ou cozinha com m\u00f3veis modulares, voc\u00ea pode economizar at\u00e9 50% do custo de contrata\u00e7\u00e3o de uma empresa de m\u00f3veis sob medida.<\/p>\n<h3>Quais ambientes usam um arm\u00e1rio de cozinha modular?<\/h3>\n<p>Comercializamos roupeiros modulares com diversas marcas de m\u00f3veis. Estes v\u00eam em linhas com uma, duas ou tr\u00eas portas.<\/p>\n<p>Tamb\u00e9m est\u00e3o dispon\u00edveis com portas de correr, de abrir e de canto. As pessoas podem escolher entre pontes entre as gavetas superior e inferior ou um compartimento superior.<\/p>\n<p>Tamb\u00e9m vendemos roupeiros modulares com unidades de uma, duas e tr\u00eas gavetas.\u00a0M\u00f3dulos suspensos e pias de cozinha modulares adicionam \u00e0 linha Kitchen de arm\u00e1rios de cozinha modulares, balc\u00f5es, panelas e muito mais.<\/p>\n<h3>Op\u00e7\u00f5es de arm\u00e1rio de cozinha modular.<\/h3>\n<figure id=\"attachment_73311\" aria-describedby=\"caption-attachment-73311\" style=\"width: 1000px\" class=\"wp-caption alignnone\"><img decoding=\"async\" class=\"size-full wp-image-73311\" src=\"https:\/\/www.aarquiteta.com.br\/blog\/wp-content\/uploads\/2022\/12\/armario-de-cozinha-modular-2.jpg\" alt=\"armario de cozinha modular\" width=\"1000\" height=\"1000\" title=\"\" srcset=\"https:\/\/www.aarquiteta.com.br\/blog\/wp-content\/uploads\/2022\/12\/armario-de-cozinha-modular-2.jpg 1000w, https:\/\/www.aarquiteta.com.br\/blog\/wp-content\/uploads\/2022\/12\/armario-de-cozinha-modular-2-696x696.jpg 696w, https:\/\/www.aarquiteta.com.br\/blog\/wp-content\/uploads\/2022\/12\/armario-de-cozinha-modular-2-96x96.jpg 96w, https:\/\/www.aarquiteta.com.br\/blog\/wp-content\/uploads\/2022\/12\/armario-de-cozinha-modular-2-150x150.jpg 150w\" sizes=\"(max-width: 1000px) 100vw, 1000px\" \/><figcaption id=\"caption-attachment-73311\" class=\"wp-caption-text\"><br \/>Arm\u00e1rio de Cozinha Modular: A Solu\u00e7\u00e3o Pr\u00e1tica e Econ\u00f4mica para sua Casa! Cozinha Compacta 100% Mdf Madesa Smart 120 cm Modulada Com Balc\u00e3o e Tampo<\/figcaption><\/figure>\n<p>Voc\u00ea pode escolher entre v\u00e1rios estilos de gabinete, como gavetas extra\u00edveis ou deslizantes para melhor organiza\u00e7\u00e3o.\u00a0Al\u00e9m disso, voc\u00ea tem op\u00e7\u00f5es de prateleiras abertas ou arm\u00e1rios personalizados para armazenamento adicional.<\/p>\n<p>Voc\u00ea tamb\u00e9m pode escolher entre um layout de largura dupla ou largura \u00fanica para atender \u00e0s suas necessidades.\u00a0Isso permite que voc\u00ea maximize o espa\u00e7o em cada se\u00e7\u00e3o do arm\u00e1rio sem comprometer a capacidade de armazenamento em outras \u00e1reas da cozinha.<\/p>\n<h3>Facilidade de uso di\u00e1rio<\/h3>\n<p>Cozinhas com arm\u00e1rios modulares s\u00e3o muito mais f\u00e1ceis de usar para pessoas de todos os n\u00edveis de habilidade.\u00a0Os iniciantes entendem facilmente como cada parte se encaixa no todo e podem modificar o layout de acordo.<\/p>\n<p>Al\u00e9m disso, esses kits s\u00e3o muito mais f\u00e1ceis de limpar, pois tudo \u00e9 acess\u00edvel atrav\u00e9s de prateleiras ou portas abertas em vez de gavetas.\u00a0Isso torna muito mais f\u00e1cil manter sua cozinha com boa apar\u00eancia enquanto cozinha refei\u00e7\u00f5es deliciosas!<\/p>\n<h3>Arm\u00e1rio de cozinha modular promete muita versatilidade.<\/h3>\n<figure id=\"attachment_73312\" aria-describedby=\"caption-attachment-73312\" style=\"width: 1000px\" class=\"wp-caption alignnone\"><img decoding=\"async\" class=\"size-full wp-image-73312\" src=\"https:\/\/www.aarquiteta.com.br\/blog\/wp-content\/uploads\/2022\/12\/armario-de-cozinha-modular-3.jpg\" alt=\"armario de cozinha modular\" width=\"1000\" height=\"1000\" title=\"\" srcset=\"https:\/\/www.aarquiteta.com.br\/blog\/wp-content\/uploads\/2022\/12\/armario-de-cozinha-modular-3.jpg 1000w, https:\/\/www.aarquiteta.com.br\/blog\/wp-content\/uploads\/2022\/12\/armario-de-cozinha-modular-3-696x696.jpg 696w, https:\/\/www.aarquiteta.com.br\/blog\/wp-content\/uploads\/2022\/12\/armario-de-cozinha-modular-3-96x96.jpg 96w, https:\/\/www.aarquiteta.com.br\/blog\/wp-content\/uploads\/2022\/12\/armario-de-cozinha-modular-3-150x150.jpg 150w\" sizes=\"(max-width: 1000px) 100vw, 1000px\" \/><figcaption id=\"caption-attachment-73312\" class=\"wp-caption-text\"><br \/>Arm\u00e1rio de Cozinha Modular: A Solu\u00e7\u00e3o Pr\u00e1tica e Econ\u00f4mica para sua Casa! Cozinha Compacta 100% Mdf Madesa Smart 170 cm Modulada Com Arm\u00e1rio, Balc\u00e3o e Tampo &#8211; Frentes Branco Brilho<\/figcaption><\/figure>\n<p>As cozinhas modulares s\u00e3o vers\u00e1teis e f\u00e1ceis de atualizar conforme a mudan\u00e7a de gostos e necessidades familiares.\u00a0Voc\u00ea pode remover uma se\u00e7\u00e3o do arm\u00e1rio e substitu\u00ed-la por uma nova sempre que desejar uma mudan\u00e7a de cen\u00e1rio ou funcionalidade nessa \u00e1rea da cozinha.<\/p>\n<p>Todos os componentes se encaixam em uma \u00fanica caixa de embalagem para facilitar o transporte e a instala\u00e7\u00e3o.\u00a0Voc\u00ea n\u00e3o precisar\u00e1 de nenhuma ferramenta ou conhecimento especial &#8211; apenas de suas m\u00e3os!<\/p>\n<p>As cozinhas modulares fornecem espa\u00e7o extra e conveni\u00eancia conforme necess\u00e1rio para fam\u00edlias em crescimento.\u00a0Eles s\u00e3o facilmente personaliz\u00e1veis \u200b\u200bpara atender a diferentes estilos e necessidades com apenas algumas ferramentas e etapas simples!<\/p>\n<p>Para mais informa\u00e7\u00f5es sobre cozinhas modulares, confira estes links: tend\u00eancias atuais em cozinhas modulares e ideias para maximizar o espa\u00e7o de armazenamento em cozinhas modulares.<\/p>\n<h2>Por que Escolher Arm\u00e1rio de Cozinha Modular?<\/h2>\n<h3>Versatilidade na Organiza\u00e7\u00e3o<\/h3>\n<p>Os arm\u00e1rios de cozinha modulares s\u00e3o altamente vers\u00e1teis quando se trata de organiza\u00e7\u00e3o. Eles s\u00e3o projetados de forma inteligente, permitindo que voc\u00ea adapte facilmente o espa\u00e7o de armazenamento de acordo com suas necessidades.<\/p>\n<p>Com prateleiras ajust\u00e1veis e gavetas personaliz\u00e1veis, voc\u00ea pode criar um ambiente de cozinha que atenda perfeitamente \u00e0 sua rotina e aos seus utens\u00edlios de cozinha.<\/p>\n<h3>Economia sem Comprometer a Qualidade<\/h3>\n<p>Uma das maiores vantagens dos arm\u00e1rios de cozinha modulares \u00e9 o custo. Eles s\u00e3o conhecidos por serem mais acess\u00edveis do que os arm\u00e1rios tradicionais elaborados sob medida. No entanto, isso n\u00e3o significa que voc\u00ea esteja comprometendo a qualidade. Muitos desses arm\u00e1rios s\u00e3o feitos com materiais dur\u00e1veis e resistentes \u00e0 umidade, garantindo que eles durem por muitos anos.<\/p>\n<h3>Instala\u00e7\u00e3o Descomplicada<\/h3>\n<p>Outro ponto positivo dos arm\u00e1rios modulares \u00e9 a facilidade de instala\u00e7\u00e3o. Se voc\u00ea \u00e9 algu\u00e9m que gosta de projetos de bricolagem, pode ficar tranquilo sabendo que a montagem desses arm\u00e1rios \u00e9 simples e n\u00e3o requer habilidades profissionais. Isso n\u00e3o apenas economiza dinheiro, mas tamb\u00e9m lhe d\u00e1 a satisfa\u00e7\u00e3o de construir parte da sua cozinha por conta pr\u00f3pria.<\/p>\n<h3>Design Personaliz\u00e1vel<\/h3>\n<p>Cada pessoa tem seu pr\u00f3prio estilo quando se trata de design de interiores. Com arm\u00e1rios de cozinha modulares, voc\u00ea pode escolher entre uma variedade de estilos, acabamentos e cores para combinar com a est\u00e9tica da sua cozinha.<\/p>\n<p>Se voc\u00ea quer uma cozinha moderna e minimalista ou um visual mais r\u00fastico, h\u00e1 op\u00e7\u00f5es para todos os gostos.<\/p>\n<h2>Perguntas Mais Frequentes sobre Arm\u00e1rio de Cozinha Modular!<\/h2>\n<h3>1. O que s\u00e3o arm\u00e1rios de cozinha modulares?<\/h3>\n<p>Os arm\u00e1rios de cozinha modulares s\u00e3o unidades de armazenamento pr\u00e9-fabricadas que podem ser personalizadas e montadas segundo as necessidades individuais. Eles oferecem flexibilidade na organiza\u00e7\u00e3o da cozinha e s\u00e3o uma op\u00e7\u00e3o econ\u00f4mica em compara\u00e7\u00e3o com arm\u00e1rios sob medida.<\/p>\n<h3>2. Os arm\u00e1rios modulares s\u00e3o dur\u00e1veis?<\/h3>\n<p>Sim, muitos arm\u00e1rios de cozinha modulares s\u00e3o feitos com materiais dur\u00e1veis, como MDF e aglomerado, projetados para resistir ao desgaste di\u00e1rio e \u00e0 umidade da cozinha.<\/p>\n<h3>3. Posso instalar arm\u00e1rios modulares por conta pr\u00f3pria?<\/h3>\n<p>Sim, a maioria dos arm\u00e1rios modulares \u00e9 projetada para ser montada facilmente, o que significa que voc\u00ea pode economizar dinheiro fazendo a instala\u00e7\u00e3o por conta pr\u00f3pria.<\/p>\n<h3>4. Existem op\u00e7\u00f5es de design para todos os estilos de cozinha?<\/h3>\n<p>Sim, voc\u00ea pode encontrar uma ampla variedade de estilos, cores e acabamentos de arm\u00e1rios modulares para se adequar ao seu gosto pessoal e ao estilo da sua cozinha.<\/p>\n<h3>5. Os arm\u00e1rios modulares s\u00e3o a melhor op\u00e7\u00e3o para cozinhas pequenas?<\/h3>\n<p>Sim, os arm\u00e1rios modulares s\u00e3o especialmente ideais para cozinhas pequenas, pois, podem ser adaptados para maximizar o espa\u00e7o de armazenamento em ambientes compactos.<\/p>\n<h2>Conclus\u00e3o<\/h2>\n<p>Os arm\u00e1rios de cozinha modulares oferecem uma solu\u00e7\u00e3o pr\u00e1tica e econ\u00f4mica para transformar sua cozinha em um espa\u00e7o funcional e atraente. Sua versatilidade, economia e facilidade de instala\u00e7\u00e3o os tornam uma escolha inteligente para qualquer pessoa que deseja uma cozinha sob medida sem o pre\u00e7o exorbitante.<\/p>\n<p>Lembre-se de considerar suas necessidades e estilo pessoal ao escolher seus arm\u00e1rios modulares, e voc\u00ea estar\u00e1 a caminho de criar a cozinha dos seus sonhos.<\/p>\n<p><strong>Curiosidade: Sabia que os arm\u00e1rios de cozinha modulares t\u00eam ra\u00edzes que remontam \u00e0 antiga Gr\u00e9cia<\/strong>?<\/p>\n<p>Os gregos antigos j\u00e1 reconheciam a import\u00e2ncia da organiza\u00e7\u00e3o na cozinha e usavam arm\u00e1rios modulares simples para armazenar alimentos e utens\u00edlios de cozinha.<\/p>\n<p>E a\u00ed, gostou das dicas do artigo? Ent\u00e3o deslize a tela para baixo e confira <strong><a href=\"https:\/\/www.aarquiteta.com.br\">mais dicas<\/a><\/strong>, al\u00e9m dos nossos <strong><a href=\"http:\/\/www.aarquiteta.com.br\">Cursos e Treinamentos<\/a><\/strong>\u00a0e n\u00e3o se esque\u00e7a de compartilhar com os amigos!<\/p>\n<p>Quer receber conte\u00fados exclusivos sobre <strong>casa, jardim, <a href=\"https:\/\/amzn.to\/47hsVXp\" target=\"_blank\" rel=\"noopener\">decora\u00e7\u00e3o<\/a>, arquitetura, educa\u00e7\u00e3o financeira e <a href=\"https:\/\/www.ideia-decoracao.com\/\" target=\"_blank\" rel=\"noopener\">muito mais<\/a><\/strong>? Ent\u00e3o, <strong><a href=\"https:\/\/cursosdearquitetura.com.br\/\" target=\"_blank\" rel=\"noopener\">inscreva-se agora<\/a><\/strong> mesmo no nosso <strong><a href=\"https:\/\/t.me\/aarquitetablog\" target=\"_blank\" rel=\"noopener\">Canal do Telegram<\/a>!<\/strong> \ud83e\udd29\ud83d\udc68\u200d\ud83d\udc69\u200d\ud83d\udc67\u200d\ud83d\udc66<\/p>\n<p>Aqui, voc\u00ea ter\u00e1 acesso a artigos, dicas de <strong>beleza e sa\u00fade<\/strong>, al\u00e9m\u00a0e inspira\u00e7\u00f5es para <strong>transformar sua casa em um lar dos sonhos<\/strong>, cuidar do seu jardim com carinho, aprender sobre finan\u00e7as pessoais e muito mais. \ud83d\udcda\ud83d\udcb0<\/p>\n<p>N\u00e3o perca mais tempo e junte-se a n\u00f3s para receber conte\u00fados exclusivos e se manter sempre atualizado! \ud83d\udce2\ud83c\udfe0\ud83c\udf3f\ud83c\udfe6. Ingresse <strong><a href=\"https:\/\/t.me\/aarquitetablog\" target=\"_blank\" rel=\"noopener\">aqui<\/a> <\/strong>no Canal da <strong>Arquiteta Blog por <a href=\"https:\/\/www.aarquiteta.com.br\/blog\/quem-e-luciana-paixao-do-blog-aarquiteta-cursos-profissionais\/\" target=\"_blank\" rel=\"noopener\">Luciana Paix\u00e3o<\/a>!<\/strong> \ud83d\udc95<\/p>\n","protected":false},"excerpt":{"rendered":"<p>Arm\u00e1rio de Cozinha Modular: A Solu\u00e7\u00e3o Pr\u00e1tica e Econ\u00f4mica para sua Casa! Quando se trata de projetar a cozinha dos seus sonhos, a escolha do mobili\u00e1rio desempenha um papel fundamental. O arm\u00e1rio de cozinha \u00e9 um dos elementos mais essenciais desse espa\u00e7o, e a decis\u00e3o sobre qual tipo de arm\u00e1rio usar pode afetar significativamente o [&hellip;]<\/p>\n","protected":false},"author":102,"featured_media":73309,"comment_status":"closed","ping_status":"closed","sticky":false,"template":"","format":"standard","meta":{"footnotes":""},"categories":[35414,35384,18754,1484,20353],"tags":[24881,24865,24873,24877,24869,24867,24860,24864,24868,24883,24870,24861,24872,24874,24876,24879,24871,24866,24859,13025,24862,24882,24863,24880,24875,24878],"class_list":["post-73305","post","type-post","status-publish","format-standard","has-post-thumbnail","category-acessorios-para-decoracao","category-armarios-e-aparadores","category-decoracao-de-cozinha","category-decoracao","category-home-decor","tag-armario-de-cozinha-balcao","tag-armario-de-cozinha-branco","tag-armario-de-cozinha-cinza","tag-armario-de-cozinha-com-balcao","tag-armario-de-cozinha-com-pia","tag-armario-de-cozinha-compacto","tag-armario-de-cozinha-completo","tag-armario-de-cozinha-de-aco","tag-armario-de-cozinha-de-canto","tag-armario-de-cozinha-de-chao","tag-armario-de-cozinha-de-madeira","tag-armario-de-cozinha-de-parede","tag-armario-de-cozinha-de-pezinho","tag-armario-de-cozinha-em-l","tag-armario-de-cozinha-espelhado","tag-armario-de-cozinha-inox","tag-armario-de-cozinha-mdf","tag-armario-de-cozinha-modulado","tag-armario-de-cozinha-pequeno","tag-armario-de-cozinha-planejado","tag-armario-de-cozinha-preto","tag-armario-de-cozinha-preto-e-branco","tag-armario-de-cozinha-suspenso","tag-armario-de-cozinha-vermelho","tag-como-organizar-armario-de-cozinha","tag-puxadores-para-armario-de-cozinha"],"_wp_attached_file":null,"_wp_attachment_metadata":null,"_wp_attachment_context":null,"_wp_attachment_is_custom_header":null,"geo_longitude":null,"geo_public":null,"geo_latitude":null,"_publicize_done_external":null,"_wpas_done_3897181":null,"publicize_twitter_user":null,"_wpas_done_3897175":null,"_wpas_skip_3897181":null,"_wpas_skip_3897175":null,"_wpas_skip_3924723":null,"_wpas_mess":null,"_wpas_done_3924723":null,"wps_subtitle":"","_links":{"self":[{"href":"https:\/\/www.aarquiteta.com.br\/blog\/wp-json\/wp\/v2\/posts\/73305","targetHints":{"allow":["GET"]}}],"collection":[{"href":"https:\/\/www.aarquiteta.com.br\/blog\/wp-json\/wp\/v2\/posts"}],"about":[{"href":"https:\/\/www.aarquiteta.com.br\/blog\/wp-json\/wp\/v2\/types\/post"}],"author":[{"embeddable":true,"href":"https:\/\/www.aarquiteta.com.br\/blog\/wp-json\/wp\/v2\/users\/102"}],"replies":[{"embeddable":true,"href":"https:\/\/www.aarquiteta.com.br\/blog\/wp-json\/wp\/v2\/comments?post=73305"}],"version-history":[{"count":1,"href":"https:\/\/www.aarquiteta.com.br\/blog\/wp-json\/wp\/v2\/posts\/73305\/revisions"}],"predecessor-version":[{"id":157991,"href":"https:\/\/www.aarquiteta.com.br\/blog\/wp-json\/wp\/v2\/posts\/73305\/revisions\/157991"}],"wp:featuredmedia":[{"embeddable":true,"href":"https:\/\/www.aarquiteta.com.br\/blog\/wp-json\/wp\/v2\/media\/73309"}],"wp:attachment":[{"href":"https:\/\/www.aarquiteta.com.br\/blog\/wp-json\/wp\/v2\/media?parent=73305"}],"wp:term":[{"taxonomy":"category","embeddable":true,"href":"https:\/\/www.aarquiteta.com.br\/blog\/wp-json\/wp\/v2\/categories?post=73305"},{"taxonomy":"post_tag","embeddable":true,"href":"https:\/\/www.aarquiteta.com.br\/blog\/wp-json\/wp\/v2\/tags?post=73305"}],"curies":[{"name":"wp","href":"https:\/\/api.w.org\/{rel}","templated":true}]}}