{"id":73278,"date":"2023-11-19T07:30:27","date_gmt":"2023-11-19T10:30:27","guid":{"rendered":"http:\/\/aarquiteta.com.br\/?p=73278"},"modified":"2024-07-03T15:58:01","modified_gmt":"2024-07-03T18:58:01","slug":"armario-de-cozinha-preto","status":"publish","type":"post","link":"https:\/\/www.aarquiteta.com.br\/blog\/armario-de-cozinha-preto\/","title":{"rendered":"Arm\u00e1rio de cozinha preto: como usar em seus projetos."},"content":{"rendered":"<p>Neste artigo, vamos explorar o uso de arm\u00e1rios de cozinha na cor preta em projetos de design de interiores. O arm\u00e1rio de cozinha preto pode adicionar um toque elegante e moderno ao seu espa\u00e7o, mas \u00e9 importante saber como incorpor\u00e1-lo de maneira eficaz para obter os melhores resultados.<\/p>\n<p>Vamos analisar v\u00e1rias maneiras de usar arm\u00e1rios de cozinha pretos e fornecer dicas valiosas para garantir que seu projeto fique deslumbrante e funcional.<\/p>\n<figure id=\"attachment_73281\" aria-describedby=\"caption-attachment-73281\" style=\"width: 1000px\" class=\"wp-caption alignnone\"><img decoding=\"async\" class=\"size-full wp-image-73281\" src=\"https:\/\/www.aarquiteta.com.br\/blog\/wp-content\/uploads\/2022\/12\/armario-de-cozinha-preto-1.jpg\" alt=\"armario de cozinha preto\" width=\"1000\" height=\"1000\" title=\"\" srcset=\"https:\/\/www.aarquiteta.com.br\/blog\/wp-content\/uploads\/2022\/12\/armario-de-cozinha-preto-1.jpg 1000w, https:\/\/www.aarquiteta.com.br\/blog\/wp-content\/uploads\/2022\/12\/armario-de-cozinha-preto-1-696x696.jpg 696w, https:\/\/www.aarquiteta.com.br\/blog\/wp-content\/uploads\/2022\/12\/armario-de-cozinha-preto-1-96x96.jpg 96w, https:\/\/www.aarquiteta.com.br\/blog\/wp-content\/uploads\/2022\/12\/armario-de-cozinha-preto-1-150x150.jpg 150w\" sizes=\"(max-width: 1000px) 100vw, 1000px\" \/><figcaption id=\"caption-attachment-73281\" class=\"wp-caption-text\"><br \/>Cozinha Compacta Pequim 9 Portas Mp2933 Multim\u00f3veis Carvalho Avel\u00e3\/preto<\/figcaption><\/figure>\n<h3>1. Vantagens do Arm\u00e1rio de Cozinha Preto<\/h3>\n<p>Os arm\u00e1rios de cozinha pretos t\u00eam v\u00e1rias vantagens. Eles adicionam um toque de sofistica\u00e7\u00e3o e eleg\u00e2ncia a qualquer espa\u00e7o. Al\u00e9m disso, s\u00e3o menos propensos a mostrar manchas e sujeira em compara\u00e7\u00e3o com arm\u00e1rios de cores mais claras.<\/p>\n<p>A cor preta tamb\u00e9m pode criar um contraste marcante com outras cores, adicionando profundidade ao design da cozinha.<\/p>\n<h3>2. Como Combinar com Outros Elementos<\/h3>\n<p>Para criar um visual equilibrado, \u00e9 importante saber como combinar arm\u00e1rios de cozinha pretos com outros elementos de design. Paredes brancas ou em tons neutros podem ajudar a evitar que o espa\u00e7o pare\u00e7a escuro e opressivo.<\/p>\n<p>Superf\u00edcies de trabalho em m\u00e1rmore ou granito podem adicionar um toque de luxo ao ambiente. Al\u00e9m disso, considere a ilumina\u00e7\u00e3o adequada para garantir que a cozinha pare\u00e7a convidativa.<\/p>\n<figure id=\"attachment_73282\" aria-describedby=\"caption-attachment-73282\" style=\"width: 1000px\" class=\"wp-caption alignnone\"><img decoding=\"async\" class=\"size-full wp-image-73282\" src=\"https:\/\/www.aarquiteta.com.br\/blog\/wp-content\/uploads\/2022\/12\/armario-de-cozinha-preto-2.jpg\" alt=\"armario de cozinha preto\" width=\"1000\" height=\"1000\" title=\"\" srcset=\"https:\/\/www.aarquiteta.com.br\/blog\/wp-content\/uploads\/2022\/12\/armario-de-cozinha-preto-2.jpg 1000w, https:\/\/www.aarquiteta.com.br\/blog\/wp-content\/uploads\/2022\/12\/armario-de-cozinha-preto-2-696x696.jpg 696w, https:\/\/www.aarquiteta.com.br\/blog\/wp-content\/uploads\/2022\/12\/armario-de-cozinha-preto-2-96x96.jpg 96w, https:\/\/www.aarquiteta.com.br\/blog\/wp-content\/uploads\/2022\/12\/armario-de-cozinha-preto-2-150x150.jpg 150w\" sizes=\"(max-width: 1000px) 100vw, 1000px\" \/><figcaption id=\"caption-attachment-73282\" class=\"wp-caption-text\">Cozinha Completa Madesa Emilly Box com Balc\u00e3o e Arm\u00e1rio Vidro &#8211; Rustic\/Preto<\/figcaption><\/figure>\n<h3>3. Arm\u00e1rios de Cozinha Pretos em Cozinhas Pequenas<\/h3>\n<p>Se voc\u00ea tem uma cozinha pequena, pode se perguntar se o uso de arm\u00e1rios pretos \u00e9 adequado. A resposta \u00e9 sim, desde que seja feito com considera\u00e7\u00e3o. Use arm\u00e1rios pretos em combina\u00e7\u00e3o com tons mais claros para evitar que a cozinha pare\u00e7a claustrof\u00f3bica. Espelhos e elementos de vidro tamb\u00e9m podem ajudar a refletir a luz e criar a ilus\u00e3o de espa\u00e7o.<\/p>\n<blockquote><p>Voc\u00ea sabia que a cor preta na cozinha pode criar um ambiente sofisticado sem parecer frio? \u00c9 uma cor vers\u00e1til que pode se adaptar a diferentes estilos de design.<\/p><\/blockquote>\n<h3>4. Arm\u00e1rios de Cozinha Preto em Estilos de Design<\/h3>\n<p>Os arm\u00e1rios de cozinha pretos s\u00e3o vers\u00e1teis e podem ser incorporados em diversos estilos de design. Eles funcionam bem em cozinhas modernas, contempor\u00e2neas, industriais e at\u00e9 mesmo em designs mais tradicionais. O segredo est\u00e1 na escolha dos materiais, acabamentos e acess\u00f3rios que complementam o estilo escolhido.<\/p>\n<h3>5. Manuten\u00e7\u00e3o e Limpeza<\/h3>\n<p>Manter arm\u00e1rios de cozinha pretos limpos \u00e9 fundamental para preservar sua apar\u00eancia elegante. Use produtos de limpeza suaves e um pano macio para evitar arranh\u00f5es. Evite o uso de materiais abrasivos que possam danificar a superf\u00edcie.<\/p>\n<p>Uma manuten\u00e7\u00e3o adequada garantir\u00e1 que seus arm\u00e1rios de cozinha pretos permane\u00e7am deslumbrantes ao longo do tempo.<\/p>\n<h3>6. Personaliza\u00e7\u00e3o e Detalhes<\/h3>\n<p>Personalizar seus arm\u00e1rios de cozinha pretos \u00e9 uma maneira de tornar seu espa\u00e7o \u00fanico. Considere adicionar puxadores e ma\u00e7anetas elegantes para um toque de luxo.<\/p>\n<p>Al\u00e9m disso, voc\u00ea pode escolher arm\u00e1rios com detalhes em relevo ou texturas para adicionar interesse visual. A personaliza\u00e7\u00e3o permite que voc\u00ea crie uma cozinha que atenda \u00e0s suas necessidades e estilo pessoal.<\/p>\n<h3>7. Arm\u00e1rios de Cozinha Pretos e Sustentabilidade<\/h3>\n<p>Se voc\u00ea est\u00e1 preocupado com a sustentabilidade, saiba que \u00e9 poss\u00edvel encontrar arm\u00e1rios de cozinha pretos feitos de materiais ecol\u00f3gicos. Procure por op\u00e7\u00f5es que utilizem madeira certificada ou materiais reciclados.<\/p>\n<p>Isso n\u00e3o apenas beneficia o meio ambiente, mas tamb\u00e9m contribui para um design de cozinha consciente.<\/p>\n<h3>8. Economizando Espa\u00e7o com Arm\u00e1rios de Cozinha Pretos<\/h3>\n<p>Em cozinhas menores ou apartamentos, \u00e9 importante aproveitar ao m\u00e1ximo o espa\u00e7o dispon\u00edvel. Os arm\u00e1rios de cozinha pretos podem ser uma excelente escolha, pois oferecem uma sensa\u00e7\u00e3o de continuidade visual, tornando o espa\u00e7o mais amplo.<\/p>\n<p>Pense em solu\u00e7\u00f5es de armazenamento inteligentes para otimizar ainda mais o uso do espa\u00e7o.<\/p>\n<div class=\"youtube-embed\" data-video_id=\"P8EdVh0aeRY\"><iframe title=\"47 COZINHAS COM ARM\u00c1RIOS PRETOS MODERNAS E ELEGANTES\" width=\"696\" height=\"392\" src=\"https:\/\/www.youtube.com\/embed\/P8EdVh0aeRY?feature=oembed&#038;enablejsapi=1\" frameborder=\"0\" allow=\"accelerometer; autoplay; clipboard-write; encrypted-media; gyroscope; picture-in-picture; web-share\" allowfullscreen><\/iframe><\/div>\n<h2>Perguntas Frequentes<\/h2>\n<p>Aqui est\u00e3o algumas perguntas frequentes sobre o uso de arm\u00e1rios de cozinha pretos:<\/p>\n<h3>Posso usar arm\u00e1rios de cozinha pretos em uma cozinha pequena?<\/h3>\n<p>Sim, voc\u00ea pode usar arm\u00e1rios de cozinha pretos em cozinhas pequenas, mas \u00e9 importante equilibr\u00e1-los com cores mais claras e elementos de design que maximizem o espa\u00e7o.<\/p>\n<h3>Quais estilos de design combinam bem com arm\u00e1rios de cozinha pretos?<\/h3>\n<p>Arm\u00e1rios de cozinha pretos podem se adaptar a diversos estilos, incluindo o moderno, contempor\u00e2neo, industrial e tradicional, dependendo dos acabamentos e acess\u00f3rios escolhidos.<\/p>\n<h3>Como devo cuidar de arm\u00e1rios de cozinha pretos?<\/h3>\n<p>Para manter seus arm\u00e1rios de cozinha pretos em \u00f3timas condi\u00e7\u00f5es, use produtos de limpeza suaves, evite abrasivos e fa\u00e7a uma manuten\u00e7\u00e3o regular.<\/p>\n<h3>Conclus\u00e3o<\/h3>\n<p>Os arm\u00e1rios de cozinha pretos podem transformar sua cozinha em um espa\u00e7o elegante e moderno. Ao seguir as dicas e considera\u00e7\u00f5es deste artigo, voc\u00ea poder\u00e1 usar arm\u00e1rios de cozinha pretos de maneira eficaz em seus projetos de design de interiores.<\/p>\n<p>Lembre-se de que a escolha dos materiais, a combina\u00e7\u00e3o com outros elementos e a manuten\u00e7\u00e3o adequada s\u00e3o fundamentais para obter os melhores resultados. Experimente e crie uma cozinha que seja funcional, bonita e \u00fanica.<\/p>\n","protected":false},"excerpt":{"rendered":"<p>Neste artigo, vamos explorar o uso de arm\u00e1rios de cozinha na cor preta em projetos de design de interiores. O arm\u00e1rio de cozinha preto pode adicionar um toque elegante e moderno ao seu espa\u00e7o, mas \u00e9 importante saber como incorpor\u00e1-lo de maneira eficaz para obter os melhores resultados. Vamos analisar v\u00e1rias maneiras de usar arm\u00e1rios [&hellip;]<\/p>\n","protected":false},"author":20,"featured_media":73280,"comment_status":"closed","ping_status":"closed","sticky":false,"template":"","format":"standard","meta":{"footnotes":""},"categories":[35414,35384,18754,1484,20353],"tags":[24902,24881,24865,24873,24877,24869,24867,24860,24864,24868,24883,24870,24861,24872,24874,24876,24879,24871,24866,13025,24862,24882,24863,24880,24875,24878],"class_list":["post-73278","post","type-post","status-publish","format-standard","has-post-thumbnail","category-acessorios-para-decoracao","category-armarios-e-aparadores","category-decoracao-de-cozinha","category-decoracao","category-home-decor","tag-armario-de-cozinha-armario-de-cozinha-pequeno","tag-armario-de-cozinha-balcao","tag-armario-de-cozinha-branco","tag-armario-de-cozinha-cinza","tag-armario-de-cozinha-com-balcao","tag-armario-de-cozinha-com-pia","tag-armario-de-cozinha-compacto","tag-armario-de-cozinha-completo","tag-armario-de-cozinha-de-aco","tag-armario-de-cozinha-de-canto","tag-armario-de-cozinha-de-chao","tag-armario-de-cozinha-de-madeira","tag-armario-de-cozinha-de-parede","tag-armario-de-cozinha-de-pezinho","tag-armario-de-cozinha-em-l","tag-armario-de-cozinha-espelhado","tag-armario-de-cozinha-inox","tag-armario-de-cozinha-mdf","tag-armario-de-cozinha-modulado","tag-armario-de-cozinha-planejado","tag-armario-de-cozinha-preto","tag-armario-de-cozinha-preto-e-branco","tag-armario-de-cozinha-suspenso","tag-armario-de-cozinha-vermelho","tag-como-organizar-armario-de-cozinha","tag-puxadores-para-armario-de-cozinha"],"_wp_attached_file":null,"_wp_attachment_metadata":null,"_wp_attachment_context":null,"_wp_attachment_is_custom_header":null,"geo_longitude":null,"geo_public":null,"geo_latitude":null,"_publicize_done_external":null,"_wpas_done_3897181":null,"publicize_twitter_user":null,"_wpas_done_3897175":null,"_wpas_skip_3897181":null,"_wpas_skip_3897175":null,"_wpas_skip_3924723":null,"_wpas_mess":null,"_wpas_done_3924723":null,"wps_subtitle":"","_links":{"self":[{"href":"https:\/\/www.aarquiteta.com.br\/blog\/wp-json\/wp\/v2\/posts\/73278","targetHints":{"allow":["GET"]}}],"collection":[{"href":"https:\/\/www.aarquiteta.com.br\/blog\/wp-json\/wp\/v2\/posts"}],"about":[{"href":"https:\/\/www.aarquiteta.com.br\/blog\/wp-json\/wp\/v2\/types\/post"}],"author":[{"embeddable":true,"href":"https:\/\/www.aarquiteta.com.br\/blog\/wp-json\/wp\/v2\/users\/20"}],"replies":[{"embeddable":true,"href":"https:\/\/www.aarquiteta.com.br\/blog\/wp-json\/wp\/v2\/comments?post=73278"}],"version-history":[{"count":0,"href":"https:\/\/www.aarquiteta.com.br\/blog\/wp-json\/wp\/v2\/posts\/73278\/revisions"}],"wp:featuredmedia":[{"embeddable":true,"href":"https:\/\/www.aarquiteta.com.br\/blog\/wp-json\/wp\/v2\/media\/73280"}],"wp:attachment":[{"href":"https:\/\/www.aarquiteta.com.br\/blog\/wp-json\/wp\/v2\/media?parent=73278"}],"wp:term":[{"taxonomy":"category","embeddable":true,"href":"https:\/\/www.aarquiteta.com.br\/blog\/wp-json\/wp\/v2\/categories?post=73278"},{"taxonomy":"post_tag","embeddable":true,"href":"https:\/\/www.aarquiteta.com.br\/blog\/wp-json\/wp\/v2\/tags?post=73278"}],"curies":[{"name":"wp","href":"https:\/\/api.w.org\/{rel}","templated":true}]}}