{"id":73240,"date":"2022-12-14T14:08:29","date_gmt":"2022-12-14T17:08:29","guid":{"rendered":"http:\/\/aarquiteta.com.br\/?p=73240"},"modified":"2024-09-15T09:01:16","modified_gmt":"2024-09-15T12:01:16","slug":"armario-de-cozinha-planejado","status":"publish","type":"post","link":"https:\/\/www.aarquiteta.com.br\/blog\/armario-de-cozinha-planejado\/","title":{"rendered":"Vantagens de ter um Arm\u00e1rio de Cozinha Planejado"},"content":{"rendered":"<p>Um <strong>arm\u00e1rio de <a href=\"https:\/\/www.aarquiteta.com.br\/blog\/?s=COZINHA\">cozinha<\/a> planejado<\/strong> pode melhorar muito a apar\u00eancia e a funcionalidade da sua cozinha. Escolher as solu\u00e7\u00f5es de armazenamento certas para seus arm\u00e1rios maximiza seu espa\u00e7o de armazenamento e facilita a organiza\u00e7\u00e3o e o acesso aos itens em sua cozinha.<\/p><p>Al\u00e9m disso, voc\u00ea deve considerar a compra de um visual datado para complementar a decora\u00e7\u00e3o da sua cozinha.<\/p><p>O <a href=\"https:\/\/www.aarquiteta.com.br\/blog\/home-decor\/acessorios-para-decoracao\/armarios-e-aparadores\/\" class=\"ilj-generated-link\">arm\u00e1rio<\/a> de cozinha planejado ajuda a fam\u00edlia a atender todas as suas necessidades, inclusive de organiza\u00e7\u00e3o e armazenamento de utens\u00edlios, otimizando o tamanho do espa\u00e7o.<\/p><p>Isso \u00e9 poss\u00edvel porque pode criar qualquer tipo de <a href=\"https:\/\/www.aarquiteta.com.br\/blog\/home-decor\/organizacao-e-armazenamento\/\" class=\"ilj-generated-link\">armazenamento<\/a> personalizado e unidades organizacionais necess\u00e1rias para cada necessidade.<\/p><p>Uma despensa \u00e9 uma solu\u00e7\u00e3o de armazenamento na cozinha usada para armazenar itens usados \u200b\u200bcom frequ\u00eancia, como utens\u00edlios de cozinha e alimentos.<\/p><p>Voc\u00ea tamb\u00e9m pode usar um arm\u00e1rio para guardar pratos e talheres, potes e panelas e outros itens de cozinha.<\/p><p>Voc\u00ea tamb\u00e9m pode criar uma despensa no lado oposto de uma parede de sua cozinha para criar uma \u00e1rea de alimenta\u00e7\u00e3o separada em sua cozinha.<\/p><p>Uma pen\u00ednsula fornece <a href=\"https:\/\/www.aarquiteta.com.br\/blog\/?s=BANCADA\">bancada<\/a> adicional e espa\u00e7o de armazenamento que voc\u00ea pode usar em sua cozinha.<\/p><p>Voc\u00ea tamb\u00e9m pode instalar espa\u00e7os de armazenamento adicionais, como uma prateleira de utilidades ou garrafeira no espa\u00e7o de armazenamento sob os arm\u00e1rios superiores.<\/p><figure id=\"attachment_73243\" aria-describedby=\"caption-attachment-73243\" style=\"width: 1000px\" class=\"wp-caption alignnone\"><img decoding=\"async\" class=\"size-full wp-image-73243\" src=\"https:\/\/www.aarquiteta.com.br\/blog\/wp-content\/uploads\/2022\/12\/armario-de-cozinha-planejado.jpg\" alt=\"arm\u00e1rio de cozinha planejado\" width=\"1000\" height=\"1000\" title=\"\" srcset=\"https:\/\/www.aarquiteta.com.br\/blog\/wp-content\/uploads\/2022\/12\/armario-de-cozinha-planejado.jpg 1000w, https:\/\/www.aarquiteta.com.br\/blog\/wp-content\/uploads\/2022\/12\/armario-de-cozinha-planejado-696x696.jpg 696w, https:\/\/www.aarquiteta.com.br\/blog\/wp-content\/uploads\/2022\/12\/armario-de-cozinha-planejado-96x96.jpg 96w, https:\/\/www.aarquiteta.com.br\/blog\/wp-content\/uploads\/2022\/12\/armario-de-cozinha-planejado-150x150.jpg 150w\" sizes=\"(max-width: 1000px) 100vw, 1000px\" \/><figcaption id=\"caption-attachment-73243\" class=\"wp-caption-text\"><br \/>Cozinha Completa 100% Mdf Madesa Smart 300 cm Modulada Com Arm\u00e1rio, Balc\u00e3o e Tampo &#8211; Frentes Branco Brilho<\/figcaption><\/figure><h3>Voc\u00ea deve escolher um arm\u00e1rio de cozinha planejado conforme a sua necessidade.<\/h3><p>Se planeja organizar a sua cozinha, opte por solu\u00e7\u00f5es de arruma\u00e7\u00e3o que possa utilizar para o efeito.<\/p><p>Al\u00e9m disso, certifique-se de escolher solu\u00e7\u00f5es que combinem com o estilo de seus arm\u00e1rios de cozinha para ficarem <strong>uniformes com a decora\u00e7\u00e3o de sua cozinha.<\/strong><\/p><p>Os estilos datados complementam bem as cozinhas contempor\u00e2neas, enquanto as cores brilhantes se chocam com os tons neutros.<\/p><p>Al\u00e9m disso, a compra de espa\u00e7o de armazenamento extra ao substituir os gabinetes mais antigos facilita a atualiza\u00e7\u00e3o. Isso lhe d\u00e1 mais espa\u00e7o para suprimentos e menos problemas ao redecorar sua cozinha.<\/p><p>Voc\u00ea tamb\u00e9m deve considerar a compra de espa\u00e7o extra na mesa da cozinha ao substituir mesas antigas por novas.<\/p><p>Caso contr\u00e1rio, voc\u00ea pode ter que mover sua mesa para outra parte da casa para que ela n\u00e3o ocupe um espa\u00e7o valioso no arm\u00e1rio.<\/p><p>Voc\u00ea tamb\u00e9m pode precisar aproximar as novas cadeiras de jantar para que todo o espa\u00e7o da bancada seja usado de maneira eficaz.<\/p><p>Ter cadeiras extras mant\u00e9m todos confort\u00e1veis \u200b\u200benquanto comem, reduzindo o estresse e economiza dinheiro em refei\u00e7\u00f5es fora.<\/p><p>Um sistema de arm\u00e1rio de cozinha planejado maximiza o espa\u00e7o dispon\u00edvel na bancada, fornecendo solu\u00e7\u00f5es de armazenamento convenientes para ferramentas de cozinha e itens de lou\u00e7a comumente usados.<\/p><p>Ele tamb\u00e9m permite que os usu\u00e1rios organizem facilmente seus arm\u00e1rios com base em suas necessidades e gostos sem dificuldade.<\/p><p>Al\u00e9m disso, um sistema de arm\u00e1rios planejados economiza tempo, permitindo que voc\u00ea compre os suprimentos de cozinha necess\u00e1rios a pre\u00e7os de atacado no in\u00edcio do processo de constru\u00e7\u00e3o.<\/p><p>Os benef\u00edcios de se ter um sistema de arm\u00e1rios planejados s\u00e3o evidentes!<\/p><figure id=\"attachment_73244\" aria-describedby=\"caption-attachment-73244\" style=\"width: 1000px\" class=\"wp-caption alignnone\"><img decoding=\"async\" class=\"size-full wp-image-73244\" src=\"https:\/\/www.aarquiteta.com.br\/blog\/wp-content\/uploads\/2022\/12\/armario-de-cozinha-planejado-1.jpg\" alt=\"arm\u00e1rio de cozinha planejado\" width=\"1000\" height=\"1000\" title=\"\" srcset=\"https:\/\/www.aarquiteta.com.br\/blog\/wp-content\/uploads\/2022\/12\/armario-de-cozinha-planejado-1.jpg 1000w, https:\/\/www.aarquiteta.com.br\/blog\/wp-content\/uploads\/2022\/12\/armario-de-cozinha-planejado-1-696x696.jpg 696w, https:\/\/www.aarquiteta.com.br\/blog\/wp-content\/uploads\/2022\/12\/armario-de-cozinha-planejado-1-96x96.jpg 96w, https:\/\/www.aarquiteta.com.br\/blog\/wp-content\/uploads\/2022\/12\/armario-de-cozinha-planejado-1-150x150.jpg 150w\" sizes=\"(max-width: 1000px) 100vw, 1000px\" \/><figcaption id=\"caption-attachment-73244\" class=\"wp-caption-text\">Cozinha Completa 100% Mdf Madesa Smart 300 cm Modulada Com Arm\u00e1rio, Balc\u00e3o e Tampo<\/figcaption><\/figure><h3>Qual a diferen\u00e7a entre um arm\u00e1rio modular e um pr\u00e9-fabricado?<\/h3><p>Existe diferen\u00e7a entre m\u00f3veis planejados e modulares. Pe\u00e7as modulares est\u00e3o dispon\u00edveis em varejistas que possuem designs e tamanhos padr\u00e3o.<\/p><p>Em contrapartida, os m\u00f3veis planejados s\u00e3o feitos para se adequar ao seu espa\u00e7o e estilo de vida desde o in\u00edcio.<\/p><h3>Espero que este artigo sobre arm\u00e1rio de cozinha planejado tenha ajudado voc\u00ea!<\/h3><p>Ent\u00e3o veja algumas op\u00e7\u00f5es de <strong><a href=\"https:\/\/amzn.to\/3VZNelR\" target=\"_blank\" rel=\"noopener\">arm\u00e1rio de cozinha planejado aqui<\/a><\/strong> e\u00a0confira mais dicas\u00a0como esta e n\u00e3o se esque\u00e7a de compartilhar com os amigos!<\/p><p>Quer mais dicas sobre o mundo da\u00a0<a href=\"https:\/\/www.aarquiteta.com.br\/blog\/o-que-e-arquitetura\/\">arquitetura<\/a>\u00a0e\u00a0<a href=\"https:\/\/www.aarquiteta.com.br\/blog\/decoracao\/\">Decora\u00e7\u00e3o<\/a>, ent\u00e3o confira alguns dos nossos artigos em:<\/p><ul><li><a href=\"https:\/\/www.aarquiteta.com.br\/blog\/paisagismo\/\" target=\"_blank\" rel=\"noopener\">Casa e Jardim<\/a><\/li><li><a href=\"https:\/\/www.aarquiteta.com.br\/blog\/arquitetura\/mundo-arquitetura\/\" target=\"_blank\" rel=\"noopener\">Mundo Arquitetura<\/a><\/li><li><a href=\"https:\/\/www.aarquiteta.com.br\/decoracao\/\" target=\"_blank\" rel=\"noopener\">Decora\u00e7\u00e3o\u00a0<\/a><\/li><\/ul>","protected":false},"excerpt":{"rendered":"<p>Um arm\u00e1rio de cozinha planejado pode melhorar muito a apar\u00eancia e a funcionalidade da sua cozinha. Escolher as solu\u00e7\u00f5es de armazenamento certas para seus arm\u00e1rios maximiza seu espa\u00e7o de armazenamento e facilita a organiza\u00e7\u00e3o e o acesso aos itens em sua cozinha.Al\u00e9m disso, voc\u00ea deve considerar a compra de um visual datado para complementar a [&hellip;]<\/p>\n","protected":false},"author":20,"featured_media":73245,"comment_status":"open","ping_status":"closed","sticky":false,"template":"","format":"standard","meta":{"footnotes":""},"categories":[18754,1484,971],"tags":[24881,24865,24873,24877,24869,24867,24860,24864,24868,24883,24870,24861,24872,24874,24876,24879,24871,24866,24859,13025,24862,24882,24863,24880,24875,24878],"class_list":["post-73240","post","type-post","status-publish","format-standard","has-post-thumbnail","category-decoracao-de-cozinha","category-decoracao","category-design-de-interiores","tag-armario-de-cozinha-balcao","tag-armario-de-cozinha-branco","tag-armario-de-cozinha-cinza","tag-armario-de-cozinha-com-balcao","tag-armario-de-cozinha-com-pia","tag-armario-de-cozinha-compacto","tag-armario-de-cozinha-completo","tag-armario-de-cozinha-de-aco","tag-armario-de-cozinha-de-canto","tag-armario-de-cozinha-de-chao","tag-armario-de-cozinha-de-madeira","tag-armario-de-cozinha-de-parede","tag-armario-de-cozinha-de-pezinho","tag-armario-de-cozinha-em-l","tag-armario-de-cozinha-espelhado","tag-armario-de-cozinha-inox","tag-armario-de-cozinha-mdf","tag-armario-de-cozinha-modulado","tag-armario-de-cozinha-pequeno","tag-armario-de-cozinha-planejado","tag-armario-de-cozinha-preto","tag-armario-de-cozinha-preto-e-branco","tag-armario-de-cozinha-suspenso","tag-armario-de-cozinha-vermelho","tag-como-organizar-armario-de-cozinha","tag-puxadores-para-armario-de-cozinha"],"_wp_attached_file":null,"_wp_attachment_metadata":null,"_wp_attachment_context":null,"_wp_attachment_is_custom_header":null,"geo_longitude":null,"geo_public":null,"geo_latitude":null,"_publicize_done_external":null,"_wpas_done_3897181":null,"publicize_twitter_user":null,"_wpas_done_3897175":null,"_wpas_skip_3897181":null,"_wpas_skip_3897175":null,"_wpas_skip_3924723":null,"_wpas_mess":null,"_wpas_done_3924723":null,"wps_subtitle":"","_links":{"self":[{"href":"https:\/\/www.aarquiteta.com.br\/blog\/wp-json\/wp\/v2\/posts\/73240","targetHints":{"allow":["GET"]}}],"collection":[{"href":"https:\/\/www.aarquiteta.com.br\/blog\/wp-json\/wp\/v2\/posts"}],"about":[{"href":"https:\/\/www.aarquiteta.com.br\/blog\/wp-json\/wp\/v2\/types\/post"}],"author":[{"embeddable":true,"href":"https:\/\/www.aarquiteta.com.br\/blog\/wp-json\/wp\/v2\/users\/20"}],"replies":[{"embeddable":true,"href":"https:\/\/www.aarquiteta.com.br\/blog\/wp-json\/wp\/v2\/comments?post=73240"}],"version-history":[{"count":0,"href":"https:\/\/www.aarquiteta.com.br\/blog\/wp-json\/wp\/v2\/posts\/73240\/revisions"}],"wp:featuredmedia":[{"embeddable":true,"href":"https:\/\/www.aarquiteta.com.br\/blog\/wp-json\/wp\/v2\/media\/73245"}],"wp:attachment":[{"href":"https:\/\/www.aarquiteta.com.br\/blog\/wp-json\/wp\/v2\/media?parent=73240"}],"wp:term":[{"taxonomy":"category","embeddable":true,"href":"https:\/\/www.aarquiteta.com.br\/blog\/wp-json\/wp\/v2\/categories?post=73240"},{"taxonomy":"post_tag","embeddable":true,"href":"https:\/\/www.aarquiteta.com.br\/blog\/wp-json\/wp\/v2\/tags?post=73240"}],"curies":[{"name":"wp","href":"https:\/\/api.w.org\/{rel}","templated":true}]}}