{"id":73174,"date":"2022-12-14T05:55:45","date_gmt":"2022-12-14T08:55:45","guid":{"rendered":"http:\/\/aarquiteta.com.br\/?p=73174"},"modified":"2024-06-28T15:42:17","modified_gmt":"2024-06-28T18:42:17","slug":"berco-com-colchao","status":"publish","type":"post","link":"https:\/\/www.aarquiteta.com.br\/blog\/berco-com-colchao\/","title":{"rendered":"Ber\u00e7o com colch\u00e3o &#8211; 5 modelos para a sua escolha!"},"content":{"rendered":"<p>Antes do nascimento do seu beb\u00ea, pense em pesquisar op\u00e7\u00f5es de ber\u00e7o com colch\u00e3o que ofere\u00e7am seguran\u00e7a, conforto e beleza.<\/p>\n<p>Ap\u00f3s adquirir m\u00f3veis essenciais para o quarto, como c\u00f4moda e cadeirinha de amamenta\u00e7\u00e3o, \u00e9 importante considerar o espa\u00e7o que voc\u00ea tem dispon\u00edvel antes de comprar novos modelos de ber\u00e7o.<\/p>\n<figure id=\"attachment_73219\" aria-describedby=\"caption-attachment-73219\" style=\"width: 736px\" class=\"wp-caption alignnone\"><img decoding=\"async\" class=\"wp-image-73219 size-full\" src=\"https:\/\/www.aarquiteta.com.br\/blog\/wp-content\/uploads\/2022\/12\/berco26.jpg\" alt=\"ber\u00e7o26\" width=\"736\" height=\"1102\" title=\"\" srcset=\"https:\/\/www.aarquiteta.com.br\/blog\/wp-content\/uploads\/2022\/12\/berco26.jpg 736w, https:\/\/www.aarquiteta.com.br\/blog\/wp-content\/uploads\/2022\/12\/berco26-696x1042.jpg 696w, https:\/\/www.aarquiteta.com.br\/blog\/wp-content\/uploads\/2022\/12\/berco26-684x1024.jpg 684w, https:\/\/www.aarquiteta.com.br\/blog\/wp-content\/uploads\/2022\/12\/berco26-150x225.jpg 150w\" sizes=\"(max-width: 736px) 100vw, 736px\" \/><figcaption id=\"caption-attachment-73219\" class=\"wp-caption-text\">Pinterest<\/figcaption><\/figure>\n<h2>Modelos de ber\u00e7os com colch\u00e3o<\/h2>\n<p>Existem dezenas de estilos e cores para escolher ao comprar ber\u00e7os; alguns at\u00e9 incluem um estribo que pode ser ajustado \u00e0 medida que seu filho cresce.<\/p>\n<figure id=\"attachment_73218\" aria-describedby=\"caption-attachment-73218\" style=\"width: 500px\" class=\"wp-caption alignnone\"><img decoding=\"async\" class=\"wp-image-73218 size-full\" title=\"Modelos de ber\u00e7os com colch\u00e3o\" src=\"https:\/\/www.aarquiteta.com.br\/blog\/wp-content\/uploads\/2022\/12\/berco25.jpg\" alt=\"ber\u00e7o25\" width=\"500\" height=\"395\" srcset=\"https:\/\/www.aarquiteta.com.br\/blog\/wp-content\/uploads\/2022\/12\/berco25.jpg 500w, https:\/\/www.aarquiteta.com.br\/blog\/wp-content\/uploads\/2022\/12\/berco25-150x119.jpg 150w\" sizes=\"(max-width: 500px) 100vw, 500px\" \/><figcaption id=\"caption-attachment-73218\" class=\"wp-caption-text\">Por: ML<\/figcaption><\/figure>\n<p>Alguns ber\u00e7os v\u00eam com uma lateral que se transforma em cama, basta remover um dos trilhos para obter esse efeito.<\/p>\n<h3>1 \u2014 Ber\u00e7o Mois\u00e9s:<\/h3>\n<p>O ber\u00e7o Mois\u00e9s \u00e9 colocado ao lado das camas para rec\u00e9m-nascidos.<\/p>\n<figure id=\"attachment_73205\" aria-describedby=\"caption-attachment-73205\" style=\"width: 1000px\" class=\"wp-caption alignnone\"><img decoding=\"async\" class=\"wp-image-73205 size-full\" title=\"Ber\u00e7o Mois\u00e9s\" src=\"https:\/\/www.aarquiteta.com.br\/blog\/wp-content\/uploads\/2022\/12\/berco13.webp\" alt=\"ber\u00e7o13\" width=\"1000\" height=\"757\" srcset=\"https:\/\/www.aarquiteta.com.br\/blog\/wp-content\/uploads\/2022\/12\/berco13.webp 1000w, https:\/\/www.aarquiteta.com.br\/blog\/wp-content\/uploads\/2022\/12\/berco13-696x527.webp 696w, https:\/\/www.aarquiteta.com.br\/blog\/wp-content\/uploads\/2022\/12\/berco13-150x114.webp 150w\" sizes=\"(max-width: 1000px) 100vw, 1000px\" \/><figcaption id=\"caption-attachment-73205\" class=\"wp-caption-text\">Por: Nan\u00e1 Enxoval<\/figcaption><\/figure>\n<p>Ele \u00e9 um m\u00f3vel port\u00e1til espec\u00edficos para beb\u00eas, usados \u200b\u200bpara manter o beb\u00ea protegido e relaxado, era antigamente usado para os bebes\u00a0 no carro.<\/p>\n<p>Os ber\u00e7os Mois\u00e9s v\u00eam com acess\u00f3rios como suporte mosqueteiro \u2014 que protege o beb\u00ea dos insetos \u2014 e material de ber\u00e7o de madeira, ferro ou vime. Outro acess\u00f3rio comum \u00e9 o v\u00e9u.<\/p>\n<figure id=\"attachment_73214\" aria-describedby=\"caption-attachment-73214\" style=\"width: 675px\" class=\"wp-caption alignnone\"><img decoding=\"async\" class=\"wp-image-73214 size-full\" title=\"Ber\u00e7o Mois\u00e9s\" src=\"https:\/\/www.aarquiteta.com.br\/blog\/wp-content\/uploads\/2022\/12\/berco21.jpg\" alt=\"ber\u00e7o21\" width=\"675\" height=\"1200\" srcset=\"https:\/\/www.aarquiteta.com.br\/blog\/wp-content\/uploads\/2022\/12\/berco21.jpg 675w, https:\/\/www.aarquiteta.com.br\/blog\/wp-content\/uploads\/2022\/12\/berco21-576x1024.jpg 576w, https:\/\/www.aarquiteta.com.br\/blog\/wp-content\/uploads\/2022\/12\/berco21-150x267.jpg 150w\" sizes=\"(max-width: 675px) 100vw, 675px\" \/><figcaption id=\"caption-attachment-73214\" class=\"wp-caption-text\">Por: Elo7<\/figcaption><\/figure>\n<p>O seu colch\u00e3o \u00e9 espec\u00edfico feito sob medida pois o ber\u00e7o Mois\u00e9s \u00e9 arredondado.<\/p>\n<h3>2 \u2014 Mini ber\u00e7o:<\/h3>\n<p>Devido ao seu tamanho pequeno, o mini ber\u00e7o \u00e9 comumente usado para beb\u00eas at\u00e9 8 meses ou menos.<\/p>\n<figure id=\"attachment_73207\" aria-describedby=\"caption-attachment-73207\" style=\"width: 1280px\" class=\"wp-caption alignnone\"><img decoding=\"async\" class=\"wp-image-73207 size-full\" title=\"Mini ber\u00e7o\" src=\"https:\/\/www.aarquiteta.com.br\/blog\/wp-content\/uploads\/2022\/12\/berco15.webp\" alt=\"ber\u00e7o15\" width=\"1280\" height=\"855\" srcset=\"https:\/\/www.aarquiteta.com.br\/blog\/wp-content\/uploads\/2022\/12\/berco15.webp 1280w, https:\/\/www.aarquiteta.com.br\/blog\/wp-content\/uploads\/2022\/12\/berco15-696x465.webp 696w, https:\/\/www.aarquiteta.com.br\/blog\/wp-content\/uploads\/2022\/12\/berco15-1024x684.webp 1024w, https:\/\/www.aarquiteta.com.br\/blog\/wp-content\/uploads\/2022\/12\/berco15-150x100.webp 150w\" sizes=\"(max-width: 1280px) 100vw, 1280px\" \/><figcaption id=\"caption-attachment-73207\" class=\"wp-caption-text\">Por: Jolear<\/figcaption><\/figure>\n<p>Pode ser colocado perto da cama dos pais em qualquer canto do quarto.<\/p>\n<p>Este tipo de ber\u00e7o vem com uma prateleira na parte inferior para colocar suprimentos de cuidados com o beb\u00ea, como fraldas e produtos de higiene.<\/p>\n<p>Ber\u00e7os port\u00e1teis com rodas permitem que os beb\u00eas se desloquem de um lugar para outro.<\/p>\n<p>Esses ber\u00e7os tamb\u00e9m possuem al\u00e7as que facilitam a movimenta\u00e7\u00e3o.<\/p>\n<h3>3 \u2014 Ber\u00e7o com colch\u00e3o Americano:<\/h3>\n<p>Os ber\u00e7os americanos possuem grades laterais e cabeceiras mais altas.<\/p>\n<figure id=\"attachment_73208\" aria-describedby=\"caption-attachment-73208\" style=\"width: 500px\" class=\"wp-caption alignnone\"><img decoding=\"async\" class=\"wp-image-73208 size-full\" title=\"Ber\u00e7o Americano\" src=\"https:\/\/www.aarquiteta.com.br\/blog\/wp-content\/uploads\/2022\/12\/berco16.webp\" alt=\"ber\u00e7o16\" width=\"500\" height=\"500\" srcset=\"https:\/\/www.aarquiteta.com.br\/blog\/wp-content\/uploads\/2022\/12\/berco16.webp 500w, https:\/\/www.aarquiteta.com.br\/blog\/wp-content\/uploads\/2022\/12\/berco16-96x96.webp 96w, https:\/\/www.aarquiteta.com.br\/blog\/wp-content\/uploads\/2022\/12\/berco16-150x150.webp 150w\" sizes=\"(max-width: 500px) 100vw, 500px\" \/><figcaption id=\"caption-attachment-73208\" class=\"wp-caption-text\">Por: CB<\/figcaption><\/figure>\n<p>Esses recursos os tornam seguros de usar, e a altura extra da plataforma acomoda diferentes alturas para garantir que a crian\u00e7a n\u00e3o suba no trilho lateral.<\/p>\n<figure id=\"attachment_73215\" aria-describedby=\"caption-attachment-73215\" style=\"width: 600px\" class=\"wp-caption alignnone\"><img decoding=\"async\" class=\"wp-image-73215 size-full\" title=\"Ber\u00e7o Americano\" src=\"https:\/\/www.aarquiteta.com.br\/blog\/wp-content\/uploads\/2022\/12\/berco22.webp\" alt=\"ber\u00e7o22\" width=\"600\" height=\"583\" srcset=\"https:\/\/www.aarquiteta.com.br\/blog\/wp-content\/uploads\/2022\/12\/berco22.webp 600w, https:\/\/www.aarquiteta.com.br\/blog\/wp-content\/uploads\/2022\/12\/berco22-150x146.webp 150w\" sizes=\"(max-width: 600px) 100vw, 600px\" \/><figcaption id=\"caption-attachment-73215\" class=\"wp-caption-text\">Por: Elo7<\/figcaption><\/figure>\n<p>V\u00e1rios ber\u00e7os comercializados como americanos t\u00eam gavetas laterais, mini-camas que saem de baixo do corpo principal e mosquiteiros presos na lateral, al\u00e9m disso, alguns ber\u00e7os t\u00eam rodinhas e um trocador preso a eles.<\/p>\n<h3>4 \u2014 Ber\u00e7o com colch\u00e3o Proven\u00e7al:<\/h3>\n<p>O estilo proven\u00e7al franc\u00eas come\u00e7ou com camponeses e artes\u00e3os franceses.<\/p>\n<p>Eles precisavam adornar suas casas como as casas da corte francesa para combinar com a decora\u00e7\u00e3o de sua casa francesa.<\/p>\n<figure id=\"attachment_73209\" aria-describedby=\"caption-attachment-73209\" style=\"width: 600px\" class=\"wp-caption alignnone\"><img decoding=\"async\" class=\"wp-image-73209 size-full\" title=\"Ber\u00e7o Proven\u00e7al\" src=\"https:\/\/www.aarquiteta.com.br\/blog\/wp-content\/uploads\/2022\/12\/berco17.jpg\" alt=\"ber\u00e7o17\" width=\"600\" height=\"600\" srcset=\"https:\/\/www.aarquiteta.com.br\/blog\/wp-content\/uploads\/2022\/12\/berco17.jpg 600w, https:\/\/www.aarquiteta.com.br\/blog\/wp-content\/uploads\/2022\/12\/berco17-96x96.jpg 96w, https:\/\/www.aarquiteta.com.br\/blog\/wp-content\/uploads\/2022\/12\/berco17-150x150.jpg 150w\" sizes=\"(max-width: 600px) 100vw, 600px\" \/><figcaption id=\"caption-attachment-73209\" class=\"wp-caption-text\">Por: Angel\u00b4s Baby<\/figcaption><\/figure>\n<p>o ber\u00e7o proven\u00e7al de madeira acrescenta harmonia a diferentes designs de espa\u00e7o.<\/p>\n<p>A madeira \u00e9 uma escolha superior para ber\u00e7os, especialmente para quartos rec\u00e9m-decorados destinados a beb\u00eas.<\/p>\n<figure id=\"attachment_73216\" aria-describedby=\"caption-attachment-73216\" style=\"width: 538px\" class=\"wp-caption alignnone\"><img decoding=\"async\" class=\"wp-image-73216 size-full\" title=\"Ber\u00e7o Proven\u00e7al\" src=\"https:\/\/www.aarquiteta.com.br\/blog\/wp-content\/uploads\/2022\/12\/berco23.jpg\" alt=\"ber\u00e7o23\" width=\"538\" height=\"451\" srcset=\"https:\/\/www.aarquiteta.com.br\/blog\/wp-content\/uploads\/2022\/12\/berco23.jpg 538w, https:\/\/www.aarquiteta.com.br\/blog\/wp-content\/uploads\/2022\/12\/berco23-150x126.jpg 150w\" sizes=\"(max-width: 538px) 100vw, 538px\" \/><figcaption id=\"caption-attachment-73216\" class=\"wp-caption-text\">Por: Usados do Brasil<\/figcaption><\/figure>\n<p>Seu estilo cl\u00e1ssico franc\u00eas com um toque r\u00fastico atrai a maioria das pessoas e \u00e9 dif\u00edcil de estragar.<\/p>\n<h3>5 \u2014 Coloridos e modernos:<\/h3>\n<p>Ao comprar um ber\u00e7o colorido, certifique-se de considerar sua apar\u00eancia e os esquemas de cores do ambiente ao redor.<\/p>\n<figure id=\"attachment_73210\" aria-describedby=\"caption-attachment-73210\" style=\"width: 1000px\" class=\"wp-caption alignnone\"><img decoding=\"async\" class=\"wp-image-73210 size-full\" title=\"Coloridos e modernos\" src=\"https:\/\/www.aarquiteta.com.br\/blog\/wp-content\/uploads\/2022\/12\/berco18.jpg\" alt=\"ber\u00e7o18\" width=\"1000\" height=\"1000\" srcset=\"https:\/\/www.aarquiteta.com.br\/blog\/wp-content\/uploads\/2022\/12\/berco18.jpg 1000w, https:\/\/www.aarquiteta.com.br\/blog\/wp-content\/uploads\/2022\/12\/berco18-696x696.jpg 696w, https:\/\/www.aarquiteta.com.br\/blog\/wp-content\/uploads\/2022\/12\/berco18-96x96.jpg 96w, https:\/\/www.aarquiteta.com.br\/blog\/wp-content\/uploads\/2022\/12\/berco18-150x150.jpg 150w\" sizes=\"(max-width: 1000px) 100vw, 1000px\" \/><figcaption id=\"caption-attachment-73210\" class=\"wp-caption-text\">Pinterest<\/figcaption><\/figure>\n<p>\u00c9 importante comprar ber\u00e7os que combinem com o ambiente pois, ao comprar o ber\u00e7o de uma cor e o quarto ser de outra cor, pode ficar pesado e n\u00e3o combinar os tons.<\/p>\n<p>Um exemplo de quarto colorido que fica perfeito \u00e9 o tema Saf\u00e1ri &#8211; que usa tons de terra e verdes como cores populares da moda.<\/p>\n<figure id=\"attachment_73212\" aria-describedby=\"caption-attachment-73212\" style=\"width: 1500px\" class=\"wp-caption alignnone\"><img decoding=\"async\" class=\"wp-image-73212 size-full\" title=\"Coloridos e modernos\" src=\"https:\/\/www.aarquiteta.com.br\/blog\/wp-content\/uploads\/2022\/12\/berco20.jpg\" alt=\"ber\u00e7o20\" width=\"1500\" height=\"1500\" srcset=\"https:\/\/www.aarquiteta.com.br\/blog\/wp-content\/uploads\/2022\/12\/berco20.jpg 1500w, https:\/\/www.aarquiteta.com.br\/blog\/wp-content\/uploads\/2022\/12\/berco20-696x696.jpg 696w, https:\/\/www.aarquiteta.com.br\/blog\/wp-content\/uploads\/2022\/12\/berco20-1024x1024.jpg 1024w, https:\/\/www.aarquiteta.com.br\/blog\/wp-content\/uploads\/2022\/12\/berco20-96x96.jpg 96w, https:\/\/www.aarquiteta.com.br\/blog\/wp-content\/uploads\/2022\/12\/berco20-150x150.jpg 150w\" sizes=\"(max-width: 1500px) 100vw, 1500px\" \/><figcaption id=\"caption-attachment-73212\" class=\"wp-caption-text\">Por: Gr\u00e3o de gente<\/figcaption><\/figure>\n<p>Lembrando que o quarto , o cantinho do seu bebe deve ser muito relaxante e confort\u00e1vel, portanto quanto menos apetrechos no ambiente, melhor!<\/p>\n<figure id=\"attachment_73211\" aria-describedby=\"caption-attachment-73211\" style=\"width: 1024px\" class=\"wp-caption alignnone\"><img decoding=\"async\" class=\"wp-image-73211 size-full\" src=\"https:\/\/www.aarquiteta.com.br\/blog\/wp-content\/uploads\/2022\/12\/berco19.webp\" alt=\"ber\u00e7o19\" width=\"1024\" height=\"1024\" title=\"\" srcset=\"https:\/\/www.aarquiteta.com.br\/blog\/wp-content\/uploads\/2022\/12\/berco19.webp 1024w, https:\/\/www.aarquiteta.com.br\/blog\/wp-content\/uploads\/2022\/12\/berco19-696x696.webp 696w, https:\/\/www.aarquiteta.com.br\/blog\/wp-content\/uploads\/2022\/12\/berco19-96x96.webp 96w, https:\/\/www.aarquiteta.com.br\/blog\/wp-content\/uploads\/2022\/12\/berco19-150x150.webp 150w\" sizes=\"(max-width: 1024px) 100vw, 1024px\" \/><figcaption id=\"caption-attachment-73211\" class=\"wp-caption-text\">Por: ABC do Beb\u00ea<\/figcaption><\/figure>\n<p>&nbsp;<\/p>\n<figure id=\"attachment_73217\" aria-describedby=\"caption-attachment-73217\" style=\"width: 1020px\" class=\"wp-caption alignnone\"><img decoding=\"async\" class=\"wp-image-73217 size-full\" src=\"https:\/\/www.aarquiteta.com.br\/blog\/wp-content\/uploads\/2022\/12\/berco24.jpg\" alt=\"ber\u00e7o24\" width=\"1020\" height=\"1020\" title=\"\" srcset=\"https:\/\/www.aarquiteta.com.br\/blog\/wp-content\/uploads\/2022\/12\/berco24.jpg 1020w, https:\/\/www.aarquiteta.com.br\/blog\/wp-content\/uploads\/2022\/12\/berco24-696x696.jpg 696w, https:\/\/www.aarquiteta.com.br\/blog\/wp-content\/uploads\/2022\/12\/berco24-96x96.jpg 96w, https:\/\/www.aarquiteta.com.br\/blog\/wp-content\/uploads\/2022\/12\/berco24-150x150.jpg 150w\" sizes=\"(max-width: 1020px) 100vw, 1020px\" \/><figcaption id=\"caption-attachment-73217\" class=\"wp-caption-text\">Por: Biano<\/figcaption><\/figure>\n<figure id=\"attachment_73220\" aria-describedby=\"caption-attachment-73220\" style=\"width: 530px\" class=\"wp-caption alignnone\"><img decoding=\"async\" class=\"wp-image-73220 size-full\" src=\"https:\/\/www.aarquiteta.com.br\/blog\/wp-content\/uploads\/2022\/12\/berco27.jpg\" alt=\"ber\u00e7o27\" width=\"530\" height=\"420\" title=\"\" srcset=\"https:\/\/www.aarquiteta.com.br\/blog\/wp-content\/uploads\/2022\/12\/berco27.jpg 530w, https:\/\/www.aarquiteta.com.br\/blog\/wp-content\/uploads\/2022\/12\/berco27-150x119.jpg 150w\" sizes=\"(max-width: 530px) 100vw, 530px\" \/><figcaption id=\"caption-attachment-73220\" class=\"wp-caption-text\">Pinterest<\/figcaption><\/figure>\n<p>&nbsp;<\/p>\n","protected":false},"excerpt":{"rendered":"<p>Antes do nascimento do seu beb\u00ea, pense em pesquisar op\u00e7\u00f5es de ber\u00e7o com colch\u00e3o que ofere\u00e7am seguran\u00e7a, conforto e beleza. Ap\u00f3s adquirir m\u00f3veis essenciais para o quarto, como c\u00f4moda e cadeirinha de amamenta\u00e7\u00e3o, \u00e9 importante considerar o espa\u00e7o que voc\u00ea tem dispon\u00edvel antes de comprar novos modelos de ber\u00e7o. Modelos de ber\u00e7os com colch\u00e3o Existem [&hellip;]<\/p>\n","protected":false},"author":102,"featured_media":73221,"comment_status":"closed","ping_status":"closed","sticky":false,"template":"","format":"standard","meta":{"footnotes":""},"categories":[18795,1484,18756],"tags":[24846,24842,24845,24850,24848,24844,24843,24849,24847],"class_list":["post-73174","post","type-post","status-publish","format-standard","has-post-thumbnail","category-bebe-crianca","category-decoracao","category-decoracao-de-dormitorio","tag-berco-americano","tag-berco-com-colchao","tag-berco-com-colchao-e-comoda","tag-berco-moises","tag-berco-provencal","tag-berco-que-vira-caminha-com-colchao","tag-colchao-berco-portatil","tag-coloridos-e-modernos","tag-mini-berco"],"_wp_attached_file":null,"_wp_attachment_metadata":null,"_wp_attachment_context":null,"_wp_attachment_is_custom_header":null,"geo_longitude":null,"geo_public":null,"geo_latitude":null,"_publicize_done_external":null,"_wpas_done_3897181":null,"publicize_twitter_user":null,"_wpas_done_3897175":null,"_wpas_skip_3897181":null,"_wpas_skip_3897175":null,"_wpas_skip_3924723":null,"_wpas_mess":null,"_wpas_done_3924723":null,"wps_subtitle":"Confira 5 lindos modelos mais usados de ber\u00e7os com colch\u00e3o!","_links":{"self":[{"href":"https:\/\/www.aarquiteta.com.br\/blog\/wp-json\/wp\/v2\/posts\/73174","targetHints":{"allow":["GET"]}}],"collection":[{"href":"https:\/\/www.aarquiteta.com.br\/blog\/wp-json\/wp\/v2\/posts"}],"about":[{"href":"https:\/\/www.aarquiteta.com.br\/blog\/wp-json\/wp\/v2\/types\/post"}],"author":[{"embeddable":true,"href":"https:\/\/www.aarquiteta.com.br\/blog\/wp-json\/wp\/v2\/users\/102"}],"replies":[{"embeddable":true,"href":"https:\/\/www.aarquiteta.com.br\/blog\/wp-json\/wp\/v2\/comments?post=73174"}],"version-history":[{"count":0,"href":"https:\/\/www.aarquiteta.com.br\/blog\/wp-json\/wp\/v2\/posts\/73174\/revisions"}],"wp:featuredmedia":[{"embeddable":true,"href":"https:\/\/www.aarquiteta.com.br\/blog\/wp-json\/wp\/v2\/media\/73221"}],"wp:attachment":[{"href":"https:\/\/www.aarquiteta.com.br\/blog\/wp-json\/wp\/v2\/media?parent=73174"}],"wp:term":[{"taxonomy":"category","embeddable":true,"href":"https:\/\/www.aarquiteta.com.br\/blog\/wp-json\/wp\/v2\/categories?post=73174"},{"taxonomy":"post_tag","embeddable":true,"href":"https:\/\/www.aarquiteta.com.br\/blog\/wp-json\/wp\/v2\/tags?post=73174"}],"curies":[{"name":"wp","href":"https:\/\/api.w.org\/{rel}","templated":true}]}}