{"id":72423,"date":"2022-11-28T17:00:49","date_gmt":"2022-11-28T20:00:49","guid":{"rendered":"http:\/\/aarquiteta.com.br\/?p=72423"},"modified":"2022-11-28T16:07:55","modified_gmt":"2022-11-28T19:07:55","slug":"guarda-roupa-casal-com-espelho","status":"publish","type":"post","link":"https:\/\/www.aarquiteta.com.br\/blog\/guarda-roupa-casal-com-espelho\/","title":{"rendered":"Guarda-roupa casal com espelho &#8211; 5 diferentes modelos para voc\u00ea!"},"content":{"rendered":"<p>Existem muitos estilos diferentes de guarda-roupas dispon\u00edveis no mercado, e uma op\u00e7\u00e3o popular \u00e9 o guarda-roupa casal com espelho, que oferece funcionalidade adicional e a ilus\u00e3o de espa\u00e7o.<\/p>\n<p>\u00c9 um dos principais m\u00f3veis de um quarto, onde guardamos praticamente tudo.<\/p>\n<figure id=\"attachment_72434\" aria-describedby=\"caption-attachment-72434\" style=\"width: 770px\" class=\"wp-caption alignnone\"><img decoding=\"async\" class=\"wp-image-72434 size-full\" src=\"https:\/\/www.aarquiteta.com.br\/blog\/wp-content\/uploads\/2022\/11\/casalespelho9.jpg\" alt=\"casalespelho9\" width=\"770\" height=\"544\" title=\"\" srcset=\"https:\/\/www.aarquiteta.com.br\/blog\/wp-content\/uploads\/2022\/11\/casalespelho9.jpg 770w, https:\/\/www.aarquiteta.com.br\/blog\/wp-content\/uploads\/2022\/11\/casalespelho9-696x492.jpg 696w, https:\/\/www.aarquiteta.com.br\/blog\/wp-content\/uploads\/2022\/11\/casalespelho9-150x106.jpg 150w\" sizes=\"(max-width: 770px) 100vw, 770px\" \/><figcaption id=\"caption-attachment-72434\" class=\"wp-caption-text\">Pinterest<\/figcaption><\/figure>\n<p>Muitas pessoas se perguntam se devem investir em um guarda-roupa de casal com espelho e temos as respostas para essa pergunta neste post, confira!<\/p>\n<h2>Por que ter um guarda-roupa casal com espelho?<\/h2>\n<p>Muitas pessoas se perguntam se vale a pena comprar um guarda-roupa casal com espelho, pois existem muitas op\u00e7\u00f5es tradicionais que custam menos do que as op\u00e7\u00f5es espelhadas.<\/p>\n<p>No entanto, comprar um guarda-roupa espelhado pode ser necess\u00e1rio se voc\u00ea precisar armazenar v\u00e1rias roupas em um s\u00f3 lugar.<\/p>\n<figure id=\"attachment_72433\" aria-describedby=\"caption-attachment-72433\" style=\"width: 1024px\" class=\"wp-caption alignnone\"><img decoding=\"async\" class=\"wp-image-72433 size-large\" title=\"Por que ter um guarda-roupa casal com espelho?\" src=\"https:\/\/www.aarquiteta.com.br\/blog\/wp-content\/uploads\/2022\/11\/casalespelho8-1024x681.jpg\" alt=\"casalespelho8\" width=\"1024\" height=\"681\" srcset=\"https:\/\/www.aarquiteta.com.br\/blog\/wp-content\/uploads\/2022\/11\/casalespelho8-1024x681.jpg 1024w, https:\/\/www.aarquiteta.com.br\/blog\/wp-content\/uploads\/2022\/11\/casalespelho8-696x463.jpg 696w, https:\/\/www.aarquiteta.com.br\/blog\/wp-content\/uploads\/2022\/11\/casalespelho8-150x100.jpg 150w, https:\/\/www.aarquiteta.com.br\/blog\/wp-content\/uploads\/2022\/11\/casalespelho8.jpg 1299w\" sizes=\"(max-width: 1024px) 100vw, 1024px\" \/><figcaption id=\"caption-attachment-72433\" class=\"wp-caption-text\">Por: L\u00edder Interiores<\/figcaption><\/figure>\n<p>Esse guarda-roupa pode ser encontrado em diversas formas, como guarda-roupa com porta de correr com espelho, guarda-roupa branco com espelho e outros modelos menores \u00f3timos para quartos de solteiro, al\u00e9m disso, vers\u00f5es maiores deste guarda-roupa s\u00e3o perfeitas para quartos duplos.<\/p>\n<figure id=\"attachment_72435\" aria-describedby=\"caption-attachment-72435\" style=\"width: 622px\" class=\"wp-caption alignnone\"><img decoding=\"async\" class=\"wp-image-72435 size-full\" title=\"Por que ter um guarda-roupa casal com espelho?\" src=\"https:\/\/www.aarquiteta.com.br\/blog\/wp-content\/uploads\/2022\/11\/casalespelho10.webp\" alt=\"casalespelho10\" width=\"622\" height=\"560\" srcset=\"https:\/\/www.aarquiteta.com.br\/blog\/wp-content\/uploads\/2022\/11\/casalespelho10.webp 622w, https:\/\/www.aarquiteta.com.br\/blog\/wp-content\/uploads\/2022\/11\/casalespelho10-150x135.webp 150w\" sizes=\"(max-width: 622px) 100vw, 622px\" \/><figcaption id=\"caption-attachment-72435\" class=\"wp-caption-text\">Por: ML<\/figcaption><\/figure>\n<p>Devido \u00e0 sua capacidade de refletir a luz e exibir imagens, os espelhos nos quartos proporcionam uma sensa\u00e7\u00e3o de espa\u00e7o importante para ambientes menores, al\u00e9m disso, os guarda-roupas com espelho ajudam a criar uma apar\u00eancia mais refinada em qualquer c\u00f4modo, incorporando uma decora\u00e7\u00e3o moderna, simplista ou sofisticada, n\u00e3o importa o estilo que um quarto incorpore, escolher um guarda-roupa com espelho ajuda a torn\u00e1-lo mais atraente.<\/p>\n<figure id=\"attachment_72432\" aria-describedby=\"caption-attachment-72432\" style=\"width: 560px\" class=\"wp-caption alignnone\"><img decoding=\"async\" class=\"wp-image-72432 size-full\" title=\"Por que ter um guarda-roupa casal com espelho?\" src=\"https:\/\/www.aarquiteta.com.br\/blog\/wp-content\/uploads\/2022\/11\/casalespelho7.webp\" alt=\"casalespelho7\" width=\"560\" height=\"560\" srcset=\"https:\/\/www.aarquiteta.com.br\/blog\/wp-content\/uploads\/2022\/11\/casalespelho7.webp 560w, https:\/\/www.aarquiteta.com.br\/blog\/wp-content\/uploads\/2022\/11\/casalespelho7-96x96.webp 96w, https:\/\/www.aarquiteta.com.br\/blog\/wp-content\/uploads\/2022\/11\/casalespelho7-150x150.webp 150w\" sizes=\"(max-width: 560px) 100vw, 560px\" \/><figcaption id=\"caption-attachment-72432\" class=\"wp-caption-text\">Por: ML<\/figcaption><\/figure>\n<p>O espelho no guarda-roupa d\u00e1 ao quarto um prop\u00f3sito pr\u00e1tico, pois frequentemente, queremos verificar nossa apar\u00eancia antes de sair, mas raramente temos um local conveniente para acomodar um espelho estrada-grande, e assim, utilizar um guarda-roupa casal com espelho \u00e9 a forma ideal de agregar equil\u00edbrio, otimiza\u00e7\u00e3o de espa\u00e7o e comodidade ao nosso dia a dia.<\/p>\n<h3>1 \u2014 Guarda-roupa de porta de correr com espelho:<\/h3>\n<p>As portas deslizantes do guarda-roupa fornecem espa\u00e7o extra ao abrir e fechar.<\/p>\n<figure id=\"attachment_72428\" aria-describedby=\"caption-attachment-72428\" style=\"width: 650px\" class=\"wp-caption alignnone\"><img decoding=\"async\" class=\"wp-image-72428 size-full\" title=\"Guarda-roupa de porta de correr com espelho\" src=\"https:\/\/www.aarquiteta.com.br\/blog\/wp-content\/uploads\/2022\/11\/casalespelho4.jpg\" alt=\"casalespelho4\" width=\"650\" height=\"975\" srcset=\"https:\/\/www.aarquiteta.com.br\/blog\/wp-content\/uploads\/2022\/11\/casalespelho4.jpg 650w, https:\/\/www.aarquiteta.com.br\/blog\/wp-content\/uploads\/2022\/11\/casalespelho4-150x225.jpg 150w\" sizes=\"(max-width: 650px) 100vw, 650px\" \/><figcaption id=\"caption-attachment-72428\" class=\"wp-caption-text\">Por: Arkpad<\/figcaption><\/figure>\n<p>Isso evita que os m\u00f3veis fiquem presos no tapete ou colidam com outros objetos do ambiente. Tamb\u00e9m ajuda a evitar que a desordem se acumule pelos cantos.<\/p>\n<p>&nbsp;<\/p>\n<h3>2 \u2014 Guarda-roupa de canto casal com espelho:<\/h3>\n<p>O guarda-roupa de canto \u00e9 um estilo de mobili\u00e1rio comumente usado por pessoas que desejam maximizar o espa\u00e7o entre as paredes perpendiculares de um quarto.<\/p>\n<figure id=\"attachment_72430\" aria-describedby=\"caption-attachment-72430\" style=\"width: 500px\" class=\"wp-caption alignnone\"><img decoding=\"async\" class=\"wp-image-72430 size-full\" title=\"Guarda-roupa de canto casal com espelho\" src=\"https:\/\/www.aarquiteta.com.br\/blog\/wp-content\/uploads\/2022\/11\/casalespelho5.webp\" alt=\"casalespelho5\" width=\"500\" height=\"500\" srcset=\"https:\/\/www.aarquiteta.com.br\/blog\/wp-content\/uploads\/2022\/11\/casalespelho5.webp 500w, https:\/\/www.aarquiteta.com.br\/blog\/wp-content\/uploads\/2022\/11\/casalespelho5-96x96.webp 96w, https:\/\/www.aarquiteta.com.br\/blog\/wp-content\/uploads\/2022\/11\/casalespelho5-150x150.webp 150w\" sizes=\"(max-width: 500px) 100vw, 500px\" \/><figcaption id=\"caption-attachment-72430\" class=\"wp-caption-text\">Por: CB<\/figcaption><\/figure>\n<p>\u00c9 conhecido como guarda-roupa em L quando \u00e9 feito com cantos personalizados.<\/p>\n<p>Normalmente, as pessoas os fazem para caber em todos os cantos dispon\u00edveis do quarto.<\/p>\n<p>Tanto o guarda-roupa de canto quanto suas portas espelhadas podem ajudar a incrementar o espa\u00e7o decorado com enfeites.<\/p>\n<p>&nbsp;<\/p>\n<h3>3 \u2014 Guarda-roupa modulado de casal com espelho:<\/h3>\n<p>Pe\u00e7as modulares conferem ao guarda-roupa de casal um estilo flex\u00edvel, democr\u00e1tico e vers\u00e1til.<\/p>\n<p>Fica bem com qualquer tamanho de quarto gra\u00e7as ao seu design modular, isso significa que ele vem em pe\u00e7as que podem ser adquiridas separadamente.<\/p>\n<figure id=\"attachment_72431\" aria-describedby=\"caption-attachment-72431\" style=\"width: 728px\" class=\"wp-caption alignnone\"><img decoding=\"async\" class=\"wp-image-72431 size-full\" title=\"Guarda-roupa modulado de casal com espelho\" src=\"https:\/\/www.aarquiteta.com.br\/blog\/wp-content\/uploads\/2022\/11\/casalespelho6.jpg\" alt=\"casalespelho6\" width=\"728\" height=\"728\" srcset=\"https:\/\/www.aarquiteta.com.br\/blog\/wp-content\/uploads\/2022\/11\/casalespelho6.jpg 728w, https:\/\/www.aarquiteta.com.br\/blog\/wp-content\/uploads\/2022\/11\/casalespelho6-696x696.jpg 696w, https:\/\/www.aarquiteta.com.br\/blog\/wp-content\/uploads\/2022\/11\/casalespelho6-96x96.jpg 96w, https:\/\/www.aarquiteta.com.br\/blog\/wp-content\/uploads\/2022\/11\/casalespelho6-150x150.jpg 150w\" sizes=\"(max-width: 728px) 100vw, 728px\" \/><figcaption id=\"caption-attachment-72431\" class=\"wp-caption-text\">Por: Mobly<\/figcaption><\/figure>\n<p>O mercado oferece uma ampla gama de op\u00e7\u00f5es de guarda-roupas modulares para casais, incluindo diferentes estilos, cores e tamanhos.<\/p>\n<p>&nbsp;<\/p>\n<h3>4 \u2014 Guarda-roupa casal preto com espelho:<\/h3>\n<p>Em vez de adquirir um m\u00f3vel preto, por que n\u00e3o investir num guarda-roupa casal com espelho\u00a0 preto?<\/p>\n<figure id=\"attachment_72425\" aria-describedby=\"caption-attachment-72425\" style=\"width: 1000px\" class=\"wp-caption alignnone\"><img decoding=\"async\" class=\"wp-image-72425 size-full\" title=\"Guarda-roupa casal preto com espelho\" src=\"https:\/\/www.aarquiteta.com.br\/blog\/wp-content\/uploads\/2022\/11\/casalespelho.webp\" alt=\"casalespelho\" width=\"1000\" height=\"1000\" srcset=\"https:\/\/www.aarquiteta.com.br\/blog\/wp-content\/uploads\/2022\/11\/casalespelho.webp 1000w, https:\/\/www.aarquiteta.com.br\/blog\/wp-content\/uploads\/2022\/11\/casalespelho-696x696.webp 696w, https:\/\/www.aarquiteta.com.br\/blog\/wp-content\/uploads\/2022\/11\/casalespelho-96x96.webp 96w, https:\/\/www.aarquiteta.com.br\/blog\/wp-content\/uploads\/2022\/11\/casalespelho-150x150.webp 150w\" sizes=\"(max-width: 1000px) 100vw, 1000px\" \/><figcaption id=\"caption-attachment-72425\" class=\"wp-caption-text\">Por: Madesa M\u00f3veis<\/figcaption><\/figure>\n<p>Dessa forma, os m\u00f3veis e demais objetos decorativos seriam destacados, pelo contraste com o tom escuro, isso tornaria a sala mais percept\u00edvel &#8211; e \u00fanico &#8211; como resultado.<\/p>\n<p>Para quem quer adicionar um toque de cor ao quarto, mas n\u00e3o quer gastar muito, comprar um guarda-roupa de casal preto \u00e9 uma op\u00e7\u00e3o.<\/p>\n<h3>5 \u2014 Guarda-roupa casal branco com espelho:<\/h3>\n<p>Combinar diferentes estilos de decora\u00e7\u00e3o como o cl\u00e1ssico e o moderno ajuda a compor um visual democr\u00e1tico, funcional e clean.<\/p>\n<figure id=\"attachment_72426\" aria-describedby=\"caption-attachment-72426\" style=\"width: 1000px\" class=\"wp-caption alignnone\"><img decoding=\"async\" class=\"wp-image-72426 size-full\" title=\"Guarda-roupa casal branco com espelho\" src=\"https:\/\/www.aarquiteta.com.br\/blog\/wp-content\/uploads\/2022\/11\/casalespelho2.jpg\" alt=\"casalespelho2\" width=\"1000\" height=\"1000\" srcset=\"https:\/\/www.aarquiteta.com.br\/blog\/wp-content\/uploads\/2022\/11\/casalespelho2.jpg 1000w, https:\/\/www.aarquiteta.com.br\/blog\/wp-content\/uploads\/2022\/11\/casalespelho2-696x696.jpg 696w, https:\/\/www.aarquiteta.com.br\/blog\/wp-content\/uploads\/2022\/11\/casalespelho2-96x96.jpg 96w, https:\/\/www.aarquiteta.com.br\/blog\/wp-content\/uploads\/2022\/11\/casalespelho2-150x150.jpg 150w\" sizes=\"(max-width: 1000px) 100vw, 1000px\" \/><figcaption id=\"caption-attachment-72426\" class=\"wp-caption-text\">Por: Extra<\/figcaption><\/figure>\n<p>Um guarda-roupa de casal branco com espelho fica melhor com um estilo mais moderno, mas combin\u00e1-lo com decora\u00e7\u00f5es cl\u00e1ssicas pode torn\u00e1-lo mais moderno.<\/p>\n<p>Junto com a janela, mesinhas de cabeceira e camas de casal\u00a0 brancas e espa\u00e7osas quando decoradas com tons claros.<\/p>\n<figure id=\"attachment_72427\" aria-describedby=\"caption-attachment-72427\" style=\"width: 1000px\" class=\"wp-caption alignnone\"><img decoding=\"async\" class=\"wp-image-72427 size-full\" src=\"https:\/\/www.aarquiteta.com.br\/blog\/wp-content\/uploads\/2022\/11\/casalespelho3.jpg\" alt=\"casalespelho3\" width=\"1000\" height=\"1000\" title=\"\" srcset=\"https:\/\/www.aarquiteta.com.br\/blog\/wp-content\/uploads\/2022\/11\/casalespelho3.jpg 1000w, https:\/\/www.aarquiteta.com.br\/blog\/wp-content\/uploads\/2022\/11\/casalespelho3-696x696.jpg 696w, https:\/\/www.aarquiteta.com.br\/blog\/wp-content\/uploads\/2022\/11\/casalespelho3-96x96.jpg 96w, https:\/\/www.aarquiteta.com.br\/blog\/wp-content\/uploads\/2022\/11\/casalespelho3-150x150.jpg 150w\" sizes=\"(max-width: 1000px) 100vw, 1000px\" \/><figcaption id=\"caption-attachment-72427\" class=\"wp-caption-text\">Por: Extra<\/figcaption><\/figure>\n<p>Funcional e moderno, o guarda-roupa de casal com espelho tem como caracter\u00edsticas essenciais espa\u00e7o e beleza.<\/p>\n<figure id=\"attachment_72436\" aria-describedby=\"caption-attachment-72436\" style=\"width: 530px\" class=\"wp-caption alignnone\"><img decoding=\"async\" class=\"wp-image-72436 size-full\" src=\"https:\/\/www.aarquiteta.com.br\/blog\/wp-content\/uploads\/2022\/11\/casalespelho11.jpeg\" alt=\"casalespelho11\" width=\"530\" height=\"352\" title=\"\" srcset=\"https:\/\/www.aarquiteta.com.br\/blog\/wp-content\/uploads\/2022\/11\/casalespelho11.jpeg 530w, https:\/\/www.aarquiteta.com.br\/blog\/wp-content\/uploads\/2022\/11\/casalespelho11-150x100.jpeg 150w\" sizes=\"(max-width: 530px) 100vw, 530px\" \/><figcaption id=\"caption-attachment-72436\" class=\"wp-caption-text\">Por: Doce Obra<\/figcaption><\/figure>\n<h2><\/h2>\n<h2>E a\u00ed, gostou do artigo sobre Guarda-roupa casal com espelho &#8211; 5 diferentes modelos para voc\u00ea?<\/h2>\n<p>Ent\u00e3o deslize a tela para baixo e<a href=\"https:\/\/br.pinterest.com\/aarquitetapinterest\/_created\/\" target=\"_blank\" rel=\"noopener\"> confira mais dicas<\/a> como esta e n\u00e3o se esque\u00e7a de compartilhar com os amigos!<\/p>\n<p>Quer mais dicas sobre o mundo da Arquitetura e Decora\u00e7\u00e3o, ent\u00e3o confira alguns dos nossos artigos em:<\/p>\n<ul>\n<li><a href=\"https:\/\/www.aarquiteta.com.br\/blog\/paisagismo\/\" target=\"_blank\" rel=\"noopener\">Casa e Jardim<\/a><\/li>\n<li><a href=\"https:\/\/www.aarquiteta.com.br\/blog\/arquitetura\/mundo-arquitetura\/\" target=\"_blank\" rel=\"noopener\">Mundo Arquitetura<\/a><\/li>\n<li><a href=\"https:\/\/www.aarquiteta.com.br\/decoracao\/\" target=\"_blank\" rel=\"noopener\">Decora\u00e7\u00e3o<br \/>\n<\/a><\/li>\n<\/ul>\n<p>&nbsp;<\/p>\n","protected":false},"excerpt":{"rendered":"<p>Existem muitos estilos diferentes de guarda-roupas dispon\u00edveis no mercado, e uma op\u00e7\u00e3o popular \u00e9 o guarda-roupa casal com espelho, que oferece funcionalidade adicional e a ilus\u00e3o de espa\u00e7o. \u00c9 um dos principais m\u00f3veis de um quarto, onde guardamos praticamente tudo. Muitas pessoas se perguntam se devem investir em um guarda-roupa de casal com espelho e [&hellip;]<\/p>\n","protected":false},"author":102,"featured_media":72437,"comment_status":"open","ping_status":"closed","sticky":false,"template":"","format":"standard","meta":{"footnotes":""},"categories":[18785,1484,18756],"tags":[23742,23753,23749,23751,23747,23745,23754,23744,23750,23752,23755,23743,23748,23746],"class_list":["post-72423","post","type-post","status-publish","format-standard","has-post-thumbnail","category-decoracao-de-closet","category-decoracao","category-decoracao-de-dormitorio","tag-guarda-roupa-casal-com-espelho","tag-guarda-roupa-casal-com-espelho-alto","tag-guarda-roupa-casal-com-espelho-branco","tag-guarda-roupa-casal-com-espelho-com-pe","tag-guarda-roupa-casal-com-espelho-e-gaveta","tag-guarda-roupa-casal-com-espelho-e-porta-de-correr","tag-guarda-roupa-casal-com-espelho-e-sapateira","tag-guarda-roupa-casal-com-espelho-grande","tag-guarda-roupa-casal-com-espelho-inteiro","tag-guarda-roupa-casal-com-espelho-pequeno","tag-guarda-roupa-casal-com-espelho-planejado","tag-guarda-roupa-casal-com-espelho-porta-de-abrir","tag-guarda-roupa-casal-com-espelho-porta-de-correr","tag-guarda-roupa-casal-com-espelho-preto"],"_wp_attached_file":null,"_wp_attachment_metadata":null,"_wp_attachment_context":null,"_wp_attachment_is_custom_header":null,"geo_longitude":null,"geo_public":null,"geo_latitude":null,"_publicize_done_external":null,"_wpas_done_3897181":null,"publicize_twitter_user":null,"_wpas_done_3897175":null,"_wpas_skip_3897181":null,"_wpas_skip_3897175":null,"_wpas_skip_3924723":null,"_wpas_mess":null,"_wpas_done_3924723":null,"wps_subtitle":"Confira 5 tipos diferente tipos de guarda roupa de casal com espelho para seu quarto!","_links":{"self":[{"href":"https:\/\/www.aarquiteta.com.br\/blog\/wp-json\/wp\/v2\/posts\/72423","targetHints":{"allow":["GET"]}}],"collection":[{"href":"https:\/\/www.aarquiteta.com.br\/blog\/wp-json\/wp\/v2\/posts"}],"about":[{"href":"https:\/\/www.aarquiteta.com.br\/blog\/wp-json\/wp\/v2\/types\/post"}],"author":[{"embeddable":true,"href":"https:\/\/www.aarquiteta.com.br\/blog\/wp-json\/wp\/v2\/users\/102"}],"replies":[{"embeddable":true,"href":"https:\/\/www.aarquiteta.com.br\/blog\/wp-json\/wp\/v2\/comments?post=72423"}],"version-history":[{"count":0,"href":"https:\/\/www.aarquiteta.com.br\/blog\/wp-json\/wp\/v2\/posts\/72423\/revisions"}],"wp:featuredmedia":[{"embeddable":true,"href":"https:\/\/www.aarquiteta.com.br\/blog\/wp-json\/wp\/v2\/media\/72437"}],"wp:attachment":[{"href":"https:\/\/www.aarquiteta.com.br\/blog\/wp-json\/wp\/v2\/media?parent=72423"}],"wp:term":[{"taxonomy":"category","embeddable":true,"href":"https:\/\/www.aarquiteta.com.br\/blog\/wp-json\/wp\/v2\/categories?post=72423"},{"taxonomy":"post_tag","embeddable":true,"href":"https:\/\/www.aarquiteta.com.br\/blog\/wp-json\/wp\/v2\/tags?post=72423"}],"curies":[{"name":"wp","href":"https:\/\/api.w.org\/{rel}","templated":true}]}}