{"id":72346,"date":"2022-11-26T07:00:35","date_gmt":"2022-11-26T10:00:35","guid":{"rendered":"http:\/\/aarquiteta.com.br\/?p=72346"},"modified":"2024-09-15T09:01:12","modified_gmt":"2024-09-15T12:01:12","slug":"rack-com-painel","status":"publish","type":"post","link":"https:\/\/www.aarquiteta.com.br\/blog\/rack-com-painel\/","title":{"rendered":"Rack com Painel: Um Guia Completo para a Escolha Perfeita."},"content":{"rendered":"<p>Voc\u00ea j\u00e1 ouviu falar sobre rack com painel? Se ainda n\u00e3o, prepare-se para descobrir um m\u00f3vel que pode transformar a decora\u00e7\u00e3o da sua <a href=\"https:\/\/www.aarquiteta.com.br\/blog\/?s=SALA+DE+ESTAR\">sala de estar<\/a>. O rack com painel \u00e9 uma combina\u00e7\u00e3o de dois m\u00f3veis essenciais em qualquer sala: o rack, onde voc\u00ea pode colocar a TV e outros objetos, e o painel, que serve como um fundo para a TV e ajuda a esconder a fia\u00e7\u00e3o.<\/p><p>Mas por que escolher um <a href=\"https:\/\/www.aarquiteta.com.br\/blog\/?s=RACK\">rack<\/a> com painel? A resposta \u00e9 simples: al\u00e9m de ser extremamente funcional, ele tamb\u00e9m \u00e9 muito estiloso. Com um rack com painel, voc\u00ea pode dar um <a href=\"https:\/\/www.aarquiteta.com.br\/blog\/13-ideias-de-sala-de-estar\/\">toque de sofistica\u00e7\u00e3o \u00e0 sua sala<\/a>, al\u00e9m de organizar melhor o espa\u00e7o.<\/p><figure id=\"attachment_72368\" aria-describedby=\"caption-attachment-72368\" style=\"width: 490px\" class=\"wp-caption alignnone\"><img decoding=\"async\" class=\"wp-image-72368 size-full\" src=\"https:\/\/www.aarquiteta.com.br\/blog\/wp-content\/uploads\/2022\/11\/rack12.png\" alt=\"rack12\" width=\"490\" height=\"469\" title=\"\" srcset=\"https:\/\/www.aarquiteta.com.br\/blog\/wp-content\/uploads\/2022\/11\/rack12.png 490w, https:\/\/www.aarquiteta.com.br\/blog\/wp-content\/uploads\/2022\/11\/rack12-150x144.png 150w\" sizes=\"(max-width: 490px) 100vw, 490px\" \/><figcaption id=\"caption-attachment-72368\" class=\"wp-caption-text\">Por: Doce Obra<\/figcaption><\/figure><p>Os benef\u00edcios do rack com painel v\u00e3o al\u00e9m da est\u00e9tica e funcionalidade. Ele tamb\u00e9m \u00e9 uma \u00f3tima op\u00e7\u00e3o para quem quer otimizar o espa\u00e7o, j\u00e1 que o painel permite que a TV seja fixada na parede, liberando mais espa\u00e7o no rack para outros objetos.<\/p><h2><strong>O que considerar ao escolher um rack com painel.<\/strong><\/h2><p>Ao escolher um rack com painel, \u00e9 importante considerar alguns fatores. O primeiro deles \u00e9 o tamanho. O rack com painel deve ser proporcional ao tamanho da sua TV e do espa\u00e7o dispon\u00edvel na sua sala. Al\u00e9m disso, \u00e9 importante que ele tenha espa\u00e7o suficiente para acomodar todos os seus equipamentos e objetos decorativos.<\/p><figure id=\"attachment_72367\" aria-describedby=\"caption-attachment-72367\" style=\"width: 1024px\" class=\"wp-caption alignnone\"><img decoding=\"async\" class=\"wp-image-72367 size-large\" title=\"Escolhendo o rack com painel ideal\" src=\"https:\/\/www.aarquiteta.com.br\/blog\/wp-content\/uploads\/2022\/11\/rack11-1024x1024.jpg\" alt=\"rack11\" width=\"1024\" height=\"1024\" srcset=\"https:\/\/www.aarquiteta.com.br\/blog\/wp-content\/uploads\/2022\/11\/rack11-1024x1024.jpg 1024w, https:\/\/www.aarquiteta.com.br\/blog\/wp-content\/uploads\/2022\/11\/rack11-696x696.jpg 696w, https:\/\/www.aarquiteta.com.br\/blog\/wp-content\/uploads\/2022\/11\/rack11-96x96.jpg 96w, https:\/\/www.aarquiteta.com.br\/blog\/wp-content\/uploads\/2022\/11\/rack11-150x150.jpg 150w, https:\/\/www.aarquiteta.com.br\/blog\/wp-content\/uploads\/2022\/11\/rack11.jpg 1500w\" sizes=\"(max-width: 1024px) 100vw, 1024px\" \/><figcaption id=\"caption-attachment-72367\" class=\"wp-caption-text\">Por: Decomobli<\/figcaption><\/figure><p>O material do rack com painel tamb\u00e9m \u00e9 um ponto importante a ser considerado. Existem op\u00e7\u00f5es em madeira, MDF, vidro, entre outros. A escolha do material deve considerar n\u00e3o s\u00f3 a est\u00e9tica, mas tamb\u00e9m a durabilidade e a facilidade de limpeza.<\/p><p>Por fim, o estilo e o design do rack com painel devem combinar com a decora\u00e7\u00e3o da sua sala. Existem op\u00e7\u00f5es para todos os gostos, desde os mais modernos at\u00e9 os mais cl\u00e1ssicos.<\/p><figure id=\"attachment_72359\" aria-describedby=\"caption-attachment-72359\" style=\"width: 700px\" class=\"wp-caption alignnone\"><img decoding=\"async\" class=\"wp-image-72359 size-full\" title=\"Rack branco com painel\" src=\"https:\/\/www.aarquiteta.com.br\/blog\/wp-content\/uploads\/2022\/11\/rack4.webp\" alt=\"rack4\" width=\"700\" height=\"465\" srcset=\"https:\/\/www.aarquiteta.com.br\/blog\/wp-content\/uploads\/2022\/11\/rack4.webp 700w, https:\/\/www.aarquiteta.com.br\/blog\/wp-content\/uploads\/2022\/11\/rack4-696x462.webp 696w, https:\/\/www.aarquiteta.com.br\/blog\/wp-content\/uploads\/2022\/11\/rack4-150x100.webp 150w\" sizes=\"(max-width: 700px) 100vw, 700px\" \/><figcaption id=\"caption-attachment-72359\" class=\"wp-caption-text\">Por: Lopes<\/figcaption><\/figure><h2><strong>Como instalar um rack com painel<\/strong><\/h2><p>A instala\u00e7\u00e3o de um rack com painel pode parecer complicada, mas com as ferramentas certas e um pouco de paci\u00eancia, voc\u00ea pode fazer isso sozinho. Voc\u00ea precisar\u00e1 de uma furadeira, parafusos, buchas e um n\u00edvel para garantir que o painel esteja reto.<\/p><p>O passo a passo para a instala\u00e7\u00e3o varia conforme o modelo do rack com painel, mas geralmente envolve a fixa\u00e7\u00e3o do painel na parede e a montagem do rack. \u00c9 importante seguir as instru\u00e7\u00f5es do fabricante para garantir que o m\u00f3vel seja instalado corretamente.<\/p><figure id=\"attachment_72361\" aria-describedby=\"caption-attachment-72361\" style=\"width: 560px\" class=\"wp-caption alignnone\"><img decoding=\"async\" class=\"wp-image-72361 size-full\" title=\"Rack com painel suspenso\" src=\"https:\/\/www.aarquiteta.com.br\/blog\/wp-content\/uploads\/2022\/11\/rack6.webp\" alt=\"rack6\" width=\"560\" height=\"560\" srcset=\"https:\/\/www.aarquiteta.com.br\/blog\/wp-content\/uploads\/2022\/11\/rack6.webp 560w, https:\/\/www.aarquiteta.com.br\/blog\/wp-content\/uploads\/2022\/11\/rack6-96x96.webp 96w, https:\/\/www.aarquiteta.com.br\/blog\/wp-content\/uploads\/2022\/11\/rack6-150x150.webp 150w\" sizes=\"(max-width: 560px) 100vw, 560px\" \/><figcaption id=\"caption-attachment-72361\" class=\"wp-caption-text\">Por: ML<\/figcaption><\/figure><h2><strong>Manuten\u00e7\u00e3o e cuidados com o rack com painel<\/strong><\/h2><p>A manuten\u00e7\u00e3o do rack com painel \u00e9 bastante simples. Para a limpeza, voc\u00ea pode usar um pano \u00famido e, se necess\u00e1rio, um pouco de detergente neutro. Evite o uso de produtos abrasivos, que podem danificar o material do m\u00f3vel.<\/p><p>Para prevenir danos, evite colocar objetos muito pesados no rack e certifique-se de que a TV esteja bem fixada no painel. Al\u00e9m disso, evite a exposi\u00e7\u00e3o direta ao sol, que pode desbotar a cor do m\u00f3vel.<\/p><figure id=\"attachment_72360\" aria-describedby=\"caption-attachment-72360\" style=\"width: 565px\" class=\"wp-caption alignnone\"><img decoding=\"async\" class=\"wp-image-72360 size-full\" title=\"Rack com painel suspenso\" src=\"https:\/\/www.aarquiteta.com.br\/blog\/wp-content\/uploads\/2022\/11\/rack5.webp\" alt=\"rack5\" width=\"565\" height=\"565\" srcset=\"https:\/\/www.aarquiteta.com.br\/blog\/wp-content\/uploads\/2022\/11\/rack5.webp 565w, https:\/\/www.aarquiteta.com.br\/blog\/wp-content\/uploads\/2022\/11\/rack5-96x96.webp 96w, https:\/\/www.aarquiteta.com.br\/blog\/wp-content\/uploads\/2022\/11\/rack5-150x150.webp 150w\" sizes=\"(max-width: 565px) 100vw, 565px\" \/><figcaption id=\"caption-attachment-72360\" class=\"wp-caption-text\">Por: M\u00f3veis Gruber<\/figcaption><\/figure><h3><strong>Estilos populares de rack com painel<\/strong><\/h3><p>Existem v\u00e1rios estilos de rack com pain\u00e9is dispon\u00edveis no mercado. O estilo moderno, com linhas retas e <a href=\"https:\/\/www.aarquiteta.com.br\/blog\/decoracao\/cores-e-paletas\/\" class=\"ilj-generated-link\">cores<\/a> neutras, \u00e9 uma op\u00e7\u00e3o popular para quem busca um visual clean e contempor\u00e2neo.<\/p><p>Para quem prefere um visual mais aconchegante, o estilo <a href=\"https:\/\/www.aarquiteta.com.br\/blog\/decoracao\/estilos-de-decoracao-de-interiores\/estilo-rustico-na-decoracao-de-interiores\/\" class=\"ilj-generated-link\">r\u00fastico<\/a>, com m\u00f3veis em madeira maci\u00e7a e detalhes em ferro, \u00e9 uma \u00f3tima escolha.<\/p><p>E para os amantes do minimalismo, existem op\u00e7\u00f5es de rack com painel com design simples e funcional, que priorizam o espa\u00e7o e a organiza\u00e7\u00e3o.<\/p><figure id=\"attachment_72363\" aria-describedby=\"caption-attachment-72363\" style=\"width: 1000px\" class=\"wp-caption alignnone\"><img decoding=\"async\" class=\"wp-image-72363 size-full\" title=\"Rack preto com painel\" src=\"https:\/\/www.aarquiteta.com.br\/blog\/wp-content\/uploads\/2022\/11\/rack8.webp\" alt=\"rack8\" width=\"1000\" height=\"1000\" srcset=\"https:\/\/www.aarquiteta.com.br\/blog\/wp-content\/uploads\/2022\/11\/rack8.webp 1000w, https:\/\/www.aarquiteta.com.br\/blog\/wp-content\/uploads\/2022\/11\/rack8-696x696.webp 696w, https:\/\/www.aarquiteta.com.br\/blog\/wp-content\/uploads\/2022\/11\/rack8-96x96.webp 96w, https:\/\/www.aarquiteta.com.br\/blog\/wp-content\/uploads\/2022\/11\/rack8-150x150.webp 150w\" sizes=\"(max-width: 1000px) 100vw, 1000px\" \/><figcaption id=\"caption-attachment-72363\" class=\"wp-caption-text\">Por: Mades M\u00f3veis<\/figcaption><\/figure><p><strong>Como escolher o melhor local para o seu rack com painel<\/strong><\/p><p>A escolha do local para o seu rack com painel deve considerar o espa\u00e7o dispon\u00edvel e a ilumina\u00e7\u00e3o do ambiente. O ideal \u00e9 que o m\u00f3vel seja colocado em um local onde a TV possa ser vista de todos os pontos da sala, sem reflexos de luz.<\/p><p>Al\u00e9m disso, \u00e9 importante que o rack com painel preto n\u00e3o obstrua a passagem ou interfira na circula\u00e7\u00e3o do ambiente.<\/p><figure id=\"attachment_72364\" aria-describedby=\"caption-attachment-72364\" style=\"width: 563px\" class=\"wp-caption alignnone\"><img decoding=\"async\" class=\"wp-image-72364 size-full\" title=\"Rack moderno\" src=\"https:\/\/www.aarquiteta.com.br\/blog\/wp-content\/uploads\/2022\/11\/rack9.jpg\" alt=\"rack9\" width=\"563\" height=\"691\" srcset=\"https:\/\/www.aarquiteta.com.br\/blog\/wp-content\/uploads\/2022\/11\/rack9.jpg 563w, https:\/\/www.aarquiteta.com.br\/blog\/wp-content\/uploads\/2022\/11\/rack9-150x184.jpg 150w\" sizes=\"(max-width: 563px) 100vw, 563px\" \/><figcaption id=\"caption-attachment-72364\" class=\"wp-caption-text\">Por: Chaves na m\u00e3o<\/figcaption><\/figure><p><strong><a href=\"https:\/\/www.aarquiteta.com.br\/blog\/cursos-de-arquitetura-e-decoracao\/curso-de-decoracao-de-interiores\/\">Como decorar<\/a> o seu rack com painel para sala?<\/strong><\/p><p>A decora\u00e7\u00e3o do rack com painel pode seguir o estilo do m\u00f3vel e do restante da <a href=\"https:\/\/www.aarquiteta.com.br\/blog\/decoracao-para-sala-de-estar\/\">decora\u00e7\u00e3o da sala<\/a>. Voc\u00ea pode usar objetos decorativos, como vasos, livros e porta-retratos, para dar personalidade ao ambiente.<\/p><p>A escolha das cores tamb\u00e9m \u00e9 importante. Cores neutras s\u00e3o mais vers\u00e1teis e permitem uma maior variedade de combina\u00e7\u00f5es, enquanto cores vibrantes podem dar um toque de alegria e modernidade ao ambiente.<\/p><p><strong>Perguntas Frequentes<\/strong><\/p><ol><li><strong>O que \u00e9 um rack com painel?<\/strong><ul><li>Um rack com painel \u00e9 uma combina\u00e7\u00e3o de dois m\u00f3veis: o rack, onde voc\u00ea pode colocar a TV e outros objetos, e o painel, que serve como um fundo para a TV e ajuda a esconder a fia\u00e7\u00e3o.<\/li><\/ul><\/li><li><strong>Por que escolher um rack com painel?<\/strong><ul><li>Al\u00e9m de ser extremamente funcional e estiloso, o rack com painel \u00e9 uma \u00f3tima op\u00e7\u00e3o para quem quer otimizar o espa\u00e7o, j\u00e1 que o painel permite que a TV seja fixada na parede, liberando mais espa\u00e7o no rack para outros objetos.<\/li><\/ul><\/li><li><strong>Como instalar um rack com painel?<\/strong><ul><li>A instala\u00e7\u00e3o envolve a fixa\u00e7\u00e3o do painel na parede e a montagem do rack. \u00c9 importante seguir as instru\u00e7\u00f5es do fabricante para garantir que o m\u00f3vel seja instalado corretamente.<\/li><\/ul><\/li><li><strong>Como limpar e cuidar do meu rack com painel?<\/strong><ul><li>Para a limpeza, voc\u00ea pode usar um pano \u00famido e, se necess\u00e1rio, um pouco de detergente neutro. Evite o uso de produtos abrasivos, que podem danificar o material do m\u00f3vel.<\/li><\/ul><\/li><li><strong>Existem diferentes estilos de rack com painel?<\/strong><ul><li>Sim, existem v\u00e1rios estilos de rack com painel, desde os mais modernos at\u00e9 os mais cl\u00e1ssicos. A escolha do estilo deve combinar com a decora\u00e7\u00e3o da sua sala.<\/li><\/ul><\/li><li><strong>Onde devo colocar o meu rack com painel?<\/strong><ul><li>O m\u00f3vel deve ser colocado em um local onde a TV possa ser vista de todos os pontos da sala, sem reflexos de luz. Al\u00e9m disso, \u00e9 importante que o rack com painel n\u00e3o obstrua a passagem ou interfira na circula\u00e7\u00e3o do ambiente.<\/li><\/ul><\/li><li><strong>Como posso decorar o meu rack com painel ripado?<\/strong><\/li><\/ol><p>Voc\u00ea pode usar objetos decorativos, como vasos, livros e porta-retratos, para dar personalidade ao ambiente. A escolha das cores tamb\u00e9m \u00e9 importante e deve seguir o estilo do m\u00f3vel e do restante da decora\u00e7\u00e3o da sala.<\/p><ul><li style=\"list-style-type: none;\"><ul><li><figure id=\"attachment_72365\" aria-describedby=\"caption-attachment-72365\" style=\"width: 600px\" class=\"wp-caption alignnone\"><img decoding=\"async\" class=\"wp-image-72365 size-full\" title=\"Rack moderno\" src=\"https:\/\/www.aarquiteta.com.br\/blog\/wp-content\/uploads\/2022\/11\/rack10.webp\" alt=\"rack10\" width=\"600\" height=\"700\" srcset=\"https:\/\/www.aarquiteta.com.br\/blog\/wp-content\/uploads\/2022\/11\/rack10.webp 600w, https:\/\/www.aarquiteta.com.br\/blog\/wp-content\/uploads\/2022\/11\/rack10-150x175.webp 150w\" sizes=\"(max-width: 600px) 100vw, 600px\" \/><figcaption id=\"caption-attachment-72365\" class=\"wp-caption-text\">Por: Firmamentum Interiore<\/figcaption><\/figure><\/li><\/ul><\/li><\/ul><p><strong>Conclus\u00e3o<\/strong><\/p><p>O rack com painel \u00e9 uma op\u00e7\u00e3o vers\u00e1til e estilosa para a decora\u00e7\u00e3o da sua sala. Al\u00e9m de ser funcional, ele tamb\u00e9m contribui para a organiza\u00e7\u00e3o do ambiente e pode ser personalizado conforme o seu gosto. Com as dicas deste guia, voc\u00ea est\u00e1 pronto para escolher o rack com painel perfeito para a sua casa!<\/p><p><strong>Curiosidade<\/strong><\/p><p>Voc\u00ea sabia que o conceito de rack com painel surgiu da necessidade de esconder a fia\u00e7\u00e3o da TV e outros equipamentos eletr\u00f4nicos? Com o tempo, ele se tornou um elemento de design, contribuindo para a est\u00e9tica e a funcionalidade do ambiente.<\/p><p><strong>E a\u00ed, gostou do artigo sobre Rack com painel &#8211; 5 modelos para inspirar na sua decora\u00e7\u00e3o?<\/strong><\/p><p>Ent\u00e3o deslize a tela para baixo e<a href=\"https:\/\/br.pinterest.com\/aarquitetapinterest\/_created\/\" target=\"_blank\" rel=\"noopener\"> confira mais dicas<\/a> como esta e n\u00e3o se esque\u00e7a de compartilhar com os amigos!<\/p><p>Quer mais dicas sobre o mundo da Arquitetura e Decora\u00e7\u00e3o, ent\u00e3o confira alguns dos nossos artigos em:<\/p><ul><li><a href=\"https:\/\/www.aarquiteta.com.br\/blog\/paisagismo\/\" target=\"_blank\" rel=\"noopener\">Casa e Jardim<\/a><\/li><li><a href=\"https:\/\/www.aarquiteta.com.br\/blog\/arquitetura\/mundo-arquitetura\/\" target=\"_blank\" rel=\"noopener\">Mundo Arquitetura<\/a><\/li><li><a href=\"https:\/\/www.aarquiteta.com.br\/decoracao\/\" target=\"_blank\" rel=\"noopener\">Decora\u00e7\u00e3o<br \/>\n<\/a><\/li><\/ul><p>&nbsp;<\/p>","protected":false},"excerpt":{"rendered":"<p>Voc\u00ea j\u00e1 ouviu falar sobre rack com painel? Se ainda n\u00e3o, prepare-se para descobrir um m\u00f3vel que pode transformar a decora\u00e7\u00e3o da sua sala de estar. O rack com painel \u00e9 uma combina\u00e7\u00e3o de dois m\u00f3veis essenciais em qualquer sala: o rack, onde voc\u00ea pode colocar a TV e outros objetos, e o painel, que [&hellip;]<\/p>\n","protected":false},"author":102,"featured_media":72366,"comment_status":"closed","ping_status":"closed","sticky":false,"template":"","format":"standard","meta":{"footnotes":""},"categories":[1484,18756,18751,18753],"tags":[30501,28830,31141,31140,23546,23555,23549,23556,23558,23561,23564,23562,23553,23563,23559,23557,23560,23554,23550,23551,23552,23547,23548],"class_list":["post-72346","post","type-post","status-publish","format-standard","has-post-thumbnail","category-decoracao","category-decoracao-de-dormitorio","category-decoracao-sala-de-estar","category-decoracao-de-sala-de-tv","tag-decoracao-de-sala","tag-escolha-de-moveis","tag-estilos-de-rack-com-painel","tag-instalacao-de-rack-com-painel","tag-moveis-para-sala","tag-paineis-com-rack-para-tv","tag-rack-com-painel","tag-rack-com-painel-branco","tag-rack-com-painel-de-luxo","tag-rack-com-painel-grande","tag-rack-com-painel-grande-para-sala","tag-rack-com-painel-madeira","tag-rack-com-painel-para-sala","tag-rack-com-painel-para-sala-pequena","tag-rack-com-painel-pequeno","tag-rack-com-painel-preto","tag-rack-com-painel-retro","tag-rack-com-painel-suspenso","tag-rack-e-painel","tag-rack-embutido-com-painel","tag-racks-com-painel-modernos","tag-sala-de-tv","tag-sala-pequena"],"_wp_attached_file":null,"_wp_attachment_metadata":null,"_wp_attachment_context":null,"_wp_attachment_is_custom_header":null,"geo_longitude":null,"geo_public":null,"geo_latitude":null,"_publicize_done_external":null,"_wpas_done_3897181":null,"publicize_twitter_user":null,"_wpas_done_3897175":null,"_wpas_skip_3897181":null,"_wpas_skip_3897175":null,"_wpas_skip_3924723":null,"_wpas_mess":null,"_wpas_done_3924723":null,"wps_subtitle":"","_links":{"self":[{"href":"https:\/\/www.aarquiteta.com.br\/blog\/wp-json\/wp\/v2\/posts\/72346","targetHints":{"allow":["GET"]}}],"collection":[{"href":"https:\/\/www.aarquiteta.com.br\/blog\/wp-json\/wp\/v2\/posts"}],"about":[{"href":"https:\/\/www.aarquiteta.com.br\/blog\/wp-json\/wp\/v2\/types\/post"}],"author":[{"embeddable":true,"href":"https:\/\/www.aarquiteta.com.br\/blog\/wp-json\/wp\/v2\/users\/102"}],"replies":[{"embeddable":true,"href":"https:\/\/www.aarquiteta.com.br\/blog\/wp-json\/wp\/v2\/comments?post=72346"}],"version-history":[{"count":0,"href":"https:\/\/www.aarquiteta.com.br\/blog\/wp-json\/wp\/v2\/posts\/72346\/revisions"}],"wp:featuredmedia":[{"embeddable":true,"href":"https:\/\/www.aarquiteta.com.br\/blog\/wp-json\/wp\/v2\/media\/72366"}],"wp:attachment":[{"href":"https:\/\/www.aarquiteta.com.br\/blog\/wp-json\/wp\/v2\/media?parent=72346"}],"wp:term":[{"taxonomy":"category","embeddable":true,"href":"https:\/\/www.aarquiteta.com.br\/blog\/wp-json\/wp\/v2\/categories?post=72346"},{"taxonomy":"post_tag","embeddable":true,"href":"https:\/\/www.aarquiteta.com.br\/blog\/wp-json\/wp\/v2\/tags?post=72346"}],"curies":[{"name":"wp","href":"https:\/\/api.w.org\/{rel}","templated":true}]}}