{"id":72276,"date":"2022-11-24T07:00:50","date_gmt":"2022-11-24T10:00:50","guid":{"rendered":"http:\/\/aarquiteta.com.br\/?p=72276"},"modified":"2022-11-23T20:43:50","modified_gmt":"2022-11-23T23:43:50","slug":"capa-para-cadeira","status":"publish","type":"post","link":"https:\/\/www.aarquiteta.com.br\/blog\/capa-para-cadeira\/","title":{"rendered":"Capa para cadeira &#8211; 5 dicas de decorar economizando!"},"content":{"rendered":"<p>As capas para cadeira s\u00e3o maneiras econ\u00f4micas e f\u00e1ceis de atualizar a decora\u00e7\u00e3o interior de uma casa.<\/p>\n<p>A melhor maneira de evitar que um novo sof\u00e1 ou cadeira apresente danos \u00e9 adicionar uma capa, isso tamb\u00e9m ajuda a esconder o desgaste, manchas e rasgos no tecido original.<\/p>\n<figure id=\"attachment_72283\" aria-describedby=\"caption-attachment-72283\" style=\"width: 450px\" class=\"wp-caption alignnone\"><img decoding=\"async\" class=\"wp-image-72283 size-full\" src=\"https:\/\/www.aarquiteta.com.br\/blog\/wp-content\/uploads\/2022\/11\/capa.jpg\" alt=\"capa\" width=\"450\" height=\"300\" title=\"\" srcset=\"https:\/\/www.aarquiteta.com.br\/blog\/wp-content\/uploads\/2022\/11\/capa.jpg 450w, https:\/\/www.aarquiteta.com.br\/blog\/wp-content\/uploads\/2022\/11\/capa-150x100.jpg 150w\" sizes=\"(max-width: 450px) 100vw, 450px\" \/><figcaption id=\"caption-attachment-72283\" class=\"wp-caption-text\">Por: Amazon<\/figcaption><\/figure>\n<p>Seguindo este guia, voc\u00ea pode determinar a melhor capa e tamb\u00e9m pode selecionar o tecido e tamanho ideal.<\/p>\n<p>Simplifique e reduza os custos verificando as principais ideias abaixo para uma abordagem r\u00e1pida e acess\u00edvel \u00e0 decora\u00e7\u00e3o.<\/p>\n<figure id=\"attachment_72297\" aria-describedby=\"caption-attachment-72297\" style=\"width: 500px\" class=\"wp-caption alignnone\"><img decoding=\"async\" class=\"wp-image-72297 size-full\" src=\"https:\/\/www.aarquiteta.com.br\/blog\/wp-content\/uploads\/2022\/11\/capa15.jpg\" alt=\"capa15\" width=\"500\" height=\"500\" title=\"\" srcset=\"https:\/\/www.aarquiteta.com.br\/blog\/wp-content\/uploads\/2022\/11\/capa15.jpg 500w, https:\/\/www.aarquiteta.com.br\/blog\/wp-content\/uploads\/2022\/11\/capa15-96x96.jpg 96w, https:\/\/www.aarquiteta.com.br\/blog\/wp-content\/uploads\/2022\/11\/capa15-150x150.jpg 150w\" sizes=\"(max-width: 500px) 100vw, 500px\" \/><figcaption id=\"caption-attachment-72297\" class=\"wp-caption-text\">Por: Lar da Ana<\/figcaption><\/figure>\n<h2>Capas para cadeiras<\/h2>\n<p>As pessoas podem usar capas de cadeira para proteger seus estofados originais, esses acess\u00f3rios de tecido ajudam os m\u00f3veis a manter sua apar\u00eancia e estrutura, evitando arranh\u00f5es.<\/p>\n<p>Estas cadeiras parecem ter acabado de sair da caixa gra\u00e7as a este aditivo.<\/p>\n<figure id=\"attachment_72284\" aria-describedby=\"caption-attachment-72284\" style=\"width: 1024px\" class=\"wp-caption alignnone\"><img decoding=\"async\" class=\"wp-image-72284 size-large\" title=\"Capas para cadeiras\" src=\"https:\/\/www.aarquiteta.com.br\/blog\/wp-content\/uploads\/2022\/11\/capa2-1024x1000.jpeg\" alt=\"capa2\" width=\"1024\" height=\"1000\" srcset=\"https:\/\/www.aarquiteta.com.br\/blog\/wp-content\/uploads\/2022\/11\/capa2-1024x1000.jpeg 1024w, https:\/\/www.aarquiteta.com.br\/blog\/wp-content\/uploads\/2022\/11\/capa2-696x680.jpeg 696w, https:\/\/www.aarquiteta.com.br\/blog\/wp-content\/uploads\/2022\/11\/capa2-150x146.jpeg 150w, https:\/\/www.aarquiteta.com.br\/blog\/wp-content\/uploads\/2022\/11\/capa2.jpeg 1280w\" sizes=\"(max-width: 1024px) 100vw, 1024px\" \/><figcaption id=\"caption-attachment-72284\" class=\"wp-caption-text\">Por: Solotudo<\/figcaption><\/figure>\n<p>Marcas de derrapagem, manchas ou manchas desaparecem quando uma cadeira envelhece ou se desgasta.<\/p>\n<h3>1 \u2014 Capa para cadeira de jantar:<\/h3>\n<p>Uma boa capa para cadeira de jantar pode renovar todo o ambiente de uma sala.<\/p>\n<p>Mudar a cor da capa pode levar menos de um minuto com um kit de capa de cadeira.<\/p>\n<figure id=\"attachment_72285\" aria-describedby=\"caption-attachment-72285\" style=\"width: 568px\" class=\"wp-caption alignnone\"><img decoding=\"async\" class=\"wp-image-72285 size-full\" title=\"Capa para cadeira de jantar\" src=\"https:\/\/www.aarquiteta.com.br\/blog\/wp-content\/uploads\/2022\/11\/capa3.jpg\" alt=\"capa3\" width=\"568\" height=\"379\" srcset=\"https:\/\/www.aarquiteta.com.br\/blog\/wp-content\/uploads\/2022\/11\/capa3.jpg 568w, https:\/\/www.aarquiteta.com.br\/blog\/wp-content\/uploads\/2022\/11\/capa3-150x100.jpg 150w\" sizes=\"(max-width: 568px) 100vw, 568px\" \/><figcaption id=\"caption-attachment-72285\" class=\"wp-caption-text\">Por: ML<\/figcaption><\/figure>\n<p>Cansado da decora\u00e7\u00e3o antiga?<\/p>\n<p>As capas de tecido para cadeiras de jantar s\u00e3o incrivelmente male\u00e1veis \u200b\u200be podem ser moldadas para combinar com a pe\u00e7a de mobili\u00e1rio, isso faz com que o material pare\u00e7a novo e oculta quaisquer falhas.<\/p>\n<figure id=\"attachment_72286\" aria-describedby=\"caption-attachment-72286\" style=\"width: 819px\" class=\"wp-caption alignnone\"><img decoding=\"async\" class=\"wp-image-72286 size-large\" title=\"Capa para cadeira de jantar\" src=\"https:\/\/www.aarquiteta.com.br\/blog\/wp-content\/uploads\/2022\/11\/capa4-819x1024.jpg\" alt=\"capa4\" width=\"819\" height=\"1024\" \/><figcaption id=\"caption-attachment-72286\" class=\"wp-caption-text\">Pinterest<\/figcaption><\/figure>\n<p>Como resultado do manuseio frequente e ingest\u00e3o de alimentos, as cadeiras da sala de jantar frequentemente desenvolvem danos camuflados pelo estofamento original.<\/p>\n<h3>2 \u2014 Capa para cadeira de escrit\u00f3rio:<\/h3>\n<p>O home office e o ensino \u00e0 dist\u00e2ncia se tornam cada vez mais comuns.<\/p>\n<p>Por isso, muitas pessoas precisam adaptar um espa\u00e7o em casa para criar esse ambiente de trabalho e estudo.<\/p>\n<figure id=\"attachment_72287\" aria-describedby=\"caption-attachment-72287\" style=\"width: 694px\" class=\"wp-caption alignnone\"><img decoding=\"async\" class=\"wp-image-72287 size-full\" title=\"Capa para cadeira de escrit\u00f3rio\" src=\"https:\/\/www.aarquiteta.com.br\/blog\/wp-content\/uploads\/2022\/11\/capa5.webp\" alt=\"capa5\" width=\"694\" height=\"694\" srcset=\"https:\/\/www.aarquiteta.com.br\/blog\/wp-content\/uploads\/2022\/11\/capa5.webp 694w, https:\/\/www.aarquiteta.com.br\/blog\/wp-content\/uploads\/2022\/11\/capa5-96x96.webp 96w, https:\/\/www.aarquiteta.com.br\/blog\/wp-content\/uploads\/2022\/11\/capa5-150x150.webp 150w\" sizes=\"(max-width: 694px) 100vw, 694px\" \/><figcaption id=\"caption-attachment-72287\" class=\"wp-caption-text\">Por: Charme do Detalhe<\/figcaption><\/figure>\n<p>Uma cadeira inadequada pode causar dores musculares, diminuir a produtividade, prejudicar o aprendizado e at\u00e9 causar problemas de sa\u00fade a longo prazo.<\/p>\n<p>Por isso, \u00e9 muito importante escolher uma cadeira com formato apropriado.<\/p>\n<p>Nesse sentido, a capa pode ajudar a prolongar a vida \u00fatil de uma cadeira com as dimens\u00f5es corretas para o uso, mas que est\u00e1 com o revestimento um pouco desgastado, com rasgos ou manchas.<\/p>\n<figure id=\"attachment_72288\" aria-describedby=\"caption-attachment-72288\" style=\"width: 560px\" class=\"wp-caption alignnone\"><img decoding=\"async\" class=\"wp-image-72288 size-full\" title=\"Capa para cadeira de escrit\u00f3rio\" src=\"https:\/\/www.aarquiteta.com.br\/blog\/wp-content\/uploads\/2022\/11\/capa6.webp\" alt=\"capa6\" width=\"560\" height=\"560\" srcset=\"https:\/\/www.aarquiteta.com.br\/blog\/wp-content\/uploads\/2022\/11\/capa6.webp 560w, https:\/\/www.aarquiteta.com.br\/blog\/wp-content\/uploads\/2022\/11\/capa6-96x96.webp 96w, https:\/\/www.aarquiteta.com.br\/blog\/wp-content\/uploads\/2022\/11\/capa6-150x150.webp 150w\" sizes=\"(max-width: 560px) 100vw, 560px\" \/><figcaption id=\"caption-attachment-72288\" class=\"wp-caption-text\">Por: ML<\/figcaption><\/figure>\n<h3>3 \u2014 Capa para cadeira de varanda:<\/h3>\n<p>M\u00f3veis danificados podem ser cobertos de forma barata com a compra de capas de cadeira em varandas ou sacadas.<\/p>\n<figure id=\"attachment_72289\" aria-describedby=\"caption-attachment-72289\" style=\"width: 694px\" class=\"wp-caption alignnone\"><img decoding=\"async\" class=\"wp-image-72289 size-full\" title=\"Capa para cadeira de varanda\" src=\"https:\/\/www.aarquiteta.com.br\/blog\/wp-content\/uploads\/2022\/11\/capa7.webp\" alt=\"capa7\" width=\"694\" height=\"694\" srcset=\"https:\/\/www.aarquiteta.com.br\/blog\/wp-content\/uploads\/2022\/11\/capa7.webp 694w, https:\/\/www.aarquiteta.com.br\/blog\/wp-content\/uploads\/2022\/11\/capa7-96x96.webp 96w, https:\/\/www.aarquiteta.com.br\/blog\/wp-content\/uploads\/2022\/11\/capa7-150x150.webp 150w\" sizes=\"(max-width: 694px) 100vw, 694px\" \/><figcaption id=\"caption-attachment-72289\" class=\"wp-caption-text\">Por: Charme do Detalhe<\/figcaption><\/figure>\n<p>Esta capa de cadeira n\u00e3o \u00e9 el\u00e1stica; n\u00e3o estica.<\/p>\n<p>Cont\u00e9m espuma de poliuretano que deixa o m\u00f3vel mais confort\u00e1vel e aconchegante, al\u00e9m disso, seu tecido \u00e9 de algod\u00e3o e poli\u00e9ster.<\/p>\n<p>A fun\u00e7\u00e3o deste modelo \u00e9 encaixar cadeiras com estofamento para maior conforto, isso torna as espregui\u00e7adeiras ao ar livre mais confort\u00e1veis \u200b\u200be evita marcas nas costas de sentar em cadeiras com estofamento r\u00edgido.<\/p>\n<figure id=\"attachment_72290\" aria-describedby=\"caption-attachment-72290\" style=\"width: 500px\" class=\"wp-caption alignnone\"><img decoding=\"async\" class=\"wp-image-72290 size-full\" title=\"Capa para cadeira de varanda\" src=\"https:\/\/www.aarquiteta.com.br\/blog\/wp-content\/uploads\/2022\/11\/capa8.webp\" alt=\"capa8\" width=\"500\" height=\"396\" srcset=\"https:\/\/www.aarquiteta.com.br\/blog\/wp-content\/uploads\/2022\/11\/capa8.webp 500w, https:\/\/www.aarquiteta.com.br\/blog\/wp-content\/uploads\/2022\/11\/capa8-150x119.webp 150w\" sizes=\"(max-width: 500px) 100vw, 500px\" \/><figcaption id=\"caption-attachment-72290\" class=\"wp-caption-text\">Por: Duarte Mota<\/figcaption><\/figure>\n<p>Confort\u00e1veis \u200b\u200be elegantes capas impressas decoram cadeiras de varanda.<\/p>\n<h3>4 \u2014 Como higienizar as capas para cadeiras?<\/h3>\n<p>As pessoas precisam cuidar das capas das cadeiras, e ap\u00f3s cada limpeza, use um pano \u00famido ou seco para tiras as sujeiras.<\/p>\n<figure id=\"attachment_72292\" aria-describedby=\"caption-attachment-72292\" style=\"width: 540px\" class=\"wp-caption alignnone\"><img decoding=\"async\" class=\"wp-image-72292 size-full\" src=\"https:\/\/www.aarquiteta.com.br\/blog\/wp-content\/uploads\/2022\/11\/capa10.jpg\" alt=\"capa10\" width=\"540\" height=\"404\" title=\"\" srcset=\"https:\/\/www.aarquiteta.com.br\/blog\/wp-content\/uploads\/2022\/11\/capa10.jpg 540w, https:\/\/www.aarquiteta.com.br\/blog\/wp-content\/uploads\/2022\/11\/capa10-150x112.jpg 150w\" sizes=\"(max-width: 540px) 100vw, 540px\" \/><figcaption id=\"caption-attachment-72292\" class=\"wp-caption-text\">Por: Blog da Charme<\/figcaption><\/figure>\n<p>Evite usar alvejante \u00e0 base de cloro, caso contr\u00e1rio, pode manchar.<\/p>\n<p>Conforme indicado, recomenda-se secar \u00e0 sombra, al\u00e9m disso, a rota\u00e7\u00e3o normal pode ser executada.<\/p>\n<figure id=\"attachment_72293\" aria-describedby=\"caption-attachment-72293\" style=\"width: 694px\" class=\"wp-caption alignnone\"><img decoding=\"async\" class=\"wp-image-72293 size-full\" title=\"Como higienizar as capas para cadeiras?\" src=\"https:\/\/www.aarquiteta.com.br\/blog\/wp-content\/uploads\/2022\/11\/capa11.webp\" alt=\"capa11\" width=\"694\" height=\"694\" srcset=\"https:\/\/www.aarquiteta.com.br\/blog\/wp-content\/uploads\/2022\/11\/capa11.webp 694w, https:\/\/www.aarquiteta.com.br\/blog\/wp-content\/uploads\/2022\/11\/capa11-96x96.webp 96w, https:\/\/www.aarquiteta.com.br\/blog\/wp-content\/uploads\/2022\/11\/capa11-150x150.webp 150w\" sizes=\"(max-width: 694px) 100vw, 694px\" \/><figcaption id=\"caption-attachment-72293\" class=\"wp-caption-text\">Por: Charme do Detalhe<\/figcaption><\/figure>\n<p>Enquanto limpa as capas utilize outras pe\u00e7as nas suas cadeiras se necess\u00e1rio.<\/p>\n<h3>5 \u2014 Decore com as esta\u00e7\u00f5es e \u00e9pocas do ano:<\/h3>\n<p>Varia\u00e7\u00f5es nas cores da decora\u00e7\u00e3o inspiram as esta\u00e7\u00f5es do ano e algumas datas comemorativas.<\/p>\n<figure id=\"attachment_72294\" aria-describedby=\"caption-attachment-72294\" style=\"width: 1024px\" class=\"wp-caption alignnone\"><img decoding=\"async\" class=\"wp-image-72294 size-large\" title=\"Decore com as esta\u00e7\u00f5es e \u00e9pocas do ano\" src=\"https:\/\/www.aarquiteta.com.br\/blog\/wp-content\/uploads\/2022\/11\/capa12-1024x1024.jpg\" alt=\"capa12\" width=\"1024\" height=\"1024\" srcset=\"https:\/\/www.aarquiteta.com.br\/blog\/wp-content\/uploads\/2022\/11\/capa12-1024x1024.jpg 1024w, https:\/\/www.aarquiteta.com.br\/blog\/wp-content\/uploads\/2022\/11\/capa12-696x696.jpg 696w, https:\/\/www.aarquiteta.com.br\/blog\/wp-content\/uploads\/2022\/11\/capa12-96x96.jpg 96w, https:\/\/www.aarquiteta.com.br\/blog\/wp-content\/uploads\/2022\/11\/capa12-150x150.jpg 150w, https:\/\/www.aarquiteta.com.br\/blog\/wp-content\/uploads\/2022\/11\/capa12.jpg 1200w\" sizes=\"(max-width: 1024px) 100vw, 1024px\" \/><figcaption id=\"caption-attachment-72294\" class=\"wp-caption-text\">Por: AliExpress<\/figcaption><\/figure>\n<p>Configurar as esta\u00e7\u00f5es com cores terrosas, vermelhas ou alaranjadas faz com que elas se sintam mais acolhedoras e acolhedoras.<\/p>\n<p>As op\u00e7\u00f5es de cores para os meses de primavera e ver\u00e3o devem ser mais vibrantes e alegres do que em qualquer outra \u00e9poca do ano, use cores mais quentes como rosa e amarelo para exemplos.<\/p>\n<figure id=\"attachment_72295\" aria-describedby=\"caption-attachment-72295\" style=\"width: 540px\" class=\"wp-caption alignnone\"><img decoding=\"async\" class=\"wp-image-72295 size-full\" title=\"Decore com as esta\u00e7\u00f5es e \u00e9pocas do ano\" src=\"https:\/\/www.aarquiteta.com.br\/blog\/wp-content\/uploads\/2022\/11\/capa13.jpg\" alt=\"capa13\" width=\"540\" height=\"540\" srcset=\"https:\/\/www.aarquiteta.com.br\/blog\/wp-content\/uploads\/2022\/11\/capa13.jpg 540w, https:\/\/www.aarquiteta.com.br\/blog\/wp-content\/uploads\/2022\/11\/capa13-96x96.jpg 96w, https:\/\/www.aarquiteta.com.br\/blog\/wp-content\/uploads\/2022\/11\/capa13-150x150.jpg 150w\" sizes=\"(max-width: 540px) 100vw, 540px\" \/><figcaption id=\"caption-attachment-72295\" class=\"wp-caption-text\">Por: Blog da Charme<\/figcaption><\/figure>\n<p>&nbsp;<\/p>\n<figure id=\"attachment_72296\" aria-describedby=\"caption-attachment-72296\" style=\"width: 500px\" class=\"wp-caption alignnone\"><img decoding=\"async\" class=\"wp-image-72296 size-full\" src=\"https:\/\/www.aarquiteta.com.br\/blog\/wp-content\/uploads\/2022\/11\/capa14.webp\" alt=\"capa14\" width=\"500\" height=\"500\" title=\"\" srcset=\"https:\/\/www.aarquiteta.com.br\/blog\/wp-content\/uploads\/2022\/11\/capa14.webp 500w, https:\/\/www.aarquiteta.com.br\/blog\/wp-content\/uploads\/2022\/11\/capa14-96x96.webp 96w, https:\/\/www.aarquiteta.com.br\/blog\/wp-content\/uploads\/2022\/11\/capa14-150x150.webp 150w\" sizes=\"(max-width: 500px) 100vw, 500px\" \/><figcaption id=\"caption-attachment-72296\" class=\"wp-caption-text\">Por: Americanas<\/figcaption><\/figure>\n<p>&nbsp;<\/p>\n<p>Por fim, tenha sempre em suca casa essas capas de cadeiras, pois voc\u00ea pode utiliz\u00e1-la no dia-a-dia e brincar com sua decora\u00e7\u00e3o!<\/p>\n<h2>E a\u00ed, gostou do artigo sobre Capa para cadeira &#8211; 5 dicas de decorar economizando?<\/h2>\n<p>Ent\u00e3o deslize a tela para baixo e<a href=\"https:\/\/br.pinterest.com\/aarquitetapinterest\/_created\/\" target=\"_blank\" rel=\"noopener\"> confira mais dicas<\/a> como esta e n\u00e3o se esque\u00e7a de compartilhar com os amigos!<\/p>\n<p>Quer mais dicas sobre o mundo da Arquitetura e Decora\u00e7\u00e3o, ent\u00e3o confira alguns dos nossos artigos em:<\/p>\n<ul>\n<li><a href=\"https:\/\/www.aarquiteta.com.br\/blog\/paisagismo\/\" target=\"_blank\" rel=\"noopener\">Casa e Jardim<\/a><\/li>\n<li><a href=\"https:\/\/www.aarquiteta.com.br\/blog\/arquitetura\/mundo-arquitetura\/\" target=\"_blank\" rel=\"noopener\">Mundo Arquitetura<\/a><\/li>\n<li><a href=\"https:\/\/www.aarquiteta.com.br\/decoracao\/\" target=\"_blank\" rel=\"noopener\">Decora\u00e7\u00e3o<br \/>\n<\/a><\/li>\n<\/ul>\n<p>&nbsp;<\/p>\n","protected":false},"excerpt":{"rendered":"<p>As capas para cadeira s\u00e3o maneiras econ\u00f4micas e f\u00e1ceis de atualizar a decora\u00e7\u00e3o interior de uma casa. A melhor maneira de evitar que um novo sof\u00e1 ou cadeira apresente danos \u00e9 adicionar uma capa, isso tamb\u00e9m ajuda a esconder o desgaste, manchas e rasgos no tecido original. Seguindo este guia, voc\u00ea pode determinar a melhor [&hellip;]<\/p>\n","protected":false},"author":102,"featured_media":72298,"comment_status":"open","ping_status":"closed","sticky":false,"template":"","format":"standard","meta":{"footnotes":""},"categories":[18754,1484],"tags":[23395,23390,23382,23391,23396,23385,23392,23394,23383,23381,23387,23388,23384,23386,23393,23389],"class_list":["post-72276","post","type-post","status-publish","format-standard","has-post-thumbnail","category-decoracao-de-cozinha","category-decoracao","tag-capa-de-cadeira-com-elastico","tag-capa-de-cadeira-lisa","tag-capa-para-cadeira","tag-capa-para-cadeira-de-jantar","tag-capa-para-cadeira-de-malha","tag-capa-para-cadeira-kit-com-4","tag-capa-para-cadeira-luxo","tag-capa-protetora-de-cadeira","tag-capas-de-cadeira-com-tecidos-importados","tag-capas-de-cadeiras-de-jantar","tag-capas-para-cadeiras-de-jantar-prontas","tag-capas-para-cadeiras-estofadas","tag-kit-6-capas-para-cadeira-de-jantar","tag-kit-capa-de-cadeira","tag-kit-capa-para-cadeira-de-jantar-capa-de-cadeira","tag-protetor-de-cadeira"],"_wp_attached_file":null,"_wp_attachment_metadata":null,"_wp_attachment_context":null,"_wp_attachment_is_custom_header":null,"geo_longitude":null,"geo_public":null,"geo_latitude":null,"_publicize_done_external":null,"_wpas_done_3897181":null,"publicize_twitter_user":null,"_wpas_done_3897175":null,"_wpas_skip_3897181":null,"_wpas_skip_3897175":null,"_wpas_skip_3924723":null,"_wpas_mess":null,"_wpas_done_3924723":null,"wps_subtitle":"Decore suas cadeira conforme a cor desejada usando capas para sof\u00e1s que voc\u00ea pode adquirir, confira!","_links":{"self":[{"href":"https:\/\/www.aarquiteta.com.br\/blog\/wp-json\/wp\/v2\/posts\/72276","targetHints":{"allow":["GET"]}}],"collection":[{"href":"https:\/\/www.aarquiteta.com.br\/blog\/wp-json\/wp\/v2\/posts"}],"about":[{"href":"https:\/\/www.aarquiteta.com.br\/blog\/wp-json\/wp\/v2\/types\/post"}],"author":[{"embeddable":true,"href":"https:\/\/www.aarquiteta.com.br\/blog\/wp-json\/wp\/v2\/users\/102"}],"replies":[{"embeddable":true,"href":"https:\/\/www.aarquiteta.com.br\/blog\/wp-json\/wp\/v2\/comments?post=72276"}],"version-history":[{"count":0,"href":"https:\/\/www.aarquiteta.com.br\/blog\/wp-json\/wp\/v2\/posts\/72276\/revisions"}],"wp:featuredmedia":[{"embeddable":true,"href":"https:\/\/www.aarquiteta.com.br\/blog\/wp-json\/wp\/v2\/media\/72298"}],"wp:attachment":[{"href":"https:\/\/www.aarquiteta.com.br\/blog\/wp-json\/wp\/v2\/media?parent=72276"}],"wp:term":[{"taxonomy":"category","embeddable":true,"href":"https:\/\/www.aarquiteta.com.br\/blog\/wp-json\/wp\/v2\/categories?post=72276"},{"taxonomy":"post_tag","embeddable":true,"href":"https:\/\/www.aarquiteta.com.br\/blog\/wp-json\/wp\/v2\/tags?post=72276"}],"curies":[{"name":"wp","href":"https:\/\/api.w.org\/{rel}","templated":true}]}}