{"id":72188,"date":"2022-11-22T17:00:17","date_gmt":"2022-11-22T20:00:17","guid":{"rendered":"http:\/\/aarquiteta.com.br\/?p=72188"},"modified":"2024-06-28T10:58:31","modified_gmt":"2024-06-28T13:58:31","slug":"plantas-de-casas-com-2-quartos","status":"publish","type":"post","link":"https:\/\/www.aarquiteta.com.br\/blog\/plantas-de-casas-com-2-quartos\/","title":{"rendered":"Plantas de casas com 2 quartos &#8211; Grandes projetos em pouco espa\u00e7o"},"content":{"rendered":"<p>Ao planejar uma constru\u00e7\u00e3o, o projetista deve considerar muitos aspectos diferentes, isso pode incluir estilo, or\u00e7amento, n\u00famero de quartos, tamanho e at\u00e9 o material usado nas paredes.<\/p>\n<p>Eles tamb\u00e9m podem precisar considerar outros projetos que j\u00e1 foram decididos, e para concluir um projeto com 2 quartos, quem procura plantas deve procurar casas menores com 1 ou 2 quartos.<\/p>\n<figure id=\"attachment_72207\" aria-describedby=\"caption-attachment-72207\" style=\"width: 736px\" class=\"wp-caption alignnone\"><img decoding=\"async\" class=\"wp-image-72207 size-full\" src=\"https:\/\/www.aarquiteta.com.br\/blog\/wp-content\/uploads\/2022\/11\/planta7.jpg\" alt=\"planta7\" width=\"736\" height=\"734\" title=\"\" srcset=\"https:\/\/www.aarquiteta.com.br\/blog\/wp-content\/uploads\/2022\/11\/planta7.jpg 736w, https:\/\/www.aarquiteta.com.br\/blog\/wp-content\/uploads\/2022\/11\/planta7-696x694.jpg 696w, https:\/\/www.aarquiteta.com.br\/blog\/wp-content\/uploads\/2022\/11\/planta7-96x96.jpg 96w, https:\/\/www.aarquiteta.com.br\/blog\/wp-content\/uploads\/2022\/11\/planta7-150x150.jpg 150w\" sizes=\"(max-width: 736px) 100vw, 736px\" \/><figcaption id=\"caption-attachment-72207\" class=\"wp-caption-text\">Por: S\u00f3 Projetos<\/figcaption><\/figure>\n<p>Diferentes planos dessas casas podem ter diferentes detalhes, parti\u00e7\u00f5es e muito mais.<\/p>\n<p>Considerando a varia\u00e7\u00e3o entre os projetos, existem v\u00e1rios projetos de casas com dois quartos para atender \u00e0s suas necessidades.<\/p>\n<figure id=\"attachment_72206\" aria-describedby=\"caption-attachment-72206\" style=\"width: 750px\" class=\"wp-caption alignnone\"><img decoding=\"async\" class=\"wp-image-72206 size-full\" src=\"https:\/\/www.aarquiteta.com.br\/blog\/wp-content\/uploads\/2022\/11\/planta6.jpg\" alt=\"planta6\" width=\"750\" height=\"521\" title=\"\" srcset=\"https:\/\/www.aarquiteta.com.br\/blog\/wp-content\/uploads\/2022\/11\/planta6.jpg 750w, https:\/\/www.aarquiteta.com.br\/blog\/wp-content\/uploads\/2022\/11\/planta6-696x483.jpg 696w, https:\/\/www.aarquiteta.com.br\/blog\/wp-content\/uploads\/2022\/11\/planta6-150x104.jpg 150w\" sizes=\"(max-width: 750px) 100vw, 750px\" \/><figcaption id=\"caption-attachment-72206\" class=\"wp-caption-text\">Por: S\u00f3 Projetos<\/figcaption><\/figure>\n<h2>Casas pequenas com 2 quartos:<\/h2>\n<p>Um projeto com 2 quartos pode ter a necessidade de uma garagem, que se conecte a um corredor fechado.<\/p>\n<p>Isso completaria o projeto e atenderia a todas as necessidades desejadas.<\/p>\n<figure id=\"attachment_72205\" aria-describedby=\"caption-attachment-72205\" style=\"width: 687px\" class=\"wp-caption alignnone\"><img decoding=\"async\" class=\"wp-image-72205 size-full\" title=\"Casas pequenas com 2 quartos\" src=\"https:\/\/www.aarquiteta.com.br\/blog\/wp-content\/uploads\/2022\/11\/planta5.jpg\" alt=\"planta5\" width=\"687\" height=\"387\" srcset=\"https:\/\/www.aarquiteta.com.br\/blog\/wp-content\/uploads\/2022\/11\/planta5.jpg 687w, https:\/\/www.aarquiteta.com.br\/blog\/wp-content\/uploads\/2022\/11\/planta5-150x84.jpg 150w\" sizes=\"(max-width: 687px) 100vw, 687px\" \/><figcaption id=\"caption-attachment-72205\" class=\"wp-caption-text\">Por: Construindo Casas<\/figcaption><\/figure>\n<p>Um projeto residencial humanizado com garagem coberta tamb\u00e9m pode incluir um corredor lateral acess\u00edvel a partir da garagem, ocorredor poderia ent\u00e3o se conectar \u00e0 porta da frente, que d\u00e1 para a rua.<\/p>\n<h3>1 \u2014 Casa pequena com fachada:<\/h3>\n<p>Esta pequena casa t\u00e9rrea possui um espa\u00e7o amplo o suficiente para se sentir confort\u00e1vel.<\/p>\n<p>Possui dois quartos, um banheiro, cozinha, sala de estar\/jantar e \u00e1rea de servi\u00e7o.<\/p>\n<p>Esta casa \u00e9 compacta e aconchegante.<\/p>\n<p>Uma fachada moderna com telhado inclinado proporciona baixo custo para o projeto.<\/p>\n<p>O projeto conta com um banheiro e apenas metros quadrados de espa\u00e7o; tamb\u00e9m possui uma varanda frontal para churrascos.<\/p>\n<figure id=\"attachment_72202\" aria-describedby=\"caption-attachment-72202\" style=\"width: 800px\" class=\"wp-caption alignnone\"><img decoding=\"async\" class=\"wp-image-72202 size-full\" title=\"Casa pequena com fachada\" src=\"https:\/\/www.aarquiteta.com.br\/blog\/wp-content\/uploads\/2022\/11\/planta3.jpg\" alt=\"planta3\" width=\"800\" height=\"533\" srcset=\"https:\/\/www.aarquiteta.com.br\/blog\/wp-content\/uploads\/2022\/11\/planta3.jpg 800w, https:\/\/www.aarquiteta.com.br\/blog\/wp-content\/uploads\/2022\/11\/planta3-696x464.jpg 696w, https:\/\/www.aarquiteta.com.br\/blog\/wp-content\/uploads\/2022\/11\/planta3-150x100.jpg 150w\" sizes=\"(max-width: 800px) 100vw, 800px\" \/><figcaption id=\"caption-attachment-72202\" class=\"wp-caption-text\">Por: Planta Pronta<\/figcaption><\/figure>\n<h3>2 \u2014 Projeto interno:<\/h3>\n<p>O projeto da casa contempla uma cozinha americana e sala de TV que s\u00e3o interligadas aos demais c\u00f4modos.<\/p>\n<p>Essas duas salas d\u00e3o a impress\u00e3o de espa\u00e7o adicional quando est\u00e3o conectadas \u00e0s outras partes do design de interiores.<\/p>\n<p>Al\u00e9m disso, h\u00e1 um corredor que conecta todos os outros c\u00f4modos do projeto.<\/p>\n<p>Este corredor d\u00e1 acesso tanto ao banheiro social quanto aos dois quartos do projeto.<\/p>\n<figure id=\"attachment_72189\" aria-describedby=\"caption-attachment-72189\" style=\"width: 650px\" class=\"wp-caption alignnone\"><img decoding=\"async\" class=\"wp-image-72189 size-full\" title=\"Projeto interno\" src=\"https:\/\/www.aarquiteta.com.br\/blog\/wp-content\/uploads\/2022\/11\/planta.jpg\" alt=\"planta\" width=\"650\" height=\"312\" srcset=\"https:\/\/www.aarquiteta.com.br\/blog\/wp-content\/uploads\/2022\/11\/planta.jpg 650w, https:\/\/www.aarquiteta.com.br\/blog\/wp-content\/uploads\/2022\/11\/planta-150x72.jpg 150w\" sizes=\"(max-width: 650px) 100vw, 650px\" \/><figcaption id=\"caption-attachment-72189\" class=\"wp-caption-text\">Por: S\u00f3 Projetos<\/figcaption><\/figure>\n<h3>3 \u2014 Entrada com varanda:<\/h3>\n<p>Uma planta popular de casa de 2 quartos com 53 metros quadrados \u00e9 apresentada por esta Proposta.<\/p>\n<p>Destina-se a quem procura um design dom\u00e9stico simples, mas popular.<\/p>\n<p>Uma das principais caracter\u00edsticas deste projeto \u00e9 a varanda frontal, que d\u00e1 acesso \u00e0 porta principal da casa.<\/p>\n<p>Isso permite um espa\u00e7o coberto que protege a porta das intemp\u00e9ries.<\/p>\n<p>Al\u00e9m disso, a proposta permite o acesso a duas salas de estar distintas conectadas entre si, isso proporciona uma sensa\u00e7\u00e3o de maior espa\u00e7o em um arranjo de vida compacto.<\/p>\n<figure id=\"attachment_72197\" aria-describedby=\"caption-attachment-72197\" style=\"width: 600px\" class=\"wp-caption alignnone\"><img decoding=\"async\" class=\"wp-image-72197 size-full\" title=\"Entrada com varanda\" src=\"https:\/\/www.aarquiteta.com.br\/blog\/wp-content\/uploads\/2022\/11\/planta2-1.jpg\" alt=\"planta2\" width=\"600\" height=\"798\" srcset=\"https:\/\/www.aarquiteta.com.br\/blog\/wp-content\/uploads\/2022\/11\/planta2-1.jpg 600w, https:\/\/www.aarquiteta.com.br\/blog\/wp-content\/uploads\/2022\/11\/planta2-1-150x200.jpg 150w\" sizes=\"(max-width: 600px) 100vw, 600px\" \/><figcaption id=\"caption-attachment-72197\" class=\"wp-caption-text\">Por: Plantas de casa.com<\/figcaption><\/figure>\n<p>&nbsp;<\/p>\n<h3>4 \u2014 F\u00e1cil acesso aos c\u00f4modos:<\/h3>\n<p>Ao entrar na casa, duas salas de estar conectadas(estar e jantar), uma cozinha e uma lavanderia s\u00e3o acess\u00edveis.<\/p>\n<p>Da cozinha, pode-se acessar uma \u00e1rea de servi\u00e7o acess\u00edvel passando pela sala de jantar, a\u00a0 funcionalidade deste projeto \u00e9 aumentada devido \u00e0 integra\u00e7\u00e3o destes v\u00e1rios espa\u00e7os.<\/p>\n<p>Uma passagem que liga a sala com o primeiro quarto e banheiro \u00e9 acess\u00edvel atrav\u00e9s de um corredor que atravessa o espa\u00e7o do quarto.<\/p>\n<p>No final deste corredor, ligando-se tanto \u00e0 casa de banho como ao quarto, encontra-se um recanto funcional que pode ser utilizado como parte da suite.<\/p>\n<figure id=\"attachment_72203\" aria-describedby=\"caption-attachment-72203\" style=\"width: 650px\" class=\"wp-caption alignnone\"><img decoding=\"async\" class=\"wp-image-72203 size-full\" title=\"F\u00e1cil acesso aos c\u00f4modos\" src=\"https:\/\/www.aarquiteta.com.br\/blog\/wp-content\/uploads\/2022\/11\/planta4.jpg\" alt=\"planta4\" width=\"650\" height=\"357\" srcset=\"https:\/\/www.aarquiteta.com.br\/blog\/wp-content\/uploads\/2022\/11\/planta4.jpg 650w, https:\/\/www.aarquiteta.com.br\/blog\/wp-content\/uploads\/2022\/11\/planta4-150x82.jpg 150w\" sizes=\"(max-width: 650px) 100vw, 650px\" \/><figcaption id=\"caption-attachment-72203\" class=\"wp-caption-text\">Por: S\u00f3 Projetos<\/figcaption><\/figure>\n<p>&nbsp;<\/p>\n<p>&nbsp;<\/p>\n","protected":false},"excerpt":{"rendered":"<p>Ao planejar uma constru\u00e7\u00e3o, o projetista deve considerar muitos aspectos diferentes, isso pode incluir estilo, or\u00e7amento, n\u00famero de quartos, tamanho e at\u00e9 o material usado nas paredes. Eles tamb\u00e9m podem precisar considerar outros projetos que j\u00e1 foram decididos, e para concluir um projeto com 2 quartos, quem procura plantas deve procurar casas menores com 1 [&hellip;]<\/p>\n","protected":false},"author":102,"featured_media":72204,"comment_status":"closed","ping_status":"closed","sticky":false,"template":"","format":"standard","meta":{"footnotes":""},"categories":[1507,1484,18758],"tags":[23234,23235,7107,23236,23237,23238,23239,23240,23241,23242,23243,23244],"class_list":["post-72188","post","type-post","status-publish","format-standard","has-post-thumbnail","category-arquitetura","category-decoracao","category-decoracao-de-varanda-terraco","tag-2-quartos","tag-casas-pequenas","tag-casas-populares","tag-plantas-de-casas-com-ambientes-integrados","tag-plantas-de-casas-com-baixo","tag-plantas-de-casas-com-cozinha-integrada","tag-plantas-de-casas-com-fachada-pequena","tag-plantas-de-casas-com-fachada-simples","tag-plantas-de-casas-com-janela-de-vidro","tag-plantas-de-casas-com-sala-de-estar","tag-plantas-de-casas-com-sala-de-jantar-integrada","tag-plantas-de-casas-sem-garagem"],"_wp_attached_file":null,"_wp_attachment_metadata":null,"_wp_attachment_context":null,"_wp_attachment_is_custom_header":null,"geo_longitude":null,"geo_public":null,"geo_latitude":null,"_publicize_done_external":null,"_wpas_done_3897181":null,"publicize_twitter_user":null,"_wpas_done_3897175":null,"_wpas_skip_3897181":null,"_wpas_skip_3897175":null,"_wpas_skip_3924723":null,"_wpas_mess":null,"_wpas_done_3924723":null,"wps_subtitle":"Confira nosso post de plantas com 2 quartos, casas pequenas que podem conter o espa\u00e7o necess\u00e1rio!","_links":{"self":[{"href":"https:\/\/www.aarquiteta.com.br\/blog\/wp-json\/wp\/v2\/posts\/72188","targetHints":{"allow":["GET"]}}],"collection":[{"href":"https:\/\/www.aarquiteta.com.br\/blog\/wp-json\/wp\/v2\/posts"}],"about":[{"href":"https:\/\/www.aarquiteta.com.br\/blog\/wp-json\/wp\/v2\/types\/post"}],"author":[{"embeddable":true,"href":"https:\/\/www.aarquiteta.com.br\/blog\/wp-json\/wp\/v2\/users\/102"}],"replies":[{"embeddable":true,"href":"https:\/\/www.aarquiteta.com.br\/blog\/wp-json\/wp\/v2\/comments?post=72188"}],"version-history":[{"count":0,"href":"https:\/\/www.aarquiteta.com.br\/blog\/wp-json\/wp\/v2\/posts\/72188\/revisions"}],"wp:featuredmedia":[{"embeddable":true,"href":"https:\/\/www.aarquiteta.com.br\/blog\/wp-json\/wp\/v2\/media\/72204"}],"wp:attachment":[{"href":"https:\/\/www.aarquiteta.com.br\/blog\/wp-json\/wp\/v2\/media?parent=72188"}],"wp:term":[{"taxonomy":"category","embeddable":true,"href":"https:\/\/www.aarquiteta.com.br\/blog\/wp-json\/wp\/v2\/categories?post=72188"},{"taxonomy":"post_tag","embeddable":true,"href":"https:\/\/www.aarquiteta.com.br\/blog\/wp-json\/wp\/v2\/tags?post=72188"}],"curies":[{"name":"wp","href":"https:\/\/api.w.org\/{rel}","templated":true}]}}