{"id":72095,"date":"2022-11-19T16:00:56","date_gmt":"2022-11-19T19:00:56","guid":{"rendered":"http:\/\/aarquiteta.com.br\/?p=72095"},"modified":"2022-11-18T20:44:07","modified_gmt":"2022-11-18T23:44:07","slug":"cadeira-diretor","status":"publish","type":"post","link":"https:\/\/www.aarquiteta.com.br\/blog\/cadeira-diretor\/","title":{"rendered":"Do cinema para sua casa &#8211; 5 maneiras de decorar com a cadeira diretor!"},"content":{"rendered":"<p>Para proporcionar conforto e relaxamento em casa, as cadeiras s\u00e3o uma pe\u00e7a de mobili\u00e1rio essencial, isso pode ser feito comprando a cadeira diretor ideal.<\/p>\n<p>Ao adquirir uma cadeira moderna e aconchegante, voc\u00ea pode criar um ambiente acolhedor e convidativo em sua casa, e al\u00e9m disso, escolher a cadeira certa ajudar\u00e1 voc\u00ea a manter uma boa postura durante o tempo que passa trabalhando no escrit\u00f3rio.<\/p>\n<p>&nbsp;<\/p>\n<figure id=\"attachment_72125\" aria-describedby=\"caption-attachment-72125\" style=\"width: 336px\" class=\"wp-caption alignnone\"><img decoding=\"async\" class=\"wp-image-72125 size-full\" src=\"https:\/\/www.aarquiteta.com.br\/blog\/wp-content\/uploads\/2022\/11\/cadeiradiretor2.jpg\" alt=\"cadeiradiretor2\" width=\"336\" height=\"460\" title=\"\" srcset=\"https:\/\/www.aarquiteta.com.br\/blog\/wp-content\/uploads\/2022\/11\/cadeiradiretor2.jpg 336w, https:\/\/www.aarquiteta.com.br\/blog\/wp-content\/uploads\/2022\/11\/cadeiradiretor2-150x205.jpg 150w\" sizes=\"(max-width: 336px) 100vw, 336px\" \/><figcaption id=\"caption-attachment-72125\" class=\"wp-caption-text\">Por: Loja do Centro M\u00f3veis<\/figcaption><\/figure>\n<p>Por esse motivo, muitas cadeiras de escrit\u00f3rio s\u00e3o feitas de materiais como linho ou couro, muitos designs diferentes est\u00e3o dispon\u00edveis para garantir que cada c\u00f4modo da casa tenha uma apar\u00eancia impec\u00e1vel.<\/p>\n<h2>Origem da cadeira diretor<\/h2>\n<p>Os observadores de cinema sempre quiseram sentar na cadeira do diretor, vista por milhares.<\/p>\n<p>Essa posi\u00e7\u00e3o cl\u00e1ssica costuma ser usada para dirigir ou filmar filmes; j\u00e1 foi usado at\u00e9 por profissionais que dirigem filmes.<\/p>\n<figure id=\"attachment_72135\" aria-describedby=\"caption-attachment-72135\" style=\"width: 780px\" class=\"wp-caption alignnone\"><img decoding=\"async\" class=\"wp-image-72135 size-full\" title=\"Origem da cadeira diretor\" src=\"https:\/\/www.aarquiteta.com.br\/blog\/wp-content\/uploads\/2022\/11\/cadeiradiretor13.jpg\" alt=\"\" width=\"780\" height=\"500\" srcset=\"https:\/\/www.aarquiteta.com.br\/blog\/wp-content\/uploads\/2022\/11\/cadeiradiretor13.jpg 780w, https:\/\/www.aarquiteta.com.br\/blog\/wp-content\/uploads\/2022\/11\/cadeiradiretor13-696x446.jpg 696w, https:\/\/www.aarquiteta.com.br\/blog\/wp-content\/uploads\/2022\/11\/cadeiradiretor13-150x96.jpg 150w\" sizes=\"(max-width: 780px) 100vw, 780px\" \/><figcaption id=\"caption-attachment-72135\" class=\"wp-caption-text\">Pinterest<\/figcaption><\/figure>\n<p>A famosa cadeira do diretor tem duas vers\u00f5es; poucas pessoas sabem disso.<\/p>\n<p>Nos anos 1500, foram feitas as primeiras cadeiras usadas pelo criador dos primeiros filmes.<\/p>\n<p>No entanto, a cadeira que agora \u00e9 popular foi criada no s\u00e9culo XVIII por uma empresa chamada Golden Medal.<\/p>\n<h2>5 diferentes maneiras de usar a cadeira diretor<\/h2>\n<p>\u00c9 uma cadeira ergon\u00f4mica que imita os sets de filmagem usados \u200b\u200bpelos diretores, mas foi projetada para suportar confortavelmente horas de trabalho.<\/p>\n<h3>1 \u2014 Cadeira diretor em diferentes espa\u00e7os:<\/h3>\n<p>Por sua liga\u00e7\u00e3o com o mundo do cinema, a cadeira do diretor pode ser uma excelente op\u00e7\u00e3o para qualquer sala de TV, al\u00e9m disso, usar esta cadeira em outras partes da sua casa tamb\u00e9m \u00e9 uma \u00f3tima ideia.<\/p>\n<p>&nbsp;<\/p>\n<figure id=\"attachment_72126\" aria-describedby=\"caption-attachment-72126\" style=\"width: 780px\" class=\"wp-caption alignnone\"><img decoding=\"async\" class=\"wp-image-72126 size-full\" src=\"https:\/\/www.aarquiteta.com.br\/blog\/wp-content\/uploads\/2022\/11\/cadeiradiretor3.jpg\" alt=\"cadeiradiretor3\" width=\"780\" height=\"500\" title=\"\" srcset=\"https:\/\/www.aarquiteta.com.br\/blog\/wp-content\/uploads\/2022\/11\/cadeiradiretor3.jpg 780w, https:\/\/www.aarquiteta.com.br\/blog\/wp-content\/uploads\/2022\/11\/cadeiradiretor3-696x446.jpg 696w, https:\/\/www.aarquiteta.com.br\/blog\/wp-content\/uploads\/2022\/11\/cadeiradiretor3-150x96.jpg 150w\" sizes=\"(max-width: 780px) 100vw, 780px\" \/><figcaption id=\"caption-attachment-72126\" class=\"wp-caption-text\">Por: Westwing<\/figcaption><\/figure>\n<p>Em vez de sentar na cadeira do diretor durante um filme, os espectadores podem usar um sof\u00e1 ou outro arranjo de assentos ao assistir a uma s\u00e9rie com algu\u00e9m de quem gostam.<\/p>\n<p>Esta pe\u00e7a de mobili\u00e1rio \u00e9 muito confort\u00e1vel e pode at\u00e9 contribuir para a experi\u00eancia real\u00e7ando os elementos tem\u00e1ticos.<\/p>\n<p>\u00c9 melhor incluir as cadeiras do diretor em um espa\u00e7o amplo que contenha uma sala de TV. Dessa forma, voc\u00ea pode montar qualquer outro tema com o sof\u00e1 e outros m\u00f3veis.<\/p>\n<p>&nbsp;<\/p>\n<figure id=\"attachment_72127\" aria-describedby=\"caption-attachment-72127\" style=\"width: 1000px\" class=\"wp-caption alignnone\"><img decoding=\"async\" class=\"wp-image-72127 size-full\" title=\"Cadeira diretor em diferentes espa\u00e7os\" src=\"https:\/\/www.aarquiteta.com.br\/blog\/wp-content\/uploads\/2022\/11\/cadeiradiretor4.jpg\" alt=\"cadeiradiretor4\" width=\"1000\" height=\"1000\" srcset=\"https:\/\/www.aarquiteta.com.br\/blog\/wp-content\/uploads\/2022\/11\/cadeiradiretor4.jpg 1000w, https:\/\/www.aarquiteta.com.br\/blog\/wp-content\/uploads\/2022\/11\/cadeiradiretor4-696x696.jpg 696w, https:\/\/www.aarquiteta.com.br\/blog\/wp-content\/uploads\/2022\/11\/cadeiradiretor4-96x96.jpg 96w, https:\/\/www.aarquiteta.com.br\/blog\/wp-content\/uploads\/2022\/11\/cadeiradiretor4-150x150.jpg 150w\" sizes=\"(max-width: 1000px) 100vw, 1000px\" \/><figcaption id=\"caption-attachment-72127\" class=\"wp-caption-text\">Por: Revista Ambientes<\/figcaption><\/figure>\n<p>Muitos estabelecimentos se beneficiam ao incorporar um tema vintage gra\u00e7as \u00e0 cadeira do diretor, eles podem facilmente incorporar designs modernos enquanto ainda se concentram em exibir uma est\u00e9tica vintage.<\/p>\n<h3>2 \u2014 Cadeira diretor para escrit\u00f3rio:<\/h3>\n<p>A cadeira diretor \u00e9 uma poltrona ergon\u00f4mica; destina-se a pessoas que trabalham em casa ou com um escrit\u00f3rio.<\/p>\n<p>&nbsp;<\/p>\n<figure id=\"attachment_72128\" aria-describedby=\"caption-attachment-72128\" style=\"width: 800px\" class=\"wp-caption alignnone\"><img decoding=\"async\" class=\"wp-image-72128 size-full\" title=\"Cadeira diretor para escrit\u00f3rio\" src=\"https:\/\/www.aarquiteta.com.br\/blog\/wp-content\/uploads\/2022\/11\/cadeiradiretor5.jpg\" alt=\"cadeiradiretor5\" width=\"800\" height=\"800\" srcset=\"https:\/\/www.aarquiteta.com.br\/blog\/wp-content\/uploads\/2022\/11\/cadeiradiretor5.jpg 800w, https:\/\/www.aarquiteta.com.br\/blog\/wp-content\/uploads\/2022\/11\/cadeiradiretor5-696x696.jpg 696w, https:\/\/www.aarquiteta.com.br\/blog\/wp-content\/uploads\/2022\/11\/cadeiradiretor5-96x96.jpg 96w, https:\/\/www.aarquiteta.com.br\/blog\/wp-content\/uploads\/2022\/11\/cadeiradiretor5-150x150.jpg 150w\" sizes=\"(max-width: 800px) 100vw, 800px\" \/><figcaption id=\"caption-attachment-72128\" class=\"wp-caption-text\">Por: Emp\u00f3rio Conceito<\/figcaption><\/figure>\n<p>Para manter uma boa postura e desempenho em um n\u00edvel ideal, \u00e9 importante usar a cadeira de diretor<\/p>\n<p>\u00c9 importante considerar as necessidades de um trabalho ao comprar uma cadeira de diretor de escrit\u00f3rio.<\/p>\n<p>Estes incluem uma cadeira com rodas ou bra\u00e7o de apoio, apoio lombar ajust\u00e1vel, apoio de bra\u00e7o remov\u00edvel e almofada de pesco\u00e7o, al\u00e9m disso, certifique-se de que o estofamento esteja coberto de materiais.<\/p>\n<p>&nbsp;<\/p>\n<figure id=\"attachment_72129\" aria-describedby=\"caption-attachment-72129\" style=\"width: 438px\" class=\"wp-caption alignnone\"><img decoding=\"async\" class=\"wp-image-72129 size-full\" src=\"https:\/\/www.aarquiteta.com.br\/blog\/wp-content\/uploads\/2022\/11\/cadeiradiretor6.webp\" alt=\"cadeiradiretor6\" width=\"438\" height=\"560\" title=\"\" srcset=\"https:\/\/www.aarquiteta.com.br\/blog\/wp-content\/uploads\/2022\/11\/cadeiradiretor6.webp 438w, https:\/\/www.aarquiteta.com.br\/blog\/wp-content\/uploads\/2022\/11\/cadeiradiretor6-150x192.webp 150w\" sizes=\"(max-width: 438px) 100vw, 438px\" \/><figcaption id=\"caption-attachment-72129\" class=\"wp-caption-text\">Por: Magazine L<\/figcaption><\/figure>\n<h3>3 \u2014 Decorando com cadeira de diretor de cinema:<\/h3>\n<p>Os m\u00f3veis de uma casa s\u00e3o essenciais para exibir personalidade e criar um ambiente acolhedor.<\/p>\n<p>A cadeira do diretor de cinema \u00e9 um m\u00f3vel elegante e confort\u00e1vel que voc\u00ea pode usar para reuni\u00f5es informais ou formais em sua casa.<\/p>\n<figure id=\"attachment_72130\" aria-describedby=\"caption-attachment-72130\" style=\"width: 279px\" class=\"wp-caption alignnone\"><img decoding=\"async\" class=\"wp-image-72130 size-full\" title=\"Decorando com cadeira de diretor de cinema\" src=\"https:\/\/www.aarquiteta.com.br\/blog\/wp-content\/uploads\/2022\/11\/cadeiradiretor7.jpg\" alt=\"cadeiradiretor7\" width=\"279\" height=\"417\" srcset=\"https:\/\/www.aarquiteta.com.br\/blog\/wp-content\/uploads\/2022\/11\/cadeiradiretor7.jpg 279w, https:\/\/www.aarquiteta.com.br\/blog\/wp-content\/uploads\/2022\/11\/cadeiradiretor7-150x224.jpg 150w\" sizes=\"(max-width: 279px) 100vw, 279px\" \/><figcaption id=\"caption-attachment-72130\" class=\"wp-caption-text\">Por: Casoca<\/figcaption><\/figure>\n<p>Tamb\u00e9m \u00e9 adequado para uso em \u00e1reas p\u00fablicas ou privadas.<\/p>\n<p>A cadeira \u00e9 leve, resistente a impactos e f\u00e1cil de desmontar para uso em geral.<\/p>\n<p>Estas cadeiras s\u00e3o feitas de madeira com um acabamento natural, o que as torna mais acess\u00edveis ao\u00a0 exterior e mais confort\u00e1veis \u200b\u200bpara se sentar.<\/p>\n<figure id=\"attachment_72131\" aria-describedby=\"caption-attachment-72131\" style=\"width: 493px\" class=\"wp-caption alignnone\"><img decoding=\"async\" class=\"wp-image-72131 size-full\" title=\"Decorando com cadeira de diretor de cinema\" src=\"https:\/\/www.aarquiteta.com.br\/blog\/wp-content\/uploads\/2022\/11\/cadeiradiretor8.jpg\" alt=\"cadeiradiretor8\" width=\"493\" height=\"480\" srcset=\"https:\/\/www.aarquiteta.com.br\/blog\/wp-content\/uploads\/2022\/11\/cadeiradiretor8.jpg 493w, https:\/\/www.aarquiteta.com.br\/blog\/wp-content\/uploads\/2022\/11\/cadeiradiretor8-150x146.jpg 150w\" sizes=\"(max-width: 493px) 100vw, 493px\" \/><figcaption id=\"caption-attachment-72131\" class=\"wp-caption-text\">Por: Vazlon Brasil<\/figcaption><\/figure>\n<h3>4 \u2014 Cadeira de madeira de demoli\u00e7\u00e3o:<\/h3>\n<p>A cadeira do diretor traz a natureza para dentro de casa por meio de sua estrutura de madeira de demoli\u00e7\u00e3o e assento de pano.<\/p>\n<p>Enriquece a sala com padr\u00f5es geom\u00e9tricos e flexibilidade suave.<\/p>\n<p>&nbsp;<\/p>\n<figure id=\"attachment_72132\" aria-describedby=\"caption-attachment-72132\" style=\"width: 540px\" class=\"wp-caption alignnone\"><img decoding=\"async\" class=\"wp-image-72132 size-full\" title=\"cadeiradiretor9\" src=\"https:\/\/www.aarquiteta.com.br\/blog\/wp-content\/uploads\/2022\/11\/cadeiradiretor9.webp\" alt=\"cadeiradiretor9\" width=\"540\" height=\"405\" srcset=\"https:\/\/www.aarquiteta.com.br\/blog\/wp-content\/uploads\/2022\/11\/cadeiradiretor9.webp 540w, https:\/\/www.aarquiteta.com.br\/blog\/wp-content\/uploads\/2022\/11\/cadeiradiretor9-150x113.webp 150w\" sizes=\"(max-width: 540px) 100vw, 540px\" \/><figcaption id=\"caption-attachment-72132\" class=\"wp-caption-text\">Por: Marcenaria Bicho do Mato<\/figcaption><\/figure>\n<p>Esta cadeira \u00e9 perfeita para pendurar jardins e varandas exteriores.<\/p>\n<p>Moderna, simples e elegante, a cadeira diretor harmoniza-se com qualquer espa\u00e7o da casa.<\/p>\n<h3>5 \u2014 Cadeira de ferro ou alum\u00ednio:<\/h3>\n<p>As cadeiras de diretor de ferro e alum\u00ednio adicionam estilo industrial \u00e0s casas.<\/p>\n<p>&nbsp;<\/p>\n<figure id=\"attachment_72133\" aria-describedby=\"caption-attachment-72133\" style=\"width: 660px\" class=\"wp-caption alignnone\"><img decoding=\"async\" class=\"wp-image-72133 size-full\" title=\"Cadeira de ferro e alum\u00ednio\" src=\"https:\/\/www.aarquiteta.com.br\/blog\/wp-content\/uploads\/2022\/11\/cadeiradiretor10.webp\" alt=\"cadeiradiretor10\" width=\"660\" height=\"660\" srcset=\"https:\/\/www.aarquiteta.com.br\/blog\/wp-content\/uploads\/2022\/11\/cadeiradiretor10.webp 660w, https:\/\/www.aarquiteta.com.br\/blog\/wp-content\/uploads\/2022\/11\/cadeiradiretor10-96x96.webp 96w, https:\/\/www.aarquiteta.com.br\/blog\/wp-content\/uploads\/2022\/11\/cadeiradiretor10-150x150.webp 150w\" sizes=\"(max-width: 660px) 100vw, 660px\" \/><figcaption id=\"caption-attachment-72133\" class=\"wp-caption-text\">Por: Nautika<\/figcaption><\/figure>\n<p>Eles tamb\u00e9m s\u00e3o leves e f\u00e1ceis de mover, tornando-os ideais para casas modernas.<\/p>\n<p>Para usar um, basta abrir a parte de tr\u00e1s e coloc\u00e1-lo perto de onde muitas pessoas est\u00e3o reunidas.<\/p>\n<p>Voc\u00ea pode guard\u00e1-lo em um arm\u00e1rio, no balc\u00e3o ou em algum outro local que desejar.<\/p>\n<p>&nbsp;<\/p>\n<figure id=\"attachment_72134\" aria-describedby=\"caption-attachment-72134\" style=\"width: 300px\" class=\"wp-caption alignnone\"><img decoding=\"async\" class=\"wp-image-72134 size-full\" title=\"Cadeira de ferro e alum\u00ednio:\" src=\"https:\/\/www.aarquiteta.com.br\/blog\/wp-content\/uploads\/2022\/11\/cadeiradiretor11.jpg\" alt=\"cadeiradiretor11\" width=\"300\" height=\"300\" srcset=\"https:\/\/www.aarquiteta.com.br\/blog\/wp-content\/uploads\/2022\/11\/cadeiradiretor11.jpg 300w, https:\/\/www.aarquiteta.com.br\/blog\/wp-content\/uploads\/2022\/11\/cadeiradiretor11-96x96.jpg 96w, https:\/\/www.aarquiteta.com.br\/blog\/wp-content\/uploads\/2022\/11\/cadeiradiretor11-150x150.jpg 150w\" sizes=\"(max-width: 300px) 100vw, 300px\" \/><figcaption id=\"caption-attachment-72134\" class=\"wp-caption-text\">Por: Nautika<\/figcaption><\/figure>\n<p>Quando voc\u00ea precisar us\u00e1-lo para festas ou outros eventos, basta abrir a cadeira!<\/p>\n<p>&nbsp;<\/p>\n<h2>E a\u00ed, gostou do artigo sobre Do cinema para sua casa &#8211; 5 maneiras de decorar com a cadeira diretor?<\/h2>\n<p>Ent\u00e3o deslize a tela para baixo e<a href=\"https:\/\/br.pinterest.com\/aarquitetapinterest\/_created\/\" target=\"_blank\" rel=\"noopener\"> confira mais dicas<\/a> como esta e n\u00e3o se esque\u00e7a de compartilhar com os amigos!<\/p>\n<p>Quer mais dicas sobre o mundo da Arquitetura e Decora\u00e7\u00e3o, ent\u00e3o confira alguns dos nossos artigos em:<\/p>\n<ul>\n<li><a href=\"https:\/\/www.aarquiteta.com.br\/blog\/paisagismo\/\" target=\"_blank\" rel=\"noopener\">Casa e Jardim<\/a><\/li>\n<li><a href=\"https:\/\/www.aarquiteta.com.br\/blog\/arquitetura\/mundo-arquitetura\/\" target=\"_blank\" rel=\"noopener\">Mundo Arquitetura<\/a><\/li>\n<li><a href=\"https:\/\/www.aarquiteta.com.br\/decoracao\/\" target=\"_blank\" rel=\"noopener\">Decora\u00e7\u00e3o<br \/>\n<\/a><\/li>\n<\/ul>\n<p>&nbsp;<\/p>\n","protected":false},"excerpt":{"rendered":"<p>Para proporcionar conforto e relaxamento em casa, as cadeiras s\u00e3o uma pe\u00e7a de mobili\u00e1rio essencial, isso pode ser feito comprando a cadeira diretor ideal. Ao adquirir uma cadeira moderna e aconchegante, voc\u00ea pode criar um ambiente acolhedor e convidativo em sua casa, e al\u00e9m disso, escolher a cadeira certa ajudar\u00e1 voc\u00ea a manter uma boa [&hellip;]<\/p>\n","protected":false},"author":102,"featured_media":72123,"comment_status":"open","ping_status":"closed","sticky":false,"template":"","format":"standard","meta":{"footnotes":""},"categories":[1484,18757,18751,18752,18753,18758],"tags":[22947,23157,23151,23155,23154,23156,23153,23158,23150,23159,23152,23160],"class_list":["post-72095","post","type-post","status-publish","format-standard","has-post-thumbnail","category-decoracao","category-decoracao-de-escritorio","category-decoracao-sala-de-estar","category-decoracao-sala-de-jantar","category-decoracao-de-sala-de-tv","category-decoracao-de-varanda-terraco","tag-cadeira-diretor","tag-cadeira-diretor-cinema","tag-cadeira-diretor-de-cinema","tag-cadeira-diretor-de-madeira-de-demolicao","tag-cadeira-diretor-de-madeira-sustentavel","tag-cadeira-diretor-dobrevel","tag-cadeira-diretor-para-escritorio","tag-cadeira-estilo-diretor","tag-cadeiras-de-diretor-de-ferro-e-aluminio-dobrada","tag-cadeiras-escritorio","tag-decoracao-com-cadeiras-de-diretor","tag-decorando-com-cadeira-de-diretor-de-cinema"],"_wp_attached_file":null,"_wp_attachment_metadata":null,"_wp_attachment_context":null,"_wp_attachment_is_custom_header":null,"geo_longitude":null,"geo_public":null,"geo_latitude":null,"_publicize_done_external":null,"_wpas_done_3897181":null,"publicize_twitter_user":null,"_wpas_done_3897175":null,"_wpas_skip_3897181":null,"_wpas_skip_3897175":null,"_wpas_skip_3924723":null,"_wpas_mess":null,"_wpas_done_3924723":null,"wps_subtitle":"Confira 5 dicas para usar sua cadeira diretor de cienma em sua casa!","_links":{"self":[{"href":"https:\/\/www.aarquiteta.com.br\/blog\/wp-json\/wp\/v2\/posts\/72095","targetHints":{"allow":["GET"]}}],"collection":[{"href":"https:\/\/www.aarquiteta.com.br\/blog\/wp-json\/wp\/v2\/posts"}],"about":[{"href":"https:\/\/www.aarquiteta.com.br\/blog\/wp-json\/wp\/v2\/types\/post"}],"author":[{"embeddable":true,"href":"https:\/\/www.aarquiteta.com.br\/blog\/wp-json\/wp\/v2\/users\/102"}],"replies":[{"embeddable":true,"href":"https:\/\/www.aarquiteta.com.br\/blog\/wp-json\/wp\/v2\/comments?post=72095"}],"version-history":[{"count":0,"href":"https:\/\/www.aarquiteta.com.br\/blog\/wp-json\/wp\/v2\/posts\/72095\/revisions"}],"wp:featuredmedia":[{"embeddable":true,"href":"https:\/\/www.aarquiteta.com.br\/blog\/wp-json\/wp\/v2\/media\/72123"}],"wp:attachment":[{"href":"https:\/\/www.aarquiteta.com.br\/blog\/wp-json\/wp\/v2\/media?parent=72095"}],"wp:term":[{"taxonomy":"category","embeddable":true,"href":"https:\/\/www.aarquiteta.com.br\/blog\/wp-json\/wp\/v2\/categories?post=72095"},{"taxonomy":"post_tag","embeddable":true,"href":"https:\/\/www.aarquiteta.com.br\/blog\/wp-json\/wp\/v2\/tags?post=72095"}],"curies":[{"name":"wp","href":"https:\/\/api.w.org\/{rel}","templated":true}]}}