{"id":71728,"date":"2022-11-11T07:00:41","date_gmt":"2022-11-11T10:00:41","guid":{"rendered":"http:\/\/aarquiteta.com.br\/?p=71728"},"modified":"2023-07-31T12:21:55","modified_gmt":"2023-07-31T15:21:55","slug":"forro-de-pvc","status":"publish","type":"post","link":"https:\/\/www.aarquiteta.com.br\/blog\/forro-de-pvc\/","title":{"rendered":"Forro de PVC &#8211; 5 dicas para seu projeto!"},"content":{"rendered":"<div class=\"group w-full text-gray-800 dark:text-gray-100 border-b border-black\/10 dark:border-gray-900\/50 bg-gray-50 dark:bg-[#444654] sm:AIPRM__conversation__response\">\n<div class=\"flex p-4 gap-4 text-base md:gap-6 md:max-w-2xl lg:max-w-[38rem] xl:max-w-3xl md:py-6 lg:px-0 m-auto\">\n<div class=\"relative flex w-[calc(100%-50px)] flex-col gap-1 md:gap-3 lg:w-[calc(100%-115px)]\">\n<div class=\"flex flex-grow flex-col gap-3\">\n<div class=\"min-h-[20px] flex items-start overflow-x-auto whitespace-pre-wrap break-words flex-col gap-4\">\n<div class=\"markdown prose w-full break-words dark:prose-invert dark AIPRM__conversation__response\">\n<p>Se voc\u00ea est\u00e1 planejando um projeto de constru\u00e7\u00e3o ou reforma, certamente j\u00e1 considerou a import\u00e2ncia do forro para o acabamento e isolamento t\u00e9rmico e ac\u00fastico dos ambientes. O forro de PVC tem se destacado como uma excelente op\u00e7\u00e3o, pois combina praticidade, beleza e funcionalidade. Neste artigo, vamos apresentar cinco dicas essenciais para voc\u00ea aproveitar ao m\u00e1ximo o uso do forro de PVC em seu projeto. Vamos l\u00e1?<\/p>\n<figure id=\"attachment_71755\" aria-describedby=\"caption-attachment-71755\" style=\"width: 500px\" class=\"wp-caption alignnone\"><img decoding=\"async\" class=\"wp-image-71755 size-full\" src=\"https:\/\/www.aarquiteta.com.br\/blog\/wp-content\/uploads\/2022\/11\/forropvc2.jpg\" alt=\"forropvc2\" width=\"500\" height=\"376\" title=\"\" srcset=\"https:\/\/www.aarquiteta.com.br\/blog\/wp-content\/uploads\/2022\/11\/forropvc2.jpg 500w, https:\/\/www.aarquiteta.com.br\/blog\/wp-content\/uploads\/2022\/11\/forropvc2-150x113.jpg 150w\" sizes=\"(max-width: 500px) 100vw, 500px\" \/><figcaption id=\"caption-attachment-71755\" class=\"wp-caption-text\">Por: Inove sua Obra<\/figcaption><\/figure>\n<h2><strong>1. Conhe\u00e7a os Benef\u00edcios do Forro de PVC<\/strong><\/h2>\n<p>O forro de PVC \u00e9 uma alternativa cada vez mais popular em projetos residenciais e comerciais, e isso n\u00e3o \u00e9 por acaso. Ele oferece uma s\u00e9rie de vantagens significativas que o tornam uma escolha inteligente. Al\u00e9m de ser mais econ\u00f4mico em rela\u00e7\u00e3o a outros materiais, o forro de PVC \u00e9 leve, o que facilita a instala\u00e7\u00e3o e reduz o peso na estrutura do telhado. Al\u00e9m disso, o material \u00e9 resistente \u00e0 umidade, n\u00e3o propaga fogo e \u00e9 de f\u00e1cil limpeza, garantindo maior durabilidade e higiene aos ambientes.<\/p>\n<figure id=\"attachment_71756\" aria-describedby=\"caption-attachment-71756\" style=\"width: 500px\" class=\"wp-caption alignnone\"><img decoding=\"async\" class=\"wp-image-71756 size-full\" src=\"https:\/\/www.aarquiteta.com.br\/blog\/wp-content\/uploads\/2022\/11\/forropvc3.jpg\" alt=\"forropvc3\" width=\"500\" height=\"376\" title=\"\" srcset=\"https:\/\/www.aarquiteta.com.br\/blog\/wp-content\/uploads\/2022\/11\/forropvc3.jpg 500w, https:\/\/www.aarquiteta.com.br\/blog\/wp-content\/uploads\/2022\/11\/forropvc3-150x113.jpg 150w\" sizes=\"(max-width: 500px) 100vw, 500px\" \/><figcaption id=\"caption-attachment-71756\" class=\"wp-caption-text\">Por: Espa\u00e7o do acabamento<\/figcaption><\/figure>\n<h2><strong>2. Escolha o Tipo de Perfil Adequado<\/strong><\/h2>\n<p>Ao optar pelo forro de PVC, \u00e9 importante conhecer os diferentes tipos de perfis dispon\u00edveis. Os perfis podem variar em tamanho, acabamento e sistema de encaixe. Entre as op\u00e7\u00f5es mais comuns est\u00e3o o forro modular e o forro em r\u00e9guas. O forro modular \u00e9 pr\u00e1tico e simples de instalar, j\u00e1 o forro em r\u00e9guas proporciona um visual mais linear e cont\u00ednuo. Escolher o perfil adequado \u00e9 essencial para garantir um resultado est\u00e9tico e funcional.<\/p>\n<figure id=\"attachment_71775\" aria-describedby=\"caption-attachment-71775\" style=\"width: 600px\" class=\"wp-caption alignnone\"><img decoding=\"async\" class=\"wp-image-71775 size-full\" title=\"Umidade\" src=\"https:\/\/www.aarquiteta.com.br\/blog\/wp-content\/uploads\/2022\/11\/forropvc6.jpg\" alt=\"forropvc6\" width=\"600\" height=\"450\" srcset=\"https:\/\/www.aarquiteta.com.br\/blog\/wp-content\/uploads\/2022\/11\/forropvc6.jpg 600w, https:\/\/www.aarquiteta.com.br\/blog\/wp-content\/uploads\/2022\/11\/forropvc6-150x113.jpg 150w\" sizes=\"(max-width: 600px) 100vw, 600px\" \/><figcaption id=\"caption-attachment-71775\" class=\"wp-caption-text\">Por: Habit\u00edssimo<\/figcaption><\/figure>\n<h3><strong>3. Considere a Isola\u00e7\u00e3o T\u00e9rmica e Ac\u00fastica<\/strong><\/h3>\n<p>Uma das grandes vantagens do forro de PVC \u00e9 sua capacidade de oferecer isolamento t\u00e9rmico e ac\u00fastico aos ambientes. Isso \u00e9 especialmente relevante em regi\u00f5es com climas extremos e \u00e1reas muito barulhentas. O forro de PVC ajuda a manter a temperatura interna mais agrad\u00e1vel, economizando energia com sistemas de ar condicionado, e tamb\u00e9m reduz a propaga\u00e7\u00e3o de ru\u00eddos indesejados, garantindo um ambiente mais silencioso e confort\u00e1vel.<\/p>\n<figure id=\"attachment_71776\" aria-describedby=\"caption-attachment-71776\" style=\"width: 500px\" class=\"wp-caption alignnone\"><img decoding=\"async\" class=\"wp-image-71776 size-full\" title=\"Tipos de PVC\" src=\"https:\/\/www.aarquiteta.com.br\/blog\/wp-content\/uploads\/2022\/11\/forropvc7.jpg\" alt=\"forropvc7\" width=\"500\" height=\"450\" srcset=\"https:\/\/www.aarquiteta.com.br\/blog\/wp-content\/uploads\/2022\/11\/forropvc7.jpg 500w, https:\/\/www.aarquiteta.com.br\/blog\/wp-content\/uploads\/2022\/11\/forropvc7-150x135.jpg 150w\" sizes=\"(max-width: 500px) 100vw, 500px\" \/><figcaption id=\"caption-attachment-71776\" class=\"wp-caption-text\">Por: Espa\u00e7o do Acabamento<\/figcaption><\/figure>\n<h2><strong>4. Preste Aten\u00e7\u00e3o \u00e0 Instala\u00e7\u00e3o<\/strong><\/h2>\n<p>A instala\u00e7\u00e3o correta do forro de PVC \u00e9 fundamental para garantir a sua efici\u00eancia e durabilidade. \u00c9 recomend\u00e1vel contratar profissionais especializados para realizar o servi\u00e7o, pois possuem o conhecimento e experi\u00eancia necess\u00e1rios para lidar com os detalhes do projeto. A instala\u00e7\u00e3o inadequada pode resultar em problemas como folgas, ru\u00eddos indesejados e at\u00e9 mesmo a redu\u00e7\u00e3o do desempenho t\u00e9rmico e ac\u00fastico do forro.<\/p>\n<h2><strong>5. Explore as Op\u00e7\u00f5es de Design e Cores<\/strong><\/h2>\n<p>O forro de PVC oferece diversas possibilidades de design e cores, permitindo que voc\u00ea explore diferentes estilos e harmonize o ambiente conforme a proposta est\u00e9tica do projeto. Al\u00e9m das op\u00e7\u00f5es tradicionais em branco, \u00e9 poss\u00edvel encontrar forros de PVC com acabamentos que simulam madeira, metal e outros materiais, trazendo um toque de personalidade aos espa\u00e7os. Considere tamb\u00e9m a utiliza\u00e7\u00e3o de sancas e molduras para criar um visual mais sofisticado e elegante.<\/p>\n<figure id=\"attachment_71778\" aria-describedby=\"caption-attachment-71778\" style=\"width: 1024px\" class=\"wp-caption alignnone\"><img decoding=\"async\" class=\"wp-image-71778 size-large\" title=\"Limpando o forro PVC\" src=\"https:\/\/www.aarquiteta.com.br\/blog\/wp-content\/uploads\/2022\/11\/forropvc9-1024x683.jpg\" alt=\"forropvc9\" width=\"1024\" height=\"683\" srcset=\"https:\/\/www.aarquiteta.com.br\/blog\/wp-content\/uploads\/2022\/11\/forropvc9-1024x683.jpg 1024w, https:\/\/www.aarquiteta.com.br\/blog\/wp-content\/uploads\/2022\/11\/forropvc9-696x464.jpg 696w, https:\/\/www.aarquiteta.com.br\/blog\/wp-content\/uploads\/2022\/11\/forropvc9-150x100.jpg 150w, https:\/\/www.aarquiteta.com.br\/blog\/wp-content\/uploads\/2022\/11\/forropvc9.jpg 1200w\" sizes=\"(max-width: 1024px) 100vw, 1024px\" \/><figcaption id=\"caption-attachment-71778\" class=\"wp-caption-text\">Por: Emais Mt<\/figcaption><\/figure>\n<h2><strong>Frequently Asked Questions<\/strong><\/h2>\n<h3><strong>1. O forro de PVC \u00e9 resistente \u00e0 umidade?<\/strong><\/h3>\n<p>Sim, o forro de PVC \u00e9 resistente \u00e0 umidade. Isso torna o material ideal para ambientes como banheiros, cozinhas e \u00e1reas externas, onde a presen\u00e7a de umidade \u00e9 comum.<\/p>\n<h3><strong>2. Qual \u00e9 a vida \u00fatil do forro de PVC?<\/strong><\/h3>\n<p>O forro de PVC tem uma excelente durabilidade e pode ter uma vida \u00fatil de at\u00e9 20 anos, caso seja instalado corretamente e receba a manuten\u00e7\u00e3o adequada.<\/p>\n<h3><strong>3. O forro de PVC \u00e9 inflam\u00e1vel?<\/strong><\/h3>\n<p>N\u00e3o, o forro de PVC \u00e9 um material autoextingu\u00edvel, ou seja, n\u00e3o propaga fogo. Isso contribui para a seguran\u00e7a dos ambientes onde \u00e9 utilizado.<\/p>\n<h3><strong>4. \u00c9 poss\u00edvel pintar o forro de PVC?<\/strong><\/h3>\n<p>Sim, \u00e9 poss\u00edvel pintar o forro de PVC. No entanto, \u00e9 importante utilizar tintas espec\u00edficas para PVC e seguir as instru\u00e7\u00f5es do fabricante para obter um resultado satisfat\u00f3rio.<\/p>\n<h3><strong>5. O forro de PVC pode ser instalado em ambientes externos?<\/strong><\/h3>\n<p>Sim, o forro de PVC pode ser instalado em \u00e1reas externas. Contudo, \u00e9 essencial escolher um tipo de forro resistente aos efeitos do clima e da exposi\u00e7\u00e3o ao sol e \u00e0 chuva.<\/p>\n<h2><strong>Conclus\u00e3o<\/strong><\/h2>\n<p>O forro de PVC \u00e9 uma excelente escolha para quem busca praticidade, beleza e efici\u00eancia em projetos de constru\u00e7\u00e3o ou reforma. Suas caracter\u00edsticas vers\u00e1teis e funcionais o tornam um material de destaque no mercado. Ao seguir as dicas apresentadas neste artigo, voc\u00ea estar\u00e1 mais preparado para utilizar o forro de PVC de maneira adequada, garantindo um ambiente agrad\u00e1vel, bem isolado e com um visual incr\u00edvel.<\/p>\n<h2><strong>Curiosidade<\/strong><\/h2>\n<p>Sabia que o PVC \u00e9 um material 100% recicl\u00e1vel? Isso mesmo! Al\u00e9m de todas as vantagens j\u00e1 mencionadas, o forro de PVC tamb\u00e9m contribui para a sustentabilidade do planeta. Ao descartar corretamente os res\u00edduos, voc\u00ea estar\u00e1 colaborando com a preserva\u00e7\u00e3o do meio ambiente e incentivando a economia circular. Fa\u00e7a a diferen\u00e7a e aposte em solu\u00e7\u00f5es sustent\u00e1veis para os seus projetos!<\/p>\n<\/div>\n<\/div>\n<\/div>\n<\/div>\n<\/div>\n<\/div>\n<figure id=\"attachment_71783\" aria-describedby=\"caption-attachment-71783\" style=\"width: 1024px\" class=\"wp-caption alignnone\"><img decoding=\"async\" class=\"wp-image-71783 size-full\" title=\"Valores\" src=\"https:\/\/www.aarquiteta.com.br\/blog\/wp-content\/uploads\/2022\/11\/forropvc14.jpg\" alt=\"forropvc14\" width=\"1024\" height=\"692\" srcset=\"https:\/\/www.aarquiteta.com.br\/blog\/wp-content\/uploads\/2022\/11\/forropvc14.jpg 1024w, https:\/\/www.aarquiteta.com.br\/blog\/wp-content\/uploads\/2022\/11\/forropvc14-696x470.jpg 696w, https:\/\/www.aarquiteta.com.br\/blog\/wp-content\/uploads\/2022\/11\/forropvc14-150x101.jpg 150w\" sizes=\"(max-width: 1024px) 100vw, 1024px\" \/><figcaption id=\"caption-attachment-71783\" class=\"wp-caption-text\">Por: Rei do Forro<\/figcaption><\/figure>\n<p><strong>E a\u00ed, gostou do artigo sobre Forro de PVC &#8211; 5 dicas para seu projeto?<\/strong><\/p>\n<p>Ent\u00e3o deslize a tela para baixo e<a href=\"https:\/\/br.pinterest.com\/aarquitetapinterest\/_created\/\" target=\"_blank\" rel=\"noopener\"> confira mais dicas<\/a> como esta e n\u00e3o se esque\u00e7a de compartilhar com os amigos!<\/p>\n<p>Quer mais dicas sobre o mundo da Arquitetura e Decora\u00e7\u00e3o, ent\u00e3o confira alguns dos nossos artigos em:<\/p>\n<ul>\n<li><a href=\"https:\/\/www.aarquiteta.com.br\/blog\/paisagismo\/\" target=\"_blank\" rel=\"noopener\">Casa e Jardim<\/a><\/li>\n<li><a href=\"https:\/\/www.aarquiteta.com.br\/blog\/arquitetura\/mundo-arquitetura\/\" target=\"_blank\" rel=\"noopener\">Mundo Arquitetura<\/a><\/li>\n<li><a href=\"https:\/\/www.aarquiteta.com.br\/decoracao\/\" target=\"_blank\" rel=\"noopener\">Decora\u00e7\u00e3o<br \/>\n<\/a><\/li>\n<\/ul>\n<p>&nbsp;<\/p>\n","protected":false},"excerpt":{"rendered":"<p>Se voc\u00ea est\u00e1 planejando um projeto de constru\u00e7\u00e3o ou reforma, certamente j\u00e1 considerou a import\u00e2ncia do forro para o acabamento e isolamento t\u00e9rmico e ac\u00fastico dos ambientes. O forro de PVC tem se destacado como uma excelente op\u00e7\u00e3o, pois combina praticidade, beleza e funcionalidade. Neste artigo, vamos apresentar cinco dicas essenciais para voc\u00ea aproveitar ao [&hellip;]<\/p>\n","protected":false},"author":102,"featured_media":71754,"comment_status":"closed","ping_status":"closed","sticky":false,"template":"","format":"standard","meta":{"footnotes":""},"categories":[1484,18756,18757,18751,18752,18753],"tags":[22786,22787,22784,22785],"class_list":["post-71728","post","type-post","status-publish","format-standard","has-post-thumbnail","category-decoracao","category-decoracao-de-dormitorio","category-decoracao-de-escritorio","category-decoracao-sala-de-estar","category-decoracao-sala-de-jantar","category-decoracao-de-sala-de-tv","tag-forro-pvc-colorido","tag-forro-pvc-personalizado","tag-forropvc","tag-reforma-de-casa"],"_wp_attached_file":null,"_wp_attachment_metadata":null,"_wp_attachment_context":null,"_wp_attachment_is_custom_header":null,"geo_longitude":null,"geo_public":null,"geo_latitude":null,"_publicize_done_external":null,"_wpas_done_3897181":null,"publicize_twitter_user":null,"_wpas_done_3897175":null,"_wpas_skip_3897181":null,"_wpas_skip_3897175":null,"_wpas_skip_3924723":null,"_wpas_mess":null,"_wpas_done_3924723":null,"wps_subtitle":"Dicas de como instalar e manter o forro de pvc em seu projeto, confira!","_links":{"self":[{"href":"https:\/\/www.aarquiteta.com.br\/blog\/wp-json\/wp\/v2\/posts\/71728","targetHints":{"allow":["GET"]}}],"collection":[{"href":"https:\/\/www.aarquiteta.com.br\/blog\/wp-json\/wp\/v2\/posts"}],"about":[{"href":"https:\/\/www.aarquiteta.com.br\/blog\/wp-json\/wp\/v2\/types\/post"}],"author":[{"embeddable":true,"href":"https:\/\/www.aarquiteta.com.br\/blog\/wp-json\/wp\/v2\/users\/102"}],"replies":[{"embeddable":true,"href":"https:\/\/www.aarquiteta.com.br\/blog\/wp-json\/wp\/v2\/comments?post=71728"}],"version-history":[{"count":0,"href":"https:\/\/www.aarquiteta.com.br\/blog\/wp-json\/wp\/v2\/posts\/71728\/revisions"}],"wp:featuredmedia":[{"embeddable":true,"href":"https:\/\/www.aarquiteta.com.br\/blog\/wp-json\/wp\/v2\/media\/71754"}],"wp:attachment":[{"href":"https:\/\/www.aarquiteta.com.br\/blog\/wp-json\/wp\/v2\/media?parent=71728"}],"wp:term":[{"taxonomy":"category","embeddable":true,"href":"https:\/\/www.aarquiteta.com.br\/blog\/wp-json\/wp\/v2\/categories?post=71728"},{"taxonomy":"post_tag","embeddable":true,"href":"https:\/\/www.aarquiteta.com.br\/blog\/wp-json\/wp\/v2\/tags?post=71728"}],"curies":[{"name":"wp","href":"https:\/\/api.w.org\/{rel}","templated":true}]}}