{"id":70899,"date":"2022-10-21T19:00:32","date_gmt":"2022-10-21T22:00:32","guid":{"rendered":"http:\/\/aarquiteta.com.br\/?p=70899"},"modified":"2022-10-20T16:48:03","modified_gmt":"2022-10-20T19:48:03","slug":"texturas","status":"publish","type":"post","link":"https:\/\/www.aarquiteta.com.br\/blog\/texturas\/","title":{"rendered":"Texturas para paredes e muros &#8211; 7 aplica\u00e7\u00f5es para sua reforma!"},"content":{"rendered":"<p>Essas texturas s\u00e3o \u00f3timas para ambientes internos e externos, elas s\u00e3o resistentes \u00e0 umidade e podem at\u00e9 ser usados \u200b\u200bao ar livre.<\/p>\n<p>As pessoas muitas vezes optam por mudar a cor de suas paredes como forma de adicionar um novo ar \u00e0 sua casa.<\/p>\n<p>As texturas de parede podem fornecer benef\u00edcios semelhantes sem alterar as cores.<\/p>\n<figure id=\"attachment_70950\" aria-describedby=\"caption-attachment-70950\" style=\"width: 590px\" class=\"wp-caption alignnone\"><img decoding=\"async\" class=\"wp-image-70950 size-full\" src=\"https:\/\/www.aarquiteta.com.br\/blog\/wp-content\/uploads\/2022\/10\/textura15.jpg\" alt=\"textura15\" width=\"590\" height=\"385\" title=\"\" srcset=\"https:\/\/www.aarquiteta.com.br\/blog\/wp-content\/uploads\/2022\/10\/textura15.jpg 590w, https:\/\/www.aarquiteta.com.br\/blog\/wp-content\/uploads\/2022\/10\/textura15-150x98.jpg 150w\" sizes=\"(max-width: 590px) 100vw, 590px\" \/><figcaption id=\"caption-attachment-70950\" class=\"wp-caption-text\">Por: Vai com Tudo<\/figcaption><\/figure>\n<p>Para produzir em massa adequadamente uma determinada textura, os criadores independentes devem usar materiais e massas espec\u00edficos.<\/p>\n<p>Recomenda-se que as pessoas empreguem m\u00e3o de obra para garantir que as texturas sejam produzidas adequadamente.<\/p>\n<figure id=\"attachment_70948\" aria-describedby=\"caption-attachment-70948\" style=\"width: 700px\" class=\"wp-caption alignnone\"><img decoding=\"async\" class=\"wp-image-70948 size-full\" src=\"https:\/\/www.aarquiteta.com.br\/blog\/wp-content\/uploads\/2022\/10\/textura14.png\" alt=\"textura14\" width=\"700\" height=\"409\" title=\"\" srcset=\"https:\/\/www.aarquiteta.com.br\/blog\/wp-content\/uploads\/2022\/10\/textura14.png 700w, https:\/\/www.aarquiteta.com.br\/blog\/wp-content\/uploads\/2022\/10\/textura14-696x407.png 696w, https:\/\/www.aarquiteta.com.br\/blog\/wp-content\/uploads\/2022\/10\/textura14-150x88.png 150w\" sizes=\"(max-width: 700px) 100vw, 700px\" \/><figcaption id=\"caption-attachment-70948\" class=\"wp-caption-text\">Por: CEC<\/figcaption><\/figure>\n<p>\u00c9 importante certificar-se de que nenhum material como massa de vidraceiro ou outras subst\u00e2ncias respingue na parede, ou no ch\u00e3o antes de aplicar a textura.<\/p>\n<p>Tamb\u00e9m \u00e9 importante esperar pelo menos 24 horas antes de trabalhar na \u00e1rea, remodel\u00e1-la ou fazer qualquer outra mudan\u00e7a significativa.<\/p>\n<figure id=\"attachment_70928\" aria-describedby=\"caption-attachment-70928\" style=\"width: 590px\" class=\"wp-caption alignnone\"><img decoding=\"async\" class=\"wp-image-70928 size-full\" src=\"https:\/\/www.aarquiteta.com.br\/blog\/wp-content\/uploads\/2022\/10\/textura6.jpg\" alt=\"textura6\" width=\"590\" height=\"397\" title=\"\" srcset=\"https:\/\/www.aarquiteta.com.br\/blog\/wp-content\/uploads\/2022\/10\/textura6.jpg 590w, https:\/\/www.aarquiteta.com.br\/blog\/wp-content\/uploads\/2022\/10\/textura6-150x101.jpg 150w\" sizes=\"(max-width: 590px) 100vw, 590px\" \/><figcaption id=\"caption-attachment-70928\" class=\"wp-caption-text\">Por: Ibratex<\/figcaption><\/figure>\n<p>Se voc\u00ea escolher uma textura inadequada, pode fazer com que o espa\u00e7o pare\u00e7a confuso e fora do lugar.<\/p>\n<p>Ao criar um mural, escolha uma parede com a mesma textura do recorte para criar a ilus\u00e3o de profundidade.<\/p>\n<p>Al\u00e9m disso, use luz para aprimorar as texturas em sua arte.<\/p>\n<figure id=\"attachment_70945\" aria-describedby=\"caption-attachment-70945\" style=\"width: 696px\" class=\"wp-caption alignnone\"><img decoding=\"async\" class=\"wp-image-70945 size-full\" src=\"https:\/\/www.aarquiteta.com.br\/blog\/wp-content\/uploads\/2022\/10\/textura13.jpg\" alt=\"textura13\" width=\"696\" height=\"392\" title=\"\" srcset=\"https:\/\/www.aarquiteta.com.br\/blog\/wp-content\/uploads\/2022\/10\/textura13.jpg 696w, https:\/\/www.aarquiteta.com.br\/blog\/wp-content\/uploads\/2022\/10\/textura13-150x84.jpg 150w\" sizes=\"(max-width: 696px) 100vw, 696px\" \/><figcaption id=\"caption-attachment-70945\" class=\"wp-caption-text\">Por: Ideias Brasil<\/figcaption><\/figure>\n<p>Confira a seguir algumas texturas mais usadas:<\/p>\n<h3>1 \u2014 Cimento queimado:<\/h3>\n<p>Uma caracter\u00edstica popular do design industrial \u00e9 a sensa\u00e7\u00e3o de cimento queimado.<\/p>\n<figure id=\"attachment_70915\" aria-describedby=\"caption-attachment-70915\" style=\"width: 1280px\" class=\"wp-caption alignnone\"><img decoding=\"async\" class=\"wp-image-70915 size-full\" title=\"Cimento queimado\" src=\"https:\/\/www.aarquiteta.com.br\/blog\/wp-content\/uploads\/2022\/10\/textura.jpg\" alt=\"textura\" width=\"1280\" height=\"960\" srcset=\"https:\/\/www.aarquiteta.com.br\/blog\/wp-content\/uploads\/2022\/10\/textura.jpg 1280w, https:\/\/www.aarquiteta.com.br\/blog\/wp-content\/uploads\/2022\/10\/textura-1024x768.jpg 1024w, https:\/\/www.aarquiteta.com.br\/blog\/wp-content\/uploads\/2022\/10\/textura-696x522.jpg 696w, https:\/\/www.aarquiteta.com.br\/blog\/wp-content\/uploads\/2022\/10\/textura-150x113.jpg 150w\" sizes=\"(max-width: 1280px) 100vw, 1280px\" \/><figcaption id=\"caption-attachment-70915\" class=\"wp-caption-text\">Por: Pintor<\/figcaption><\/figure>\n<p>Requer m\u00e3o de obra especializada e cimento misturado com areia e \u00e1gua para criar um acabamento aplicado com sucesso.<\/p>\n<p>Texturas de cimento pr\u00e9-fabricadas e baratas podem ser usadas como alternativas.<\/p>\n<h3>2 \u2014 Grafiato:<\/h3>\n<p>O Brasil usa a textura grafiato com mais frequ\u00eancia, parece gr\u00e2nulos de quartzo r\u00fasticos e cristais minerais misturados.<\/p>\n<p>Grafiato \u00e9 resistente e resistente aos elementos externos.<\/p>\n<figure id=\"attachment_70917\" aria-describedby=\"caption-attachment-70917\" style=\"width: 625px\" class=\"wp-caption alignnone\"><img decoding=\"async\" class=\"wp-image-70917 size-full\" title=\"Grafiato\" src=\"https:\/\/www.aarquiteta.com.br\/blog\/wp-content\/uploads\/2022\/10\/textura2.jpg\" alt=\"textura2\" width=\"625\" height=\"469\" srcset=\"https:\/\/www.aarquiteta.com.br\/blog\/wp-content\/uploads\/2022\/10\/textura2.jpg 625w, https:\/\/www.aarquiteta.com.br\/blog\/wp-content\/uploads\/2022\/10\/textura2-150x113.jpg 150w\" sizes=\"(max-width: 625px) 100vw, 625px\" \/><figcaption id=\"caption-attachment-70917\" class=\"wp-caption-text\">Pinterest<\/figcaption><\/figure>\n<p>Qualquer objeto pode ser usado para aplicar press\u00e3o e criar ranhuras na parede, suas aplica\u00e7\u00f5es comuns incluem esp\u00e1tulas e rolos.<\/p>\n<p>Quando estiver seco, voc\u00ea pode pintar a cor de parede desejada.<\/p>\n<figure id=\"attachment_70920\" aria-describedby=\"caption-attachment-70920\" style=\"width: 730px\" class=\"wp-caption alignnone\"><img decoding=\"async\" class=\"wp-image-70920 size-full\" title=\"Grafiato\" src=\"https:\/\/www.aarquiteta.com.br\/blog\/wp-content\/uploads\/2022\/10\/textura3.jpg\" alt=\"textura3\" width=\"730\" height=\"548\" srcset=\"https:\/\/www.aarquiteta.com.br\/blog\/wp-content\/uploads\/2022\/10\/textura3.jpg 730w, https:\/\/www.aarquiteta.com.br\/blog\/wp-content\/uploads\/2022\/10\/textura3-696x522.jpg 696w, https:\/\/www.aarquiteta.com.br\/blog\/wp-content\/uploads\/2022\/10\/textura3-150x113.jpg 150w\" sizes=\"(max-width: 730px) 100vw, 730px\" \/><figcaption id=\"caption-attachment-70920\" class=\"wp-caption-text\">Por: Tua Casa<\/figcaption><\/figure>\n<p>Essa textura comum de parede externa \u00e9 frequentemente vista em outras superf\u00edcies, como portas e fachadas.<\/p>\n<h3>3 \u2014 Marmorato:<\/h3>\n<p>O marmorato \u00e9 usado para dar mais sofistica\u00e7\u00e3o \u00e0 apar\u00eancia de um c\u00f4modo.<\/p>\n<figure id=\"attachment_70927\" aria-describedby=\"caption-attachment-70927\" style=\"width: 650px\" class=\"wp-caption alignnone\"><img decoding=\"async\" class=\"wp-image-70927 size-full\" title=\"Marmorato\" src=\"https:\/\/www.aarquiteta.com.br\/blog\/wp-content\/uploads\/2022\/10\/textura5.jpg\" alt=\"textura5\" width=\"650\" height=\"1000\" srcset=\"https:\/\/www.aarquiteta.com.br\/blog\/wp-content\/uploads\/2022\/10\/textura5.jpg 650w, https:\/\/www.aarquiteta.com.br\/blog\/wp-content\/uploads\/2022\/10\/textura5-150x231.jpg 150w\" sizes=\"(max-width: 650px) 100vw, 650px\" \/><figcaption id=\"caption-attachment-70927\" class=\"wp-caption-text\">Por: Casa Medeiros<\/figcaption><\/figure>\n<p>Normalmente adiciona cores cinza e bege a ambientes com pouca ilumina\u00e7\u00e3o; ele tamb\u00e9m pode adicionar cores marrom, laranja e vermelho para salas com ilumina\u00e7\u00e3o alta.<\/p>\n<p>Marmorato \u00e9 normalmente usado em salas destinadas \u00e0 ilumina\u00e7\u00e3o de destaque.<\/p>\n<figure id=\"attachment_70924\" aria-describedby=\"caption-attachment-70924\" style=\"width: 480px\" class=\"wp-caption alignnone\"><img decoding=\"async\" class=\"wp-image-70924 size-full\" title=\"Marmorato\" src=\"https:\/\/www.aarquiteta.com.br\/blog\/wp-content\/uploads\/2022\/10\/textura4.jpg\" alt=\"textura4\" width=\"480\" height=\"360\" srcset=\"https:\/\/www.aarquiteta.com.br\/blog\/wp-content\/uploads\/2022\/10\/textura4.jpg 480w, https:\/\/www.aarquiteta.com.br\/blog\/wp-content\/uploads\/2022\/10\/textura4-150x113.jpg 150w\" sizes=\"(max-width: 480px) 100vw, 480px\" \/><figcaption id=\"caption-attachment-70924\" class=\"wp-caption-text\">Por: Blog da Telha<\/figcaption><\/figure>\n<p>Uma vers\u00e3o mais polida pode ser obtida aplicando uma camada de verniz transparente ou cera na massa.<\/p>\n<p>Isso pode ser encontrado em lojas de constru\u00e7\u00e3o e oferece o brilho caracter\u00edstico da pedra.<\/p>\n<h3>4 \u2014 Ranhura:<\/h3>\n<p>Cortar massa em formas usando uma faca de pl\u00e1stico pode criar desenhos uniformes em uma parede.<\/p>\n<figure id=\"attachment_70929\" aria-describedby=\"caption-attachment-70929\" style=\"width: 300px\" class=\"wp-caption alignnone\"><img decoding=\"async\" class=\"wp-image-70929 size-full\" title=\"Ranhura\" src=\"https:\/\/www.aarquiteta.com.br\/blog\/wp-content\/uploads\/2022\/10\/textura7.jpg\" alt=\"textura7\" width=\"300\" height=\"450\" srcset=\"https:\/\/www.aarquiteta.com.br\/blog\/wp-content\/uploads\/2022\/10\/textura7.jpg 300w, https:\/\/www.aarquiteta.com.br\/blog\/wp-content\/uploads\/2022\/10\/textura7-150x225.jpg 150w\" sizes=\"(max-width: 300px) 100vw, 300px\" \/><figcaption id=\"caption-attachment-70929\" class=\"wp-caption-text\">Por: Momento da Arte<\/figcaption><\/figure>\n<p>Esse processo \u00e9 conhecido como grafiato e costuma ser usado para adicionar ranhuras ao desenho.<\/p>\n<p>\u00c9 poss\u00edvel criar texturas \u00fanicas movendo as esp\u00e1tulas em diferentes dire\u00e7\u00f5es.<\/p>\n<figure id=\"attachment_70931\" aria-describedby=\"caption-attachment-70931\" style=\"width: 500px\" class=\"wp-caption alignnone\"><img decoding=\"async\" class=\"wp-image-70931 size-full\" title=\"Ranhura\" src=\"https:\/\/www.aarquiteta.com.br\/blog\/wp-content\/uploads\/2022\/10\/textura8.jpg\" alt=\"textura8\" width=\"500\" height=\"375\" srcset=\"https:\/\/www.aarquiteta.com.br\/blog\/wp-content\/uploads\/2022\/10\/textura8.jpg 500w, https:\/\/www.aarquiteta.com.br\/blog\/wp-content\/uploads\/2022\/10\/textura8-150x113.jpg 150w\" sizes=\"(max-width: 500px) 100vw, 500px\" \/><figcaption id=\"caption-attachment-70931\" class=\"wp-caption-text\">Por: Construindo Decor<\/figcaption><\/figure>\n<p>Isso pode criar curvas ou linhas retas.<\/p>\n<figure id=\"attachment_70952\" aria-describedby=\"caption-attachment-70952\" style=\"width: 590px\" class=\"wp-caption alignnone\"><img decoding=\"async\" class=\"wp-image-70952 size-full\" title=\"Ranhura\" src=\"https:\/\/www.aarquiteta.com.br\/blog\/wp-content\/uploads\/2022\/10\/textura16.jpg\" alt=\"textura16\" width=\"590\" height=\"443\" srcset=\"https:\/\/www.aarquiteta.com.br\/blog\/wp-content\/uploads\/2022\/10\/textura16.jpg 590w, https:\/\/www.aarquiteta.com.br\/blog\/wp-content\/uploads\/2022\/10\/textura16-150x113.jpg 150w\" sizes=\"(max-width: 590px) 100vw, 590px\" \/><figcaption id=\"caption-attachment-70952\" class=\"wp-caption-text\">Pinterest<\/figcaption><\/figure>\n<h3>5 \u2014 Quadriculado:<\/h3>\n<p>\u00c9 importante limpar a parede e aplicar massa uniformemente antes de concluir o projeto.<\/p>\n<p>Ap\u00f3s esperar a massa endurecer, voc\u00ea pode pintar a parede da cor que quiser.<\/p>\n<figure id=\"attachment_70935\" aria-describedby=\"caption-attachment-70935\" style=\"width: 491px\" class=\"wp-caption alignnone\"><img decoding=\"async\" class=\"wp-image-70935 size-full\" title=\"Quadriculado\" src=\"https:\/\/www.aarquiteta.com.br\/blog\/wp-content\/uploads\/2022\/10\/textura9.png\" alt=\"textura9\" width=\"491\" height=\"260\" srcset=\"https:\/\/www.aarquiteta.com.br\/blog\/wp-content\/uploads\/2022\/10\/textura9.png 491w, https:\/\/www.aarquiteta.com.br\/blog\/wp-content\/uploads\/2022\/10\/textura9-150x79.png 150w\" sizes=\"(max-width: 491px) 100vw, 491px\" \/><figcaption id=\"caption-attachment-70935\" class=\"wp-caption-text\">Por: Blog da Chatuba<\/figcaption><\/figure>\n<p>\u00c9 particularmente importante certificar-se de que uma parede de massa esteja limpa e mesmo antes de aplicar a massa.<\/p>\n<p>Ap\u00f3s seco, voc\u00ea pode pintar da cor que quiser.<\/p>\n<h3>6 \u2014 Chapiscado:<\/h3>\n<p>Usar rolos de pintura texturizados para criar texturas irregulares e parecidas com pedras \u00e9 uma \u00f3tima maneira de obter efeitos de respingos.<\/p>\n<p>Isso d\u00e1 \u00e0 massa ou \u00e0s paredes uma apar\u00eancia desigual que lembra uma rocha real.<\/p>\n<figure id=\"attachment_70937\" aria-describedby=\"caption-attachment-70937\" style=\"width: 600px\" class=\"wp-caption alignnone\"><img decoding=\"async\" class=\"wp-image-70937 size-full\" title=\"Chapiscado\" src=\"https:\/\/www.aarquiteta.com.br\/blog\/wp-content\/uploads\/2022\/10\/textura10.jpg\" alt=\"textura10\" width=\"600\" height=\"338\" srcset=\"https:\/\/www.aarquiteta.com.br\/blog\/wp-content\/uploads\/2022\/10\/textura10.jpg 600w, https:\/\/www.aarquiteta.com.br\/blog\/wp-content\/uploads\/2022\/10\/textura10-150x85.jpg 150w\" sizes=\"(max-width: 600px) 100vw, 600px\" \/><figcaption id=\"caption-attachment-70937\" class=\"wp-caption-text\">Por: Blog da Telha<\/figcaption><\/figure>\n<p>Esses rolos texturizados podem ser encontrados em lojas de tintas e v\u00eam em diferentes padr\u00f5es e designs.<\/p>\n<p>Fazer reboco \u00e9 uma parte comum dos reparos de parede.<\/p>\n<figure id=\"attachment_70954\" aria-describedby=\"caption-attachment-70954\" style=\"width: 564px\" class=\"wp-caption alignnone\"><img decoding=\"async\" class=\"wp-image-70954 size-full\" title=\"Chapiscado\" src=\"https:\/\/www.aarquiteta.com.br\/blog\/wp-content\/uploads\/2022\/10\/textura18.jpeg\" alt=\"textura18\" width=\"564\" height=\"824\" srcset=\"https:\/\/www.aarquiteta.com.br\/blog\/wp-content\/uploads\/2022\/10\/textura18.jpeg 564w, https:\/\/www.aarquiteta.com.br\/blog\/wp-content\/uploads\/2022\/10\/textura18-150x219.jpeg 150w\" sizes=\"(max-width: 564px) 100vw, 564px\" \/><figcaption id=\"caption-attachment-70954\" class=\"wp-caption-text\">Por: LashKar<\/figcaption><\/figure>\n<p>Isso ocorre porque o reboco j\u00e1 \u00e9 criado quando o reboco da parede est\u00e1 em andamento, e consequentemente, \u00e9 comum ver reboco em qualquer casa com paredes n\u00e3o rebocadas.<\/p>\n<h3>7 \u2014 Riscado:<\/h3>\n<p>Criar suas pr\u00f3prias vers\u00f5es desse visual desgastado e arranhado \u00e9 incrivelmente f\u00e1cil.<\/p>\n<figure id=\"attachment_70938\" aria-describedby=\"caption-attachment-70938\" style=\"width: 500px\" class=\"wp-caption alignnone\"><img decoding=\"async\" class=\"wp-image-70938 size-full\" title=\"Riscado\" src=\"https:\/\/www.aarquiteta.com.br\/blog\/wp-content\/uploads\/2022\/10\/textura11.jpg\" alt=\"textura11\" width=\"500\" height=\"500\" srcset=\"https:\/\/www.aarquiteta.com.br\/blog\/wp-content\/uploads\/2022\/10\/textura11.jpg 500w, https:\/\/www.aarquiteta.com.br\/blog\/wp-content\/uploads\/2022\/10\/textura11-96x96.jpg 96w, https:\/\/www.aarquiteta.com.br\/blog\/wp-content\/uploads\/2022\/10\/textura11-150x150.jpg 150w\" sizes=\"(max-width: 500px) 100vw, 500px\" \/><figcaption id=\"caption-attachment-70938\" class=\"wp-caption-text\">Por: ML<\/figcaption><\/figure>\n<p>Ao aplicar press\u00e3o com uma vassoura ou escova de dentes, molde a massa em linhas verticais.<\/p>\n<figure id=\"attachment_70953\" aria-describedby=\"caption-attachment-70953\" style=\"width: 800px\" class=\"wp-caption alignnone\"><img decoding=\"async\" class=\"wp-image-70953 size-full\" title=\"Riscado\" src=\"https:\/\/www.aarquiteta.com.br\/blog\/wp-content\/uploads\/2022\/10\/textura17.jpg\" alt=\"textura17\" width=\"800\" height=\"516\" srcset=\"https:\/\/www.aarquiteta.com.br\/blog\/wp-content\/uploads\/2022\/10\/textura17.jpg 800w, https:\/\/www.aarquiteta.com.br\/blog\/wp-content\/uploads\/2022\/10\/textura17-696x449.jpg 696w, https:\/\/www.aarquiteta.com.br\/blog\/wp-content\/uploads\/2022\/10\/textura17-150x97.jpg 150w\" sizes=\"(max-width: 800px) 100vw, 800px\" \/><figcaption id=\"caption-attachment-70953\" class=\"wp-caption-text\">Por: Construindo Decor<\/figcaption><\/figure>\n<p>Concentre-se para executar corretamente um movimento lento e constante.<\/p>\n<figure id=\"attachment_70941\" aria-describedby=\"caption-attachment-70941\" style=\"width: 590px\" class=\"wp-caption alignnone\"><img decoding=\"async\" class=\"wp-image-70941 size-full\" src=\"https:\/\/www.aarquiteta.com.br\/blog\/wp-content\/uploads\/2022\/10\/textura12.jpg\" alt=\"textura12\" width=\"590\" height=\"314\" title=\"\" srcset=\"https:\/\/www.aarquiteta.com.br\/blog\/wp-content\/uploads\/2022\/10\/textura12.jpg 590w, https:\/\/www.aarquiteta.com.br\/blog\/wp-content\/uploads\/2022\/10\/textura12-150x80.jpg 150w\" sizes=\"(max-width: 590px) 100vw, 590px\" \/><figcaption id=\"caption-attachment-70941\" class=\"wp-caption-text\">Por: Vai com Tudo<\/figcaption><\/figure>\n<h2>E a\u00ed, gostou do artigo sobre Texturas para paredes e muros &#8211; 7 aplica\u00e7\u00f5es para sua reforma?<\/h2>\n<p>Ent\u00e3o deslize a tela para baixo e<a href=\"https:\/\/br.pinterest.com\/aarquitetapinterest\/_created\/\" target=\"_blank\" rel=\"noopener\"> confira mais dicas<\/a> como esta e n\u00e3o se esque\u00e7a de compartilhar com os amigos!<\/p>\n<p>Quer mais dicas sobre o mundo da Arquitetura e Decora\u00e7\u00e3o, ent\u00e3o confira alguns dos nossos artigos em:<\/p>\n<ul>\n<li><a href=\"https:\/\/www.aarquiteta.com.br\/blog\/paisagismo\/\" target=\"_blank\" rel=\"noopener\">Casa e Jardim<\/a><\/li>\n<li><a href=\"https:\/\/www.aarquiteta.com.br\/blog\/arquitetura\/mundo-arquitetura\/\" target=\"_blank\" rel=\"noopener\">Mundo Arquitetura<\/a><\/li>\n<li><a href=\"https:\/\/www.aarquiteta.com.br\/decoracao\/\" target=\"_blank\" rel=\"noopener\">Decora\u00e7\u00e3o<br \/>\n<\/a><\/li>\n<\/ul>\n<p>&nbsp;<\/p>\n","protected":false},"excerpt":{"rendered":"<p>Essas texturas s\u00e3o \u00f3timas para ambientes internos e externos, elas s\u00e3o resistentes \u00e0 umidade e podem at\u00e9 ser usados \u200b\u200bao ar livre. As pessoas muitas vezes optam por mudar a cor de suas paredes como forma de adicionar um novo ar \u00e0 sua casa. As texturas de parede podem fornecer benef\u00edcios semelhantes sem alterar as [&hellip;]<\/p>\n","protected":false},"author":102,"featured_media":70957,"comment_status":"open","ping_status":"closed","sticky":false,"template":"","format":"standard","meta":{"footnotes":""},"categories":[1484],"tags":[22019,22018,1445],"class_list":["post-70899","post","type-post","status-publish","format-standard","has-post-thumbnail","category-decoracao","tag-textura-para-muros","tag-textura-para-parede","tag-texturas"],"_wp_attached_file":null,"_wp_attachment_metadata":null,"_wp_attachment_context":null,"_wp_attachment_is_custom_header":null,"geo_longitude":null,"geo_public":null,"geo_latitude":null,"_publicize_done_external":null,"_wpas_done_3897181":null,"publicize_twitter_user":null,"_wpas_done_3897175":null,"_wpas_skip_3897181":null,"_wpas_skip_3897175":null,"_wpas_skip_3924723":null,"_wpas_mess":null,"_wpas_done_3924723":null,"wps_subtitle":"Veja algumas texturas que voc\u00ea pode utilizar em sua obra na parede e muro,confira!","_links":{"self":[{"href":"https:\/\/www.aarquiteta.com.br\/blog\/wp-json\/wp\/v2\/posts\/70899","targetHints":{"allow":["GET"]}}],"collection":[{"href":"https:\/\/www.aarquiteta.com.br\/blog\/wp-json\/wp\/v2\/posts"}],"about":[{"href":"https:\/\/www.aarquiteta.com.br\/blog\/wp-json\/wp\/v2\/types\/post"}],"author":[{"embeddable":true,"href":"https:\/\/www.aarquiteta.com.br\/blog\/wp-json\/wp\/v2\/users\/102"}],"replies":[{"embeddable":true,"href":"https:\/\/www.aarquiteta.com.br\/blog\/wp-json\/wp\/v2\/comments?post=70899"}],"version-history":[{"count":0,"href":"https:\/\/www.aarquiteta.com.br\/blog\/wp-json\/wp\/v2\/posts\/70899\/revisions"}],"wp:featuredmedia":[{"embeddable":true,"href":"https:\/\/www.aarquiteta.com.br\/blog\/wp-json\/wp\/v2\/media\/70957"}],"wp:attachment":[{"href":"https:\/\/www.aarquiteta.com.br\/blog\/wp-json\/wp\/v2\/media?parent=70899"}],"wp:term":[{"taxonomy":"category","embeddable":true,"href":"https:\/\/www.aarquiteta.com.br\/blog\/wp-json\/wp\/v2\/categories?post=70899"},{"taxonomy":"post_tag","embeddable":true,"href":"https:\/\/www.aarquiteta.com.br\/blog\/wp-json\/wp\/v2\/tags?post=70899"}],"curies":[{"name":"wp","href":"https:\/\/api.w.org\/{rel}","templated":true}]}}