{"id":70689,"date":"2022-10-18T19:00:37","date_gmt":"2022-10-18T22:00:37","guid":{"rendered":"http:\/\/aarquiteta.com.br\/?p=70689"},"modified":"2022-10-20T13:45:14","modified_gmt":"2022-10-20T16:45:14","slug":"suporte-para-tv","status":"publish","type":"post","link":"https:\/\/www.aarquiteta.com.br\/blog\/suporte-para-tv\/","title":{"rendered":"Suporte para TV &#8211; 5 dicas antes de instalar !"},"content":{"rendered":"<p>&nbsp;<\/p>\n<p>Antes de comprar um kit de montagem, um suporte para TV, considere o padr\u00e3o de perfura\u00e7\u00e3o Vesa.<\/p>\n<p>As pessoas preferem cada vez mais televisores pequenos e leves que possam ser montados em um suporte.<\/p>\n<p>Isso porque os modelos tradicionais eram maiores e mais grossos do que a maioria dos televisores atualmente no mercado.<\/p>\n<figure id=\"attachment_70703\" aria-describedby=\"caption-attachment-70703\" style=\"width: 500px\" class=\"wp-caption alignnone\"><img decoding=\"async\" class=\"wp-image-70703 size-full\" title=\"Suporte para TV - 5 dicas antes de instalar !\" src=\"https:\/\/www.aarquiteta.com.br\/blog\/wp-content\/uploads\/2022\/10\/suporte13.webp\" alt=\"suporte13\" width=\"500\" height=\"500\" srcset=\"https:\/\/www.aarquiteta.com.br\/blog\/wp-content\/uploads\/2022\/10\/suporte13.webp 500w, https:\/\/www.aarquiteta.com.br\/blog\/wp-content\/uploads\/2022\/10\/suporte13-96x96.webp 96w, https:\/\/www.aarquiteta.com.br\/blog\/wp-content\/uploads\/2022\/10\/suporte13-150x150.webp 150w\" sizes=\"(max-width: 500px) 100vw, 500px\" \/><figcaption id=\"caption-attachment-70703\" class=\"wp-caption-text\">Por: Shoptime<\/figcaption><\/figure>\n<p>Muitos estandes s\u00e3o vendidos em diferentes marcas e modelos; eles tamb\u00e9m t\u00eam muitos instaladores profissionais dispon\u00edveis.<\/p>\n<p>Antes de comprar um suporte de parede para sua TV, voc\u00ea deve entender que outras considera\u00e7\u00f5es precisam ser feitas.<\/p>\n<figure id=\"attachment_70704\" aria-describedby=\"caption-attachment-70704\" style=\"width: 984px\" class=\"wp-caption alignnone\"><img decoding=\"async\" class=\"wp-image-70704 size-full\" title=\"Suporte para TV - 5 dicas antes de instalar !\" src=\"https:\/\/www.aarquiteta.com.br\/blog\/wp-content\/uploads\/2022\/10\/suporte14.webp\" alt=\"suporte14\" width=\"984\" height=\"708\" srcset=\"https:\/\/www.aarquiteta.com.br\/blog\/wp-content\/uploads\/2022\/10\/suporte14.webp 984w, https:\/\/www.aarquiteta.com.br\/blog\/wp-content\/uploads\/2022\/10\/suporte14-696x501.webp 696w, https:\/\/www.aarquiteta.com.br\/blog\/wp-content\/uploads\/2022\/10\/suporte14-150x108.webp 150w\" sizes=\"(max-width: 984px) 100vw, 984px\" \/><figcaption id=\"caption-attachment-70704\" class=\"wp-caption-text\">Por: Tech Tudo<\/figcaption><\/figure>\n<p>Essas decis\u00f5es podem levar a problemas no futuro, sendo importante considerar todas essas quest\u00f5es antes de comprar.<\/p>\n<h3>1 \u2014 Peso e tamanho da TV:<\/h3>\n<p>Antes de comprar um suporte de TV, veja o peso e o tamanho de sua televis\u00e3o consultando suas especifica\u00e7\u00f5es.<\/p>\n<p>Mesmo se voc\u00ea comprar um suporte universal que pode suportar v\u00e1rios modelos, isso n\u00e3o se refere \u00e0s dimens\u00f5es de cada modelo.<\/p>\n<figure id=\"attachment_70701\" aria-describedby=\"caption-attachment-70701\" style=\"width: 480px\" class=\"wp-caption alignnone\"><img decoding=\"async\" class=\"wp-image-70701 size-full\" title=\"Peso e tamanho da TV:\" src=\"https:\/\/www.aarquiteta.com.br\/blog\/wp-content\/uploads\/2022\/10\/suporte11.jpg\" alt=\"suporte11\" width=\"480\" height=\"360\" srcset=\"https:\/\/www.aarquiteta.com.br\/blog\/wp-content\/uploads\/2022\/10\/suporte11.jpg 480w, https:\/\/www.aarquiteta.com.br\/blog\/wp-content\/uploads\/2022\/10\/suporte11-150x113.jpg 150w\" sizes=\"(max-width: 480px) 100vw, 480px\" \/><figcaption id=\"caption-attachment-70701\" class=\"wp-caption-text\">Pinterest<\/figcaption><\/figure>\n<p>\u00c9 uma boa ideia verificar o peso m\u00e1ximo que sua TV pode suportar<\/p>\n<p>Isso ocorre porque TVs de tamanhos maiores e diferentes podem ter pesos muito diferentes.<\/p>\n<p>Procure tamb\u00e9m o padr\u00e3o Vesa usado pelo fabricante da sua TV.<\/p>\n<figure id=\"attachment_70702\" aria-describedby=\"caption-attachment-70702\" style=\"width: 850px\" class=\"wp-caption alignnone\"><img decoding=\"async\" class=\"wp-image-70702 size-full\" title=\"Peso e tamanho da TV\" src=\"https:\/\/www.aarquiteta.com.br\/blog\/wp-content\/uploads\/2022\/10\/suporte12.jpg\" alt=\"suporte12\" width=\"850\" height=\"850\" srcset=\"https:\/\/www.aarquiteta.com.br\/blog\/wp-content\/uploads\/2022\/10\/suporte12.jpg 850w, https:\/\/www.aarquiteta.com.br\/blog\/wp-content\/uploads\/2022\/10\/suporte12-696x696.jpg 696w, https:\/\/www.aarquiteta.com.br\/blog\/wp-content\/uploads\/2022\/10\/suporte12-96x96.jpg 96w, https:\/\/www.aarquiteta.com.br\/blog\/wp-content\/uploads\/2022\/10\/suporte12-150x150.jpg 150w\" sizes=\"(max-width: 850px) 100vw, 850px\" \/><figcaption id=\"caption-attachment-70702\" class=\"wp-caption-text\">Por: Casa da Ergonomia<\/figcaption><\/figure>\n<p>Muitos fabricantes listam a compatibilidade com polegadas, mas vale a pena verificar tamb\u00e9m a carga m\u00e1xima suportada.<\/p>\n<p>O manual fornece informa\u00e7\u00f5es sobre a parte traseira do dispositivo, que inclui um padr\u00e3o designado para fixa\u00e7\u00e3o na parede.<\/p>\n<p>Alternativamente, o acesso a essas informa\u00e7\u00f5es pode ser encontrado com a ajuda do fabricante da TV em seu site.<\/p>\n<figure id=\"attachment_70700\" aria-describedby=\"caption-attachment-70700\" style=\"width: 1024px\" class=\"wp-caption alignnone\"><img decoding=\"async\" class=\"wp-image-70700 size-full\" title=\"Peso e tamanho da TV\" src=\"https:\/\/www.aarquiteta.com.br\/blog\/wp-content\/uploads\/2022\/10\/suporte10.webp\" alt=\"suporte10\" width=\"1024\" height=\"576\" srcset=\"https:\/\/www.aarquiteta.com.br\/blog\/wp-content\/uploads\/2022\/10\/suporte10.webp 1024w, https:\/\/www.aarquiteta.com.br\/blog\/wp-content\/uploads\/2022\/10\/suporte10-696x392.webp 696w, https:\/\/www.aarquiteta.com.br\/blog\/wp-content\/uploads\/2022\/10\/suporte10-150x84.webp 150w\" sizes=\"(max-width: 1024px) 100vw, 1024px\" \/><figcaption id=\"caption-attachment-70700\" class=\"wp-caption-text\">Por: Caso Abril<\/figcaption><\/figure>\n<h3>2 \u2014 Onde Instalar o suporte para TV?<\/h3>\n<p>N\u00e3o est\u00e1 claro se voc\u00ea j\u00e1 tem em mente a parede na qual planeja pendurar sua TV.<\/p>\n<p>No entanto, voc\u00ea deve avaliar a condi\u00e7\u00e3o da parede para visibilidade antes de instalar o suporte.<\/p>\n<figure id=\"attachment_70699\" aria-describedby=\"caption-attachment-70699\" style=\"width: 730px\" class=\"wp-caption alignnone\"><img decoding=\"async\" class=\"wp-image-70699 size-full\" title=\"Onde Instalar o suporte para TV?\" src=\"https:\/\/www.aarquiteta.com.br\/blog\/wp-content\/uploads\/2022\/10\/suporte9.webp\" alt=\"suporte9\" width=\"730\" height=\"730\" srcset=\"https:\/\/www.aarquiteta.com.br\/blog\/wp-content\/uploads\/2022\/10\/suporte9.webp 730w, https:\/\/www.aarquiteta.com.br\/blog\/wp-content\/uploads\/2022\/10\/suporte9-696x696.webp 696w, https:\/\/www.aarquiteta.com.br\/blog\/wp-content\/uploads\/2022\/10\/suporte9-96x96.webp 96w, https:\/\/www.aarquiteta.com.br\/blog\/wp-content\/uploads\/2022\/10\/suporte9-150x150.webp 150w\" sizes=\"(max-width: 730px) 100vw, 730px\" \/><figcaption id=\"caption-attachment-70699\" class=\"wp-caption-text\">Por: LIV DEcora<\/figcaption><\/figure>\n<p>Idealmente, as imagens devem ser claras ao olhar para o sof\u00e1 de um \u00e2ngulo espec\u00edfico.<\/p>\n<p>As pessoas costumam achar que colocar a televis\u00e3o contra uma parede sem luzes cria um efeito esteticamente agrad\u00e1vel.<\/p>\n<p>No entanto, essa configura\u00e7\u00e3o de parede faz com que os espectadores tenham uma experi\u00eancia de visualiza\u00e7\u00e3o ruim devido \u00e0 falta de luz.<\/p>\n<figure id=\"attachment_70698\" aria-describedby=\"caption-attachment-70698\" style=\"width: 620px\" class=\"wp-caption alignnone\"><img decoding=\"async\" class=\"wp-image-70698 size-full\" title=\"Onde Instalar o suporte para TV\" src=\"https:\/\/www.aarquiteta.com.br\/blog\/wp-content\/uploads\/2022\/10\/suporte8.webp\" alt=\"suporte8\" width=\"620\" height=\"455\" srcset=\"https:\/\/www.aarquiteta.com.br\/blog\/wp-content\/uploads\/2022\/10\/suporte8.webp 620w, https:\/\/www.aarquiteta.com.br\/blog\/wp-content\/uploads\/2022\/10\/suporte8-150x110.webp 150w\" sizes=\"(max-width: 620px) 100vw, 620px\" \/><figcaption id=\"caption-attachment-70698\" class=\"wp-caption-text\">Por: Casa e Jardim<\/figcaption><\/figure>\n<p>Isso ocorre porque muitas cortinas blackout e outros equipamentos ajudam a resolver esse problema, e al\u00e9m disso, as pessoas devem considerar se \u00e9 poss\u00edvel escurecer completamente a sala para uma visualiza\u00e7\u00e3o ideal.<\/p>\n<figure id=\"attachment_70697\" aria-describedby=\"caption-attachment-70697\" style=\"width: 720px\" class=\"wp-caption alignnone\"><img decoding=\"async\" class=\"wp-image-70697 size-full\" title=\"Onde Instalar o suporte para TV\" src=\"https:\/\/www.aarquiteta.com.br\/blog\/wp-content\/uploads\/2022\/10\/suporte7.jpg\" alt=\"suporte7\" width=\"720\" height=\"525\" srcset=\"https:\/\/www.aarquiteta.com.br\/blog\/wp-content\/uploads\/2022\/10\/suporte7.jpg 720w, https:\/\/www.aarquiteta.com.br\/blog\/wp-content\/uploads\/2022\/10\/suporte7-696x508.jpg 696w, https:\/\/www.aarquiteta.com.br\/blog\/wp-content\/uploads\/2022\/10\/suporte7-150x109.jpg 150w\" sizes=\"(max-width: 720px) 100vw, 720px\" \/><figcaption id=\"caption-attachment-70697\" class=\"wp-caption-text\">Por: Decor F\u00e1cil<\/figcaption><\/figure>\n<h3>3 \u2014 Material da parede:<\/h3>\n<p>Um suporte e suporte para TV requerem um material de parede resistente, a alvenaria de concreto ou tijolo funciona melhor\u00a0 na instala\u00e7\u00e3o.<\/p>\n<figure id=\"attachment_70695\" aria-describedby=\"caption-attachment-70695\" style=\"width: 1024px\" class=\"wp-caption alignnone\"><img decoding=\"async\" class=\"wp-image-70695 size-large\" title=\"Material da parede\" src=\"https:\/\/www.aarquiteta.com.br\/blog\/wp-content\/uploads\/2022\/10\/suporte5-1024x682.jpg\" alt=\"suporte5\" width=\"1024\" height=\"682\" srcset=\"https:\/\/www.aarquiteta.com.br\/blog\/wp-content\/uploads\/2022\/10\/suporte5-1024x682.jpg 1024w, https:\/\/www.aarquiteta.com.br\/blog\/wp-content\/uploads\/2022\/10\/suporte5-696x464.jpg 696w, https:\/\/www.aarquiteta.com.br\/blog\/wp-content\/uploads\/2022\/10\/suporte5-150x100.jpg 150w, https:\/\/www.aarquiteta.com.br\/blog\/wp-content\/uploads\/2022\/10\/suporte5.jpg 2000w\" sizes=\"(max-width: 1024px) 100vw, 1024px\" \/><figcaption id=\"caption-attachment-70695\" class=\"wp-caption-text\">Por: Triider<\/figcaption><\/figure>\n<p>O drywall, feito de gesso, n\u00e3o tem for\u00e7a para suportar um conjunto, ele se deteriora gradualmente e, eventualmente, racha ou desmorona.<\/p>\n<p>Isso faz com que o drywall caia na TV, danificando-a.<\/p>\n<figure id=\"attachment_70696\" aria-describedby=\"caption-attachment-70696\" style=\"width: 463px\" class=\"wp-caption alignnone\"><img decoding=\"async\" class=\"wp-image-70696 size-full\" title=\"Material da parede\" src=\"https:\/\/www.aarquiteta.com.br\/blog\/wp-content\/uploads\/2022\/10\/suporte6.jpg\" alt=\"suporte6\" width=\"463\" height=\"600\" srcset=\"https:\/\/www.aarquiteta.com.br\/blog\/wp-content\/uploads\/2022\/10\/suporte6.jpg 463w, https:\/\/www.aarquiteta.com.br\/blog\/wp-content\/uploads\/2022\/10\/suporte6-150x194.jpg 150w\" sizes=\"(max-width: 463px) 100vw, 463px\" \/><figcaption id=\"caption-attachment-70696\" class=\"wp-caption-text\">Pinterest<\/figcaption><\/figure>\n<h3>4 \u2014 Tomada pr\u00f3xima:<\/h3>\n<p>Um aspecto crucial a considerar \u00e9 a acessibilidade das tomadas el\u00e9tricas.<\/p>\n<p>A parede que cont\u00e9m a tomada tamb\u00e9m deve ter acesso ao cabo que sai da TV.<\/p>\n<figure id=\"attachment_70693\" aria-describedby=\"caption-attachment-70693\" style=\"width: 1000px\" class=\"wp-caption alignnone\"><img decoding=\"async\" class=\"wp-image-70693 size-full\" title=\"Tomada pr\u00f3xima\" src=\"https:\/\/www.aarquiteta.com.br\/blog\/wp-content\/uploads\/2022\/10\/suporte3.jpg\" alt=\"suporte3\" width=\"1000\" height=\"751\" srcset=\"https:\/\/www.aarquiteta.com.br\/blog\/wp-content\/uploads\/2022\/10\/suporte3.jpg 1000w, https:\/\/www.aarquiteta.com.br\/blog\/wp-content\/uploads\/2022\/10\/suporte3-696x523.jpg 696w, https:\/\/www.aarquiteta.com.br\/blog\/wp-content\/uploads\/2022\/10\/suporte3-150x113.jpg 150w\" sizes=\"(max-width: 1000px) 100vw, 1000px\" \/><figcaption id=\"caption-attachment-70693\" class=\"wp-caption-text\">Por: Multifer<\/figcaption><\/figure>\n<p>Ao configurar uma tomada pr\u00f3ximo a televisores, certifique-se de considerar o decodificador ou o console de videogame que ser\u00e1 conectado a ele.<\/p>\n<figure id=\"attachment_70694\" aria-describedby=\"caption-attachment-70694\" style=\"width: 1024px\" class=\"wp-caption alignnone\"><img decoding=\"async\" class=\"wp-image-70694 size-full\" title=\"Tomada pr\u00f3xima\" src=\"https:\/\/www.aarquiteta.com.br\/blog\/wp-content\/uploads\/2022\/10\/suporte4.webp\" alt=\"suporte4\" width=\"1024\" height=\"576\" srcset=\"https:\/\/www.aarquiteta.com.br\/blog\/wp-content\/uploads\/2022\/10\/suporte4.webp 1024w, https:\/\/www.aarquiteta.com.br\/blog\/wp-content\/uploads\/2022\/10\/suporte4-696x392.webp 696w, https:\/\/www.aarquiteta.com.br\/blog\/wp-content\/uploads\/2022\/10\/suporte4-150x84.webp 150w\" sizes=\"(max-width: 1024px) 100vw, 1024px\" \/><figcaption id=\"caption-attachment-70694\" class=\"wp-caption-text\">Por: Solf\u00e1cil Blog<\/figcaption><\/figure>\n<p>Idealmente, todos os m\u00f3veis que a fam\u00edlia vai ocupar j\u00e1 devem estar dispon\u00edveis para eles.<\/p>\n<h3>5 \u2014 Suporte para TV Articulado:<\/h3>\n<p>Ao comprar um suporte de TV que pode se mover em v\u00e1rias dire\u00e7\u00f5es, considere a op\u00e7\u00e3o articulada.<\/p>\n<figure id=\"attachment_70691\" aria-describedby=\"caption-attachment-70691\" style=\"width: 800px\" class=\"wp-caption alignnone\"><img decoding=\"async\" class=\"wp-image-70691 size-full\" title=\"Suporte para TV Articulado\" src=\"https:\/\/www.aarquiteta.com.br\/blog\/wp-content\/uploads\/2022\/10\/suporte.webp\" alt=\"suporte\" width=\"800\" height=\"800\" srcset=\"https:\/\/www.aarquiteta.com.br\/blog\/wp-content\/uploads\/2022\/10\/suporte.webp 800w, https:\/\/www.aarquiteta.com.br\/blog\/wp-content\/uploads\/2022\/10\/suporte-696x696.webp 696w, https:\/\/www.aarquiteta.com.br\/blog\/wp-content\/uploads\/2022\/10\/suporte-96x96.webp 96w, https:\/\/www.aarquiteta.com.br\/blog\/wp-content\/uploads\/2022\/10\/suporte-150x150.webp 150w\" sizes=\"(max-width: 800px) 100vw, 800px\" \/><figcaption id=\"caption-attachment-70691\" class=\"wp-caption-text\">Por: Br Projetos<\/figcaption><\/figure>\n<p>Isso permite que o usu\u00e1rio ajuste a inclina\u00e7\u00e3o da TV para ambos os lados ou para cima e para baixo.<\/p>\n<p>Al\u00e9m disso, oferece a capacidade de deslizar a tela para a esquerda ou direita e girar a TV.<\/p>\n<figure id=\"attachment_70692\" aria-describedby=\"caption-attachment-70692\" style=\"width: 550px\" class=\"wp-caption alignnone\"><img decoding=\"async\" class=\"wp-image-70692 size-full\" title=\"Suporte para TV Articulado\" src=\"https:\/\/www.aarquiteta.com.br\/blog\/wp-content\/uploads\/2022\/10\/suporte2.webp\" alt=\"suporte2\" width=\"550\" height=\"570\" srcset=\"https:\/\/www.aarquiteta.com.br\/blog\/wp-content\/uploads\/2022\/10\/suporte2.webp 550w, https:\/\/www.aarquiteta.com.br\/blog\/wp-content\/uploads\/2022\/10\/suporte2-150x155.webp 150w\" sizes=\"(max-width: 550px) 100vw, 550px\" \/><figcaption id=\"caption-attachment-70692\" class=\"wp-caption-text\">Por: Sipolati<\/figcaption><\/figure>\n<p>Isso se deve aos recursos adicionais de alguns modelos.<\/p>\n<p>&nbsp;<\/p>\n<h2>E a\u00ed, gostou do artigo sobre Suporte para TV &#8211; 5 dicas antes de instalar ?<\/h2>\n<p>Ent\u00e3o deslize a tela para baixo e<a href=\"https:\/\/br.pinterest.com\/aarquitetapinterest\/_created\/\" target=\"_blank\" rel=\"noopener\"> confira mais dicas<\/a> como esta e n\u00e3o se esque\u00e7a de compartilhar com os amigos!<\/p>\n<p>Quer mais dicas sobre o mundo da Arquitetura e Decora\u00e7\u00e3o, ent\u00e3o confira alguns dos nossos artigos em:<\/p>\n<ul>\n<li><a href=\"https:\/\/www.aarquiteta.com.br\/blog\/paisagismo\/\" target=\"_blank\" rel=\"noopener\">Casa e Jardim<\/a><\/li>\n<li><a href=\"https:\/\/www.aarquiteta.com.br\/blog\/arquitetura\/mundo-arquitetura\/\" target=\"_blank\" rel=\"noopener\">Mundo Arquitetura<\/a><\/li>\n<li><a href=\"https:\/\/www.aarquiteta.com.br\/decoracao\/\" target=\"_blank\" rel=\"noopener\">Decora\u00e7\u00e3o<br \/>\n<\/a><\/li>\n<\/ul>\n<p>&nbsp;<\/p>\n","protected":false},"excerpt":{"rendered":"<p>&nbsp; Antes de comprar um kit de montagem, um suporte para TV, considere o padr\u00e3o de perfura\u00e7\u00e3o Vesa. As pessoas preferem cada vez mais televisores pequenos e leves que possam ser montados em um suporte. Isso porque os modelos tradicionais eram maiores e mais grossos do que a maioria dos televisores atualmente no mercado. Muitos [&hellip;]<\/p>\n","protected":false},"author":102,"featured_media":70849,"comment_status":"open","ping_status":"closed","sticky":false,"template":"","format":"standard","meta":{"footnotes":""},"categories":[10005],"tags":[21978,21977,21976],"class_list":["post-70689","post","type-post","status-publish","format-standard","has-post-thumbnail","category-casa-e-jardim","tag-dicas-para-instalar-suporte-para-tv","tag-instalando-suporte-para-tv","tag-suporte-para-tv"],"_wp_attached_file":null,"_wp_attachment_metadata":null,"_wp_attachment_context":null,"_wp_attachment_is_custom_header":null,"geo_longitude":null,"geo_public":null,"geo_latitude":null,"_publicize_done_external":null,"_wpas_done_3897181":null,"publicize_twitter_user":null,"_wpas_done_3897175":null,"_wpas_skip_3897181":null,"_wpas_skip_3897175":null,"_wpas_skip_3924723":null,"_wpas_mess":null,"_wpas_done_3924723":null,"wps_subtitle":"Confira algumas dicas valiosas e importantes antes de instalar seu suporte para tv!","_links":{"self":[{"href":"https:\/\/www.aarquiteta.com.br\/blog\/wp-json\/wp\/v2\/posts\/70689","targetHints":{"allow":["GET"]}}],"collection":[{"href":"https:\/\/www.aarquiteta.com.br\/blog\/wp-json\/wp\/v2\/posts"}],"about":[{"href":"https:\/\/www.aarquiteta.com.br\/blog\/wp-json\/wp\/v2\/types\/post"}],"author":[{"embeddable":true,"href":"https:\/\/www.aarquiteta.com.br\/blog\/wp-json\/wp\/v2\/users\/102"}],"replies":[{"embeddable":true,"href":"https:\/\/www.aarquiteta.com.br\/blog\/wp-json\/wp\/v2\/comments?post=70689"}],"version-history":[{"count":0,"href":"https:\/\/www.aarquiteta.com.br\/blog\/wp-json\/wp\/v2\/posts\/70689\/revisions"}],"wp:featuredmedia":[{"embeddable":true,"href":"https:\/\/www.aarquiteta.com.br\/blog\/wp-json\/wp\/v2\/media\/70849"}],"wp:attachment":[{"href":"https:\/\/www.aarquiteta.com.br\/blog\/wp-json\/wp\/v2\/media?parent=70689"}],"wp:term":[{"taxonomy":"category","embeddable":true,"href":"https:\/\/www.aarquiteta.com.br\/blog\/wp-json\/wp\/v2\/categories?post=70689"},{"taxonomy":"post_tag","embeddable":true,"href":"https:\/\/www.aarquiteta.com.br\/blog\/wp-json\/wp\/v2\/tags?post=70689"}],"curies":[{"name":"wp","href":"https:\/\/api.w.org\/{rel}","templated":true}]}}