{"id":70604,"date":"2022-10-15T19:00:24","date_gmt":"2022-10-15T22:00:24","guid":{"rendered":"http:\/\/aarquiteta.com.br\/?p=70604"},"modified":"2022-10-15T12:53:18","modified_gmt":"2022-10-15T15:53:18","slug":"ventilador-de-teto-como-instalar","status":"publish","type":"post","link":"https:\/\/www.aarquiteta.com.br\/blog\/ventilador-de-teto-como-instalar\/","title":{"rendered":"Ventilador de teto &#8211; 4 passos de como instalar em sua casa!"},"content":{"rendered":"<p>Instalar um ventilador de teto por conta pr\u00f3pria n\u00e3o \u00e9 imposs\u00edvel, mas voc\u00ea deve usar apenas as ferramentas e materiais recomendados pelo fabricante.<\/p>\n<p>Fazer isso com seguran\u00e7a requer seguir suas instru\u00e7\u00f5es ao p\u00e9 da letra.<\/p>\n<figure id=\"attachment_70610\" aria-describedby=\"caption-attachment-70610\" style=\"width: 600px\" class=\"wp-caption alignnone\"><img decoding=\"async\" class=\"wp-image-70610 size-full\" src=\"https:\/\/www.aarquiteta.com.br\/blog\/wp-content\/uploads\/2022\/10\/ventilador.webp\" alt=\"ventilador\" width=\"600\" height=\"400\" title=\"\" srcset=\"https:\/\/www.aarquiteta.com.br\/blog\/wp-content\/uploads\/2022\/10\/ventilador.webp 600w, https:\/\/www.aarquiteta.com.br\/blog\/wp-content\/uploads\/2022\/10\/ventilador-150x100.webp 150w\" sizes=\"(max-width: 600px) 100vw, 600px\" \/><figcaption id=\"caption-attachment-70610\" class=\"wp-caption-text\">Por: Metr\u00f3poles<\/figcaption><\/figure>\n<p>Para ajudar a manter sua casa fresca nos dias quentes de ver\u00e3o, confira nossas dicas e um passo a passo de como instalar um ventilador de teto!<\/p>\n<h2>Escolhendo o ventilador de teto para sua casa<\/h2>\n<p>Nos dias mais quentes, usar um ventilador de teto para resfriar o ambiente \u00e9 mais econ\u00f4mico do que usar ar condicionado.<\/p>\n<figure id=\"attachment_70613\" aria-describedby=\"caption-attachment-70613\" style=\"width: 800px\" class=\"wp-caption alignnone\"><img decoding=\"async\" class=\"wp-image-70613 size-full\" title=\"Escolhendo o ventilador de teto para sua casa\" src=\"https:\/\/www.aarquiteta.com.br\/blog\/wp-content\/uploads\/2022\/10\/ventilador4.jpg\" alt=\"ventilador4\" width=\"800\" height=\"533\" srcset=\"https:\/\/www.aarquiteta.com.br\/blog\/wp-content\/uploads\/2022\/10\/ventilador4.jpg 800w, https:\/\/www.aarquiteta.com.br\/blog\/wp-content\/uploads\/2022\/10\/ventilador4-696x464.jpg 696w, https:\/\/www.aarquiteta.com.br\/blog\/wp-content\/uploads\/2022\/10\/ventilador4-150x100.jpg 150w\" sizes=\"(max-width: 800px) 100vw, 800px\" \/><figcaption id=\"caption-attachment-70613\" class=\"wp-caption-text\">Por: Home Decore<\/figcaption><\/figure>\n<p>Escolher o modelo adequado para cada c\u00f4modo da casa \u00e9 essencial.<\/p>\n<p>Para salas maiores, como uma sala de fam\u00edlia ou cozinha, s\u00e3o necess\u00e1rios ventila\u00e7\u00e3o suplementar e modelos adicionais.<\/p>\n<figure id=\"attachment_70612\" aria-describedby=\"caption-attachment-70612\" style=\"width: 530px\" class=\"wp-caption alignnone\"><img decoding=\"async\" class=\"wp-image-70612 size-full\" title=\"Escolhendo o ventilador de teto para sua casa\" src=\"https:\/\/www.aarquiteta.com.br\/blog\/wp-content\/uploads\/2022\/10\/ventilador3.jpg\" alt=\"ventilador3\" width=\"530\" height=\"353\" srcset=\"https:\/\/www.aarquiteta.com.br\/blog\/wp-content\/uploads\/2022\/10\/ventilador3.jpg 530w, https:\/\/www.aarquiteta.com.br\/blog\/wp-content\/uploads\/2022\/10\/ventilador3-150x100.jpg 150w\" sizes=\"(max-width: 530px) 100vw, 530px\" \/><figcaption id=\"caption-attachment-70612\" class=\"wp-caption-text\">Por: Doce Obra<\/figcaption><\/figure>\n<p>A efic\u00e1cia de um sistema de ventila\u00e7\u00e3o depende do tamanho e da pot\u00eancia do ventilador.<\/p>\n<p>Todos os sistemas se beneficiam de um m\u00ednimo de ventiladores de quatro p\u00e1s; menos resultados em sistemas menos funcionais.<\/p>\n<figure id=\"attachment_70614\" aria-describedby=\"caption-attachment-70614\" style=\"width: 800px\" class=\"wp-caption alignnone\"><img decoding=\"async\" class=\"wp-image-70614 size-full\" title=\"Escolhendo o ventilador de teto para sua casa\" src=\"https:\/\/www.aarquiteta.com.br\/blog\/wp-content\/uploads\/2022\/10\/ventilador6.webp\" alt=\"ventilador6\" width=\"800\" height=\"800\" srcset=\"https:\/\/www.aarquiteta.com.br\/blog\/wp-content\/uploads\/2022\/10\/ventilador6.webp 800w, https:\/\/www.aarquiteta.com.br\/blog\/wp-content\/uploads\/2022\/10\/ventilador6-696x696.webp 696w, https:\/\/www.aarquiteta.com.br\/blog\/wp-content\/uploads\/2022\/10\/ventilador6-96x96.webp 96w, https:\/\/www.aarquiteta.com.br\/blog\/wp-content\/uploads\/2022\/10\/ventilador6-150x150.webp 150w\" sizes=\"(max-width: 800px) 100vw, 800px\" \/><figcaption id=\"caption-attachment-70614\" class=\"wp-caption-text\">Por: Bravalumi<\/figcaption><\/figure>\n<p>Opte por l\u00e2mpadas brancas para reduzir os efeitos de aquecimento e use ventiladores controlados remotamente com l\u00e2minas m\u00ednimas.<\/p>\n<h2>Instalando\u00a0 o ventilador de teto<\/h2>\n<h3>1 \u2014 Cuidados especiais:<\/h3>\n<p>Cuidados devem ser tomados ao instalar um ventilador de teto.<\/p>\n<p>Fazer isso corretamente garante que o ventilador funcione corretamente e n\u00e3o cause acidentes.<\/p>\n<p>Isso pode ser feito seguindo estas recomenda\u00e7\u00f5es.<\/p>\n<figure id=\"attachment_70615\" aria-describedby=\"caption-attachment-70615\" style=\"width: 580px\" class=\"wp-caption alignnone\"><img decoding=\"async\" class=\"wp-image-70615 size-full\" title=\"Cuidados especiais\" src=\"https:\/\/www.aarquiteta.com.br\/blog\/wp-content\/uploads\/2022\/10\/ventilador7.png\" alt=\"ventilador7\" width=\"580\" height=\"344\" srcset=\"https:\/\/www.aarquiteta.com.br\/blog\/wp-content\/uploads\/2022\/10\/ventilador7.png 580w, https:\/\/www.aarquiteta.com.br\/blog\/wp-content\/uploads\/2022\/10\/ventilador7-150x89.png 150w\" sizes=\"(max-width: 580px) 100vw, 580px\" \/><figcaption id=\"caption-attachment-70615\" class=\"wp-caption-text\">Por: Candelweb<\/figcaption><\/figure>\n<div class=\"jss49 jss59\">\n<p class=\"MuiTypography-root false MuiTypography-body2 MuiTypography-alignJustify\">Adquira somente modelos com licen\u00e7a do INMETRO, pois \u00e9\u00a0importante adquirir produtos homologados pelo INMETRO quando se busca seguran\u00e7a.<\/p>\n<h3>2 \u2014 O teto do ambiente:<\/h3>\n<p>Certos ventiladores de teto s\u00e3o mais pesados \u200b\u200bque outros, o que significa que alguns modelos o teto n\u00e3o conseguir\u00e1 suportar o peso e entrar\u00e1 em colapso.<\/p>\n<figure id=\"attachment_70618\" aria-describedby=\"caption-attachment-70618\" style=\"width: 1000px\" class=\"wp-caption alignnone\"><img decoding=\"async\" class=\"wp-image-70618 size-full\" title=\"O teto do ambiente\" src=\"https:\/\/www.aarquiteta.com.br\/blog\/wp-content\/uploads\/2022\/10\/ventilador9.webp\" alt=\"ventilador9\" width=\"1000\" height=\"1000\" srcset=\"https:\/\/www.aarquiteta.com.br\/blog\/wp-content\/uploads\/2022\/10\/ventilador9.webp 1000w, https:\/\/www.aarquiteta.com.br\/blog\/wp-content\/uploads\/2022\/10\/ventilador9-696x696.webp 696w, https:\/\/www.aarquiteta.com.br\/blog\/wp-content\/uploads\/2022\/10\/ventilador9-96x96.webp 96w, https:\/\/www.aarquiteta.com.br\/blog\/wp-content\/uploads\/2022\/10\/ventilador9-150x150.webp 150w\" sizes=\"(max-width: 1000px) 100vw, 1000px\" \/><figcaption id=\"caption-attachment-70618\" class=\"wp-caption-text\">Por: Onlinenet<\/figcaption><\/figure>\n<p>Antes de comprar um ventilador, voc\u00ea deve considerar o peso do modelo para poder comprar um adequado.<\/p>\n<h3>3 \u2014 Materiais para instala\u00e7\u00e3o:<\/h3>\n<p>\u00c9 fundamental ter materiais adequados e em bom estado para fazer sua instala\u00e7\u00e3o como:<\/p>\n<figure id=\"attachment_70617\" aria-describedby=\"caption-attachment-70617\" style=\"width: 1000px\" class=\"wp-caption alignnone\"><img decoding=\"async\" class=\"wp-image-70617 size-full\" src=\"https:\/\/www.aarquiteta.com.br\/blog\/wp-content\/uploads\/2022\/10\/ventilador8.jpg\" alt=\"ventilador8\" width=\"1000\" height=\"667\" title=\"\" srcset=\"https:\/\/www.aarquiteta.com.br\/blog\/wp-content\/uploads\/2022\/10\/ventilador8.jpg 1000w, https:\/\/www.aarquiteta.com.br\/blog\/wp-content\/uploads\/2022\/10\/ventilador8-696x464.jpg 696w, https:\/\/www.aarquiteta.com.br\/blog\/wp-content\/uploads\/2022\/10\/ventilador8-150x100.jpg 150w\" sizes=\"(max-width: 1000px) 100vw, 1000px\" \/><figcaption id=\"caption-attachment-70617\" class=\"wp-caption-text\">Por: Obramax<\/figcaption><\/figure>\n<ul>\n<li>Fita adesiva ou conectores;<\/li>\n<li>Alicate;<\/li>\n<li>Chave;<\/li>\n<li>Aparelho de teste;<\/li>\n<li>Furadeira.<\/li>\n<\/ul>\n<h3>4 \u2014 Instala\u00e7\u00e3o do ventilador de teto passo a passo:<\/h3>\n<div class=\"jss49 jss59\">\n<p>Ao instalar um ventilador de teto no piso, certifique-se de que todas as l\u00e2minas estejam devidamente aparafusadas e bem encaixadas, caso uma l\u00e2mina se soltar, ocorrer\u00e1 um acidente dom\u00e9stico.<\/p>\n<figure id=\"attachment_70620\" aria-describedby=\"caption-attachment-70620\" style=\"width: 720px\" class=\"wp-caption alignnone\"><img decoding=\"async\" class=\"wp-image-70620 size-full\" title=\"Instala\u00e7\u00e3o do ventilador de teto passo a passo\" src=\"https:\/\/www.aarquiteta.com.br\/blog\/wp-content\/uploads\/2022\/10\/ventilador11.jpg\" alt=\"ventilador11\" width=\"720\" height=\"665\" srcset=\"https:\/\/www.aarquiteta.com.br\/blog\/wp-content\/uploads\/2022\/10\/ventilador11.jpg 720w, https:\/\/www.aarquiteta.com.br\/blog\/wp-content\/uploads\/2022\/10\/ventilador11-696x643.jpg 696w, https:\/\/www.aarquiteta.com.br\/blog\/wp-content\/uploads\/2022\/10\/ventilador11-150x139.jpg 150w\" sizes=\"(max-width: 720px) 100vw, 720px\" \/><figcaption id=\"caption-attachment-70620\" class=\"wp-caption-text\">Pinterest<\/figcaption><\/figure>\n<p>Ao instalar um ventilador de teto, garanta a seguran\u00e7a desligando todos os disjuntores e o rel\u00f3gio de for\u00e7a.<\/p>\n<p>Para conectar corretamente um ventilador de teto, voc\u00ea deve primeiro identificar os tr\u00eas fios el\u00e9tricos em um circuito: o fio neutro ou de aterramento e dois outros, esses tr\u00eas fios devem aparecer no circuito dom\u00e9stico do ventilador de teto.<\/p>\n<p>Ao fazer a fia\u00e7\u00e3o de um ventilador, certifique-se de que ele esteja conectado \u00e0 energia a pelo menos 2,3 metros do ch\u00e3o e, certifique-se tamb\u00e9m de que as l\u00e2minas n\u00e3o estejam a mais de 0,5 metro de dist\u00e2ncia de qualquer outro objeto.<\/p>\n<figure id=\"attachment_70621\" aria-describedby=\"caption-attachment-70621\" style=\"width: 1920px\" class=\"wp-caption alignnone\"><img decoding=\"async\" class=\"wp-image-70621 size-full\" title=\"Instala\u00e7\u00e3o do ventilador de teto passo a passo\" src=\"https:\/\/www.aarquiteta.com.br\/blog\/wp-content\/uploads\/2022\/10\/ventilador12.jpg\" alt=\"ventilador12\" width=\"1920\" height=\"1280\" srcset=\"https:\/\/www.aarquiteta.com.br\/blog\/wp-content\/uploads\/2022\/10\/ventilador12.jpg 1920w, https:\/\/www.aarquiteta.com.br\/blog\/wp-content\/uploads\/2022\/10\/ventilador12-1024x683.jpg 1024w, https:\/\/www.aarquiteta.com.br\/blog\/wp-content\/uploads\/2022\/10\/ventilador12-696x464.jpg 696w, https:\/\/www.aarquiteta.com.br\/blog\/wp-content\/uploads\/2022\/10\/ventilador12-150x100.jpg 150w\" sizes=\"(max-width: 1920px) 100vw, 1920px\" \/><figcaption id=\"caption-attachment-70621\" class=\"wp-caption-text\">Por: Fix<\/figcaption><\/figure>\n<p>Os fios do motor e do ventilador precisam ser conectados ao fio quente da rede el\u00e9trica. Amarre-os com fita isolante para que n\u00e3o se soltem, os fios de sa\u00edda do motor e de entrada do ventilador precisam ser conectados ao capacitor.<\/p>\n<p>Os fios de exaust\u00e3o e ventila\u00e7\u00e3o do motor devem ser conectados ao fio de retorno da rede el\u00e9trica, ap\u00f3s amarrar esses fios, conecte o fio de retorno da l\u00e2mpada, bem como o fio de retorno da rede el\u00e9trica.<\/p>\n<p>Vire o interruptor de controle e conecte seu fio ao retorno da l\u00e2mpada, em seguida, conecte o fio do interruptor \u00e0 l\u00e2mpada.<\/p>\n<figure id=\"attachment_70622\" aria-describedby=\"caption-attachment-70622\" style=\"width: 600px\" class=\"wp-caption alignnone\"><img decoding=\"async\" class=\"wp-image-70622 size-full\" src=\"https:\/\/www.aarquiteta.com.br\/blog\/wp-content\/uploads\/2022\/10\/ventilador13.jpg\" alt=\"ventilador13\" width=\"600\" height=\"336\" title=\"\" srcset=\"https:\/\/www.aarquiteta.com.br\/blog\/wp-content\/uploads\/2022\/10\/ventilador13.jpg 600w, https:\/\/www.aarquiteta.com.br\/blog\/wp-content\/uploads\/2022\/10\/ventilador13-150x84.jpg 150w\" sizes=\"(max-width: 600px) 100vw, 600px\" \/><figcaption id=\"caption-attachment-70622\" class=\"wp-caption-text\">Por: Casa Umcomo<\/figcaption><\/figure>\n<p>Dois conectores de fio devem ser conectados aos fios do motor do ventilador.<\/p>\n<p>Adicionar fita aos fios da fonte de alimenta\u00e7\u00e3o ajuda a manter o fluxo de energia ininterrupto.<\/p>\n<p>Os dispositivos conectados \u00e0 rede el\u00e9trica podem receber manuten\u00e7\u00e3o regular simplesmente conectando os fios de alimenta\u00e7\u00e3o ao sistema el\u00e9trico, e pronto, voc\u00ea j\u00e1 sabe como instalar um ventilador no teto!<\/p>\n<\/div>\n<\/div>\n<div>\n<figure id=\"attachment_70619\" aria-describedby=\"caption-attachment-70619\" style=\"width: 500px\" class=\"wp-caption alignnone\"><img decoding=\"async\" class=\"wp-image-70619 size-full\" title=\"Instala\u00e7\u00e3o do ventilador de teto passo a passo\" src=\"https:\/\/www.aarquiteta.com.br\/blog\/wp-content\/uploads\/2022\/10\/ventilador10.jpg\" alt=\"ventilador10\" width=\"500\" height=\"375\" srcset=\"https:\/\/www.aarquiteta.com.br\/blog\/wp-content\/uploads\/2022\/10\/ventilador10.jpg 500w, https:\/\/www.aarquiteta.com.br\/blog\/wp-content\/uploads\/2022\/10\/ventilador10-150x113.jpg 150w\" sizes=\"(max-width: 500px) 100vw, 500px\" \/><figcaption id=\"caption-attachment-70619\" class=\"wp-caption-text\">Por: Dicas do Gilson<\/figcaption><\/figure>\n<\/div>\n<p>Para garantir a funcionalidade e a seguran\u00e7a adequadas, siga sempre as instru\u00e7\u00f5es do fabricante.<\/p>\n<p>A m\u00e3o de obra profissional \u00e9 essencial para esse objetivo.<\/p>\n<figure id=\"attachment_70623\" aria-describedby=\"caption-attachment-70623\" style=\"width: 850px\" class=\"wp-caption alignnone\"><img decoding=\"async\" class=\"wp-image-70623 size-full\" src=\"https:\/\/www.aarquiteta.com.br\/blog\/wp-content\/uploads\/2022\/10\/ventilador14.jpg\" alt=\"ventilador14\" width=\"850\" height=\"637\" title=\"\" srcset=\"https:\/\/www.aarquiteta.com.br\/blog\/wp-content\/uploads\/2022\/10\/ventilador14.jpg 850w, https:\/\/www.aarquiteta.com.br\/blog\/wp-content\/uploads\/2022\/10\/ventilador14-696x522.jpg 696w, https:\/\/www.aarquiteta.com.br\/blog\/wp-content\/uploads\/2022\/10\/ventilador14-150x112.jpg 150w\" sizes=\"(max-width: 850px) 100vw, 850px\" \/><figcaption id=\"caption-attachment-70623\" class=\"wp-caption-text\">Por: Reviewbox<\/figcaption><\/figure>\n<h2>E a\u00ed, gostou do artigo sobre Ventilador de teto &#8211; 4 passos de como instalar em sua casa?<\/h2>\n<p>Ent\u00e3o deslize a tela para baixo e<a href=\"https:\/\/br.pinterest.com\/aarquitetapinterest\/_created\/\" target=\"_blank\" rel=\"noopener\"> confira mais dicas<\/a> como esta e n\u00e3o se esque\u00e7a de compartilhar com os amigos!<\/p>\n<p>Quer mais dicas sobre o mundo da Arquitetura e Decora\u00e7\u00e3o, ent\u00e3o confira alguns dos nossos artigos em:<\/p>\n<ul>\n<li><a href=\"https:\/\/www.aarquiteta.com.br\/blog\/paisagismo\/\" target=\"_blank\" rel=\"noopener\">Casa e Jardim<\/a><\/li>\n<li><a href=\"https:\/\/www.aarquiteta.com.br\/blog\/arquitetura\/mundo-arquitetura\/\" target=\"_blank\" rel=\"noopener\">Mundo Arquitetura<\/a><\/li>\n<li><a href=\"https:\/\/www.aarquiteta.com.br\/decoracao\/\" target=\"_blank\" rel=\"noopener\">Decora\u00e7\u00e3o<br \/>\n<\/a><\/li>\n<\/ul>\n<p>&nbsp;<\/p>\n<div><\/div>\n","protected":false},"excerpt":{"rendered":"<p>Instalar um ventilador de teto por conta pr\u00f3pria n\u00e3o \u00e9 imposs\u00edvel, mas voc\u00ea deve usar apenas as ferramentas e materiais recomendados pelo fabricante. Fazer isso com seguran\u00e7a requer seguir suas instru\u00e7\u00f5es ao p\u00e9 da letra. Para ajudar a manter sua casa fresca nos dias quentes de ver\u00e3o, confira nossas dicas e um passo a passo [&hellip;]<\/p>\n","protected":false},"author":102,"featured_media":70624,"comment_status":"open","ping_status":"closed","sticky":false,"template":"","format":"standard","meta":{"footnotes":""},"categories":[10005,1484],"tags":[21964,21965,16317],"class_list":["post-70604","post","type-post","status-publish","format-standard","has-post-thumbnail","category-casa-e-jardim","category-decoracao","tag-como-instalar-ventilador-de-teto","tag-instalando-ventilador-de-teto","tag-ventilador-de-teto"],"_wp_attached_file":null,"_wp_attachment_metadata":null,"_wp_attachment_context":null,"_wp_attachment_is_custom_header":null,"geo_longitude":null,"geo_public":null,"geo_latitude":null,"_publicize_done_external":null,"_wpas_done_3897181":null,"publicize_twitter_user":null,"_wpas_done_3897175":null,"_wpas_skip_3897181":null,"_wpas_skip_3897175":null,"_wpas_skip_3924723":null,"_wpas_mess":null,"_wpas_done_3924723":null,"wps_subtitle":"Se voc\u00ea n\u00e3o sabe como instalar seu ventilador de teto fique atento as nossas dicas e siga as instru\u00e7\u00f5es da embalagem!","_links":{"self":[{"href":"https:\/\/www.aarquiteta.com.br\/blog\/wp-json\/wp\/v2\/posts\/70604","targetHints":{"allow":["GET"]}}],"collection":[{"href":"https:\/\/www.aarquiteta.com.br\/blog\/wp-json\/wp\/v2\/posts"}],"about":[{"href":"https:\/\/www.aarquiteta.com.br\/blog\/wp-json\/wp\/v2\/types\/post"}],"author":[{"embeddable":true,"href":"https:\/\/www.aarquiteta.com.br\/blog\/wp-json\/wp\/v2\/users\/102"}],"replies":[{"embeddable":true,"href":"https:\/\/www.aarquiteta.com.br\/blog\/wp-json\/wp\/v2\/comments?post=70604"}],"version-history":[{"count":0,"href":"https:\/\/www.aarquiteta.com.br\/blog\/wp-json\/wp\/v2\/posts\/70604\/revisions"}],"wp:featuredmedia":[{"embeddable":true,"href":"https:\/\/www.aarquiteta.com.br\/blog\/wp-json\/wp\/v2\/media\/70624"}],"wp:attachment":[{"href":"https:\/\/www.aarquiteta.com.br\/blog\/wp-json\/wp\/v2\/media?parent=70604"}],"wp:term":[{"taxonomy":"category","embeddable":true,"href":"https:\/\/www.aarquiteta.com.br\/blog\/wp-json\/wp\/v2\/categories?post=70604"},{"taxonomy":"post_tag","embeddable":true,"href":"https:\/\/www.aarquiteta.com.br\/blog\/wp-json\/wp\/v2\/tags?post=70604"}],"curies":[{"name":"wp","href":"https:\/\/api.w.org\/{rel}","templated":true}]}}