{"id":70543,"date":"2022-10-13T21:42:39","date_gmt":"2022-10-14T00:42:39","guid":{"rendered":"http:\/\/aarquiteta.com.br\/?p=70543"},"modified":"2022-10-13T21:40:38","modified_gmt":"2022-10-14T00:40:38","slug":"dia-do-professor-15-de-outubro","status":"publish","type":"post","link":"https:\/\/www.aarquiteta.com.br\/blog\/dia-do-professor-15-de-outubro\/","title":{"rendered":"Dia do professor &#8211; 5 dicas para homenage\u00e1-los dia15 de outubro!"},"content":{"rendered":"<p>No dia 15 de outubro, comemoramos o Dia do Professor.<\/p>\n<p>Esta n\u00e3o \u00e9 apenas uma data no calend\u00e1rio escolar de eventos, deve ser uma oportunidade para reconhecer o trabalho daqueles que est\u00e3o no centro da escola e que trabalham para ajudar os alunos a progredir em dire\u00e7\u00e3o a seus objetivos.<\/p>\n<figure id=\"attachment_70551\" aria-describedby=\"caption-attachment-70551\" style=\"width: 1024px\" class=\"wp-caption alignnone\"><img decoding=\"async\" class=\"wp-image-70551 size-large\" src=\"https:\/\/www.aarquiteta.com.br\/blog\/wp-content\/uploads\/2022\/10\/professor5-1024x683.jpg\" alt=\"professor5\" width=\"1024\" height=\"683\" title=\"\" srcset=\"https:\/\/www.aarquiteta.com.br\/blog\/wp-content\/uploads\/2022\/10\/professor5-1024x683.jpg 1024w, https:\/\/www.aarquiteta.com.br\/blog\/wp-content\/uploads\/2022\/10\/professor5-696x464.jpg 696w, https:\/\/www.aarquiteta.com.br\/blog\/wp-content\/uploads\/2022\/10\/professor5-150x100.jpg 150w, https:\/\/www.aarquiteta.com.br\/blog\/wp-content\/uploads\/2022\/10\/professor5-scaled.jpg 2048w\" sizes=\"(max-width: 1024px) 100vw, 1024px\" \/><figcaption id=\"caption-attachment-70551\" class=\"wp-caption-text\">Por: Escolas Disruptivas<\/figcaption><\/figure>\n<p>Por isso \u00e9 importante pensar em algo especial e homenagear no Dia do Professor.<\/p>\n<p>Neste artigo, voc\u00ea aprender\u00e1 por que a data deve ser comemorada e confira 7 ideias de homenagens para o dia.<\/p>\n<figure id=\"attachment_70548\" aria-describedby=\"caption-attachment-70548\" style=\"width: 720px\" class=\"wp-caption alignnone\"><img decoding=\"async\" class=\"wp-image-70548 size-full\" src=\"https:\/\/www.aarquiteta.com.br\/blog\/wp-content\/uploads\/2022\/10\/professor2.jpg\" alt=\"professor2\" width=\"720\" height=\"525\" title=\"\" srcset=\"https:\/\/www.aarquiteta.com.br\/blog\/wp-content\/uploads\/2022\/10\/professor2.jpg 720w, https:\/\/www.aarquiteta.com.br\/blog\/wp-content\/uploads\/2022\/10\/professor2-696x508.jpg 696w, https:\/\/www.aarquiteta.com.br\/blog\/wp-content\/uploads\/2022\/10\/professor2-150x109.jpg 150w\" sizes=\"(max-width: 720px) 100vw, 720px\" \/><figcaption id=\"caption-attachment-70548\" class=\"wp-caption-text\">Por: Canal do Ensino<\/figcaption><\/figure>\n<h2>O Dia do Professor \u00e9 uma oportunidade de reconhecimento<\/h2>\n<p>As origens da celebra\u00e7\u00e3o remontam a 1947, quando Salom\u00e3o Becker, um professor, e tr\u00eas outros educadores sugeriram que o Brasil comemorasse o final do segundo semestre em um \u00fanico dia de folga.<\/p>\n<p>Eles fizeram isso para dar a seus alunos a oportunidade de fazer uma pausa na escola e analisar o ano.<\/p>\n<figure id=\"attachment_70554\" aria-describedby=\"caption-attachment-70554\" style=\"width: 622px\" class=\"wp-caption alignnone\"><img decoding=\"async\" class=\"wp-image-70554 size-full\" title=\"O Dia do Professor \u00e9 uma oportunidade de reconhecimento\" src=\"https:\/\/www.aarquiteta.com.br\/blog\/wp-content\/uploads\/2022\/10\/professor8.png\" alt=\"professor8\" width=\"622\" height=\"460\" srcset=\"https:\/\/www.aarquiteta.com.br\/blog\/wp-content\/uploads\/2022\/10\/professor8.png 622w, https:\/\/www.aarquiteta.com.br\/blog\/wp-content\/uploads\/2022\/10\/professor8-150x111.png 150w\" sizes=\"(max-width: 622px) 100vw, 622px\" \/><figcaption id=\"caption-attachment-70554\" class=\"wp-caption-text\">Por: OCP News<\/figcaption><\/figure>\n<p>&nbsp;<\/p>\n<p>A comemora\u00e7\u00e3o come\u00e7ou em 1947, quando Salom\u00e3o Becker, professor da escola, sugeriu que o Brasil transformasse a folga do segundo semestre em um evento educacional.<\/p>\n<p>Como resultado, Becker e seus colegas escolheram uma data muito mais longa do que qualquer outra op\u00e7\u00e3o de f\u00e9rias.<\/p>\n<figure id=\"attachment_70553\" aria-describedby=\"caption-attachment-70553\" style=\"width: 1024px\" class=\"wp-caption alignnone\"><img decoding=\"async\" class=\"wp-image-70553 size-large\" title=\"O Dia do Professor \u00e9 uma oportunidade de reconhecimento\" src=\"https:\/\/www.aarquiteta.com.br\/blog\/wp-content\/uploads\/2022\/10\/professor7-1024x427.jpg\" alt=\"professor7\" width=\"1024\" height=\"427\" srcset=\"https:\/\/www.aarquiteta.com.br\/blog\/wp-content\/uploads\/2022\/10\/professor7-1024x427.jpg 1024w, https:\/\/www.aarquiteta.com.br\/blog\/wp-content\/uploads\/2022\/10\/professor7-696x290.jpg 696w, https:\/\/www.aarquiteta.com.br\/blog\/wp-content\/uploads\/2022\/10\/professor7-150x63.jpg 150w, https:\/\/www.aarquiteta.com.br\/blog\/wp-content\/uploads\/2022\/10\/professor7.jpg 1200w\" sizes=\"(max-width: 1024px) 100vw, 1024px\" \/><figcaption id=\"caption-attachment-70553\" class=\"wp-caption-text\">Por: Fluentizer<\/figcaption><\/figure>\n<p>O imperador Dom Pedro I emitiu diretrizes para a educa\u00e7\u00e3o b\u00e1sica em 15 de outubro de 1827. Esta data \u00e9 referenciada no dia 15.<\/p>\n<p>Em 1963, o decreto 52.682 do governo federal declarou 14 de outubro feriado escolar, consequentemente, as escolas foram incentivadas a celebrar o papel de seus professores e envolver os alunos e suas fam\u00edlias nas comemora\u00e7\u00f5es, desde ent\u00e3o, esta data tornou-se uma escolha popular de f\u00e9rias.<\/p>\n<figure id=\"attachment_70550\" aria-describedby=\"caption-attachment-70550\" style=\"width: 600px\" class=\"wp-caption alignnone\"><img decoding=\"async\" class=\"wp-image-70550 size-full\" src=\"https:\/\/www.aarquiteta.com.br\/blog\/wp-content\/uploads\/2022\/10\/professor4.png\" alt=\"professor4\" width=\"600\" height=\"450\" title=\"\" srcset=\"https:\/\/www.aarquiteta.com.br\/blog\/wp-content\/uploads\/2022\/10\/professor4.png 600w, https:\/\/www.aarquiteta.com.br\/blog\/wp-content\/uploads\/2022\/10\/professor4-150x113.png 150w\" sizes=\"(max-width: 600px) 100vw, 600px\" \/><figcaption id=\"caption-attachment-70550\" class=\"wp-caption-text\">Por: Rodolfo Fernandes<\/figcaption><\/figure>\n<h2>Ideias para homenagear os professores<\/h2>\n<p>Eventos agendados durante a pandemia de coronav\u00edrus precisaram ser planejados e adiados.<\/p>\n<figure id=\"attachment_70555\" aria-describedby=\"caption-attachment-70555\" style=\"width: 700px\" class=\"wp-caption alignnone\"><img decoding=\"async\" class=\"wp-image-70555 size-full\" title=\"Ideias para homenagear os professores\" src=\"https:\/\/www.aarquiteta.com.br\/blog\/wp-content\/uploads\/2022\/10\/professor10.jpg\" alt=\"professor10\" width=\"700\" height=\"466\" srcset=\"https:\/\/www.aarquiteta.com.br\/blog\/wp-content\/uploads\/2022\/10\/professor10.jpg 700w, https:\/\/www.aarquiteta.com.br\/blog\/wp-content\/uploads\/2022\/10\/professor10-696x463.jpg 696w, https:\/\/www.aarquiteta.com.br\/blog\/wp-content\/uploads\/2022\/10\/professor10-150x100.jpg 150w\" sizes=\"(max-width: 700px) 100vw, 700px\" \/><figcaption id=\"caption-attachment-70555\" class=\"wp-caption-text\">Por: Ag\u00eancia RBS<\/figcaption><\/figure>\n<p>Por exemplo, o evento Dia do Professor precisa planejar suas a\u00e7\u00f5es para promover a reflex\u00e3o sobre o papel do educador na escola e na sociedade.<\/p>\n<figure id=\"attachment_70552\" aria-describedby=\"caption-attachment-70552\" style=\"width: 816px\" class=\"wp-caption alignnone\"><img decoding=\"async\" class=\"wp-image-70552 size-full\" title=\"Ideias para homenagear os professores\" src=\"https:\/\/www.aarquiteta.com.br\/blog\/wp-content\/uploads\/2022\/10\/professor6.jpg\" alt=\"professor6\" width=\"816\" height=\"460\" srcset=\"https:\/\/www.aarquiteta.com.br\/blog\/wp-content\/uploads\/2022\/10\/professor6.jpg 816w, https:\/\/www.aarquiteta.com.br\/blog\/wp-content\/uploads\/2022\/10\/professor6-696x392.jpg 696w, https:\/\/www.aarquiteta.com.br\/blog\/wp-content\/uploads\/2022\/10\/professor6-150x85.jpg 150w\" sizes=\"(max-width: 816px) 100vw, 816px\" \/><figcaption id=\"caption-attachment-70552\" class=\"wp-caption-text\">Por: CNA<\/figcaption><\/figure>\n<p>Para garantir o sucesso, voc\u00ea deve usar essas ideias:<\/p>\n<h3>1 \u2014 Video dos alunos:<\/h3>\n<p>Em vez de recome\u00e7ar totalmente as aulas no formato presencial, os alunos podem homenagear usando recursos de v\u00eddeo.<\/p>\n<figure id=\"attachment_70556\" aria-describedby=\"caption-attachment-70556\" style=\"width: 850px\" class=\"wp-caption alignnone\"><img decoding=\"async\" class=\"wp-image-70556 size-full\" title=\"Video dos alunos\" src=\"https:\/\/www.aarquiteta.com.br\/blog\/wp-content\/uploads\/2022\/10\/professor11.jpg\" alt=\"professor11\" width=\"850\" height=\"488\" srcset=\"https:\/\/www.aarquiteta.com.br\/blog\/wp-content\/uploads\/2022\/10\/professor11.jpg 850w, https:\/\/www.aarquiteta.com.br\/blog\/wp-content\/uploads\/2022\/10\/professor11-696x400.jpg 696w, https:\/\/www.aarquiteta.com.br\/blog\/wp-content\/uploads\/2022\/10\/professor11-150x86.jpg 150w\" sizes=\"(max-width: 850px) 100vw, 850px\" \/><figcaption id=\"caption-attachment-70556\" class=\"wp-caption-text\">Por: Research Grate<\/figcaption><\/figure>\n<p>Dessa forma, os alunos ou representantes de uma turma podem falar na grava\u00e7\u00e3o com o professor e transmitir a gratid\u00e3o que sentem.<\/p>\n<h3>2 \u2014 Mensagens:<\/h3>\n<p>Os alunos devem ter a op\u00e7\u00e3o de criar sua pr\u00f3pria homenagem ou realizar uma a\u00e7\u00e3o emocional por conta pr\u00f3pria.<\/p>\n<figure id=\"attachment_70561\" aria-describedby=\"caption-attachment-70561\" style=\"width: 1024px\" class=\"wp-caption alignnone\"><img decoding=\"async\" class=\"wp-image-70561 size-large\" title=\"Mensagens\" src=\"https:\/\/www.aarquiteta.com.br\/blog\/wp-content\/uploads\/2022\/10\/professor16-1024x683.jpg\" alt=\"professor16\" width=\"1024\" height=\"683\" srcset=\"https:\/\/www.aarquiteta.com.br\/blog\/wp-content\/uploads\/2022\/10\/professor16-1024x683.jpg 1024w, https:\/\/www.aarquiteta.com.br\/blog\/wp-content\/uploads\/2022\/10\/professor16-696x464.jpg 696w, https:\/\/www.aarquiteta.com.br\/blog\/wp-content\/uploads\/2022\/10\/professor16-150x100.jpg 150w, https:\/\/www.aarquiteta.com.br\/blog\/wp-content\/uploads\/2022\/10\/professor16-scaled.jpg 2048w\" sizes=\"(max-width: 1024px) 100vw, 1024px\" \/><figcaption id=\"caption-attachment-70561\" class=\"wp-caption-text\">Por: Blog da Eleva<\/figcaption><\/figure>\n<p>Isso lhes permitiria expressar seus sentimentos atrav\u00e9s de uma mensagem pessoal.<\/p>\n<p>Essas mensagens podem ser individual ou em grupo:<\/p>\n<ul>\n<li>poemas;<\/li>\n<li>can\u00e7\u00f5es;<\/li>\n<li>esculturas;<\/li>\n<li>desenhos;<\/li>\n<li>v\u00eddeos.<\/li>\n<\/ul>\n<h3>3 \u2014 Por cartazes:<\/h3>\n<p>A cria\u00e7\u00e3o de cartazes que agradem \u00e0 coordena\u00e7\u00e3o e \u00e0s turmas da escola \u00e9 uma forma de divulgar uma homenagem em toda a escola.<\/p>\n<p>Isso pode ser feito por qualquer grupo de alunos do jardim de inf\u00e2ncia ao ensino fundamental.<\/p>\n<figure id=\"attachment_70557\" aria-describedby=\"caption-attachment-70557\" style=\"width: 640px\" class=\"wp-caption alignnone\"><img decoding=\"async\" class=\"wp-image-70557 size-full\" title=\"Cartazes\" src=\"https:\/\/www.aarquiteta.com.br\/blog\/wp-content\/uploads\/2022\/10\/professor12.jpg\" alt=\"professor12\" width=\"640\" height=\"385\" srcset=\"https:\/\/www.aarquiteta.com.br\/blog\/wp-content\/uploads\/2022\/10\/professor12.jpg 640w, https:\/\/www.aarquiteta.com.br\/blog\/wp-content\/uploads\/2022\/10\/professor12-150x90.jpg 150w\" sizes=\"(max-width: 640px) 100vw, 640px\" \/><figcaption id=\"caption-attachment-70557\" class=\"wp-caption-text\">Por: S\u00f3 Escola<\/figcaption><\/figure>\n<h3>4 \u2014 Personalizados:<\/h3>\n<p>Dar presentes personalizados para homenagear educadores \u00e9 uma \u00f3tima ideia.<\/p>\n<p>Os alunos podem obter ajuda de suas fam\u00edlias para entender as comidas favoritas de seus\u00a0 professores.<\/p>\n<figure id=\"attachment_70559\" aria-describedby=\"caption-attachment-70559\" style=\"width: 1024px\" class=\"wp-caption alignnone\"><img decoding=\"async\" class=\"wp-image-70559 size-large\" title=\"Personalizados\" src=\"https:\/\/www.aarquiteta.com.br\/blog\/wp-content\/uploads\/2022\/10\/professor14-1024x576.jpg\" alt=\"professor14\" width=\"1024\" height=\"576\" srcset=\"https:\/\/www.aarquiteta.com.br\/blog\/wp-content\/uploads\/2022\/10\/professor14-1024x576.jpg 1024w, https:\/\/www.aarquiteta.com.br\/blog\/wp-content\/uploads\/2022\/10\/professor14-696x392.jpg 696w, https:\/\/www.aarquiteta.com.br\/blog\/wp-content\/uploads\/2022\/10\/professor14-150x84.jpg 150w, https:\/\/www.aarquiteta.com.br\/blog\/wp-content\/uploads\/2022\/10\/professor14.jpg 1280w\" sizes=\"(max-width: 1024px) 100vw, 1024px\" \/><figcaption id=\"caption-attachment-70559\" class=\"wp-caption-text\">Por: Gshow<\/figcaption><\/figure>\n<p>V\u00e1rias cria\u00e7\u00f5es podem ser feitas a partir do reaproveitamento de itens do dia a dia. Isso inclui cestas de caf\u00e9 da manh\u00e3, perfumes, flores, camisetas e outros.<\/p>\n<h3>5 \u2014 Retrospectiva da carreira profissional:<\/h3>\n<p>Uma escola deve preparar uma retrospectiva da carreira de cada um de seus profissionais da educa\u00e7\u00e3o.<\/p>\n<p>Isso pode ser feito usando fotos e v\u00eddeos antigos e novos para criar uma homenagem emocionante.<\/p>\n<figure id=\"attachment_70562\" aria-describedby=\"caption-attachment-70562\" style=\"width: 1024px\" class=\"wp-caption alignnone\"><img decoding=\"async\" class=\"wp-image-70562 size-large\" title=\"Retrospectiva da carreira profissional\" src=\"https:\/\/www.aarquiteta.com.br\/blog\/wp-content\/uploads\/2022\/10\/professor17-1024x745.jpg\" alt=\"professor17\" width=\"1024\" height=\"745\" srcset=\"https:\/\/www.aarquiteta.com.br\/blog\/wp-content\/uploads\/2022\/10\/professor17-1024x745.jpg 1024w, https:\/\/www.aarquiteta.com.br\/blog\/wp-content\/uploads\/2022\/10\/professor17-696x506.jpg 696w, https:\/\/www.aarquiteta.com.br\/blog\/wp-content\/uploads\/2022\/10\/professor17-150x109.jpg 150w, https:\/\/www.aarquiteta.com.br\/blog\/wp-content\/uploads\/2022\/10\/professor17-scaled.jpg 2048w\" sizes=\"(max-width: 1024px) 100vw, 1024px\" \/><figcaption id=\"caption-attachment-70562\" class=\"wp-caption-text\">Por: EBC<\/figcaption><\/figure>\n<p>Al\u00e9m disso, os atuais alunos e ex-alunos podem ser envolvidos usando seus depoimentos, bem como fotos e v\u00eddeos em seus arquivos pessoais.<\/p>\n<figure id=\"attachment_70560\" aria-describedby=\"caption-attachment-70560\" style=\"width: 1024px\" class=\"wp-caption alignnone\"><img decoding=\"async\" class=\"wp-image-70560 size-large\" title=\"Retrospectiva da carreira profissional\" src=\"https:\/\/www.aarquiteta.com.br\/blog\/wp-content\/uploads\/2022\/10\/professor15-1024x576.jpg\" alt=\"professor15\" width=\"1024\" height=\"576\" srcset=\"https:\/\/www.aarquiteta.com.br\/blog\/wp-content\/uploads\/2022\/10\/professor15-1024x576.jpg 1024w, https:\/\/www.aarquiteta.com.br\/blog\/wp-content\/uploads\/2022\/10\/professor15-696x392.jpg 696w, https:\/\/www.aarquiteta.com.br\/blog\/wp-content\/uploads\/2022\/10\/professor15-150x84.jpg 150w, https:\/\/www.aarquiteta.com.br\/blog\/wp-content\/uploads\/2022\/10\/professor15.jpg 1400w\" sizes=\"(max-width: 1024px) 100vw, 1024px\" \/><figcaption id=\"caption-attachment-70560\" class=\"wp-caption-text\">Por: Programa Pleno<\/figcaption><\/figure>\n<p>Diferentes formas de homenagear o Dia do Professor s\u00e3o aceit\u00e1veis, desde que valorizem verdadeiramente o papel do educador na institui\u00e7\u00e3o de ensino.<\/p>\n<figure id=\"attachment_70549\" aria-describedby=\"caption-attachment-70549\" style=\"width: 960px\" class=\"wp-caption alignnone\"><img decoding=\"async\" class=\"wp-image-70549 size-full\" title=\"Retrospectiva da carreira profissional\" src=\"https:\/\/www.aarquiteta.com.br\/blog\/wp-content\/uploads\/2022\/10\/professor3.png\" alt=\"professor3\" width=\"960\" height=\"480\" srcset=\"https:\/\/www.aarquiteta.com.br\/blog\/wp-content\/uploads\/2022\/10\/professor3.png 960w, https:\/\/www.aarquiteta.com.br\/blog\/wp-content\/uploads\/2022\/10\/professor3-696x348.png 696w, https:\/\/www.aarquiteta.com.br\/blog\/wp-content\/uploads\/2022\/10\/professor3-150x75.png 150w\" sizes=\"(max-width: 960px) 100vw, 960px\" \/><figcaption id=\"caption-attachment-70549\" class=\"wp-caption-text\">Por: Educredi<\/figcaption><\/figure>\n<h2>E a\u00ed, gostou do artigo sobre Dia do professor &#8211; 5 dicas para homenage\u00e1-los dia15 de outubro?<\/h2>\n<p>Ent\u00e3o deslize a tela para baixo e<a href=\"https:\/\/br.pinterest.com\/aarquitetapinterest\/_created\/\" target=\"_blank\" rel=\"noopener\"> confira mais dicas<\/a> como esta e n\u00e3o se esque\u00e7a de compartilhar com os amigos!<\/p>\n<p>Quer mais dicas sobre o mundo da Arquitetura e Decora\u00e7\u00e3o, ent\u00e3o confira alguns dos nossos artigos em:<\/p>\n<ul>\n<li><a href=\"https:\/\/www.aarquiteta.com.br\/blog\/paisagismo\/\" target=\"_blank\" rel=\"noopener\">Casa e Jardim<\/a><\/li>\n<li><a href=\"https:\/\/www.aarquiteta.com.br\/blog\/arquitetura\/mundo-arquitetura\/\" target=\"_blank\" rel=\"noopener\">Mundo Arquitetura<\/a><\/li>\n<li><a href=\"https:\/\/www.aarquiteta.com.br\/decoracao\/\" target=\"_blank\" rel=\"noopener\">Decora\u00e7\u00e3o<br \/>\n<\/a><\/li>\n<\/ul>\n<p>&nbsp;<\/p>\n","protected":false},"excerpt":{"rendered":"<p>No dia 15 de outubro, comemoramos o Dia do Professor. Esta n\u00e3o \u00e9 apenas uma data no calend\u00e1rio escolar de eventos, deve ser uma oportunidade para reconhecer o trabalho daqueles que est\u00e3o no centro da escola e que trabalham para ajudar os alunos a progredir em dire\u00e7\u00e3o a seus objetivos. Por isso \u00e9 importante pensar [&hellip;]<\/p>\n","protected":false},"author":102,"featured_media":70547,"comment_status":"open","ping_status":"closed","sticky":false,"template":"","format":"standard","meta":{"footnotes":""},"categories":[10005],"tags":[21952,21951,21953],"class_list":["post-70543","post","type-post","status-publish","format-standard","has-post-thumbnail","category-casa-e-jardim","tag-15-de-outubro","tag-dia-do-professor","tag-homenagem-aos-professores"],"_wp_attached_file":null,"_wp_attachment_metadata":null,"_wp_attachment_context":null,"_wp_attachment_is_custom_header":null,"geo_longitude":null,"geo_public":null,"geo_latitude":null,"_publicize_done_external":null,"_wpas_done_3897181":null,"publicize_twitter_user":null,"_wpas_done_3897175":null,"_wpas_skip_3897181":null,"_wpas_skip_3897175":null,"_wpas_skip_3924723":null,"_wpas_mess":null,"_wpas_done_3924723":null,"wps_subtitle":"Que tal homenagear o seu professor por todos os ensinamentos que ele te d\u00e1 em sala de aula? Confira 5 maneiras de deix\u00e1-lo emocionado!","_links":{"self":[{"href":"https:\/\/www.aarquiteta.com.br\/blog\/wp-json\/wp\/v2\/posts\/70543","targetHints":{"allow":["GET"]}}],"collection":[{"href":"https:\/\/www.aarquiteta.com.br\/blog\/wp-json\/wp\/v2\/posts"}],"about":[{"href":"https:\/\/www.aarquiteta.com.br\/blog\/wp-json\/wp\/v2\/types\/post"}],"author":[{"embeddable":true,"href":"https:\/\/www.aarquiteta.com.br\/blog\/wp-json\/wp\/v2\/users\/102"}],"replies":[{"embeddable":true,"href":"https:\/\/www.aarquiteta.com.br\/blog\/wp-json\/wp\/v2\/comments?post=70543"}],"version-history":[{"count":0,"href":"https:\/\/www.aarquiteta.com.br\/blog\/wp-json\/wp\/v2\/posts\/70543\/revisions"}],"wp:featuredmedia":[{"embeddable":true,"href":"https:\/\/www.aarquiteta.com.br\/blog\/wp-json\/wp\/v2\/media\/70547"}],"wp:attachment":[{"href":"https:\/\/www.aarquiteta.com.br\/blog\/wp-json\/wp\/v2\/media?parent=70543"}],"wp:term":[{"taxonomy":"category","embeddable":true,"href":"https:\/\/www.aarquiteta.com.br\/blog\/wp-json\/wp\/v2\/categories?post=70543"},{"taxonomy":"post_tag","embeddable":true,"href":"https:\/\/www.aarquiteta.com.br\/blog\/wp-json\/wp\/v2\/tags?post=70543"}],"curies":[{"name":"wp","href":"https:\/\/api.w.org\/{rel}","templated":true}]}}