{"id":68948,"date":"2022-09-15T21:00:47","date_gmt":"2022-09-16T00:00:47","guid":{"rendered":"http:\/\/aarquiteta.com.br\/?p=68948"},"modified":"2022-09-15T20:59:30","modified_gmt":"2022-09-15T23:59:30","slug":"marmore-branco","status":"publish","type":"post","link":"https:\/\/www.aarquiteta.com.br\/blog\/marmore-branco\/","title":{"rendered":"M\u00e1rmore Branco &#8211; 7 modelos para sua decora\u00e7\u00e3o!"},"content":{"rendered":"<p>A pedra m\u00e1rmore branca proporciona uma presen\u00e7a marcante em qualquer ambiente.<\/p>\n<p>\u00c9 considerada uma decora\u00e7\u00e3o nobre por sua sofistica\u00e7\u00e3o e grande resist\u00eancia ao desgaste. no entanto, pode manchar ou ficar desgastado, sendo melhor aplicado em ambientes fechados.<\/p>\n<p>O m\u00e1rmore \u00e9 uma pedra natural que vem em diferentes variedades.<\/p>\n<figure id=\"attachment_68968\" aria-describedby=\"caption-attachment-68968\" style=\"width: 1020px\" class=\"wp-caption alignnone\"><img decoding=\"async\" class=\"wp-image-68968 size-full\" title=\"M\u00e1rmore Branco - 7 modelos para sua decora\u00e7\u00e3o!\" src=\"https:\/\/www.aarquiteta.com.br\/blog\/wp-content\/uploads\/2022\/09\/marmore19.png\" alt=\"m\u00e1rmore19\" width=\"1020\" height=\"768\" srcset=\"https:\/\/www.aarquiteta.com.br\/blog\/wp-content\/uploads\/2022\/09\/marmore19.png 1020w, https:\/\/www.aarquiteta.com.br\/blog\/wp-content\/uploads\/2022\/09\/marmore19-696x524.png 696w, https:\/\/www.aarquiteta.com.br\/blog\/wp-content\/uploads\/2022\/09\/marmore19-150x113.png 150w\" sizes=\"(max-width: 1020px) 100vw, 1020px\" \/><figcaption id=\"caption-attachment-68968\" class=\"wp-caption-text\">Por: Nanoprice<\/figcaption><\/figure>\n<p>Cada tipo tem um brilho diferente, veios e outras caracter\u00edsticas.<\/p>\n<p>Por ser natural, a apar\u00eancia do m\u00e1rmore varia e \u00e9 \u00fanica para cada pe\u00e7a.<\/p>\n<h2>7 tipos de m\u00e1rmores brancos:<\/h2>\n<p>Confira a beleza dessa pedra em diferentes ambientes e conhe\u00e7a os diferentes tipos de m\u00e1rmore.<\/p>\n<h3><b>1 \u2014 Carrara:<\/b><\/h3>\n<p>O m\u00e1rmore Carrara \u00e9 um tipo de pedra branca com fundo claro e v\u00e1rios veios cinza.<\/p>\n<figure id=\"attachment_68951\" aria-describedby=\"caption-attachment-68951\" style=\"width: 540px\" class=\"wp-caption alignnone\"><img decoding=\"async\" class=\"wp-image-68951 size-full\" title=\"Carrara\" src=\"https:\/\/www.aarquiteta.com.br\/blog\/wp-content\/uploads\/2022\/09\/marmore2.jpeg\" alt=\"m\u00e1rmore2\" width=\"540\" height=\"540\" srcset=\"https:\/\/www.aarquiteta.com.br\/blog\/wp-content\/uploads\/2022\/09\/marmore2.jpeg 540w, https:\/\/www.aarquiteta.com.br\/blog\/wp-content\/uploads\/2022\/09\/marmore2-96x96.jpeg 96w, https:\/\/www.aarquiteta.com.br\/blog\/wp-content\/uploads\/2022\/09\/marmore2-150x150.jpeg 150w\" sizes=\"(max-width: 540px) 100vw, 540px\" \/><figcaption id=\"caption-attachment-68951\" class=\"wp-caption-text\">Por: Casa e Festa<\/figcaption><\/figure>\n<p>\u00c9 um dos tipos de m\u00e1rmore mais populares com uma presen\u00e7a nobre.<\/p>\n<p>Tamb\u00e9m \u00e9 bastante caro e de alta qualidade.<\/p>\n<p>O m\u00e1rmore pode ser usado para revestir m\u00f3veis, mesas, pain\u00e9is, bancadas e pisos.<\/p>\n<figure id=\"attachment_68949\" aria-describedby=\"caption-attachment-68949\" style=\"width: 530px\" class=\"wp-caption alignnone\"><img decoding=\"async\" class=\"wp-image-68949 size-full\" title=\"Carrara\" src=\"https:\/\/www.aarquiteta.com.br\/blog\/wp-content\/uploads\/2022\/09\/marmore.jpg\" alt=\"m\u00e1rmore\" width=\"530\" height=\"398\" srcset=\"https:\/\/www.aarquiteta.com.br\/blog\/wp-content\/uploads\/2022\/09\/marmore.jpg 530w, https:\/\/www.aarquiteta.com.br\/blog\/wp-content\/uploads\/2022\/09\/marmore-150x113.jpg 150w\" sizes=\"(max-width: 530px) 100vw, 530px\" \/><figcaption id=\"caption-attachment-68949\" class=\"wp-caption-text\">Por: Doce Obra<\/figcaption><\/figure>\n<h3><b>2 \u2014 Cintilante:<\/b><\/h3>\n<p>A pedra tem um brilho, mas sua cor principal \u00e9 branca.<\/p>\n<figure id=\"attachment_68952\" aria-describedby=\"caption-attachment-68952\" style=\"width: 800px\" class=\"wp-caption alignnone\"><img decoding=\"async\" class=\"wp-image-68952 size-full\" title=\"Cintilante\" src=\"https:\/\/www.aarquiteta.com.br\/blog\/wp-content\/uploads\/2022\/09\/marmore3.webp\" alt=\"m\u00e1rmore3\" width=\"800\" height=\"618\" srcset=\"https:\/\/www.aarquiteta.com.br\/blog\/wp-content\/uploads\/2022\/09\/marmore3.webp 800w, https:\/\/www.aarquiteta.com.br\/blog\/wp-content\/uploads\/2022\/09\/marmore3-696x538.webp 696w, https:\/\/www.aarquiteta.com.br\/blog\/wp-content\/uploads\/2022\/09\/marmore3-150x116.webp 150w\" sizes=\"(max-width: 800px) 100vw, 800px\" \/><figcaption id=\"caption-attachment-68952\" class=\"wp-caption-text\">Por: Marmoraria Santo Ant\u00f4nio<\/figcaption><\/figure>\n<p>Tem uma textura suave com poucos veios discern\u00edveis.<\/p>\n<figure id=\"attachment_68953\" aria-describedby=\"caption-attachment-68953\" style=\"width: 333px\" class=\"wp-caption alignnone\"><img decoding=\"async\" class=\"wp-image-68953 size-full\" title=\"Cintilante\" src=\"https:\/\/www.aarquiteta.com.br\/blog\/wp-content\/uploads\/2022\/09\/marmore4.jpg\" alt=\"m\u00e1rmore4\" width=\"333\" height=\"600\" srcset=\"https:\/\/www.aarquiteta.com.br\/blog\/wp-content\/uploads\/2022\/09\/marmore4.jpg 333w, https:\/\/www.aarquiteta.com.br\/blog\/wp-content\/uploads\/2022\/09\/marmore4-150x270.jpg 150w\" sizes=\"(max-width: 333px) 100vw, 333px\" \/><figcaption id=\"caption-attachment-68953\" class=\"wp-caption-text\">Por: Marmoraria Camargo e Costa<\/figcaption><\/figure>\n<p>\u00c9 adequado para cobrir diversas superf\u00edcies como pisos ou revestimentos.<\/p>\n<h3><b>3 \u2014 Especial:<\/b><\/h3>\n<p>As veias cinzentas deste material est\u00e3o contidas em uma apar\u00eancia geral branca.<\/p>\n<p>A pedra \u00e9 de m\u00e1rmore branco nacional com fundo predominantemente branco e detalhes menores em cinza.<\/p>\n<figure id=\"attachment_68954\" aria-describedby=\"caption-attachment-68954\" style=\"width: 647px\" class=\"wp-caption alignnone\"><img decoding=\"async\" class=\"wp-image-68954 size-full\" title=\"Especial\" src=\"https:\/\/www.aarquiteta.com.br\/blog\/wp-content\/uploads\/2022\/09\/marmore5.jpg\" alt=\"m\u00e1rmore5\" width=\"647\" height=\"431\" srcset=\"https:\/\/www.aarquiteta.com.br\/blog\/wp-content\/uploads\/2022\/09\/marmore5.jpg 647w, https:\/\/www.aarquiteta.com.br\/blog\/wp-content\/uploads\/2022\/09\/marmore5-150x100.jpg 150w\" sizes=\"(max-width: 647px) 100vw, 647px\" \/><figcaption id=\"caption-attachment-68954\" class=\"wp-caption-text\">Por: Construindo Decor<\/figcaption><\/figure>\n<p>Pode ser usado para detalhes decorativos, mesas, bancadas e pisos.<\/p>\n<p>A pedra \u00e9 heterog\u00eanea; no entanto, as veias brancas s\u00e3o mais proeminentes do que as cinzentas.<\/p>\n<figure id=\"attachment_68958\" aria-describedby=\"caption-attachment-68958\" style=\"width: 530px\" class=\"wp-caption alignnone\"><img decoding=\"async\" class=\"wp-image-68958 size-full\" title=\"Especial\" src=\"https:\/\/www.aarquiteta.com.br\/blog\/wp-content\/uploads\/2022\/09\/marmore9.jpg\" alt=\"m\u00e1rmore9\" width=\"530\" height=\"348\" srcset=\"https:\/\/www.aarquiteta.com.br\/blog\/wp-content\/uploads\/2022\/09\/marmore9.jpg 530w, https:\/\/www.aarquiteta.com.br\/blog\/wp-content\/uploads\/2022\/09\/marmore9-150x98.jpg 150w\" sizes=\"(max-width: 530px) 100vw, 530px\" \/><figcaption id=\"caption-attachment-68958\" class=\"wp-caption-text\">Por: Casa e Constru\u00e7\u00e3o Org<\/figcaption><\/figure>\n<p>Isso ocorre porque as veias cinzentas est\u00e3o distantes umas das outras e s\u00e3o mais lisas.<\/p>\n<h3><b>4 \u2014 Moura:<\/b><\/h3>\n<p>Sua cor branca vem com poucos veios claros.<\/p>\n<p>As por\u00e7\u00f5es brancas deste m\u00e1rmore brilham mais; tem veios cinzentos que contrastam bem com a sua tonalidade clara.<\/p>\n<figure id=\"attachment_68959\" aria-describedby=\"caption-attachment-68959\" style=\"width: 1000px\" class=\"wp-caption alignnone\"><img decoding=\"async\" class=\"wp-image-68959 size-full\" title=\"Moura\" src=\"https:\/\/www.aarquiteta.com.br\/blog\/wp-content\/uploads\/2022\/09\/marmore10.jpg\" alt=\"m\u00e1rmore10\" width=\"1000\" height=\"667\" srcset=\"https:\/\/www.aarquiteta.com.br\/blog\/wp-content\/uploads\/2022\/09\/marmore10.jpg 1000w, https:\/\/www.aarquiteta.com.br\/blog\/wp-content\/uploads\/2022\/09\/marmore10-696x464.jpg 696w, https:\/\/www.aarquiteta.com.br\/blog\/wp-content\/uploads\/2022\/09\/marmore10-150x100.jpg 150w\" sizes=\"(max-width: 1000px) 100vw, 1000px\" \/><figcaption id=\"caption-attachment-68959\" class=\"wp-caption-text\">Por: Alonso M\u00e1rmores<\/figcaption><\/figure>\n<p>Isso torna as rachaduras na pedra menos vis\u00edveis e faz com que o m\u00e1rmore pare\u00e7a homog\u00eaneo.<\/p>\n<figure id=\"attachment_68957\" aria-describedby=\"caption-attachment-68957\" style=\"width: 530px\" class=\"wp-caption alignnone\"><img decoding=\"async\" class=\"wp-image-68957 size-full\" title=\"Moura\" src=\"https:\/\/www.aarquiteta.com.br\/blog\/wp-content\/uploads\/2022\/09\/marmore8.jpg\" alt=\"m\u00e1rmore8\" width=\"530\" height=\"353\" srcset=\"https:\/\/www.aarquiteta.com.br\/blog\/wp-content\/uploads\/2022\/09\/marmore8.jpg 530w, https:\/\/www.aarquiteta.com.br\/blog\/wp-content\/uploads\/2022\/09\/marmore8-150x100.jpg 150w\" sizes=\"(max-width: 530px) 100vw, 530px\" \/><figcaption id=\"caption-attachment-68957\" class=\"wp-caption-text\">Por: Casa e Constru\u00e7\u00e3o Org<\/figcaption><\/figure>\n<p>Pode ser usado em escadas, pisos e detalhes na casa.<\/p>\n<p>A sua origem nacional \u00e9 uma das muitas vantagens da pedra; resulta em uma \u00f3tima rela\u00e7\u00e3o custo-benef\u00edcio, seu\u00a0pre\u00e7o \u00e9 inferior ao de produtos similares<\/p>\n<h3><b>5 \u2014 Paran\u00e1:<\/b><\/h3>\n<p>A pedra impressiona visualmente por seu fundo branco acinzentado e veios marrons e cinzas.<\/p>\n<figure id=\"attachment_68955\" aria-describedby=\"caption-attachment-68955\" style=\"width: 512px\" class=\"wp-caption alignnone\"><img decoding=\"async\" class=\"wp-image-68955 size-full\" title=\"Paran\u00e1\" src=\"https:\/\/www.aarquiteta.com.br\/blog\/wp-content\/uploads\/2022\/09\/marmore6.jpg\" alt=\"m\u00e1rmore6\" width=\"512\" height=\"362\" srcset=\"https:\/\/www.aarquiteta.com.br\/blog\/wp-content\/uploads\/2022\/09\/marmore6.jpg 512w, https:\/\/www.aarquiteta.com.br\/blog\/wp-content\/uploads\/2022\/09\/marmore6-150x106.jpg 150w\" sizes=\"(max-width: 512px) 100vw, 512px\" \/><figcaption id=\"caption-attachment-68955\" class=\"wp-caption-text\">Por: Stok Acabamentod<\/figcaption><\/figure>\n<p>Tamb\u00e9m \u00e9 considerado um m\u00e1rmore nacional e pode ser usado para revestimentos de interiores.<\/p>\n<figure id=\"attachment_68956\" aria-describedby=\"caption-attachment-68956\" style=\"width: 1024px\" class=\"wp-caption alignnone\"><img decoding=\"async\" class=\"wp-image-68956 size-large\" title=\"Paran\u00e9\" src=\"https:\/\/www.aarquiteta.com.br\/blog\/wp-content\/uploads\/2022\/09\/marmore7-1024x586.jpg\" alt=\"m\u00e1rmore7\" width=\"1024\" height=\"586\" srcset=\"https:\/\/www.aarquiteta.com.br\/blog\/wp-content\/uploads\/2022\/09\/marmore7-1024x586.jpg 1024w, https:\/\/www.aarquiteta.com.br\/blog\/wp-content\/uploads\/2022\/09\/marmore7-696x399.jpg 696w, https:\/\/www.aarquiteta.com.br\/blog\/wp-content\/uploads\/2022\/09\/marmore7-150x86.jpg 150w, https:\/\/www.aarquiteta.com.br\/blog\/wp-content\/uploads\/2022\/09\/marmore7.jpg 1130w\" sizes=\"(max-width: 1024px) 100vw, 1024px\" \/><figcaption id=\"caption-attachment-68956\" class=\"wp-caption-text\">Por: Magna M\u00e1rmores<\/figcaption><\/figure>\n<h3><b>6-Pigu\u00eas:<\/b><\/h3>\n<p>Sua apar\u00eancia clara e apar\u00eancia uniforme vem de suas veias lisas uniformemente espa\u00e7adas.<\/p>\n<figure id=\"attachment_68963\" aria-describedby=\"caption-attachment-68963\" style=\"width: 640px\" class=\"wp-caption alignnone\"><img decoding=\"async\" class=\"wp-image-68963 size-full\" title=\"Pigu\u00eas\" src=\"https:\/\/www.aarquiteta.com.br\/blog\/wp-content\/uploads\/2022\/09\/marmore15.jpg\" alt=\"m\u00e1rmore15\" width=\"640\" height=\"640\" srcset=\"https:\/\/www.aarquiteta.com.br\/blog\/wp-content\/uploads\/2022\/09\/marmore15.jpg 640w, https:\/\/www.aarquiteta.com.br\/blog\/wp-content\/uploads\/2022\/09\/marmore15-96x96.jpg 96w, https:\/\/www.aarquiteta.com.br\/blog\/wp-content\/uploads\/2022\/09\/marmore15-150x150.jpg 150w\" sizes=\"(max-width: 640px) 100vw, 640px\" \/><figcaption id=\"caption-attachment-68963\" class=\"wp-caption-text\">Por: Alonso Marmoraria<\/figcaption><\/figure>\n<p>Tornando-se uma \u00f3tima op\u00e7\u00e3o para revestir grandes \u00e1reas como salas, banheiros e cozinhas.<\/p>\n<figure id=\"attachment_68964\" aria-describedby=\"caption-attachment-68964\" style=\"width: 720px\" class=\"wp-caption alignnone\"><img decoding=\"async\" class=\"wp-image-68964 size-full\" title=\"Pigu\u00eas\" src=\"https:\/\/www.aarquiteta.com.br\/blog\/wp-content\/uploads\/2022\/09\/marmore16.jpg\" alt=\"m\u00e1rmore16\" width=\"720\" height=\"405\" srcset=\"https:\/\/www.aarquiteta.com.br\/blog\/wp-content\/uploads\/2022\/09\/marmore16.jpg 720w, https:\/\/www.aarquiteta.com.br\/blog\/wp-content\/uploads\/2022\/09\/marmore16-696x392.jpg 696w, https:\/\/www.aarquiteta.com.br\/blog\/wp-content\/uploads\/2022\/09\/marmore16-150x84.jpg 150w\" sizes=\"(max-width: 720px) 100vw, 720px\" \/><figcaption id=\"caption-attachment-68964\" class=\"wp-caption-text\">Pointerest<\/figcaption><\/figure>\n<h3><b>7-Thassos:<\/b><\/h3>\n<p>O m\u00e1rmore Thassos \u00e9 uma bela e nobre pedra origin\u00e1ria da Gr\u00e9cia.<\/p>\n<p>\u00c9 uma das variedades de m\u00e1rmore branco mais caras devido \u00e0 sua apar\u00eancia uniforme e falta de veios contrastantes.<\/p>\n<figure id=\"attachment_68961\" aria-describedby=\"caption-attachment-68961\" style=\"width: 900px\" class=\"wp-caption alignnone\"><img decoding=\"async\" class=\"wp-image-68961 size-full\" title=\"Thassos\" src=\"https:\/\/www.aarquiteta.com.br\/blog\/wp-content\/uploads\/2022\/09\/marmore12.jpg\" alt=\"m\u00e1rmore12\" width=\"900\" height=\"540\" srcset=\"https:\/\/www.aarquiteta.com.br\/blog\/wp-content\/uploads\/2022\/09\/marmore12.jpg 900w, https:\/\/www.aarquiteta.com.br\/blog\/wp-content\/uploads\/2022\/09\/marmore12-696x418.jpg 696w, https:\/\/www.aarquiteta.com.br\/blog\/wp-content\/uploads\/2022\/09\/marmore12-150x90.jpg 150w\" sizes=\"(max-width: 900px) 100vw, 900px\" \/><figcaption id=\"caption-attachment-68961\" class=\"wp-caption-text\">Por: Solu\u00e7\u00f5es Industriais<\/figcaption><\/figure>\n<p>O m\u00e1rmore Thassos tem uma apar\u00eancia consistente sem mistura de cores ou veios.<\/p>\n<p>Esta pedra \u00e9 extremamente valiosa.<\/p>\n<figure id=\"attachment_68962\" aria-describedby=\"caption-attachment-68962\" style=\"width: 600px\" class=\"wp-caption alignnone\"><img decoding=\"async\" class=\"wp-image-68962 size-full\" title=\"Thassos\" src=\"https:\/\/www.aarquiteta.com.br\/blog\/wp-content\/uploads\/2022\/09\/marmore13.jpg\" alt=\"m\u00e1rmore13\" width=\"600\" height=\"600\" srcset=\"https:\/\/www.aarquiteta.com.br\/blog\/wp-content\/uploads\/2022\/09\/marmore13.jpg 600w, https:\/\/www.aarquiteta.com.br\/blog\/wp-content\/uploads\/2022\/09\/marmore13-96x96.jpg 96w, https:\/\/www.aarquiteta.com.br\/blog\/wp-content\/uploads\/2022\/09\/marmore13-150x150.jpg 150w\" sizes=\"(max-width: 600px) 100vw, 600px\" \/><figcaption id=\"caption-attachment-68962\" class=\"wp-caption-text\">Por: HomeIt<\/figcaption><\/figure>\n<p>O m\u00e1rmore branco \u00e9 uma pedra elegante e sofisticada que vem em muitas variedades diferentes.<\/p>\n<p>Por fim&#8230;<\/p>\n<p>Cada um tem propriedades \u00fanicas que o diferenciam de outros tipos de m\u00e1rmore.<\/p>\n<figure id=\"attachment_68965\" aria-describedby=\"caption-attachment-68965\" style=\"width: 1080px\" class=\"wp-caption alignnone\"><img decoding=\"async\" class=\"wp-image-68965 size-full\" src=\"https:\/\/www.aarquiteta.com.br\/blog\/wp-content\/uploads\/2022\/09\/marmore17.png\" alt=\"m\u00e1rmore17\" width=\"1080\" height=\"1350\" title=\"\" srcset=\"https:\/\/www.aarquiteta.com.br\/blog\/wp-content\/uploads\/2022\/09\/marmore17.png 1080w, https:\/\/www.aarquiteta.com.br\/blog\/wp-content\/uploads\/2022\/09\/marmore17-1024x1280.png 1024w, https:\/\/www.aarquiteta.com.br\/blog\/wp-content\/uploads\/2022\/09\/marmore17-696x870.png 696w, https:\/\/www.aarquiteta.com.br\/blog\/wp-content\/uploads\/2022\/09\/marmore17-150x188.png 150w\" sizes=\"(max-width: 1080px) 100vw, 1080px\" \/><figcaption id=\"caption-attachment-68965\" class=\"wp-caption-text\">Por: Decor Salteado<\/figcaption><\/figure>\n<p>O m\u00e1rmore branco pode ser utilizado em diversos ambientes e aplica\u00e7\u00f5es.<\/p>\n<p>\u00c9 dur\u00e1vel e muito resistente, e valoriza qualquer espa\u00e7o com sua bela apar\u00eancia.<\/p>\n<p>Voc\u00ea pode escolher o m\u00e1rmore que preferir, desde que seja adequado para uso em sua casa.<\/p>\n<figure id=\"attachment_68966\" aria-describedby=\"caption-attachment-68966\" style=\"width: 460px\" class=\"wp-caption alignnone\"><img decoding=\"async\" class=\"wp-image-68966 size-full\" src=\"https:\/\/www.aarquiteta.com.br\/blog\/wp-content\/uploads\/2022\/09\/marmore18.webp\" alt=\"m\u00e1rmore18\" width=\"460\" height=\"576\" title=\"\" srcset=\"https:\/\/www.aarquiteta.com.br\/blog\/wp-content\/uploads\/2022\/09\/marmore18.webp 460w, https:\/\/www.aarquiteta.com.br\/blog\/wp-content\/uploads\/2022\/09\/marmore18-150x188.webp 150w\" sizes=\"(max-width: 460px) 100vw, 460px\" \/><figcaption id=\"caption-attachment-68966\" class=\"wp-caption-text\">Por: Mais Novela<\/figcaption><\/figure>\n<h2>E a\u00ed, gostou do artigo sobre M\u00e1rmore Branco &#8211; 7 modelos para sua decora\u00e7\u00e3o?<\/h2>\n<p>Ent\u00e3o deslize a tela para baixo e<a href=\"https:\/\/br.pinterest.com\/aarquitetapinterest\/_created\/\" target=\"_blank\" rel=\"noopener\"> confira mais dicas<\/a> como esta e n\u00e3o se esque\u00e7a de compartilhar com os amigos!<\/p>\n<p>Quer mais dicas sobre o mundo da Arquitetura e Decora\u00e7\u00e3o, ent\u00e3o confira alguns dos nossos artigos em:<\/p>\n<ul>\n<li><a href=\"https:\/\/www.aarquiteta.com.br\/blog\/paisagismo\/\" target=\"_blank\" rel=\"noopener\">Casa e Jardim<\/a><\/li>\n<li><a href=\"https:\/\/www.aarquiteta.com.br\/blog\/arquitetura\/mundo-arquitetura\/\" target=\"_blank\" rel=\"noopener\">Mundo Arquitetura<\/a><\/li>\n<li><a href=\"https:\/\/www.aarquiteta.com.br\/decoracao\/\" target=\"_blank\" rel=\"noopener\">Decora\u00e7\u00e3o<br \/>\n<\/a><\/li>\n<\/ul>\n<p>&nbsp;<\/p>\n","protected":false},"excerpt":{"rendered":"<p>A pedra m\u00e1rmore branca proporciona uma presen\u00e7a marcante em qualquer ambiente. \u00c9 considerada uma decora\u00e7\u00e3o nobre por sua sofistica\u00e7\u00e3o e grande resist\u00eancia ao desgaste. no entanto, pode manchar ou ficar desgastado, sendo melhor aplicado em ambientes fechados. O m\u00e1rmore \u00e9 uma pedra natural que vem em diferentes variedades. Cada tipo tem um brilho diferente, veios [&hellip;]<\/p>\n","protected":false},"author":102,"featured_media":68967,"comment_status":"open","ping_status":"closed","sticky":false,"template":"","format":"standard","meta":{"footnotes":""},"categories":[10005],"tags":[21482,21483,21481],"class_list":["post-68948","post","type-post","status-publish","format-standard","has-post-thumbnail","category-casa-e-jardim","tag-marmore-branco","tag-modelos-de-marmores-brancos","tag-tipos-de-marmores-brancos"],"_wp_attached_file":null,"_wp_attachment_metadata":null,"_wp_attachment_context":null,"_wp_attachment_is_custom_header":null,"geo_longitude":null,"geo_public":null,"geo_latitude":null,"_publicize_done_external":null,"_wpas_done_3897181":null,"publicize_twitter_user":null,"_wpas_done_3897175":null,"_wpas_skip_3897181":null,"_wpas_skip_3897175":null,"_wpas_skip_3924723":null,"_wpas_mess":null,"_wpas_done_3924723":null,"wps_subtitle":"Confira 7 exemplos de m\u00e1rmore brancopara a sua decora\u00e7\u00e3o ficar impec\u00e1vel!","_links":{"self":[{"href":"https:\/\/www.aarquiteta.com.br\/blog\/wp-json\/wp\/v2\/posts\/68948","targetHints":{"allow":["GET"]}}],"collection":[{"href":"https:\/\/www.aarquiteta.com.br\/blog\/wp-json\/wp\/v2\/posts"}],"about":[{"href":"https:\/\/www.aarquiteta.com.br\/blog\/wp-json\/wp\/v2\/types\/post"}],"author":[{"embeddable":true,"href":"https:\/\/www.aarquiteta.com.br\/blog\/wp-json\/wp\/v2\/users\/102"}],"replies":[{"embeddable":true,"href":"https:\/\/www.aarquiteta.com.br\/blog\/wp-json\/wp\/v2\/comments?post=68948"}],"version-history":[{"count":0,"href":"https:\/\/www.aarquiteta.com.br\/blog\/wp-json\/wp\/v2\/posts\/68948\/revisions"}],"wp:featuredmedia":[{"embeddable":true,"href":"https:\/\/www.aarquiteta.com.br\/blog\/wp-json\/wp\/v2\/media\/68967"}],"wp:attachment":[{"href":"https:\/\/www.aarquiteta.com.br\/blog\/wp-json\/wp\/v2\/media?parent=68948"}],"wp:term":[{"taxonomy":"category","embeddable":true,"href":"https:\/\/www.aarquiteta.com.br\/blog\/wp-json\/wp\/v2\/categories?post=68948"},{"taxonomy":"post_tag","embeddable":true,"href":"https:\/\/www.aarquiteta.com.br\/blog\/wp-json\/wp\/v2\/tags?post=68948"}],"curies":[{"name":"wp","href":"https:\/\/api.w.org\/{rel}","templated":true}]}}