{"id":68278,"date":"2022-09-09T19:00:27","date_gmt":"2022-09-09T22:00:27","guid":{"rendered":"http:\/\/aarquiteta.com.br\/?p=68278"},"modified":"2022-09-09T15:07:11","modified_gmt":"2022-09-09T18:07:11","slug":"area-churrasqueira-5-ideias-decoracao","status":"publish","type":"post","link":"https:\/\/www.aarquiteta.com.br\/blog\/area-churrasqueira-5-ideias-decoracao\/","title":{"rendered":"\u00c1rea de churrasqueira, 5 id\u00e9ias de decora\u00e7\u00e3o para o ambiente!"},"content":{"rendered":"<p>Reunimos 5 lindas inspira\u00e7\u00f5es para transformar seu cantinho da churrasqueira em uma \u00e1rea de lazer completa.<\/p>\n<p>Um churrasco pode ser realizado em praticamente qualquer espa\u00e7o, uma varanda ou uma ed\u00edcula podem ser utilizados para a realiza\u00e7\u00e3o.<\/p>\n<p>Separamos algumas ideias lindas para transformar seu espa\u00e7o em uma \u00e1rea de lazer, essas dicas podem ser usadas para ajud\u00e1-lo a come\u00e7ar!<\/p>\n<figure id=\"attachment_68501\" aria-describedby=\"caption-attachment-68501\" style=\"width: 650px\" class=\"wp-caption alignnone\"><img decoding=\"async\" class=\"wp-image-68501 size-full\" title=\"\u00c1rea de churrasqueira, 5 id\u00e9ias de decora\u00e7\u00e3o para o local\" src=\"https:\/\/www.aarquiteta.com.br\/blog\/wp-content\/uploads\/2022\/09\/churrasqueira14-1.webp\" alt=\"churrasqueira14\" width=\"650\" height=\"564\" srcset=\"https:\/\/www.aarquiteta.com.br\/blog\/wp-content\/uploads\/2022\/09\/churrasqueira14-1.webp 650w, https:\/\/www.aarquiteta.com.br\/blog\/wp-content\/uploads\/2022\/09\/churrasqueira14-1-150x130.webp 150w\" sizes=\"(max-width: 650px) 100vw, 650px\" \/><figcaption id=\"caption-attachment-68501\" class=\"wp-caption-text\">Por: Tribuna de Minas<\/figcaption><\/figure>\n<h2>Churrasqueira, como montar esse ambiente?<\/h2>\n<p>Nos dias de calor, as fam\u00edlias podem desfrutar de momentos de lazer juntos em uma \u00e1rea de churrasco ligada a uma piscina.<\/p>\n<figure id=\"attachment_68507\" aria-describedby=\"caption-attachment-68507\" style=\"width: 1024px\" class=\"wp-caption alignnone\"><img decoding=\"async\" class=\"wp-image-68507 size-large\" title=\"Churrasqueira, como montar esse ambiente?\" src=\"https:\/\/www.aarquiteta.com.br\/blog\/wp-content\/uploads\/2022\/09\/churrasqueira15-1024x576.jpg\" alt=\"churrasqueira15\" width=\"1024\" height=\"576\" srcset=\"https:\/\/www.aarquiteta.com.br\/blog\/wp-content\/uploads\/2022\/09\/churrasqueira15-1024x576.jpg 1024w, https:\/\/www.aarquiteta.com.br\/blog\/wp-content\/uploads\/2022\/09\/churrasqueira15-696x392.jpg 696w, https:\/\/www.aarquiteta.com.br\/blog\/wp-content\/uploads\/2022\/09\/churrasqueira15-150x84.jpg 150w, https:\/\/www.aarquiteta.com.br\/blog\/wp-content\/uploads\/2022\/09\/churrasqueira15.jpg 1280w\" sizes=\"(max-width: 1024px) 100vw, 1024px\" \/><figcaption id=\"caption-attachment-68507\" class=\"wp-caption-text\">Por: Minha Casa<\/figcaption><\/figure>\n<p>Isso \u00e9 poss\u00edvel quando o espa\u00e7o permite em casas maiores; caso contr\u00e1rio, uma \u00e1rea de churrasco independente pode ser configurada.<\/p>\n<p>Pequenas casas e apartamentos podem utilizar um espa\u00e7o de varanda gourmet para acomodar uma \u00e1rea de churrasco pequena, mas funcional.<\/p>\n<figure id=\"attachment_68512\" aria-describedby=\"caption-attachment-68512\" style=\"width: 620px\" class=\"wp-caption alignnone\"><img decoding=\"async\" class=\"wp-image-68512 size-full\" title=\"Churrasqueira, como montar esse ambiente?\" src=\"https:\/\/www.aarquiteta.com.br\/blog\/wp-content\/uploads\/2022\/09\/churrasqueira16.jpg\" alt=\"churrasqueira16\" width=\"620\" height=\"844\" srcset=\"https:\/\/www.aarquiteta.com.br\/blog\/wp-content\/uploads\/2022\/09\/churrasqueira16.jpg 620w, https:\/\/www.aarquiteta.com.br\/blog\/wp-content\/uploads\/2022\/09\/churrasqueira16-150x204.jpg 150w\" sizes=\"(max-width: 620px) 100vw, 620px\" \/><figcaption id=\"caption-attachment-68512\" class=\"wp-caption-text\">Por: Decor F\u00e1cil<\/figcaption><\/figure>\n<p>Antes de iniciar um projeto de churrasco, \u00e9 importante determinar onde ser\u00e1 a churrasqueira.<\/p>\n<p>Isso permite que voc\u00ea saiba quais m\u00f3veis podem ser usados \u200b\u200be quais materiais s\u00e3o necess\u00e1rios para realizar um churrasco.<\/p>\n<h2>5 ideias para o ambiente da sua churrasqueira:<\/h2>\n<p>Um bom espa\u00e7o para preparar carnes precisa de m\u00f3veis bonitos, uma cobertura para usar nos dias frios e equipamentos pr\u00e1ticos para churrascos.<\/p>\n<figure id=\"attachment_68496\" aria-describedby=\"caption-attachment-68496\" style=\"width: 564px\" class=\"wp-caption alignnone\"><img decoding=\"async\" class=\"wp-image-68496 size-full\" title=\"5 ideias para o ambiente da sua churrasqueira\" src=\"https:\/\/www.aarquiteta.com.br\/blog\/wp-content\/uploads\/2022\/09\/churrasqueira13.jpg\" alt=\"churrasqueira13\" width=\"564\" height=\"751\" srcset=\"https:\/\/www.aarquiteta.com.br\/blog\/wp-content\/uploads\/2022\/09\/churrasqueira13.jpg 564w, https:\/\/www.aarquiteta.com.br\/blog\/wp-content\/uploads\/2022\/09\/churrasqueira13-150x200.jpg 150w\" sizes=\"(max-width: 564px) 100vw, 564px\" \/><figcaption id=\"caption-attachment-68496\" class=\"wp-caption-text\">Por: Decora\u00e7\u00e3o de Casa<\/figcaption><\/figure>\n<p>As op\u00e7\u00f5es a seguir s\u00e3o \u00f3timas para quem deseja construir um pequeno projeto de churrasqueira.<\/p>\n<h3><b>1 \u2014 Arm\u00e1rios funcionais<\/b>:<\/h3>\n<p>Ter prateleiras e arm\u00e1rios para guardar itens de churrasco facilita muito o preparo dos alimentos.<\/p>\n<figure id=\"attachment_68493\" aria-describedby=\"caption-attachment-68493\" style=\"width: 1024px\" class=\"wp-caption alignnone\"><img decoding=\"async\" class=\"wp-image-68493 size-large\" title=\"Arm\u00e1rios funcionais\" src=\"https:\/\/www.aarquiteta.com.br\/blog\/wp-content\/uploads\/2022\/09\/churrasqueira12-1024x768.jpg\" alt=\"churrasqueira12\" width=\"1024\" height=\"768\" srcset=\"https:\/\/www.aarquiteta.com.br\/blog\/wp-content\/uploads\/2022\/09\/churrasqueira12-1024x768.jpg 1024w, https:\/\/www.aarquiteta.com.br\/blog\/wp-content\/uploads\/2022\/09\/churrasqueira12-696x522.jpg 696w, https:\/\/www.aarquiteta.com.br\/blog\/wp-content\/uploads\/2022\/09\/churrasqueira12-150x113.jpg 150w, https:\/\/www.aarquiteta.com.br\/blog\/wp-content\/uploads\/2022\/09\/churrasqueira12.jpg 1200w\" sizes=\"(max-width: 1024px) 100vw, 1024px\" \/><figcaption id=\"caption-attachment-68493\" class=\"wp-caption-text\">Por: HomeIt<\/figcaption><\/figure>\n<p>Isso tamb\u00e9m significa que as pessoas n\u00e3o precisam sair da \u00e1rea de churrasco para pegar os objetos em outros lugares fora do espa\u00e7o.<\/p>\n<p>Tudo o que eles precisam est\u00e1 ali na ponta dos dedos.<\/p>\n<h3><b>2 \u2014 Eletrodom\u00e9sticos<\/b>:<\/h3>\n<p>\u00c9 interessante colocar uma pequena geladeira na \u00e1rea da churrasqueira.<\/p>\n<figure id=\"attachment_68438\" aria-describedby=\"caption-attachment-68438\" style=\"width: 1024px\" class=\"wp-caption alignnone\"><img decoding=\"async\" class=\"wp-image-68438 size-large\" title=\"Eletrodomesticos\" src=\"https:\/\/www.aarquiteta.com.br\/blog\/wp-content\/uploads\/2022\/09\/churrasqueira3-1024x684.jpg\" alt=\"churrasqueira3\" width=\"1024\" height=\"684\" srcset=\"https:\/\/www.aarquiteta.com.br\/blog\/wp-content\/uploads\/2022\/09\/churrasqueira3-1024x684.jpg 1024w, https:\/\/www.aarquiteta.com.br\/blog\/wp-content\/uploads\/2022\/09\/churrasqueira3-696x465.jpg 696w, https:\/\/www.aarquiteta.com.br\/blog\/wp-content\/uploads\/2022\/09\/churrasqueira3-150x100.jpg 150w, https:\/\/www.aarquiteta.com.br\/blog\/wp-content\/uploads\/2022\/09\/churrasqueira3.jpg 1600w\" sizes=\"(max-width: 1024px) 100vw, 1024px\" \/><figcaption id=\"caption-attachment-68438\" class=\"wp-caption-text\">Por: Decor F\u00e1cil<\/figcaption><\/figure>\n<p>Isso permite que voc\u00ea armazene alimentos e bebidas em um s\u00f3 lugar.<\/p>\n<p>Tamb\u00e9m \u00e9 ben\u00e9fico ter um pequeno fog\u00e3o ou forno a lenha para preparar diferentes tipos de alimentos.<\/p>\n<figure id=\"attachment_68446\" aria-describedby=\"caption-attachment-68446\" style=\"width: 840px\" class=\"wp-caption alignnone\"><img decoding=\"async\" class=\"wp-image-68446 size-full\" title=\"Eletrodom\u00e9sticos\" src=\"https:\/\/www.aarquiteta.com.br\/blog\/wp-content\/uploads\/2022\/09\/churrasqueira4.webp\" alt=\"churrasqueira4\" width=\"840\" height=\"630\" srcset=\"https:\/\/www.aarquiteta.com.br\/blog\/wp-content\/uploads\/2022\/09\/churrasqueira4.webp 840w, https:\/\/www.aarquiteta.com.br\/blog\/wp-content\/uploads\/2022\/09\/churrasqueira4-696x522.webp 696w, https:\/\/www.aarquiteta.com.br\/blog\/wp-content\/uploads\/2022\/09\/churrasqueira4-150x113.webp 150w\" sizes=\"(max-width: 840px) 100vw, 840px\" \/><figcaption id=\"caption-attachment-68446\" class=\"wp-caption-text\">Por: Liberal<\/figcaption><\/figure>\n<h3><b>3 \u2014 Cobertura<\/b>:<\/h3>\n<p>Uma p\u00e9rgula com telhado de vidro ou acr\u00edlico, fornece a cobertura necess\u00e1ria para sua pequena \u00e1rea de churrasco.<\/p>\n<figure id=\"attachment_68450\" aria-describedby=\"caption-attachment-68450\" style=\"width: 900px\" class=\"wp-caption alignnone\"><img decoding=\"async\" class=\"wp-image-68450 size-full\" title=\"Cobertura\" src=\"https:\/\/www.aarquiteta.com.br\/blog\/wp-content\/uploads\/2022\/09\/churrasqueira5.jpg\" alt=\"churrasqueira5\" width=\"900\" height=\"675\" srcset=\"https:\/\/www.aarquiteta.com.br\/blog\/wp-content\/uploads\/2022\/09\/churrasqueira5.jpg 900w, https:\/\/www.aarquiteta.com.br\/blog\/wp-content\/uploads\/2022\/09\/churrasqueira5-696x522.jpg 696w, https:\/\/www.aarquiteta.com.br\/blog\/wp-content\/uploads\/2022\/09\/churrasqueira5-150x113.jpg 150w\" sizes=\"(max-width: 900px) 100vw, 900px\" \/><figcaption id=\"caption-attachment-68450\" class=\"wp-caption-text\">Por: Dcore voc\u00ea<\/figcaption><\/figure>\n<p>A luz solar e a chuva tamb\u00e9m podem ser muito intensos nesta \u00e1rea, sendo melhor instalar um protetor mais forte.<\/p>\n<h3><b>4 \u2014 Sof\u00e1s, mesas e cadeiras<\/b>:<\/h3>\n<p>A inclus\u00e3o de m\u00f3veis confort\u00e1veis \u200b\u200bao lado da \u00e1rea de churrasco permite que os h\u00f3spedes relaxem em um espa\u00e7o espec\u00edfico para eles.<\/p>\n<figure id=\"attachment_68457\" aria-describedby=\"caption-attachment-68457\" style=\"width: 1024px\" class=\"wp-caption alignnone\"><img decoding=\"async\" class=\"wp-image-68457 size-full\" title=\"Sof\u00e1s, mesas e cadeiras\" src=\"https:\/\/www.aarquiteta.com.br\/blog\/wp-content\/uploads\/2022\/09\/churrasqueira6.webp\" alt=\"churrasqueira6\" width=\"1024\" height=\"682\" srcset=\"https:\/\/www.aarquiteta.com.br\/blog\/wp-content\/uploads\/2022\/09\/churrasqueira6.webp 1024w, https:\/\/www.aarquiteta.com.br\/blog\/wp-content\/uploads\/2022\/09\/churrasqueira6-696x464.webp 696w, https:\/\/www.aarquiteta.com.br\/blog\/wp-content\/uploads\/2022\/09\/churrasqueira6-150x100.webp 150w\" sizes=\"(max-width: 1024px) 100vw, 1024px\" \/><figcaption id=\"caption-attachment-68457\" class=\"wp-caption-text\">Por: Casa Abril<\/figcaption><\/figure>\n<figure id=\"attachment_68459\" aria-describedby=\"caption-attachment-68459\" style=\"width: 1024px\" class=\"wp-caption alignnone\"><img decoding=\"async\" class=\"wp-image-68459 size-full\" title=\"Sof\u00e1s, mesas e cadeiras\" src=\"https:\/\/www.aarquiteta.com.br\/blog\/wp-content\/uploads\/2022\/09\/churrasqueira7.jpg\" alt=\"churrasqueira7\" width=\"1024\" height=\"615\" srcset=\"https:\/\/www.aarquiteta.com.br\/blog\/wp-content\/uploads\/2022\/09\/churrasqueira7.jpg 1024w, https:\/\/www.aarquiteta.com.br\/blog\/wp-content\/uploads\/2022\/09\/churrasqueira7-696x418.jpg 696w, https:\/\/www.aarquiteta.com.br\/blog\/wp-content\/uploads\/2022\/09\/churrasqueira7-150x90.jpg 150w\" sizes=\"(max-width: 1024px) 100vw, 1024px\" \/><figcaption id=\"caption-attachment-68459\" class=\"wp-caption-text\">Por: Diulie Ferreira<\/figcaption><\/figure>\n<p>Assim evita colocar garrafas e copos no ch\u00e3o.<\/p>\n<h3><b>5 \u2014 Bancada com cuba<\/b>:<\/h3>\n<p>Uma bancada na \u00e1rea de prepara\u00e7\u00e3o de alimentos ajuda na prepara\u00e7\u00e3o do churrasco ou outros.<\/p>\n<figure id=\"attachment_68465\" aria-describedby=\"caption-attachment-68465\" style=\"width: 960px\" class=\"wp-caption alignnone\"><img decoding=\"async\" class=\"wp-image-68465 size-full\" title=\"Bancada com cuba\" src=\"https:\/\/www.aarquiteta.com.br\/blog\/wp-content\/uploads\/2022\/09\/churrasqueira8.jpg\" alt=\"churrasqueira8\" width=\"960\" height=\"720\" srcset=\"https:\/\/www.aarquiteta.com.br\/blog\/wp-content\/uploads\/2022\/09\/churrasqueira8.jpg 960w, https:\/\/www.aarquiteta.com.br\/blog\/wp-content\/uploads\/2022\/09\/churrasqueira8-696x522.jpg 696w, https:\/\/www.aarquiteta.com.br\/blog\/wp-content\/uploads\/2022\/09\/churrasqueira8-150x113.jpg 150w\" sizes=\"(max-width: 960px) 100vw, 960px\" \/><figcaption id=\"caption-attachment-68465\" class=\"wp-caption-text\">Por: Decora\u00e7\u00e3o Biz<\/figcaption><\/figure>\n<h2>Lazer com churrasqueira e piscina:<\/h2>\n<p>Churrasqueira e piscina s\u00e3o os projetos de \u00e1rea de lazer mais comuns em grandes casas.<\/p>\n<figure id=\"attachment_68469\" aria-describedby=\"caption-attachment-68469\" style=\"width: 650px\" class=\"wp-caption alignnone\"><img decoding=\"async\" class=\"wp-image-68469 size-full\" title=\"Lazer com churrasqueira e piscina\" src=\"https:\/\/www.aarquiteta.com.br\/blog\/wp-content\/uploads\/2022\/09\/churrasqueira9.jpg\" alt=\"churrasqueira9\" width=\"650\" height=\"720\" srcset=\"https:\/\/www.aarquiteta.com.br\/blog\/wp-content\/uploads\/2022\/09\/churrasqueira9.jpg 650w, https:\/\/www.aarquiteta.com.br\/blog\/wp-content\/uploads\/2022\/09\/churrasqueira9-150x166.jpg 150w\" sizes=\"(max-width: 650px) 100vw, 650px\" \/><figcaption id=\"caption-attachment-68469\" class=\"wp-caption-text\">Por: Sua Decora\u00e7\u00e3o<\/figcaption><\/figure>\n<p>Ter uma \u00e1rea dessa \u00e9 considerado uma \u00f3tima ideia para quem gosta de receber amigos e familiares em casa.<\/p>\n<p>A divers\u00e3o \u00e9 garantida ao hospedar em uma casa com um projeto\u00a0 de lazer como esse, principalmente em tempos de ver\u00e3o.<\/p>\n<figure id=\"attachment_68474\" aria-describedby=\"caption-attachment-68474\" style=\"width: 736px\" class=\"wp-caption alignnone\"><img decoding=\"async\" class=\"wp-image-68474 size-full\" title=\"Lazer com churrasqueira e piscina\" src=\"https:\/\/www.aarquiteta.com.br\/blog\/wp-content\/uploads\/2022\/09\/churrasqueira10.jpg\" alt=\"churrasqueira10\" width=\"736\" height=\"488\" srcset=\"https:\/\/www.aarquiteta.com.br\/blog\/wp-content\/uploads\/2022\/09\/churrasqueira10.jpg 736w, https:\/\/www.aarquiteta.com.br\/blog\/wp-content\/uploads\/2022\/09\/churrasqueira10-696x461.jpg 696w, https:\/\/www.aarquiteta.com.br\/blog\/wp-content\/uploads\/2022\/09\/churrasqueira10-150x99.jpg 150w\" sizes=\"(max-width: 736px) 100vw, 736px\" \/><figcaption id=\"caption-attachment-68474\" class=\"wp-caption-text\">Por: Decor F\u00e1cil<\/figcaption><\/figure>\n<h2>\u00c1rea de lazer pequena com churrasqueira simples:<\/h2>\n<p>Pequenas casas e apartamentos possuem pequenas \u00e1reas de lazer com churrasqueiras b\u00e1sicas.<\/p>\n<p>As pessoas podem utilizar um canto da varanda para construir uma churrasqueira embutida ou montar uma churrasqueira de canto no quintal.<\/p>\n<figure id=\"attachment_68475\" aria-describedby=\"caption-attachment-68475\" style=\"width: 480px\" class=\"wp-caption alignnone\"><img decoding=\"async\" class=\"wp-image-68475 size-full\" title=\"\u00c1rea de lazer pequena com churrasqueira simples\" src=\"https:\/\/www.aarquiteta.com.br\/blog\/wp-content\/uploads\/2022\/09\/churra11squeira.jpg\" alt=\"churra11squeira\" width=\"480\" height=\"640\" srcset=\"https:\/\/www.aarquiteta.com.br\/blog\/wp-content\/uploads\/2022\/09\/churra11squeira.jpg 480w, https:\/\/www.aarquiteta.com.br\/blog\/wp-content\/uploads\/2022\/09\/churra11squeira-150x200.jpg 150w\" sizes=\"(max-width: 480px) 100vw, 480px\" \/><figcaption id=\"caption-attachment-68475\" class=\"wp-caption-text\">Por: Doce Obra<\/figcaption><\/figure>\n<figure id=\"attachment_68480\" aria-describedby=\"caption-attachment-68480\" style=\"width: 700px\" class=\"wp-caption alignnone\"><img decoding=\"async\" class=\"wp-image-68480 size-full\" title=\"\u00c1rea de lazer pequena com churrasqueira simples\" src=\"https:\/\/www.aarquiteta.com.br\/blog\/wp-content\/uploads\/2022\/09\/churrasqueira11.jpg\" alt=\"churrasqueira11\" width=\"700\" height=\"525\" srcset=\"https:\/\/www.aarquiteta.com.br\/blog\/wp-content\/uploads\/2022\/09\/churrasqueira11.jpg 700w, https:\/\/www.aarquiteta.com.br\/blog\/wp-content\/uploads\/2022\/09\/churrasqueira11-696x522.jpg 696w, https:\/\/www.aarquiteta.com.br\/blog\/wp-content\/uploads\/2022\/09\/churrasqueira11-150x113.jpg 150w\" sizes=\"(max-width: 700px) 100vw, 700px\" \/><figcaption id=\"caption-attachment-68480\" class=\"wp-caption-text\">Por: Emp\u00f3rio do Lazer<\/figcaption><\/figure>\n<p>Ao decidir sobre um projeto, considere qual \u00e9 a melhor op\u00e7\u00e3o.<\/p>\n<p>&nbsp;<\/p>\n<h2>E a\u00ed, gostou do artigo sobre \u00c1rea de churrasqueira, 5 id\u00e9ias de decora\u00e7\u00e3o para o ambiente?<\/h2>\n<p>Ent\u00e3o deslize a tela para baixo e<a href=\"https:\/\/br.pinterest.com\/aarquitetapinterest\/_created\/\" target=\"_blank\" rel=\"noopener\"> confira mais dicas<\/a> como esta e n\u00e3o se esque\u00e7a de compartilhar com os amigos!<\/p>\n<p>Quer mais dicas sobre o mundo da Arquitetura e Decora\u00e7\u00e3o, ent\u00e3o confira alguns dos nossos artigos em:<\/p>\n<ul>\n<li><a href=\"https:\/\/www.aarquiteta.com.br\/blog\/paisagismo\/\" target=\"_blank\" rel=\"noopener\">Casa e Jardim<\/a><\/li>\n<li><a href=\"https:\/\/www.aarquiteta.com.br\/blog\/arquitetura\/mundo-arquitetura\/\" target=\"_blank\" rel=\"noopener\">Mundo Arquitetura<\/a><\/li>\n<li><a href=\"https:\/\/www.aarquiteta.com.br\/decoracao\/\" target=\"_blank\" rel=\"noopener\">Decora\u00e7\u00e3o<br \/>\n<\/a><\/li>\n<\/ul>\n<p>&nbsp;<\/p>\n","protected":false},"excerpt":{"rendered":"<p>Reunimos 5 lindas inspira\u00e7\u00f5es para transformar seu cantinho da churrasqueira em uma \u00e1rea de lazer completa. Um churrasco pode ser realizado em praticamente qualquer espa\u00e7o, uma varanda ou uma ed\u00edcula podem ser utilizados para a realiza\u00e7\u00e3o. Separamos algumas ideias lindas para transformar seu espa\u00e7o em uma \u00e1rea de lazer, essas dicas podem ser usadas para [&hellip;]<\/p>\n","protected":false},"author":102,"featured_media":68279,"comment_status":"open","ping_status":"closed","sticky":false,"template":"","format":"standard","meta":{"footnotes":""},"categories":[10005],"tags":[21386,21387,21389,21388],"class_list":["post-68278","post","type-post","status-publish","format-standard","has-post-thumbnail","category-casa-e-jardim","tag-area-para-churrasqueira","tag-decorando-a-area-para-churarsco","tag-decracao-da-area-da-churrasqueira","tag-espaco-da-churrasqueira"],"_wp_attached_file":null,"_wp_attachment_metadata":null,"_wp_attachment_context":null,"_wp_attachment_is_custom_header":null,"geo_longitude":null,"geo_public":null,"geo_latitude":null,"_publicize_done_external":null,"_wpas_done_3897181":null,"publicize_twitter_user":null,"_wpas_done_3897175":null,"_wpas_skip_3897181":null,"_wpas_skip_3897175":null,"_wpas_skip_3924723":null,"_wpas_mess":null,"_wpas_done_3924723":null,"wps_subtitle":"Confira  como decorar e organizar seu espa\u00e7o de churrasco para receber seus amigos!","_links":{"self":[{"href":"https:\/\/www.aarquiteta.com.br\/blog\/wp-json\/wp\/v2\/posts\/68278","targetHints":{"allow":["GET"]}}],"collection":[{"href":"https:\/\/www.aarquiteta.com.br\/blog\/wp-json\/wp\/v2\/posts"}],"about":[{"href":"https:\/\/www.aarquiteta.com.br\/blog\/wp-json\/wp\/v2\/types\/post"}],"author":[{"embeddable":true,"href":"https:\/\/www.aarquiteta.com.br\/blog\/wp-json\/wp\/v2\/users\/102"}],"replies":[{"embeddable":true,"href":"https:\/\/www.aarquiteta.com.br\/blog\/wp-json\/wp\/v2\/comments?post=68278"}],"version-history":[{"count":0,"href":"https:\/\/www.aarquiteta.com.br\/blog\/wp-json\/wp\/v2\/posts\/68278\/revisions"}],"wp:featuredmedia":[{"embeddable":true,"href":"https:\/\/www.aarquiteta.com.br\/blog\/wp-json\/wp\/v2\/media\/68279"}],"wp:attachment":[{"href":"https:\/\/www.aarquiteta.com.br\/blog\/wp-json\/wp\/v2\/media?parent=68278"}],"wp:term":[{"taxonomy":"category","embeddable":true,"href":"https:\/\/www.aarquiteta.com.br\/blog\/wp-json\/wp\/v2\/categories?post=68278"},{"taxonomy":"post_tag","embeddable":true,"href":"https:\/\/www.aarquiteta.com.br\/blog\/wp-json\/wp\/v2\/tags?post=68278"}],"curies":[{"name":"wp","href":"https:\/\/api.w.org\/{rel}","templated":true}]}}