{"id":67773,"date":"2023-06-27T20:00:09","date_gmt":"2023-06-27T23:00:09","guid":{"rendered":"http:\/\/aarquiteta.com.br\/?p=67773"},"modified":"2024-09-15T08:51:55","modified_gmt":"2024-09-15T11:51:55","slug":"alexa","status":"publish","type":"post","link":"https:\/\/www.aarquiteta.com.br\/blog\/alexa\/","title":{"rendered":"O que \u00e9 Alexa &#8211; Alexa \u00e9 da Amazon, e ela ser\u00e1 a sua mais nova assistente pessoal, duvida?"},"content":{"rendered":"<p>O que \u00e9 Alexa &#8211; Alexa \u00e9 da Amazon, e ela ser\u00e1 a sua mais nova assistente pessoal, duvida? Alexa \u00e9 da Amazon, e ela ser\u00e1 a sua mais nova assistente pessoal, duvida?<\/p><p>De organizar sua agenda a controlar sua casa inteligente, veja como a Alexa pode facilitar sua vida. N\u00e3o perca as ofertas do Prime Day 2023!<\/p><figure id=\"attachment_82452\" aria-describedby=\"caption-attachment-82452\" style=\"width: 1200px\" class=\"wp-caption alignnone\"><img decoding=\"async\" class=\"size-full wp-image-82452\" src=\"https:\/\/www.aarquiteta.com.br\/blog\/wp-content\/uploads\/2023\/07\/alexa-prime-day-amazon-4.jpg\" alt=\"Alexa Echo Dot: Como a Amazon Est\u00e1 Reinventando a Vida Dom\u00e9stica?\" width=\"1200\" height=\"800\" title=\"\" srcset=\"https:\/\/www.aarquiteta.com.br\/blog\/wp-content\/uploads\/2023\/07\/alexa-prime-day-amazon-4.jpg 1200w, https:\/\/www.aarquiteta.com.br\/blog\/wp-content\/uploads\/2023\/07\/alexa-prime-day-amazon-4-1024x683.jpg 1024w, https:\/\/www.aarquiteta.com.br\/blog\/wp-content\/uploads\/2023\/07\/alexa-prime-day-amazon-4-696x464.jpg 696w, https:\/\/www.aarquiteta.com.br\/blog\/wp-content\/uploads\/2023\/07\/alexa-prime-day-amazon-4-150x100.jpg 150w\" sizes=\"(max-width: 1200px) 100vw, 1200px\" \/><figcaption id=\"caption-attachment-82452\" class=\"wp-caption-text\">Foto: Canva.com<\/figcaption><\/figure><p>Se voc\u00ea est\u00e1 considerando adquirir uma assistente virtual, voc\u00ea n\u00e3o imagina a <strong>multiplicidade de fun\u00e7\u00f5es<\/strong> que este dispositivo pode fazer por voc\u00ea no dia-a-dia.<\/p><h2>O que \u00e9 Alexa e pra que serve?<\/h2><p>Alexa \u00e9 o nome da assistente virtual fabricada para os dispositivos <strong>Echo da Amazon, <\/strong>e tenho certeza que voc\u00ea vai se surpreender ao descobrir o que realmente \u00e9 um assistente pessoal do tipo Alexa!<\/p><h3><strong>O que \u00e9 a Alexa?<\/strong><\/h3><p>Alexa \u00e9 um assistente virtual controlado por voz, capaz de realizar as mais diversas tarefas do seu dia-a-dia.<\/p><p>Ela pode reproduzir \u00e1udio, fazer listas de tarefas, definir alarmes, reproduzir podcasts, audiolivros, m\u00fasicas, ler PDFs, fornecer previs\u00f5es do tempo, avis\u00e1-lo sobre o tr\u00e2nsito, controlar sua casa inteligente, responder perguntas e curiosidades, e principalmente, utilizar seus servi\u00e7os favoritos <strong>para mant\u00ea-lo organizado, informado, seguro, conectado e entretido.<\/strong><\/p><p><strong>Assistente virtual Alexa:<\/strong><\/p><p>Alexa \u00e9 como o programa que alimenta o seu smartphone, mas em vez de utilizar aplicativos, ela utiliza <strong>habilidades, <\/strong>e muitas delas j\u00e1 est\u00e3o <strong>prontas para uso<\/strong>.<\/p><h3><strong>Echo dot Alexa:<\/strong><\/h3><p>Enquanto muitas outras ainda podem ser ativadas opcionalmente e <strong>personalizadas pelo usu\u00e1rio<\/strong>. A Amazon possui mais de 25.000 conjuntos de habilidades, muitos de marcas que voc\u00ea utiliza em seu smartphone, incluindo automa\u00e7\u00f5es residenciais.<\/p><h2>Como ativar a Alexa?<\/h2><p><img decoding=\"async\" class=\"alignnone size-full wp-image-47223\" src=\"https:\/\/www.aarquiteta.com.br\/blog\/wp-content\/uploads\/2022\/03\/amazon-alexa.jpg\" alt=\"\" width=\"1024\" height=\"773\" title=\"\" srcset=\"https:\/\/www.aarquiteta.com.br\/blog\/wp-content\/uploads\/2022\/03\/amazon-alexa.jpg 1024w, https:\/\/www.aarquiteta.com.br\/blog\/wp-content\/uploads\/2022\/03\/amazon-alexa-696x525.jpg 696w, https:\/\/www.aarquiteta.com.br\/blog\/wp-content\/uploads\/2022\/03\/amazon-alexa-150x113.jpg 150w\" sizes=\"(max-width: 1024px) 100vw, 1024px\" \/><\/p><p>Para utilizar a Alexa como sua assistente digital, voc\u00ea precisar\u00e1 de um <strong>dispositivo habilitado<\/strong> para funcionar com a Alexa, no qual, ela poder\u00e1 <strong>emitir comandos<\/strong> atrav\u00e9s de um <strong>alto-falante<\/strong> <strong>inteligente<\/strong> encontrado na linha de dispositivos Echo da Amazon.<\/p><p>Voc\u00ea configurar\u00e1, personalizar\u00e1 e gerenciar\u00e1 a Alexa no <strong>aplicativo complementar<\/strong> dispon\u00edvel nas lojas de aplicativos da Apple, Google Play e Amazon, ou tamb\u00e9m dispon\u00edvel como um aplicativo da web em <strong>alexa.amazon.com<\/strong>.<\/p><h2>Como se usa a Alexa?<\/h2><figure id=\"attachment_82608\" aria-describedby=\"caption-attachment-82608\" style=\"width: 1200px\" class=\"wp-caption alignnone\"><img decoding=\"async\" class=\"size-full wp-image-82608\" src=\"https:\/\/www.aarquiteta.com.br\/blog\/wp-content\/uploads\/2023\/07\/Alexa-Echo-Show-8-Geracao-1.jpg\" alt=\"Alexa Echo Show 8 Gera\u00e7\u00e3o - A Assistente Virtual Avan\u00e7ada para a sua Casa Inteligente!\" width=\"1200\" height=\"800\" title=\"\" srcset=\"https:\/\/www.aarquiteta.com.br\/blog\/wp-content\/uploads\/2023\/07\/Alexa-Echo-Show-8-Geracao-1.jpg 1200w, https:\/\/www.aarquiteta.com.br\/blog\/wp-content\/uploads\/2023\/07\/Alexa-Echo-Show-8-Geracao-1-1024x683.jpg 1024w, https:\/\/www.aarquiteta.com.br\/blog\/wp-content\/uploads\/2023\/07\/Alexa-Echo-Show-8-Geracao-1-696x464.jpg 696w, https:\/\/www.aarquiteta.com.br\/blog\/wp-content\/uploads\/2023\/07\/Alexa-Echo-Show-8-Geracao-1-150x100.jpg 150w\" sizes=\"(max-width: 1200px) 100vw, 1200px\" \/><figcaption id=\"caption-attachment-82608\" class=\"wp-caption-text\">Foto: Amazon.com<\/figcaption><\/figure><p>Inicialmente, \u00e9 necess\u00e1ria uma <strong>palavra de ativa\u00e7\u00e3o<\/strong> para despertar a assistente e depois solicitar um comando. Essa palavra de ativa\u00e7\u00e3o pode ser configurada para \u201c<strong>Alexa\u201d, \u201cAmazon\u201d ou \u201cEcho\u201d.<\/strong><\/p><p>Assim que os microfones do dispositivo ouvirem esses vocativos, ela ficar\u00e1 atenta para <strong>ouvir e executar a tarefa<\/strong> solicitada ao seu comando.<\/p><p>Dessa forma, basta mencionar a palavra de ativa\u00e7\u00e3o, \u201c<strong>Alexa\u201d, \u201cAmazon\u201d ou \u201cEcho\u201d <\/strong>para prosseguir com a solicita\u00e7\u00e3o. Exemplo:<\/p><h4><strong style=\"color: #767676; font-size: 19px; font-style: italic;\">Alexa, defina um alarme para amanh\u00e3, \u00e0s 3 horas da tarde.<\/strong><\/h4><p>Esses pedidos s\u00e3o gravados e enviados para os servidores da Amazon, nos quais \u00e9 feito o processamento da solicita\u00e7\u00e3o e, depois, devolvidos ao usu\u00e1rio. Tudo acontece t\u00e3o rapidamente que voc\u00ea mal percebe.<\/p><h3>Quanto custa a Alexa no Brasil?<\/h3><figure id=\"attachment_82604\" aria-describedby=\"caption-attachment-82604\" style=\"width: 1500px\" class=\"wp-caption alignnone\"><img decoding=\"async\" class=\"size-full wp-image-82604\" src=\"https:\/\/www.aarquiteta.com.br\/blog\/wp-content\/uploads\/2023\/07\/Alexa-Echo-Show-8-Geracao-3.jpg\" alt=\"Alexa Echo Show 8 Gera\u00e7\u00e3o - A Assistente Virtual Avan\u00e7ada para a sua Casa Inteligente!\" width=\"1500\" height=\"1475\" title=\"\" srcset=\"https:\/\/www.aarquiteta.com.br\/blog\/wp-content\/uploads\/2023\/07\/Alexa-Echo-Show-8-Geracao-3.jpg 1500w, https:\/\/www.aarquiteta.com.br\/blog\/wp-content\/uploads\/2023\/07\/Alexa-Echo-Show-8-Geracao-3-1024x1007.jpg 1024w, https:\/\/www.aarquiteta.com.br\/blog\/wp-content\/uploads\/2023\/07\/Alexa-Echo-Show-8-Geracao-3-696x684.jpg 696w, https:\/\/www.aarquiteta.com.br\/blog\/wp-content\/uploads\/2023\/07\/Alexa-Echo-Show-8-Geracao-3-150x148.jpg 150w\" sizes=\"(max-width: 1500px) 100vw, 1500px\" \/><figcaption id=\"caption-attachment-82604\" class=\"wp-caption-text\">Foto: Amazon.com<\/figcaption><\/figure><p>No Brasil o modelo mais barato do dispositivo \u00e9 a Echo dot 3 que atualmente est\u00e1 na faixa de R$ 349,00, podendo sofrer varia\u00e7\u00f5es de pre\u00e7o, conforme os eventos anuais de promo\u00e7\u00f5es como a <a href=\"https:\/\/www.aarquiteta.com.br\/blog\/eventos-a-arquiteta\/amazon-prime-day-2022\/\" class=\"ilj-generated-link\">Amazon Prime<\/a> Day e a Black Friday.<\/p><p>Por isso, se voc\u00ea deseja adquirir produtos Amazon com um bom desconto, j\u00e1 iniciando no esquenta Black Friday, fique ligado nas postagens aqui do nosso blog!<\/p><h2>Quais os modelos de Alexa Amazon?<\/h2><p>Atualmente os modelos de <strong>dispositivos Alexa<\/strong> <span class=\"acswidget-carousel__title\">mais populares <\/span>disponibilizados pela Amazon com reprodutores de \u00e1udio e video, s\u00e3o respectivamente: <span class=\"acswidget-carousel__title\">Smart Speakers Echo Dot 4 e Echo Show<\/span><span class=\"acswidget-carousel__title\"> 5.<\/span><\/p><p><strong>Alexa echo dot 3:\u00a0<\/strong><\/p><figure id=\"attachment_82452-2\" aria-describedby=\"caption-attachment-82452-2\" style=\"width: 1200px\" class=\"wp-caption alignnone\"><img decoding=\"async\" class=\"size-full wp-image-82452\" src=\"https:\/\/www.aarquiteta.com.br\/blog\/wp-content\/uploads\/2023\/07\/alexa-prime-day-amazon-4.jpg\" alt=\"Alexa Echo Dot: Como a Amazon Est\u00e1 Reinventando a Vida Dom\u00e9stica?\" width=\"1200\" height=\"800\" title=\"\" srcset=\"https:\/\/www.aarquiteta.com.br\/blog\/wp-content\/uploads\/2023\/07\/alexa-prime-day-amazon-4.jpg 1200w, https:\/\/www.aarquiteta.com.br\/blog\/wp-content\/uploads\/2023\/07\/alexa-prime-day-amazon-4-1024x683.jpg 1024w, https:\/\/www.aarquiteta.com.br\/blog\/wp-content\/uploads\/2023\/07\/alexa-prime-day-amazon-4-696x464.jpg 696w, https:\/\/www.aarquiteta.com.br\/blog\/wp-content\/uploads\/2023\/07\/alexa-prime-day-amazon-4-150x100.jpg 150w\" sizes=\"(max-width: 1200px) 100vw, 1200px\" \/><figcaption id=\"caption-attachment-82452-2\" class=\"wp-caption-text\">Foto: Canva.com<\/figcaption><\/figure><p><span id=\"productTitle\" class=\"a-size-large product-title-word-break\">O primeiro modelo lan\u00e7ado pela Amazon no Brasil foi o <strong>echo dot 3, <\/strong>modelo este que atualmente se encontra na 3\u00aa Gera\u00e7\u00e3o. Seu formato lembra um donut e possui Smart Speaker integrado.<\/span><\/p><p><strong>Alexa echo dot 4 :<\/strong><\/p><figure id=\"attachment_68021\" aria-describedby=\"caption-attachment-68021\" style=\"width: 700px\" class=\"wp-caption alignnone\"><img decoding=\"async\" class=\"size-full wp-image-68021\" src=\"https:\/\/www.aarquiteta.com.br\/blog\/wp-content\/uploads\/2022\/09\/o-que-e-alexa.jpg\" alt=\"O que \u00e9 a Alexa da Amazon?\" width=\"700\" height=\"400\" title=\"\" srcset=\"https:\/\/www.aarquiteta.com.br\/blog\/wp-content\/uploads\/2022\/09\/o-que-e-alexa.jpg 700w, https:\/\/www.aarquiteta.com.br\/blog\/wp-content\/uploads\/2022\/09\/o-que-e-alexa-696x398.jpg 696w, https:\/\/www.aarquiteta.com.br\/blog\/wp-content\/uploads\/2022\/09\/o-que-e-alexa-150x86.jpg 150w\" sizes=\"(max-width: 700px) 100vw, 700px\" \/><figcaption id=\"caption-attachment-68021\" class=\"wp-caption-text\">O que \u00e9 a Alexa da Amazon?<\/figcaption><\/figure><p><span class=\"a-size-large product-title-word-break\">O modelo Echo Dot que atualmente encontra-se na 4\u00aa Gera\u00e7\u00e3o. Possui um design redondo, do tipo bolinha, al\u00e9m do Smart Speaker algumas op\u00e7\u00f5es do modelo contam com rel\u00f3gio integrado.<\/span><\/p><p><span class=\"a-size-large product-title-word-break\"> Seu diferencial em rela\u00e7\u00e3o a echo dot 3 \u00e9 que o alarme pode ser interrompido com um toque, ao contr\u00e1rio do modelo anterior, o qual somente \u00e9 poss\u00edvel cancelar o alarme por comando de voz.\u00a0<\/span><\/p><p><strong>Alexa echo show 5:<\/strong><\/p><p><img decoding=\"async\" class=\"alignnone size-full wp-image-47228\" src=\"https:\/\/www.aarquiteta.com.br\/blog\/wp-content\/uploads\/2022\/03\/Novo-Echo-Show-5-Smart-Display-de-5-com-Alexa-e-camera-de-2-MP.jpg\" alt=\"\" width=\"1500\" height=\"1472\" title=\"\" srcset=\"https:\/\/www.aarquiteta.com.br\/blog\/wp-content\/uploads\/2022\/03\/Novo-Echo-Show-5-Smart-Display-de-5-com-Alexa-e-camera-de-2-MP.jpg 1500w, https:\/\/www.aarquiteta.com.br\/blog\/wp-content\/uploads\/2022\/03\/Novo-Echo-Show-5-Smart-Display-de-5-com-Alexa-e-camera-de-2-MP-1024x1005.jpg 1024w, https:\/\/www.aarquiteta.com.br\/blog\/wp-content\/uploads\/2022\/03\/Novo-Echo-Show-5-Smart-Display-de-5-com-Alexa-e-camera-de-2-MP-696x683.jpg 696w, https:\/\/www.aarquiteta.com.br\/blog\/wp-content\/uploads\/2022\/03\/Novo-Echo-Show-5-Smart-Display-de-5-com-Alexa-e-camera-de-2-MP-150x147.jpg 150w\" sizes=\"(max-width: 1500px) 100vw, 1500px\" \/><\/p><p><span id=\"productTitle\" class=\"a-size-large product-title-word-break\">O modelo Echo Show 5 que atualmente encontra-se na 2\u00aa Gera\u00e7\u00e3o desde o seu lan\u00e7amento em 2021, este modelo al\u00e9m de possuir o Smart Display integrado, conta tampem uma tela de 5 polegadas com c\u00e2mera de 2 MP que tamb\u00e9m pode funcionar como c\u00e2mera de monitoramento quando acionada a op\u00e7\u00e3o.<\/span><\/p><p><strong>Alexa echo show 8:<\/strong><\/p><p><img decoding=\"async\" class=\"alignnone size-full wp-image-47227\" src=\"https:\/\/www.aarquiteta.com.br\/blog\/wp-content\/uploads\/2022\/03\/Echo-Show-8-1-Geracao-Smart-Speaker-com-tela-de-8-e-Alexa.jpg\" alt=\"\" width=\"1000\" height=\"994\" title=\"\" srcset=\"https:\/\/www.aarquiteta.com.br\/blog\/wp-content\/uploads\/2022\/03\/Echo-Show-8-1-Geracao-Smart-Speaker-com-tela-de-8-e-Alexa.jpg 1000w, https:\/\/www.aarquiteta.com.br\/blog\/wp-content\/uploads\/2022\/03\/Echo-Show-8-1-Geracao-Smart-Speaker-com-tela-de-8-e-Alexa-696x692.jpg 696w, https:\/\/www.aarquiteta.com.br\/blog\/wp-content\/uploads\/2022\/03\/Echo-Show-8-1-Geracao-Smart-Speaker-com-tela-de-8-e-Alexa-96x96.jpg 96w, https:\/\/www.aarquiteta.com.br\/blog\/wp-content\/uploads\/2022\/03\/Echo-Show-8-1-Geracao-Smart-Speaker-com-tela-de-8-e-Alexa-150x149.jpg 150w\" sizes=\"(max-width: 1000px) 100vw, 1000px\" \/><\/p><p><span id=\"productTitle\" class=\"a-size-large product-title-word-break\">Novo Echo Show 8 encontra-se na 2\u00aa Gera\u00e7\u00e3o desde 202, e \u00e9 semelhante \u00e0 vers\u00e3o do modelo 5, por\u00e9m este possui um display de maior tamanho. O echo show 8 possui Smart Display HD de 8 polegadas e c\u00e2mera de 13 MP.\u00a0<\/span><\/p><h3>Qual \u00e9 a Alexa mais barata?<\/h3><p>A Alexa mais barata \u00e9 a <strong>echo dot 3 <\/strong>com pre\u00e7o m\u00e9dio de R$349,00, no entanto, durante as datas especiais como Black Friday e Amazon Day elas costumam sair com at\u00e9 50% de desconto.<\/p><p>Gostou? Ent\u00e3o veja mais sobre a Alexa aqui!<\/p><p><strong>Deixe sua casa mais inteligente com Alexa!<\/strong><\/p><p>Aprenda a controlar a casa toda por voz, im\u00f3vel em constru\u00e7\u00e3o ou j\u00e1 pronto!<\/p><p>Controle TV, Eletr\u00f4nicos, em Geral, Ar Condicionado, Cortinas, C\u00e2meras, <a href=\"https:\/\/www.aarquiteta.com.br\/blog\/design-de-interiores\/projetos-de-iluminacao\/\" class=\"ilj-generated-link\">Ilumina\u00e7\u00e3o<\/a>, tudo pela sua voz.<\/p><p>Com o crescimento exponencial e r\u00e1pido de vendas de produtos de casas inteligentes no Brasil, identificamos a aus\u00eancia de profissionais que forne\u00e7am assist\u00eancia na instala\u00e7\u00e3o e configura\u00e7\u00e3o desse tipo de produto.<\/p><p>Em nosso curso voc\u00ea aprender\u00e1 do zero a instalar, configurar e at\u00e9 realizar vendas diretas, dos principais produtos de casa inteligente dispon\u00edveis no mercado nacional e internacional.<\/p>[amazon table=&#8221;82386&#8243;]<p><strong>Presentei com dispositivos Amazon!<\/strong><\/p><p>Voc\u00ea j\u00e1 conhece outros dispositivos da Amazon?\u00a0J\u00e1 ouviu falar sobre o kindle?<\/p><p>O\u00a0<b>Kindle<\/b> \u00e9 o <strong>leitor de <a href=\"https:\/\/www.aarquiteta.com.br\/blog\/carreira-de-arquitetura\/livros-arquitetura\/\" class=\"ilj-generated-link\">livros<\/a> digitais<\/strong> (e-book reader) desenvolvido pela Amazon. Quando voc\u00ea adquire um livro digital, voc\u00ea tem algumas op\u00e7\u00f5es de leitura deste livro digital, o Kindle \u00e9 um deles.<\/p><p>Existem outros leitores digitais, no entanto, ao adquirir um livro digital direto pelo <strong>site da Amazon<\/strong> voc\u00ea estar\u00e1 comprando um e-book em formato kindle.<\/p><p>Confira os outros artigos que escrevemos para ajudar voc\u00ea na saga de escolher e aproveitar o melhor leitor de livros que voc\u00ea poderia ter:<\/p><p><strong>1 \u2014 Kindle Amazon \u2014 Como utilizar para estudar?<\/strong><\/p><p>Essa \u00e9 uma \u00f3tima dica para quem est\u00e1 estudando e recebe muitos textos em formato PDF, ou mesmo em JPG, pois \u00e9 poss\u00edvel <strong>enviar os arquivos para o dispositivo<\/strong>, de maneira muito f\u00e1cil e <strong>l\u00ea-los a partir do pr\u00f3prio dispositivo.<\/strong><\/p><p>Ao se comparar um livro f\u00edsico ao livro eletr\u00f4nico, o <strong>livro digital oferece<\/strong> algumas <strong>facilidades<\/strong> que o livro impresso n\u00e3o possui, <a href=\"https:\/\/www.aarquiteta.com.br\/blog\/kindle-reading\/\" target=\"_blank\" rel=\"noopener\"><strong>confira neste artigo como utilizar o Kindle reader para estudar!<\/strong><\/a><\/p><p><strong>2 \u2014 Quais as vantagens de se utilizar um Kindle Reader?<\/strong><\/p><p>Ao se comparar um livro f\u00edsico ao livro eletr\u00f4nico, o <strong>livro digital oferece<\/strong> algumas <strong>facilidades<\/strong> que o livro impresso n\u00e3o possui, <strong>confira neste artigo 10 vantagens de se utilizar um livro eletr\u00f4nico do tipo Kindle!<\/strong><\/p><p><strong>3 \u2014 Qual o melhor modelo Kindle Reader?<\/strong><\/p><p>Ao se deparar com tantas op\u00e7\u00f5es de livro eletr\u00f4nico, voc\u00ea pode ficar um pouco confuso, por isso, <strong>confira neste artigo Qual o melhor Kindle reader para voc\u00ea?\u00a0<\/strong><\/p><p>Realize o <a href=\"https:\/\/www.aarquiteta.com.br\/blog\/kindle-reading\/\" target=\"_blank\" rel=\"noopener\">download dos exemplares<\/a> que voc\u00ea est\u00e1 lendo e <strong>acesse-os off-line<\/strong> de onde voc\u00ea estiver!<\/p><p>A assinatura do Kindle Unlimited equivale \u00e0 aquisi\u00e7\u00e3o de 1 <a href=\"https:\/\/www.aarquiteta.com.br\/blog\/livros-de-arquitetura\/\" target=\"_blank\" rel=\"noopener\">livro<\/a> mensal, sendo que voc\u00ea pode &#8220;alugar&#8221; 10 livros mensais pela assinatura. Vale muito a pena!<\/p><p>E a\u00ed, gostou das dicas do artigo? Ent\u00e3o deslize a tela para baixo e confira <strong><a href=\"https:\/\/www.aarquiteta.com.br\">mais dicas<\/a><\/strong>, al\u00e9m dos nossos <strong><a href=\"http:\/\/www.aarquiteta.com.br\">Cursos e Treinamentos<\/a><\/strong>\u00a0e n\u00e3o se esque\u00e7a de compartilhar com os amigos!<\/p><p>Quer receber conte\u00fados exclusivos sobre <strong>casa, jardim, decora\u00e7\u00e3o, arquitetura, educa\u00e7\u00e3o financeira e muito mais<\/strong>? Ent\u00e3o, inscreva-se agora mesmo no nosso <strong><a href=\"https:\/\/t.me\/aarquitetablog\" target=\"_blank\" rel=\"noopener\">Canal do Telegram<\/a>!<\/strong> \ud83e\udd29\ud83d\udc68\u200d\ud83d\udc69\u200d\ud83d\udc67\u200d\ud83d\udc66<\/p><p>Aqui, voc\u00ea ter\u00e1 acesso a artigos, dicas e inspira\u00e7\u00f5es para <strong>transformar sua casa em um lar dos sonhos<\/strong>, cuidar do seu jardim com carinho, aprender sobre finan\u00e7as pessoais e muito mais. \ud83d\udcda\ud83d\udcb0<\/p><p>N\u00e3o perca mais tempo e junte-se a n\u00f3s para receber conte\u00fados exclusivos e se manter sempre atualizado! \ud83d\udce2\ud83c\udfe0\ud83c\udf3f\ud83c\udfe6. Ingresse <strong><a href=\"https:\/\/t.me\/aarquitetablog\" target=\"_blank\" rel=\"noopener\">aqui<\/a> <\/strong>no Canal da <strong>Arquiteta Blog por Luciana Paix\u00e3o!<\/strong> \ud83d\udc95<\/p>","protected":false},"excerpt":{"rendered":"<p>O que \u00e9 Alexa &#8211; Alexa \u00e9 da Amazon, e ela ser\u00e1 a sua mais nova assistente pessoal, duvida? Alexa \u00e9 da Amazon, e ela ser\u00e1 a sua mais nova assistente pessoal, duvida?De organizar sua agenda a controlar sua casa inteligente, veja como a Alexa pode facilitar sua vida. N\u00e3o perca as ofertas do Prime [&hellip;]<\/p>\n","protected":false},"author":102,"featured_media":68021,"comment_status":"closed","ping_status":"closed","sticky":false,"template":"","format":"standard","meta":{"footnotes":""},"categories":[20171,35423,11,20353,18766,9898],"tags":[15669,23478,23443,23476,23442,23466,23457,23469,15670,23461,23459,21339,23468,23456,23448,23452,23458,23451,23450,23463,23471,23467,23447,23475,21342,23445,23444,23453,23472,23470,23465,23462,23455,23477,23479,23474,21343,21340,23454,23480,23464,23460,23473,23446,31142,15791,15674,15673,15672,31143,15671,23449,31139],"class_list":["post-67773","post","type-post","status-publish","format-standard","has-post-thumbnail","category-amazon-prime-day-2022","category-assistentes-virtuais","category-eventos-a-arquiteta","category-home-decor","category-produtos","category-tecnologia-e-utilidades","tag-alexa","tag-alexa-2-geracao","tag-alexa-3-geracao","tag-alexa-3-geracao-preco","tag-alexa-4-geracao","tag-alexa-4-geracao-preco","tag-alexa-5-geracao","tag-alexa-8-top","tag-alexa-amazon","tag-alexa-amazon-com-br","tag-alexa-amazon-preco","tag-alexa-app","tag-alexa-barata","tag-alexa-branca","tag-alexa-caixa-de-som","tag-alexa-com-relogio","tag-alexa-com-tela","tag-alexa-como-funciona","tag-alexa-comprar","tag-alexa-dot","tag-alexa-dot-3","tag-alexa-dot-4","tag-alexa-echo","tag-alexa-echo-4","tag-alexa-echo-dot","tag-alexa-echo-dot-3","tag-alexa-echo-dot-4","tag-alexa-echo-show","tag-alexa-echo-studio","tag-alexa-funciona-fora-da-tomada","tag-alexa-geracao-3","tag-alexa-geracao-4","tag-alexa-google","tag-alexa-grande","tag-alexa-luz-amarela","tag-alexa-o-que-e","tag-alexa-original","tag-alexa-preco","tag-alexa-promocao","tag-alexa-skills","tag-alexa-som","tag-alexa-studio","tag-alexa-ultima-geracao","tag-alexa-valor","tag-assistente-pessoal","tag-casa-inteligente","tag-como-ativar-alexa","tag-como-funciona-alexa","tag-como-instalar-alexa","tag-descontos-incriveis","tag-o-que-e-alexa","tag-perguntas-para-alexa","tag-prime-day-2023"],"_wp_attached_file":null,"_wp_attachment_metadata":null,"_wp_attachment_context":null,"_wp_attachment_is_custom_header":null,"geo_longitude":null,"geo_public":null,"geo_latitude":null,"_publicize_done_external":null,"_wpas_done_3897181":null,"publicize_twitter_user":null,"_wpas_done_3897175":null,"_wpas_skip_3897181":null,"_wpas_skip_3897175":null,"_wpas_skip_3924723":null,"_wpas_mess":null,"_wpas_done_3924723":null,"wps_subtitle":"De organizar sua agenda a controlar sua casa inteligente, veja como a Alexa pode facilitar sua vida. N\u00e3o perca as ofertas do Prime Day 2023!","_links":{"self":[{"href":"https:\/\/www.aarquiteta.com.br\/blog\/wp-json\/wp\/v2\/posts\/67773","targetHints":{"allow":["GET"]}}],"collection":[{"href":"https:\/\/www.aarquiteta.com.br\/blog\/wp-json\/wp\/v2\/posts"}],"about":[{"href":"https:\/\/www.aarquiteta.com.br\/blog\/wp-json\/wp\/v2\/types\/post"}],"author":[{"embeddable":true,"href":"https:\/\/www.aarquiteta.com.br\/blog\/wp-json\/wp\/v2\/users\/102"}],"replies":[{"embeddable":true,"href":"https:\/\/www.aarquiteta.com.br\/blog\/wp-json\/wp\/v2\/comments?post=67773"}],"version-history":[{"count":0,"href":"https:\/\/www.aarquiteta.com.br\/blog\/wp-json\/wp\/v2\/posts\/67773\/revisions"}],"wp:featuredmedia":[{"embeddable":true,"href":"https:\/\/www.aarquiteta.com.br\/blog\/wp-json\/wp\/v2\/media\/68021"}],"wp:attachment":[{"href":"https:\/\/www.aarquiteta.com.br\/blog\/wp-json\/wp\/v2\/media?parent=67773"}],"wp:term":[{"taxonomy":"category","embeddable":true,"href":"https:\/\/www.aarquiteta.com.br\/blog\/wp-json\/wp\/v2\/categories?post=67773"},{"taxonomy":"post_tag","embeddable":true,"href":"https:\/\/www.aarquiteta.com.br\/blog\/wp-json\/wp\/v2\/tags?post=67773"}],"curies":[{"name":"wp","href":"https:\/\/api.w.org\/{rel}","templated":true}]}}