{"id":66752,"date":"2022-08-18T13:35:45","date_gmt":"2022-08-18T16:35:45","guid":{"rendered":"http:\/\/aarquiteta.com.br\/?p=66752"},"modified":"2024-07-01T12:36:29","modified_gmt":"2024-07-01T15:36:29","slug":"tijolo-ecologico","status":"publish","type":"post","link":"https:\/\/www.aarquiteta.com.br\/blog\/tijolo-ecologico\/","title":{"rendered":"Tijolo Ecol\u00f3gico &#8211; Saiba como utiliz\u00e1-lo!"},"content":{"rendered":"<h3>O que \u00e9 um Tijolo Ecol\u00f3gico?<\/h3><p>Um tijolo ecol\u00f3gico \u00e9 um tijolo que ajuda o meio ambiente.<\/p><figure id=\"attachment_66767\" aria-describedby=\"caption-attachment-66767\" style=\"width: 564px\" class=\"wp-caption alignnone\"><img decoding=\"async\" class=\"wp-image-66767 size-full\" src=\"https:\/\/www.aarquiteta.com.br\/blog\/wp-content\/uploads\/2022\/08\/tijolo13.jpeg\" alt=\"tijolo13\" width=\"564\" height=\"564\" title=\"\" srcset=\"https:\/\/www.aarquiteta.com.br\/blog\/wp-content\/uploads\/2022\/08\/tijolo13.jpeg 564w, https:\/\/www.aarquiteta.com.br\/blog\/wp-content\/uploads\/2022\/08\/tijolo13-96x96.jpeg 96w, https:\/\/www.aarquiteta.com.br\/blog\/wp-content\/uploads\/2022\/08\/tijolo13-150x150.jpeg 150w\" sizes=\"(max-width: 564px) 100vw, 564px\" \/><figcaption id=\"caption-attachment-66767\" class=\"wp-caption-text\">Por: P\u00f3rtis Solu\u00e7\u00f5es<\/figcaption><\/figure><p>Um tijolo feito de res\u00edduos naturais, reciclados e n\u00e3o queimados, misturados com \u00e1gua.<\/p><p>Esse modelo reduz gases poluentes na atmosfera, pois os res\u00edduos n\u00e3o s\u00e3o queimados.<\/p><h3><strong>Por que ele \u00e9 sustent\u00e1vel?<\/strong><\/h3><p>O tijolo ecol\u00f3gico n\u00e3o libera g\u00e1s carb\u00f4nico (CO\u2082) na atmosfera durante sua fabrica\u00e7\u00e3o.<\/p><p>Em vez de queimar, o tijolo \u00e9 feito usando processos ecologicamente corretos.<\/p><p>Garrafas Pet levariam anos para se decompor, e podem ser reutilizadas em tijolos ecol\u00f3gicos.<\/p><figure id=\"attachment_66772\" aria-describedby=\"caption-attachment-66772\" style=\"width: 750px\" class=\"wp-caption alignnone\"><img decoding=\"async\" class=\"wp-image-66772 size-full\" src=\"https:\/\/www.aarquiteta.com.br\/blog\/wp-content\/uploads\/2022\/08\/tijolo3-1.jpg\" alt=\"tijolo3\" width=\"750\" height=\"563\" title=\"\" srcset=\"https:\/\/www.aarquiteta.com.br\/blog\/wp-content\/uploads\/2022\/08\/tijolo3-1.jpg 750w, https:\/\/www.aarquiteta.com.br\/blog\/wp-content\/uploads\/2022\/08\/tijolo3-1-696x522.jpg 696w, https:\/\/www.aarquiteta.com.br\/blog\/wp-content\/uploads\/2022\/08\/tijolo3-1-150x113.jpg 150w\" sizes=\"(max-width: 750px) 100vw, 750px\" \/><figcaption id=\"caption-attachment-66772\" class=\"wp-caption-text\">Pinterest<\/figcaption><\/figure><p>Outros res\u00edduos que seriam descartados na natureza tamb\u00e9m podem ser utilizados nesses tijolos.<\/p><h3>Tipos de Tijolos Ecol\u00f3gicos:<\/h3><h4><strong>1 \u2014 Solo Cimento:<\/strong><\/h4><figure id=\"attachment_66753\" aria-describedby=\"caption-attachment-66753\" style=\"width: 1600px\" class=\"wp-caption alignnone\"><img decoding=\"async\" class=\"wp-image-66753 size-full\" src=\"https:\/\/www.aarquiteta.com.br\/blog\/wp-content\/uploads\/2022\/08\/tijolo.jpg\" alt=\"tijolo\" width=\"1600\" height=\"1200\" title=\"\" srcset=\"https:\/\/www.aarquiteta.com.br\/blog\/wp-content\/uploads\/2022\/08\/tijolo.jpg 1600w, https:\/\/www.aarquiteta.com.br\/blog\/wp-content\/uploads\/2022\/08\/tijolo-1024x768.jpg 1024w, https:\/\/www.aarquiteta.com.br\/blog\/wp-content\/uploads\/2022\/08\/tijolo-696x522.jpg 696w, https:\/\/www.aarquiteta.com.br\/blog\/wp-content\/uploads\/2022\/08\/tijolo-150x113.jpg 150w\" sizes=\"(max-width: 1600px) 100vw, 1600px\" \/><figcaption id=\"caption-attachment-66753\" class=\"wp-caption-text\">Por: WordPress<\/figcaption><\/figure><p>O tijolo de solo-cimento \u00e9 feito de solo, cimento e \u00e1gua.<\/p><p>Ele tamb\u00e9m leva um pequeno percentual de cimento (geralmente o c\u00e1lculo \u00e9 de uma parte de cimento para oito de solo).<\/p><p>Exceto terra preta ou solo que contenha mat\u00e9ria org\u00e2nica, qualquer solo pode ser utilizado na confec\u00e7\u00e3o de um tijolo ecol\u00f3gico.<\/p><h4>2 \u2014 Reaproveitamento<strong> de res\u00edduos:<\/strong><\/h4><p>Res\u00edduos que seriam normalmente jogados fora, ou fibras naturais, s\u00e3o utilizados em tijolos ecol\u00f3gicos.<\/p><figure id=\"attachment_66773\" aria-describedby=\"caption-attachment-66773\" style=\"width: 1920px\" class=\"wp-caption alignnone\"><img decoding=\"async\" class=\"wp-image-66773 size-full\" src=\"https:\/\/www.aarquiteta.com.br\/blog\/wp-content\/uploads\/2022\/08\/tijolo18.jpg\" alt=\"tijolo18\" width=\"1920\" height=\"1180\" title=\"\" srcset=\"https:\/\/www.aarquiteta.com.br\/blog\/wp-content\/uploads\/2022\/08\/tijolo18.jpg 1920w, https:\/\/www.aarquiteta.com.br\/blog\/wp-content\/uploads\/2022\/08\/tijolo18-1024x629.jpg 1024w, https:\/\/www.aarquiteta.com.br\/blog\/wp-content\/uploads\/2022\/08\/tijolo18-696x428.jpg 696w, https:\/\/www.aarquiteta.com.br\/blog\/wp-content\/uploads\/2022\/08\/tijolo18-150x92.jpg 150w\" sizes=\"(max-width: 1920px) 100vw, 1920px\" \/><figcaption id=\"caption-attachment-66773\" class=\"wp-caption-text\">Por: BBVA<\/figcaption><\/figure><p>A tecnologia avan\u00e7a a todo momento, e com ela surgem mais tijolos ecol\u00f3gicos feitos de materiais \u00fanicos.<\/p><ul><li><strong>Tijolos coloridos feitos com pl\u00e1sticos retirados dos oceanos:<\/strong><\/li><\/ul><figure id=\"attachment_66756\" aria-describedby=\"caption-attachment-66756\" style=\"width: 1319px\" class=\"wp-caption alignnone\"><img decoding=\"async\" class=\"wp-image-66756 size-full\" src=\"https:\/\/www.aarquiteta.com.br\/blog\/wp-content\/uploads\/2022\/08\/tijolo2.jpeg\" alt=\"tijolo2\" width=\"1319\" height=\"719\" title=\"\" srcset=\"https:\/\/www.aarquiteta.com.br\/blog\/wp-content\/uploads\/2022\/08\/tijolo2.jpeg 1319w, https:\/\/www.aarquiteta.com.br\/blog\/wp-content\/uploads\/2022\/08\/tijolo2-1024x558.jpeg 1024w, https:\/\/www.aarquiteta.com.br\/blog\/wp-content\/uploads\/2022\/08\/tijolo2-696x379.jpeg 696w, https:\/\/www.aarquiteta.com.br\/blog\/wp-content\/uploads\/2022\/08\/tijolo2-150x82.jpeg 150w\" sizes=\"(max-width: 1319px) 100vw, 1319px\" \/><figcaption id=\"caption-attachment-66756\" class=\"wp-caption-text\">Por: Di\u00e1rio Econ\u00f4mico<\/figcaption><\/figure><ul><li><strong>Tijolos ecol\u00f3gicos com pneus reciclados:<\/strong><\/li><\/ul><figure id=\"attachment_66758\" aria-describedby=\"caption-attachment-66758\" style=\"width: 400px\" class=\"wp-caption alignnone\"><img decoding=\"async\" class=\"wp-image-66758 size-full\" src=\"https:\/\/www.aarquiteta.com.br\/blog\/wp-content\/uploads\/2022\/08\/tijolo4.jpg\" alt=\"tijolo4\" width=\"400\" height=\"242\" title=\"\" srcset=\"https:\/\/www.aarquiteta.com.br\/blog\/wp-content\/uploads\/2022\/08\/tijolo4.jpg 400w, https:\/\/www.aarquiteta.com.br\/blog\/wp-content\/uploads\/2022\/08\/tijolo4-150x91.jpg 150w\" sizes=\"(max-width: 400px) 100vw, 400px\" \/><figcaption id=\"caption-attachment-66758\" class=\"wp-caption-text\">Por: Mapa da Obra<\/figcaption><\/figure><ul><li><strong>Tijolos feitos com garrafa pet:<\/strong><\/li><\/ul><figure id=\"attachment_66759\" aria-describedby=\"caption-attachment-66759\" style=\"width: 528px\" class=\"wp-caption alignnone\"><img decoding=\"async\" class=\"wp-image-66759 size-full\" src=\"https:\/\/www.aarquiteta.com.br\/blog\/wp-content\/uploads\/2022\/08\/tijolo5.jpg\" alt=\"tijolo5\" width=\"528\" height=\"704\" title=\"\" srcset=\"https:\/\/www.aarquiteta.com.br\/blog\/wp-content\/uploads\/2022\/08\/tijolo5.jpg 528w, https:\/\/www.aarquiteta.com.br\/blog\/wp-content\/uploads\/2022\/08\/tijolo5-150x200.jpg 150w\" sizes=\"(max-width: 528px) 100vw, 528px\" \/><figcaption id=\"caption-attachment-66759\" class=\"wp-caption-text\">Por: ArchDaily<\/figcaption><\/figure><p>Os projetos de bioconstru\u00e7\u00e3o podem utilizar os tijolos ecol\u00f3gicos em pequena escala, mas\u00a0 ainda n\u00e3o est\u00e3o sendo utilizados na constru\u00e7\u00e3o civil de grande porte.<\/p><h3>Posso usar os tijolos ecol\u00f3gicos em qualquer constru\u00e7\u00e3o?<\/h3><p>Um ou mais pavimentos podem ser constru\u00eddos com tijolos ecol\u00f3gicos em qualquer tipo de projeto.<\/p><figure id=\"attachment_66761\" aria-describedby=\"caption-attachment-66761\" style=\"width: 775px\" class=\"wp-caption alignnone\"><img decoding=\"async\" class=\"wp-image-66761 size-full\" src=\"https:\/\/www.aarquiteta.com.br\/blog\/wp-content\/uploads\/2022\/08\/tijolo6.webp\" alt=\"tijolo6\" width=\"775\" height=\"477\" title=\"\" srcset=\"https:\/\/www.aarquiteta.com.br\/blog\/wp-content\/uploads\/2022\/08\/tijolo6.webp 775w, https:\/\/www.aarquiteta.com.br\/blog\/wp-content\/uploads\/2022\/08\/tijolo6-696x428.webp 696w, https:\/\/www.aarquiteta.com.br\/blog\/wp-content\/uploads\/2022\/08\/tijolo6-150x92.webp 150w\" sizes=\"(max-width: 775px) 100vw, 775px\" \/><figcaption id=\"caption-attachment-66761\" class=\"wp-caption-text\">Por: Tua Casa<\/figcaption><\/figure><p>Quando uma obra de arte possui v\u00e1rios n\u00edveis, recomenda-se a utiliza\u00e7\u00e3o de colunas semelhantes as utilizadas em obras tradicionais de alvenaria.<\/p><p>A forma como as casas de alvenaria s\u00e3o constru\u00eddas \u00e9 diferente das casas constru\u00eddas com tijolos ecol\u00f3gicos.<\/p><div class=\"mceTemp\"><\/div><figure id=\"attachment_66771\" aria-describedby=\"caption-attachment-66771\" style=\"width: 675px\" class=\"wp-caption alignnone\"><img decoding=\"async\" class=\"wp-image-66771 size-full\" src=\"https:\/\/www.aarquiteta.com.br\/blog\/wp-content\/uploads\/2022\/08\/tijolo17.jpg\" alt=\"tijolo17\" width=\"675\" height=\"675\" title=\"\" srcset=\"https:\/\/www.aarquiteta.com.br\/blog\/wp-content\/uploads\/2022\/08\/tijolo17.jpg 675w, https:\/\/www.aarquiteta.com.br\/blog\/wp-content\/uploads\/2022\/08\/tijolo17-96x96.jpg 96w, https:\/\/www.aarquiteta.com.br\/blog\/wp-content\/uploads\/2022\/08\/tijolo17-150x150.jpg 150w\" sizes=\"(max-width: 675px) 100vw, 675px\" \/><figcaption id=\"caption-attachment-66771\" class=\"wp-caption-text\">Por: Gerencia de Obras<\/figcaption><\/figure><p>O tijolo ecol\u00f3gico \u00e9 usado apenas para vedar algo, pois n\u00e3o tem fun\u00e7\u00e3o estrutural.<\/p><figure id=\"attachment_66770\" aria-describedby=\"caption-attachment-66770\" style=\"width: 564px\" class=\"wp-caption alignnone\"><img decoding=\"async\" class=\"wp-image-66770 size-full\" src=\"https:\/\/www.aarquiteta.com.br\/blog\/wp-content\/uploads\/2022\/08\/tijolo16.jpg\" alt=\"tijolo16\" width=\"564\" height=\"427\" title=\"\" srcset=\"https:\/\/www.aarquiteta.com.br\/blog\/wp-content\/uploads\/2022\/08\/tijolo16.jpg 564w, https:\/\/www.aarquiteta.com.br\/blog\/wp-content\/uploads\/2022\/08\/tijolo16-150x114.jpg 150w\" sizes=\"(max-width: 564px) 100vw, 564px\" \/><figcaption id=\"caption-attachment-66770\" class=\"wp-caption-text\">Por: Piau\u00ed<\/figcaption><\/figure><h3>Algumas maneiras de utilizar os tijolos:<\/h3><p><strong>1 \u2014<\/strong> Em tijolos maci\u00e7os, \u00f3timos para fazer paredes ou balc\u00f5es.<\/p><figure id=\"attachment_66802\" aria-describedby=\"caption-attachment-66802\" style=\"width: 600px\" class=\"wp-caption alignnone\"><img decoding=\"async\" class=\"wp-image-66802 size-full\" src=\"https:\/\/www.aarquiteta.com.br\/blog\/wp-content\/uploads\/2022\/08\/tijolo20.jpg\" alt=\"tijolo20\" width=\"600\" height=\"450\" title=\"\" srcset=\"https:\/\/www.aarquiteta.com.br\/blog\/wp-content\/uploads\/2022\/08\/tijolo20.jpg 600w, https:\/\/www.aarquiteta.com.br\/blog\/wp-content\/uploads\/2022\/08\/tijolo20-150x113.jpg 150w\" sizes=\"(max-width: 600px) 100vw, 600px\" \/><figcaption id=\"caption-attachment-66802\" class=\"wp-caption-text\">Pinterest<\/figcaption><\/figure><p><strong>2 \u2014<\/strong> O tijolo feito com a ecologia em mente pode ser usado para sustentar colunas e sistemas hidr\u00e1ulicos e el\u00e9tricos por ele mesmo.<\/p><figure id=\"attachment_66766\" aria-describedby=\"caption-attachment-66766\" style=\"width: 800px\" class=\"wp-caption alignnone\"><img decoding=\"async\" class=\"wp-image-66766 size-full\" src=\"https:\/\/www.aarquiteta.com.br\/blog\/wp-content\/uploads\/2022\/08\/tijolo12.jpg\" alt=\"tijolo12\" width=\"800\" height=\"445\" title=\"\" srcset=\"https:\/\/www.aarquiteta.com.br\/blog\/wp-content\/uploads\/2022\/08\/tijolo12.jpg 800w, https:\/\/www.aarquiteta.com.br\/blog\/wp-content\/uploads\/2022\/08\/tijolo12-696x387.jpg 696w, https:\/\/www.aarquiteta.com.br\/blog\/wp-content\/uploads\/2022\/08\/tijolo12-150x83.jpg 150w\" sizes=\"(max-width: 800px) 100vw, 800px\" \/><figcaption id=\"caption-attachment-66766\" class=\"wp-caption-text\">Por: Conex\u00e3o Planeta<\/figcaption><\/figure><figure id=\"attachment_66819\" aria-describedby=\"caption-attachment-66819\" style=\"width: 1600px\" class=\"wp-caption alignnone\"><img decoding=\"async\" class=\"wp-image-66819 size-full\" src=\"https:\/\/www.aarquiteta.com.br\/blog\/wp-content\/uploads\/2022\/08\/tijolo29.jpg\" alt=\"tijolo29\" width=\"1600\" height=\"1200\" title=\"\" srcset=\"https:\/\/www.aarquiteta.com.br\/blog\/wp-content\/uploads\/2022\/08\/tijolo29.jpg 1600w, https:\/\/www.aarquiteta.com.br\/blog\/wp-content\/uploads\/2022\/08\/tijolo29-1024x768.jpg 1024w, https:\/\/www.aarquiteta.com.br\/blog\/wp-content\/uploads\/2022\/08\/tijolo29-696x522.jpg 696w, https:\/\/www.aarquiteta.com.br\/blog\/wp-content\/uploads\/2022\/08\/tijolo29-150x113.jpg 150w\" sizes=\"(max-width: 1600px) 100vw, 1600px\" \/><figcaption id=\"caption-attachment-66819\" class=\"wp-caption-text\">Por: Solocimentos<\/figcaption><\/figure><p>Os tijolos ecol\u00f3gicos podem ter gesso, tinta e revestimentos cer\u00e2micos, mas \u00e9 mais comum deix\u00e1-los despidos e com apar\u00eancia r\u00fastica.<\/p><figure id=\"attachment_66809\" aria-describedby=\"caption-attachment-66809\" style=\"width: 721px\" class=\"wp-caption alignnone\"><img decoding=\"async\" class=\"wp-image-66809 size-full\" src=\"https:\/\/www.aarquiteta.com.br\/blog\/wp-content\/uploads\/2022\/08\/tijolo23.jpg\" alt=\"tijolo23\" width=\"721\" height=\"566\" title=\"\" srcset=\"https:\/\/www.aarquiteta.com.br\/blog\/wp-content\/uploads\/2022\/08\/tijolo23.jpg 721w, https:\/\/www.aarquiteta.com.br\/blog\/wp-content\/uploads\/2022\/08\/tijolo23-696x546.jpg 696w, https:\/\/www.aarquiteta.com.br\/blog\/wp-content\/uploads\/2022\/08\/tijolo23-150x118.jpg 150w\" sizes=\"(max-width: 721px) 100vw, 721px\" \/><figcaption id=\"caption-attachment-66809\" class=\"wp-caption-text\">Por: ArkPad<\/figcaption><\/figure><p>Para evitar a umidade, a impermeabiliza\u00e7\u00e3o \u00e9 sugerida quando o piso for exposto \u00e0 \u00e1gua.<\/p><h2>Vantagens e Desvantagens desses tijolos:<\/h2><figure id=\"attachment_66762\" aria-describedby=\"caption-attachment-66762\" style=\"width: 685px\" class=\"wp-caption alignnone\"><img decoding=\"async\" class=\"wp-image-66762 size-full\" src=\"https:\/\/www.aarquiteta.com.br\/blog\/wp-content\/uploads\/2022\/08\/tijolo8.webp\" alt=\"tijolo8\" width=\"685\" height=\"385\" title=\"\" srcset=\"https:\/\/www.aarquiteta.com.br\/blog\/wp-content\/uploads\/2022\/08\/tijolo8.webp 685w, https:\/\/www.aarquiteta.com.br\/blog\/wp-content\/uploads\/2022\/08\/tijolo8-150x84.webp 150w\" sizes=\"(max-width: 685px) 100vw, 685px\" \/><figcaption id=\"caption-attachment-66762\" class=\"wp-caption-text\">Por: Verde Equipamentos<\/figcaption><\/figure><h3>Vantagens:<\/h3><ul><li><strong>Sustentabilidade<\/strong><\/li><\/ul><p>Ajudar o meio ambiente \u00e9 cada vez mais importante na constru\u00e7\u00e3o civil.<\/p><p>A arquitetura sustent\u00e1vel est\u00e1 incorporando o uso de tijolos ecol\u00f3gicos na constru\u00e7\u00e3o de casas.<\/p><p>Materiais que levariam muito tempo para se decompor na natureza, como pneus e garrafas pl\u00e1sticas de pet , podem ser reaproveitados em tijolos ecol\u00f3gicos.<\/p><figure id=\"attachment_66805\" aria-describedby=\"caption-attachment-66805\" style=\"width: 552px\" class=\"wp-caption alignnone\"><img decoding=\"async\" class=\"wp-image-66805 size-full\" src=\"https:\/\/www.aarquiteta.com.br\/blog\/wp-content\/uploads\/2022\/08\/tijolos23.jpg\" alt=\"tijolos23\" width=\"552\" height=\"414\" title=\"\" srcset=\"https:\/\/www.aarquiteta.com.br\/blog\/wp-content\/uploads\/2022\/08\/tijolos23.jpg 552w, https:\/\/www.aarquiteta.com.br\/blog\/wp-content\/uploads\/2022\/08\/tijolos23-150x113.jpg 150w\" sizes=\"(max-width: 552px) 100vw, 552px\" \/><figcaption id=\"caption-attachment-66805\" class=\"wp-caption-text\">Por: Full Pneus<\/figcaption><\/figure><p>Esses tijolos tamb\u00e9m ajudam a reduzir as emiss\u00f5es de CO\u2082 na atmosfera.<\/p><ul><li><strong>Est\u00e9tica<\/strong><\/li><\/ul><p>O tijolo ecol\u00f3gico tem um aspecto mais natural, r\u00fastico, e \u00e9 \u00f3timo para casas na praia ou no campo.<\/p><figure id=\"attachment_66763\" aria-describedby=\"caption-attachment-66763\" style=\"width: 800px\" class=\"wp-caption alignnone\"><img decoding=\"async\" class=\"wp-image-66763 size-full\" src=\"https:\/\/www.aarquiteta.com.br\/blog\/wp-content\/uploads\/2022\/08\/tijolo9.jpg\" alt=\"tijolo9\" width=\"800\" height=\"600\" title=\"\" srcset=\"https:\/\/www.aarquiteta.com.br\/blog\/wp-content\/uploads\/2022\/08\/tijolo9.jpg 800w, https:\/\/www.aarquiteta.com.br\/blog\/wp-content\/uploads\/2022\/08\/tijolo9-696x522.jpg 696w, https:\/\/www.aarquiteta.com.br\/blog\/wp-content\/uploads\/2022\/08\/tijolo9-150x113.jpg 150w\" sizes=\"(max-width: 800px) 100vw, 800px\" \/><figcaption id=\"caption-attachment-66763\" class=\"wp-caption-text\">Pinterest<\/figcaption><\/figure><ul><li><strong>Praticidade<\/strong><\/li><\/ul><p>Uma obra como o tijolo ecol\u00f3gico \u00e9 melhor executada porque os furos nos tijolos ajudam as pe\u00e7as a se encaixarem bem e reduzem a necessidade de argamassa.<\/p><figure id=\"attachment_66806\" aria-describedby=\"caption-attachment-66806\" style=\"width: 375px\" class=\"wp-caption alignnone\"><img decoding=\"async\" class=\"wp-image-66806 size-full\" src=\"https:\/\/www.aarquiteta.com.br\/blog\/wp-content\/uploads\/2022\/08\/tijolo22.jpg\" alt=\"tijolo22\" width=\"375\" height=\"500\" title=\"\" srcset=\"https:\/\/www.aarquiteta.com.br\/blog\/wp-content\/uploads\/2022\/08\/tijolo22.jpg 375w, https:\/\/www.aarquiteta.com.br\/blog\/wp-content\/uploads\/2022\/08\/tijolo22-150x200.jpg 150w\" sizes=\"(max-width: 375px) 100vw, 375px\" \/><figcaption id=\"caption-attachment-66806\" class=\"wp-caption-text\">Por: ML<\/figcaption><\/figure><p>Ao fazer a maior parte do trabalho antecipadamente, o trabalho \u00e9 conclu\u00eddo mais rapidamente, economizando tempo e trabalhadores.<\/p><figure id=\"attachment_66804\" aria-describedby=\"caption-attachment-66804\" style=\"width: 900px\" class=\"wp-caption alignnone\"><img decoding=\"async\" class=\"wp-image-66804 size-full\" src=\"https:\/\/www.aarquiteta.com.br\/blog\/wp-content\/uploads\/2022\/08\/tijolo21.jpg\" alt=\"tijolo21\" width=\"900\" height=\"444\" title=\"\" srcset=\"https:\/\/www.aarquiteta.com.br\/blog\/wp-content\/uploads\/2022\/08\/tijolo21.jpg 900w, https:\/\/www.aarquiteta.com.br\/blog\/wp-content\/uploads\/2022\/08\/tijolo21-696x343.jpg 696w, https:\/\/www.aarquiteta.com.br\/blog\/wp-content\/uploads\/2022\/08\/tijolo21-150x74.jpg 150w\" sizes=\"(max-width: 900px) 100vw, 900px\" \/><figcaption id=\"caption-attachment-66804\" class=\"wp-caption-text\">Por: Total Constru\u00e7\u00e3o<\/figcaption><\/figure><h3>Desvantagens:<\/h3><ul><li><strong>Quanto custam os tijolos ecol\u00f3gicos?<\/strong><\/li><\/ul><figure id=\"attachment_66813\" aria-describedby=\"caption-attachment-66813\" style=\"width: 1170px\" class=\"wp-caption alignnone\"><img decoding=\"async\" class=\"wp-image-66813 size-full\" src=\"https:\/\/www.aarquiteta.com.br\/blog\/wp-content\/uploads\/2022\/08\/tijolo25.jpg\" alt=\"tijolo25\" width=\"1170\" height=\"700\" title=\"\" srcset=\"https:\/\/www.aarquiteta.com.br\/blog\/wp-content\/uploads\/2022\/08\/tijolo25.jpg 1170w, https:\/\/www.aarquiteta.com.br\/blog\/wp-content\/uploads\/2022\/08\/tijolo25-1024x613.jpg 1024w, https:\/\/www.aarquiteta.com.br\/blog\/wp-content\/uploads\/2022\/08\/tijolo25-696x416.jpg 696w, https:\/\/www.aarquiteta.com.br\/blog\/wp-content\/uploads\/2022\/08\/tijolo25-150x90.jpg 150w\" sizes=\"(max-width: 1170px) 100vw, 1170px\" \/><figcaption id=\"caption-attachment-66813\" class=\"wp-caption-text\">Por: Portal Correio<\/figcaption><\/figure><p>O custo do tijolo sozinho \u00e9 muito maior para o tijolo ecol\u00f3gico.<\/p><p>Um tijolo de 2 furos \u00e9 4 vezes mais caro que um tijolo de 8 furos, e pode custar at\u00e9 R$ 80,00 para construir 1 metro quadrado de parede com o tijolo ecol\u00f3gico.<\/p><ul><li><strong>Um projeto que n\u00e3o pode ser alterado:<\/strong><\/li><\/ul><p>\u00c0s vezes, mesmo que o <a href=\"https:\/\/www.aarquiteta.com.br\/blog\/carreira-de-arquitetura\/desenvolvimento-de-projetos-de-arquitetura\/projetos-executivos\/\" class=\"ilj-generated-link\">projeto executivo<\/a> esteja conclu\u00eddo, ainda h\u00e1 mudan\u00e7as necess\u00e1rias, mas essas mudan\u00e7as n\u00e3o podem ocorrer com tijolos ecol\u00f3gicos.<\/p><figure id=\"attachment_66815\" aria-describedby=\"caption-attachment-66815\" style=\"width: 480px\" class=\"wp-caption alignnone\"><img decoding=\"async\" class=\"wp-image-66815 size-full\" src=\"https:\/\/www.aarquiteta.com.br\/blog\/wp-content\/uploads\/2022\/08\/tijolo27.jpg\" alt=\"tijolo27\" width=\"480\" height=\"360\" title=\"\" srcset=\"https:\/\/www.aarquiteta.com.br\/blog\/wp-content\/uploads\/2022\/08\/tijolo27.jpg 480w, https:\/\/www.aarquiteta.com.br\/blog\/wp-content\/uploads\/2022\/08\/tijolo27-150x113.jpg 150w\" sizes=\"(max-width: 480px) 100vw, 480px\" \/><figcaption id=\"caption-attachment-66815\" class=\"wp-caption-text\">Pinteres<\/figcaption><\/figure><p>Mudan\u00e7as na estrutura dos materiais ap\u00f3s finalizados podem ser problem\u00e1ticas, como aberturas, expans\u00f5es ou v\u00e3os.<\/p><p>Portanto, todos os detalhes do projeto precisam ser estabelecidos antes de come\u00e7ar a trabalhar nele.<\/p><ul><li><strong>Poucos fornecedores:<\/strong><\/li><\/ul><p>Em algumas partes do Brasil, \u00e9 dif\u00edcil encontrar tijolos ecol\u00f3gicos para constru\u00e7\u00e3o.<\/p><p>Os tijolos precisam ser transportados de outras cidades, o que pode encarecer o projeto.<\/p><figure id=\"attachment_66817\" aria-describedby=\"caption-attachment-66817\" style=\"width: 800px\" class=\"wp-caption alignnone\"><img decoding=\"async\" class=\"wp-image-66817 size-full\" src=\"https:\/\/www.aarquiteta.com.br\/blog\/wp-content\/uploads\/2022\/08\/tijolo28.jpg\" alt=\"tijolo28\" width=\"800\" height=\"480\" title=\"\" srcset=\"https:\/\/www.aarquiteta.com.br\/blog\/wp-content\/uploads\/2022\/08\/tijolo28.jpg 800w, https:\/\/www.aarquiteta.com.br\/blog\/wp-content\/uploads\/2022\/08\/tijolo28-696x418.jpg 696w, https:\/\/www.aarquiteta.com.br\/blog\/wp-content\/uploads\/2022\/08\/tijolo28-150x90.jpg 150w\" sizes=\"(max-width: 800px) 100vw, 800px\" \/><figcaption id=\"caption-attachment-66817\" class=\"wp-caption-text\">Por: Conex\u00e3o Planeta<\/figcaption><\/figure>","protected":false},"excerpt":{"rendered":"<p>O que \u00e9 um Tijolo Ecol\u00f3gico?Um tijolo ecol\u00f3gico \u00e9 um tijolo que ajuda o meio ambiente.Um tijolo feito de res\u00edduos naturais, reciclados e n\u00e3o queimados, misturados com \u00e1gua.Esse modelo reduz gases poluentes na atmosfera, pois os res\u00edduos n\u00e3o s\u00e3o queimados.Por que ele \u00e9 sustent\u00e1vel?O tijolo ecol\u00f3gico n\u00e3o libera g\u00e1s carb\u00f4nico (CO\u2082) na atmosfera durante sua [&hellip;]<\/p>\n","protected":false},"author":102,"featured_media":66782,"comment_status":"closed","ping_status":"closed","sticky":false,"template":"","format":"standard","meta":{"footnotes":""},"categories":[249,1484,189],"tags":[21069,21070,21068],"class_list":["post-66752","post","type-post","status-publish","format-standard","has-post-thumbnail","category-engenharia-e-construcao-civil","category-decoracao","category-sustentabilidade","tag-tijolo-ecologico","tag-tijolo-ecologico-para-construcao","tag-tijolos-sustentavel"],"_wp_attached_file":null,"_wp_attachment_metadata":null,"_wp_attachment_context":null,"_wp_attachment_is_custom_header":null,"geo_longitude":null,"geo_public":null,"geo_latitude":null,"_publicize_done_external":null,"_wpas_done_3897181":null,"publicize_twitter_user":null,"_wpas_done_3897175":null,"_wpas_skip_3897181":null,"_wpas_skip_3897175":null,"_wpas_skip_3924723":null,"_wpas_mess":null,"_wpas_done_3924723":null,"wps_subtitle":"Confira como usar o tijolo ecol\u00f3gico na sua constru\u00e7\u00e3o!","_links":{"self":[{"href":"https:\/\/www.aarquiteta.com.br\/blog\/wp-json\/wp\/v2\/posts\/66752","targetHints":{"allow":["GET"]}}],"collection":[{"href":"https:\/\/www.aarquiteta.com.br\/blog\/wp-json\/wp\/v2\/posts"}],"about":[{"href":"https:\/\/www.aarquiteta.com.br\/blog\/wp-json\/wp\/v2\/types\/post"}],"author":[{"embeddable":true,"href":"https:\/\/www.aarquiteta.com.br\/blog\/wp-json\/wp\/v2\/users\/102"}],"replies":[{"embeddable":true,"href":"https:\/\/www.aarquiteta.com.br\/blog\/wp-json\/wp\/v2\/comments?post=66752"}],"version-history":[{"count":0,"href":"https:\/\/www.aarquiteta.com.br\/blog\/wp-json\/wp\/v2\/posts\/66752\/revisions"}],"wp:featuredmedia":[{"embeddable":true,"href":"https:\/\/www.aarquiteta.com.br\/blog\/wp-json\/wp\/v2\/media\/66782"}],"wp:attachment":[{"href":"https:\/\/www.aarquiteta.com.br\/blog\/wp-json\/wp\/v2\/media?parent=66752"}],"wp:term":[{"taxonomy":"category","embeddable":true,"href":"https:\/\/www.aarquiteta.com.br\/blog\/wp-json\/wp\/v2\/categories?post=66752"},{"taxonomy":"post_tag","embeddable":true,"href":"https:\/\/www.aarquiteta.com.br\/blog\/wp-json\/wp\/v2\/tags?post=66752"}],"curies":[{"name":"wp","href":"https:\/\/api.w.org\/{rel}","templated":true}]}}