{"id":66564,"date":"2022-08-15T19:00:11","date_gmt":"2022-08-15T22:00:11","guid":{"rendered":"http:\/\/aarquiteta.com.br\/?p=66564"},"modified":"2022-08-15T15:44:47","modified_gmt":"2022-08-15T18:44:47","slug":"ralo-de-banheiro","status":"publish","type":"post","link":"https:\/\/www.aarquiteta.com.br\/blog\/ralo-de-banheiro\/","title":{"rendered":"Ralo de banheiro, escolha o ideal!"},"content":{"rendered":"<figure id=\"attachment_66599\" aria-describedby=\"caption-attachment-66599\" style=\"width: 800px\" class=\"wp-caption alignnone\"><img decoding=\"async\" class=\"wp-image-66599 size-full\" src=\"https:\/\/www.aarquiteta.com.br\/blog\/wp-content\/uploads\/2022\/08\/ralo16-1.webp\" alt=\"\" width=\"800\" height=\"533\" title=\"\" srcset=\"https:\/\/www.aarquiteta.com.br\/blog\/wp-content\/uploads\/2022\/08\/ralo16-1.webp 800w, https:\/\/www.aarquiteta.com.br\/blog\/wp-content\/uploads\/2022\/08\/ralo16-1-696x464.webp 696w, https:\/\/www.aarquiteta.com.br\/blog\/wp-content\/uploads\/2022\/08\/ralo16-1-150x100.webp 150w\" sizes=\"(max-width: 800px) 100vw, 800px\" \/><figcaption id=\"caption-attachment-66599\" class=\"wp-caption-text\">Por: Blog Liven Casa<\/figcaption><\/figure>\n<p>&nbsp;<\/p>\n<p>&nbsp;<\/p>\n<p>Durante a constru\u00e7\u00e3o, escolher o material errado para o ralo do banheiro, ou ter algum problema com ele, pode trazer muitos problemas para o arquiteto.<\/p>\n<figure id=\"attachment_66592\" aria-describedby=\"caption-attachment-66592\" style=\"width: 512px\" class=\"wp-caption alignnone\"><img decoding=\"async\" class=\"wp-image-66592 size-full\" src=\"https:\/\/www.aarquiteta.com.br\/blog\/wp-content\/uploads\/2022\/08\/ralo10.jpg\" alt=\"ralo10\" width=\"512\" height=\"341\" title=\"\" srcset=\"https:\/\/www.aarquiteta.com.br\/blog\/wp-content\/uploads\/2022\/08\/ralo10.jpg 512w, https:\/\/www.aarquiteta.com.br\/blog\/wp-content\/uploads\/2022\/08\/ralo10-150x100.jpg 150w\" sizes=\"(max-width: 512px) 100vw, 512px\" \/><figcaption id=\"caption-attachment-66592\" class=\"wp-caption-text\">Por: Astra<\/figcaption><\/figure>\n<p>Escolher o ralo de banheiro certo n\u00e3o s\u00f3 evita entupimentos e maus cheiros, como tamb\u00e9m pode agregar eleg\u00e2ncia ao ambiente.<\/p>\n<figure id=\"attachment_66594\" aria-describedby=\"caption-attachment-66594\" style=\"width: 600px\" class=\"wp-caption alignnone\"><img decoding=\"async\" class=\"wp-image-66594 size-full\" src=\"https:\/\/www.aarquiteta.com.br\/blog\/wp-content\/uploads\/2022\/08\/ralo12.jpg\" alt=\"ralo12\" width=\"600\" height=\"400\" title=\"\" srcset=\"https:\/\/www.aarquiteta.com.br\/blog\/wp-content\/uploads\/2022\/08\/ralo12.jpg 600w, https:\/\/www.aarquiteta.com.br\/blog\/wp-content\/uploads\/2022\/08\/ralo12-150x100.jpg 150w\" sizes=\"(max-width: 600px) 100vw, 600px\" \/><figcaption id=\"caption-attachment-66594\" class=\"wp-caption-text\">Pinterest<\/figcaption><\/figure>\n<p>&nbsp;<\/p>\n<p>Alguns modelos modernos at\u00e9 ajudam a melhorar o visual do banheiro.<\/p>\n<figure id=\"attachment_66593\" aria-describedby=\"caption-attachment-66593\" style=\"width: 848px\" class=\"wp-caption alignnone\"><img decoding=\"async\" class=\"wp-image-66593 size-full\" src=\"https:\/\/www.aarquiteta.com.br\/blog\/wp-content\/uploads\/2022\/08\/ralo11.jpg\" alt=\"ralo11\" width=\"848\" height=\"600\" title=\"\" srcset=\"https:\/\/www.aarquiteta.com.br\/blog\/wp-content\/uploads\/2022\/08\/ralo11.jpg 848w, https:\/\/www.aarquiteta.com.br\/blog\/wp-content\/uploads\/2022\/08\/ralo11-696x492.jpg 696w, https:\/\/www.aarquiteta.com.br\/blog\/wp-content\/uploads\/2022\/08\/ralo11-150x106.jpg 150w\" sizes=\"(max-width: 848px) 100vw, 848px\" \/><figcaption id=\"caption-attachment-66593\" class=\"wp-caption-text\">Por: Blog da Telha<\/figcaption><\/figure>\n<p>&nbsp;<\/p>\n<p>Existem 4 tipos de ralos de banheiro que ajudar\u00e3o os instaladores a fazer bem o seu trabalho e deixar o cliente satisfeito.<\/p>\n<h3>O que faz um ralo?<\/h3>\n<p>Os ralos de banheiro s\u00e3o usados \u200b\u200bpara mover \u00e1gua ou outros detritos atrav\u00e9s do tubo e para fora do edif\u00edcio.<\/p>\n<figure id=\"attachment_66595\" aria-describedby=\"caption-attachment-66595\" style=\"width: 1200px\" class=\"wp-caption alignnone\"><img decoding=\"async\" class=\"wp-image-66595 size-full\" src=\"https:\/\/www.aarquiteta.com.br\/blog\/wp-content\/uploads\/2022\/08\/ralo13.jpg\" alt=\"ralo13\" width=\"1200\" height=\"798\" title=\"\" srcset=\"https:\/\/www.aarquiteta.com.br\/blog\/wp-content\/uploads\/2022\/08\/ralo13.jpg 1200w, https:\/\/www.aarquiteta.com.br\/blog\/wp-content\/uploads\/2022\/08\/ralo13-1024x681.jpg 1024w, https:\/\/www.aarquiteta.com.br\/blog\/wp-content\/uploads\/2022\/08\/ralo13-696x463.jpg 696w, https:\/\/www.aarquiteta.com.br\/blog\/wp-content\/uploads\/2022\/08\/ralo13-150x100.jpg 150w\" sizes=\"(max-width: 1200px) 100vw, 1200px\" \/><figcaption id=\"caption-attachment-66595\" class=\"wp-caption-text\">Pinterest<\/figcaption><\/figure>\n<p>&nbsp;<\/p>\n<p>Os ralos s\u00e3o encontrados em banheiros, cozinhas, terra\u00e7os, varandas, \u00e1reas de servi\u00e7o e piscinas.<\/p>\n<p>Existem dois tipos de ralos de banheiro:<\/p>\n<p><strong>1 \u2014 Ralo Seco:<\/strong><\/p>\n<figure id=\"attachment_66583\" aria-describedby=\"caption-attachment-66583\" style=\"width: 720px\" class=\"wp-caption alignnone\"><img decoding=\"async\" class=\"wp-image-66583 size-full\" src=\"https:\/\/www.aarquiteta.com.br\/blog\/wp-content\/uploads\/2022\/08\/ralo.jpg\" alt=\"ralo\" width=\"720\" height=\"708\" title=\"\" srcset=\"https:\/\/www.aarquiteta.com.br\/blog\/wp-content\/uploads\/2022\/08\/ralo.jpg 720w, https:\/\/www.aarquiteta.com.br\/blog\/wp-content\/uploads\/2022\/08\/ralo-696x684.jpg 696w, https:\/\/www.aarquiteta.com.br\/blog\/wp-content\/uploads\/2022\/08\/ralo-150x148.jpg 150w\" sizes=\"(max-width: 720px) 100vw, 720px\" \/><figcaption id=\"caption-attachment-66583\" class=\"wp-caption-text\">Por: Abreu e Silva<\/figcaption><\/figure>\n<p>Quando o solo est\u00e1 seco, pode haver pequenas lagoas ou riachos em \u00e1reas baixas.<\/p>\n<p>S\u00e3o os chamados ralo seco ou dreno seco.<\/p>\n<p><span style=\"color: #2b2b2b; font-size: 16px;\">Maus cheiros podem voltar ao sistema de esgoto se um dreno seco for conectado diretamente a ele, ent\u00e3o eles devem ser conectados com um tubo de ventila\u00e7\u00e3o.<\/span>A \u00e1gua escoa assim que entra no ralo, permitindo que os gases subam. Portanto, a banheira deve ficar apenas no box do banheiro.<\/p>\n<p>&nbsp;<\/p>\n<p><strong>2 \u2014 Ralo sifonado:<\/strong><\/p>\n<figure id=\"attachment_66584\" aria-describedby=\"caption-attachment-66584\" style=\"width: 800px\" class=\"wp-caption alignnone\"><img decoding=\"async\" class=\"wp-image-66584 size-full\" src=\"https:\/\/www.aarquiteta.com.br\/blog\/wp-content\/uploads\/2022\/08\/ralo2.webp\" alt=\"ralo2\" width=\"800\" height=\"800\" title=\"\" srcset=\"https:\/\/www.aarquiteta.com.br\/blog\/wp-content\/uploads\/2022\/08\/ralo2.webp 800w, https:\/\/www.aarquiteta.com.br\/blog\/wp-content\/uploads\/2022\/08\/ralo2-696x696.webp 696w, https:\/\/www.aarquiteta.com.br\/blog\/wp-content\/uploads\/2022\/08\/ralo2-96x96.webp 96w, https:\/\/www.aarquiteta.com.br\/blog\/wp-content\/uploads\/2022\/08\/ralo2-150x150.webp 150w\" sizes=\"(max-width: 800px) 100vw, 800px\" \/><figcaption id=\"caption-attachment-66584\" class=\"wp-caption-text\">Por: Caribean School<\/figcaption><\/figure>\n<p>Um ralo sifonado ou dreno de sif\u00e3o \u00e9 um dreno de esgoto com uma caixa na extremidade que sif\u00e3o a \u00e1gua suja.<\/p>\n<p>Isso evita que o cheiro volte para a sala e permite que v\u00e1rios outros canos de esgoto sejam conectados ao ralo.<\/p>\n<figure id=\"attachment_66597\" aria-describedby=\"caption-attachment-66597\" style=\"width: 640px\" class=\"wp-caption alignnone\"><img decoding=\"async\" class=\"wp-image-66597 size-large\" src=\"https:\/\/www.aarquiteta.com.br\/blog\/wp-content\/uploads\/2022\/08\/ralo15-1024x1024.webp\" alt=\"ralo15\" width=\"640\" height=\"640\" title=\"\" srcset=\"https:\/\/www.aarquiteta.com.br\/blog\/wp-content\/uploads\/2022\/08\/ralo15-1024x1024.webp 1024w, https:\/\/www.aarquiteta.com.br\/blog\/wp-content\/uploads\/2022\/08\/ralo15-696x696.webp 696w, https:\/\/www.aarquiteta.com.br\/blog\/wp-content\/uploads\/2022\/08\/ralo15-96x96.webp 96w, https:\/\/www.aarquiteta.com.br\/blog\/wp-content\/uploads\/2022\/08\/ralo15-150x150.webp 150w, https:\/\/www.aarquiteta.com.br\/blog\/wp-content\/uploads\/2022\/08\/ralo15.webp 1200w\" sizes=\"(max-width: 640px) 100vw, 640px\" \/><figcaption id=\"caption-attachment-66597\" class=\"wp-caption-text\">Por: Keyato<\/figcaption><\/figure>\n<p>Um pequeno saco de \u00e1gua parada est\u00e1 localizado perto do banheiro, cozinha ou fora de casa. A bolsa evita que o odor suba para a sala, agindo como um sif\u00e3o de pia.<\/p>\n<p>Para mudar um banheiro seco de ralo para sif\u00e3o, o encanamento atual deve ser alterado e o piso pode ter que ser quebrado para substituir a pe\u00e7a do banheiro.<\/p>\n<p>&nbsp;<\/p>\n<p>Existem quatro tipos principais de ralos de banheiro.<\/p>\n<p>Veja qual tem no seu banheiro e qual voc\u00ea pode instalar:<\/p>\n<h3>Tipos de ralos de banheiro:<\/h3>\n<h3><strong>1 \u2014 Ralo simples (ou seco):<\/strong><\/h3>\n<figure id=\"attachment_66585\" aria-describedby=\"caption-attachment-66585\" style=\"width: 500px\" class=\"wp-caption alignnone\"><img decoding=\"async\" class=\"wp-image-66585 size-full\" src=\"https:\/\/www.aarquiteta.com.br\/blog\/wp-content\/uploads\/2022\/08\/ralo3.webp\" alt=\"ralo3\" width=\"500\" height=\"500\" title=\"\" srcset=\"https:\/\/www.aarquiteta.com.br\/blog\/wp-content\/uploads\/2022\/08\/ralo3.webp 500w, https:\/\/www.aarquiteta.com.br\/blog\/wp-content\/uploads\/2022\/08\/ralo3-96x96.webp 96w, https:\/\/www.aarquiteta.com.br\/blog\/wp-content\/uploads\/2022\/08\/ralo3-150x150.webp 150w\" sizes=\"(max-width: 500px) 100vw, 500px\" \/><figcaption id=\"caption-attachment-66585\" class=\"wp-caption-text\">Por: Americanas<\/figcaption><\/figure>\n<p>&nbsp;<\/p>\n<p>Um dreno simples (ou seco) \u00e9 a primeira parte de um sistema de esgoto.<br \/>\nNos lares brasileiros, pode-se falar sobre o tipo de ralo de banheiro mais utilizado.<\/p>\n<p>Existem muitos tipos diferentes de t\u00e1buas de corte, feitas de diversos materiais: a\u00e7o inoxid\u00e1vel, pl\u00e1stico, alum\u00ednio, ferro fundido, polipropileno, bronze e ABS.<\/p>\n<p>Eles podem ter formas diferentes (redondos, quadrados, ret\u00e2ngulos) e ter diferentes grades e padr\u00f5es.<\/p>\n<p>Um ralo de banheiro geralmente tem 10 cm x 10 cm, 15 cm x 15 cm ou 20 cm x 20 cm.<\/p>\n<p>&nbsp;<\/p>\n<h3><strong>2 \u2014 Ralo click:<\/strong><\/h3>\n<figure id=\"attachment_66586\" aria-describedby=\"caption-attachment-66586\" style=\"width: 500px\" class=\"wp-caption alignnone\"><img decoding=\"async\" class=\"wp-image-66586 size-full\" src=\"https:\/\/www.aarquiteta.com.br\/blog\/wp-content\/uploads\/2022\/08\/ralo4.webp\" alt=\"ralo4\" width=\"500\" height=\"500\" title=\"\" srcset=\"https:\/\/www.aarquiteta.com.br\/blog\/wp-content\/uploads\/2022\/08\/ralo4.webp 500w, https:\/\/www.aarquiteta.com.br\/blog\/wp-content\/uploads\/2022\/08\/ralo4-96x96.webp 96w, https:\/\/www.aarquiteta.com.br\/blog\/wp-content\/uploads\/2022\/08\/ralo4-150x150.webp 150w\" sizes=\"(max-width: 500px) 100vw, 500px\" \/><figcaption id=\"caption-attachment-66586\" class=\"wp-caption-text\">Por: Americanas<\/figcaption><\/figure>\n<p>&nbsp;<\/p>\n<p>Este ralo de banheiro tem uma tampa que abre quando a press\u00e3o \u00e9 aplicada com os p\u00e9s e fecha quando pressionada novamente.<\/p>\n<figure id=\"attachment_66591\" aria-describedby=\"caption-attachment-66591\" style=\"width: 500px\" class=\"wp-caption alignnone\"><img decoding=\"async\" class=\"wp-image-66591 size-full\" src=\"https:\/\/www.aarquiteta.com.br\/blog\/wp-content\/uploads\/2022\/08\/ralo9.jpg\" alt=\"ralo9\" width=\"500\" height=\"375\" title=\"\" srcset=\"https:\/\/www.aarquiteta.com.br\/blog\/wp-content\/uploads\/2022\/08\/ralo9.jpg 500w, https:\/\/www.aarquiteta.com.br\/blog\/wp-content\/uploads\/2022\/08\/ralo9-150x113.jpg 150w\" sizes=\"(max-width: 500px) 100vw, 500px\" \/><figcaption id=\"caption-attachment-66591\" class=\"wp-caption-text\">Por: ML<\/figcaption><\/figure>\n<p>&nbsp;<\/p>\n<p>\u00c9 feito de a\u00e7o inoxid\u00e1vel e \u00e9 muito pr\u00e1tico.<\/p>\n<h3><strong>3 \u2014 Ralo linear:<\/strong><\/h3>\n<figure id=\"attachment_66587\" aria-describedby=\"caption-attachment-66587\" style=\"width: 600px\" class=\"wp-caption alignnone\"><img decoding=\"async\" class=\"wp-image-66587 size-full\" src=\"https:\/\/www.aarquiteta.com.br\/blog\/wp-content\/uploads\/2022\/08\/ralo5.webp\" alt=\"ralo5\" width=\"600\" height=\"600\" title=\"\" srcset=\"https:\/\/www.aarquiteta.com.br\/blog\/wp-content\/uploads\/2022\/08\/ralo5.webp 600w, https:\/\/www.aarquiteta.com.br\/blog\/wp-content\/uploads\/2022\/08\/ralo5-96x96.webp 96w, https:\/\/www.aarquiteta.com.br\/blog\/wp-content\/uploads\/2022\/08\/ralo5-150x150.webp 150w\" sizes=\"(max-width: 600px) 100vw, 600px\" \/><figcaption id=\"caption-attachment-66587\" class=\"wp-caption-text\">Por: ML<\/figcaption><\/figure>\n<p>&nbsp;<\/p>\n<p>O ralo linear \u00e9 um dreno que \u00e9 longo e estreito.<\/p>\n<p>Este ralo de banheiro deixa o ambiente moderno, elegante e confort\u00e1vel.<\/p>\n<p>Seu formato ajuda a dispor melhor o piso do banheiro, torna os cortes menos evidentes e pode at\u00e9 esconder a \u00e1gua que cai pelo ralo com pe\u00e7as de tamanho grande.<\/p>\n<p>O tamanho de um dreno linear pode ser de 40 cent\u00edmetros at\u00e9 1 metro e pode ser adquirido em tamanhos feitos sob encomenda.<\/p>\n<figure id=\"attachment_66588\" aria-describedby=\"caption-attachment-66588\" style=\"width: 564px\" class=\"wp-caption alignnone\"><img decoding=\"async\" class=\"wp-image-66588 size-full\" src=\"https:\/\/www.aarquiteta.com.br\/blog\/wp-content\/uploads\/2022\/08\/ralo6.jpg\" alt=\"ralo6\" width=\"564\" height=\"849\" title=\"\" srcset=\"https:\/\/www.aarquiteta.com.br\/blog\/wp-content\/uploads\/2022\/08\/ralo6.jpg 564w, https:\/\/www.aarquiteta.com.br\/blog\/wp-content\/uploads\/2022\/08\/ralo6-150x226.jpg 150w\" sizes=\"(max-width: 564px) 100vw, 564px\" \/><figcaption id=\"caption-attachment-66588\" class=\"wp-caption-text\">Por: Tudo Constru\u00e7\u00e3o<\/figcaption><\/figure>\n<p>&nbsp;<\/p>\n<p>O ralo linear pode ter diversos tipos de grelhas e materiais, em um padr\u00e3o linear.<\/p>\n<p>Para garantir que a \u00e1gua caia no ralo, o ralo linear do banheiro precisa estar no mesmo n\u00edvel do revestimento do azulejo.<\/p>\n<p>&nbsp;<\/p>\n<h3><strong>4 \u2014 Ralo oculto:<\/strong><\/h3>\n<figure id=\"attachment_66589\" aria-describedby=\"caption-attachment-66589\" style=\"width: 500px\" class=\"wp-caption alignnone\"><img decoding=\"async\" class=\"wp-image-66589 size-full\" src=\"https:\/\/www.aarquiteta.com.br\/blog\/wp-content\/uploads\/2022\/08\/ralo7.jpg\" alt=\"ralo7\" width=\"500\" height=\"320\" title=\"\" srcset=\"https:\/\/www.aarquiteta.com.br\/blog\/wp-content\/uploads\/2022\/08\/ralo7.jpg 500w, https:\/\/www.aarquiteta.com.br\/blog\/wp-content\/uploads\/2022\/08\/ralo7-150x96.jpg 150w\" sizes=\"(max-width: 500px) 100vw, 500px\" \/><figcaption id=\"caption-attachment-66589\" class=\"wp-caption-text\">Por: ML<\/figcaption><\/figure>\n<p>&nbsp;<\/p>\n<p>O formato do ralo do banheiro pode ser quadrado ou comprido, dependendo do tipo de revestimento utilizado e quais s\u00e3o os objetivos do projeto.<\/p>\n<p>Se um cliente tiver um dreno de a\u00e7o inoxid\u00e1vel antigo, ele pode querer substitu\u00ed-lo por um dreno invis\u00edvel. Se o fizerem, h\u00e1 uma grande chance de que o revestimento do piso n\u00e3o esteja mais dispon\u00edvel.<\/p>\n<p>Nos casos em que n\u00e3o pode ser usado um ralo de a\u00e7o inoxid\u00e1vel vis\u00edvel, um invis\u00edvel pode.<\/p>\n<figure id=\"attachment_66590\" aria-describedby=\"caption-attachment-66590\" style=\"width: 620px\" class=\"wp-caption alignnone\"><img decoding=\"async\" class=\"wp-image-66590 size-full\" src=\"https:\/\/www.aarquiteta.com.br\/blog\/wp-content\/uploads\/2022\/08\/ralo8.webp\" alt=\"ralo8\" width=\"620\" height=\"480\" title=\"\" srcset=\"https:\/\/www.aarquiteta.com.br\/blog\/wp-content\/uploads\/2022\/08\/ralo8.webp 620w, https:\/\/www.aarquiteta.com.br\/blog\/wp-content\/uploads\/2022\/08\/ralo8-150x116.webp 150w\" sizes=\"(max-width: 620px) 100vw, 620px\" \/><figcaption id=\"caption-attachment-66590\" class=\"wp-caption-text\">Por: Casa Vogue<\/figcaption><\/figure>\n<p>&nbsp;<\/p>\n<p><em><strong>Instalar o ralo do banheiro perfeitamente pode ser feito com algumas dicas:<\/strong><\/em><\/p>\n<figure id=\"attachment_66596\" aria-describedby=\"caption-attachment-66596\" style=\"width: 600px\" class=\"wp-caption alignnone\"><img decoding=\"async\" class=\"wp-image-66596 size-full\" src=\"https:\/\/www.aarquiteta.com.br\/blog\/wp-content\/uploads\/2022\/08\/ralo14.jpg\" alt=\"ralo14\" width=\"600\" height=\"319\" title=\"\" srcset=\"https:\/\/www.aarquiteta.com.br\/blog\/wp-content\/uploads\/2022\/08\/ralo14.jpg 600w, https:\/\/www.aarquiteta.com.br\/blog\/wp-content\/uploads\/2022\/08\/ralo14-150x80.jpg 150w\" sizes=\"(max-width: 600px) 100vw, 600px\" \/><figcaption id=\"caption-attachment-66596\" class=\"wp-caption-text\">Por: Blog da Telha<\/figcaption><\/figure>\n<p>&nbsp;<\/p>\n<p>Certifique-se de que o dreno esteja no ponto mais baixo da caixa antes de colocar a cobertura na caixa.<\/p>\n<p>N\u00e3o coloque o ralo em \u00e1reas onde as pessoas v\u00e3o andar muito, como na frente da pia do banheiro.<\/p>\n<p>Se uma grande \u00e1rea de piso estiver no chuveiro, os ralos regulares do banheiro n\u00e3o funcionar\u00e3o porque o fluxo de \u00e1gua seria mais lento<\/p>\n<p>&nbsp;<\/p>\n<h2>E a\u00ed, gostou do artigo sobre Ralo de banheiro, escolha o ideal?<\/h2>\n<p>Ent\u00e3o deslize a tela para baixo e<a href=\"https:\/\/br.pinterest.com\/aarquitetapinterest\/_created\/\" target=\"_blank\" rel=\"noopener\"> confira mais dicas<\/a> como esta e n\u00e3o se esque\u00e7a de compartilhar com os amigos!<\/p>\n<p>Quer mais dicas sobre o mundo da Arquitetura e Decora\u00e7\u00e3o, ent\u00e3o confira alguns dos nossos artigos em:<\/p>\n<ul>\n<li><a href=\"https:\/\/www.aarquiteta.com.br\/blog\/paisagismo\/\" target=\"_blank\" rel=\"noopener\">Casa e Jardim<\/a><\/li>\n<li><a href=\"https:\/\/www.aarquiteta.com.br\/blog\/arquitetura\/mundo-arquitetura\/\" target=\"_blank\" rel=\"noopener\">Mundo Arquitetura<\/a><\/li>\n<li><a href=\"https:\/\/www.aarquiteta.com.br\/decoracao\/\" target=\"_blank\" rel=\"noopener\">Decora\u00e7\u00e3o<br \/>\n<\/a><\/li>\n<\/ul>\n<p>&nbsp;<\/p>\n","protected":false},"excerpt":{"rendered":"<p>&nbsp; &nbsp; Durante a constru\u00e7\u00e3o, escolher o material errado para o ralo do banheiro, ou ter algum problema com ele, pode trazer muitos problemas para o arquiteto. Escolher o ralo de banheiro certo n\u00e3o s\u00f3 evita entupimentos e maus cheiros, como tamb\u00e9m pode agregar eleg\u00e2ncia ao ambiente. &nbsp; Alguns modelos modernos at\u00e9 ajudam a melhorar [&hellip;]<\/p>\n","protected":false},"author":102,"featured_media":66598,"comment_status":"open","ping_status":"closed","sticky":false,"template":"","format":"standard","meta":{"footnotes":""},"categories":[18760,1484],"tags":[21018,21020,21019],"class_list":["post-66564","post","type-post","status-publish","format-standard","has-post-thumbnail","category-decoracao-de-banheiro","category-decoracao","tag-conheca-alguns-tipos-de-ralo-de-banheiro","tag-ralo-para-banheiro","tag-remover-termo-ralo-de-banheiro-ralo-para-banheiro-ralo-de-banheiro"],"_wp_attached_file":null,"_wp_attachment_metadata":null,"_wp_attachment_context":null,"_wp_attachment_is_custom_header":null,"geo_longitude":null,"geo_public":null,"geo_latitude":null,"_publicize_done_external":null,"_wpas_done_3897181":null,"publicize_twitter_user":null,"_wpas_done_3897175":null,"_wpas_skip_3897181":null,"_wpas_skip_3897175":null,"_wpas_skip_3924723":null,"_wpas_mess":null,"_wpas_done_3924723":null,"wps_subtitle":"Veja qual ralo  instalar em sua casa!","_links":{"self":[{"href":"https:\/\/www.aarquiteta.com.br\/blog\/wp-json\/wp\/v2\/posts\/66564","targetHints":{"allow":["GET"]}}],"collection":[{"href":"https:\/\/www.aarquiteta.com.br\/blog\/wp-json\/wp\/v2\/posts"}],"about":[{"href":"https:\/\/www.aarquiteta.com.br\/blog\/wp-json\/wp\/v2\/types\/post"}],"author":[{"embeddable":true,"href":"https:\/\/www.aarquiteta.com.br\/blog\/wp-json\/wp\/v2\/users\/102"}],"replies":[{"embeddable":true,"href":"https:\/\/www.aarquiteta.com.br\/blog\/wp-json\/wp\/v2\/comments?post=66564"}],"version-history":[{"count":0,"href":"https:\/\/www.aarquiteta.com.br\/blog\/wp-json\/wp\/v2\/posts\/66564\/revisions"}],"wp:featuredmedia":[{"embeddable":true,"href":"https:\/\/www.aarquiteta.com.br\/blog\/wp-json\/wp\/v2\/media\/66598"}],"wp:attachment":[{"href":"https:\/\/www.aarquiteta.com.br\/blog\/wp-json\/wp\/v2\/media?parent=66564"}],"wp:term":[{"taxonomy":"category","embeddable":true,"href":"https:\/\/www.aarquiteta.com.br\/blog\/wp-json\/wp\/v2\/categories?post=66564"},{"taxonomy":"post_tag","embeddable":true,"href":"https:\/\/www.aarquiteta.com.br\/blog\/wp-json\/wp\/v2\/tags?post=66564"}],"curies":[{"name":"wp","href":"https:\/\/api.w.org\/{rel}","templated":true}]}}