{"id":6589,"date":"2017-01-18T21:02:12","date_gmt":"2017-01-19T00:02:12","guid":{"rendered":"http:\/\/aarquiteta.com.br\/?p=6589"},"modified":"2024-08-23T10:03:27","modified_gmt":"2024-08-23T13:03:27","slug":"projeto-instalacao-eletrica","status":"publish","type":"post","link":"https:\/\/www.aarquiteta.com.br\/blog\/projeto-instalacao-eletrica\/","title":{"rendered":"Instala\u00e7\u00e3o El\u00e9trica &#8211; Crie Projetos El\u00e9tricos no AutoCAD!"},"content":{"rendered":"<p>Instala\u00e7\u00e3o El\u00e9trica &#8211; Crie Projetos El\u00e9tricos no AutoCAD!<\/p>\n<p>Uma das minhas maiores dificuldades no tempo em que estava na faculdade eram as disciplinas de Instala\u00e7\u00f5es El\u00e9tricas e Hidr\u00e1ulicas ou Instala\u00e7\u00f5es Prediais.<\/p>\n<p>Devo confessar que El\u00e9trica e Hidr\u00e1ulica nunca foram os meus pontos fortes no tempo de estudante.<\/p>\n<p>Como essas disciplinas n\u00e3o eram o foco principal do curso de Arquitetura, geralmente os alunos n\u00e3o se interessavam em profundidade por elas da mesma forma que as demais disciplinas.<\/p>\n<p>No entanto mais do que conhecer e reconhecer um projeto el\u00e9trico, um estudante de arquitetura deve ter no\u00e7\u00f5es b\u00e1sicas sobre o assunto.<\/p>\n<p>A Arquitetura \u00e9 uma carreira multidisciplinar e o Arquiteto como o coordenador mestre de todas as disciplinas que comp\u00f5em a vida de um profissional pleno, n\u00e3o pode dar-se ao luxo de ignorar esse cap\u00edtulo.<\/p>\n<p>Muitas vezes na faculdade o assunto \u00e9 abordado de forma r\u00e1pida ou at\u00e9 mesmo superficial e o aluno acaba tendo a necessidade de buscar por conhecimento sobre o assunto fora da sala de aula.<\/p>\n<p>Ou ainda h\u00e1 os casos dos profissionais eletricistas que t\u00eam uma vasta experi\u00eancia em execu\u00e7\u00e3o de projetos, mas n\u00e3o aprenderam a elaborar o projeto t\u00e9cnico em si.<\/p>\n<p>Por isso, pensando nessa problem\u00e1tica pensamos na possibilidade de criar um curso de instala\u00e7\u00f5es prediais tanto para aprendizes como profissionais.<\/p>\n<h2>Curso de Instala\u00e7\u00f5es El\u00e9tricas Prediais para Edifica\u00e7\u00f5es Unifamiliares.<\/h2>\n<p>E \u00e9 com grande satisfa\u00e7\u00e3o que an\u00fancio o lan\u00e7amento do <a href=\"https:\/\/www.aarquiteta.com.br\/curso-projetos-de-instalacoes-prediais\/?utm_source=blog&amp;utm_medium=artigo_projetos_instalacoes_eletricas&amp;utm_campaign=link_novo_curso\">novo curso<\/a> Instala\u00e7\u00f5es El\u00e9tricas Prediais para Edifica\u00e7\u00f5es Unifamiliares.<\/p>\n<p>Um curso voltado para quem deseja aprender do zero a criar um projeto b\u00e1sico de eletricidade residencial.<\/p>\n<p>O curso n\u00e3o \u00e9 exatamente um curso de AutoCAD, ou seja, um curso que te ensina a desenhar no AutoCAD no curso de el\u00e9trica.<\/p>\n<p><iframe style=\"width: 120px; height: 240px;\" src=\"\/\/ws-na.amazon-adsystem.com\/widgets\/q?ServiceVersion=20070822&amp;OneJS=1&amp;Operation=GetAdHtml&amp;MarketPlace=BR&amp;source=ss&amp;ref=as_ss_li_til&amp;ad_type=product_link&amp;tracking_id=aarquiteta-20&amp;language=pt_BR&amp;marketplace=amazon&amp;region=BR&amp;placement=8561453443&amp;asins=8561453443&amp;linkId=270820f75c42ca0a4acd8d41c495df99&amp;show_border=true&amp;link_opens_in_new_window=true\" frameborder=\"0\" marginwidth=\"0\" marginheight=\"0\" scrolling=\"no\" sandbox=\"allow-popups allow-scripts allow-modals allow-forms allow-same-origin\"><\/iframe><\/p>\n<p>Trata-se de um curso de el\u00e9trica b\u00e1sica, onde o aluno aprende da teoria \u00e0 pr\u00e1tica claramente e objetiva os conceitos el\u00e9tricos, os quais voc\u00ea pode aplic\u00e1-los em quaisquer vers\u00f5es de programa CAD, pois esses conceitos s\u00e3o atemporais.<\/p>\n<p>Vers\u00f5es de AutoCAD vem e v\u00e3o, mas\u00a0o conceito e conte\u00fado el\u00e9trico s\u00e3o e ser\u00e3o sempre os mesmos.<\/p>\n<p>Justamente para enfatizar esse fato, o curso foi produzido na vers\u00e3o 2007 do programa, vers\u00e3o de trabalho adotada pela professora, para mostrar que o curso pode ser estudado em qualquer vers\u00e3o da 2007 a 2016 com efici\u00eancia.<\/p>\n<p>O curso \u00e9 voltado para Estudantes em T\u00e9cnico em Edifica\u00e7\u00e3o, T\u00e9cnico em El\u00e9trica, Alunos da Faculdade de Arquitetura, Faculdade de Engenharia Civil e Engenharia El\u00e9trica, ou mesmo pessoas j\u00e1 formadas que n\u00e3o tiveram contato com esse conhecimento\u00a0aplicado em AutoCAD ou que tiveram e agora precisam lembrar e\/ou se atualizar.<\/p>\n<p>O passo a passo de todo o curso \u00e9 apresentado dentro de um projeto residencial em AutoCAD, por isso para realiz\u00e1-lo deve o aluno possuir um pr\u00e9-conhecimento b\u00e1sico em AutoCAD.<\/p>\n<p>J\u00e1 que durante nas aulas n\u00e3o ser\u00e3o ensinados os comandos de desenho ou t\u00e3o pouco como usar as ferramentas do AutoCAD b\u00e1sico.<\/p>\n<p>O curso se passa direto para o desenvolvimento do projeto em si.<\/p>\n<p>Se voc\u00ea n\u00e3o tem conhecimento algum em AutoCAD \u00e9 <a href=\"https:\/\/www.aarquiteta.com.br\/cursos\/cursos-de-autocad\/\" target=\"_blank\" rel=\"noopener\">necess\u00e1rio fazer um curso<\/a> b\u00e1sico antes.<\/p>\n<p>Al\u00e9m do conhecimento b\u00e1sico de AutoCAD o aluno deve ter tamb\u00e9m conhecimento sobre o\u00a0conceito b\u00e1sico el\u00e9trico como: corrente, pot\u00eancia, amperagem, c\u00e1lculo para ambientes, entre outros.<\/p>\n<p>Assim como a parte de aprova\u00e7\u00e3o de um projeto de arquitetura em prefeituras pode sofrer pequenas especificidades regionais, seja de legisla\u00e7\u00e3o ou de representa\u00e7\u00e3o, o mesmo pode acontecer com o projeto el\u00e9trico.<\/p>\n<p>Isso n\u00e3o impossibilita ou compromete em nada o aprendizado do aluno, basta agregar a informa\u00e7\u00e3o espec\u00edfica de sua cidade ao conte\u00fado do curso.<\/p>\n<p><iframe style=\"width: 120px; height: 240px;\" src=\"\/\/ws-na.amazon-adsystem.com\/widgets\/q?ServiceVersion=20070822&amp;OneJS=1&amp;Operation=GetAdHtml&amp;MarketPlace=BR&amp;source=ss&amp;ref=as_ss_li_til&amp;ad_type=product_link&amp;tracking_id=aarquiteta-20&amp;language=pt_BR&amp;marketplace=amazon&amp;region=BR&amp;placement=8561453443&amp;asins=8561453443&amp;linkId=270820f75c42ca0a4acd8d41c495df99&amp;show_border=true&amp;link_opens_in_new_window=true\" frameborder=\"0\" marginwidth=\"0\" marginheight=\"0\" scrolling=\"no\" sandbox=\"allow-popups allow-scripts allow-modals allow-forms allow-same-origin\"><\/iframe><\/p>\n<h2>Principais assuntos abordados no curso de instala\u00e7\u00f5es el\u00e9tricas.<\/h2>\n<ol>\n<li><strong>Distribui\u00e7\u00e3o dos Pontos El\u00e9tricos<\/strong> \u2013 Loca\u00e7\u00e3o de Pontos, L\u00e2mpadas, Tomadas, Interruptores Simples e Paralelos, Quadro de Distribui\u00e7\u00e3o, Caixa de Medi\u00e7\u00e3o.<\/li>\n<li><strong>Distribui\u00e7\u00e3o dos Circuitos<\/strong> \u2013 Circuitos, Teclas para interruptores, Caixa de Inspe\u00e7\u00e3o.<\/li>\n<li><strong>Tubula\u00e7\u00e3o<\/strong> \u2013\u00a0Passagem de Tubula\u00e7\u00e3o, Interliga\u00e7\u00e3o de tomadas e lumin\u00e1rias, Aterramento, Haste de Aterramento.<\/li>\n<li><strong>Fios<\/strong> \u2013 1\u00aa Parte \u2013 L\u00e2mpada \u2013 Fase e Neutro, Retorno. Tomadas \u2013 Fase, Neutro, Terra. Ar Condicionado &#8211; Fase, Neutro, Terra. Chuveiro &#8211; Fase, Neutro, Terra.<\/li>\n<li><strong>Fios<\/strong> \u2013 2\u00aa Parte &#8211; Varanda \u2013 Fase, Neutro, Retorno. M\u00e1quina de lavar roupas \u2013 Fase, Neutro, Terra. Nota com as cores nos fios e tipos.<\/li>\n<li><strong>Simbologia<\/strong> \u2013 Descri\u00e7\u00e3o de Cada S\u00edmbolo.<\/li>\n<li><strong>Quadro de Cargas e Diagrama Unifilar<\/strong> \u2013 C\u00e1lculo de cargas, Amperagem, Prote\u00e7\u00e3o, DR, Disjuntores, mm\u00b2 de fios, Tes\u00e3o, Quadro de Barramento.<\/li>\n<li><strong>Prancha<\/strong> \u2013\u00a0Detalhe de Aterramento, Entrada Subterr\u00e2nea, Detalhes do Medidor, Caixa de Passagem, Medi\u00e7\u00e3o.<\/li>\n<\/ol>\n<h2>V\u00eddeo apresenta\u00e7\u00e3o do Curso de Instala\u00e7\u00e3o El\u00e9trica Predial:<\/h2>\n<p><iframe src=\"https:\/\/www.youtube.com\/embed\/zoqsYJxV8Os\" width=\"560\" height=\"315\" frameborder=\"0\" allowfullscreen=\"allowfullscreen\"><\/iframe><\/p>\n<h2>E a\u00ed, <a href=\"https:\/\/www.aarquiteta.com.br\/curso-de-arquitetura\/\" target=\"_blank\" rel=\"noopener\">gostou do artigo sobre<\/a> Instala\u00e7\u00e3o El\u00e9trica &#8211; Crie Projetos El\u00e9tricos no AutoCAD?<\/h2>\n<p>Ent\u00e3o deslize a tela para baixo e<a href=\"https:\/\/br.pinterest.com\/aarquitetapinterest\/_created\/\" target=\"_blank\" rel=\"noopener\"> confira mais dicas<\/a> como esta e n\u00e3o se esque\u00e7a de compartilhar com os amigos!<\/p>\n<p>Quer mais dicas sobre o mundo da Arquitetura e Decora\u00e7\u00e3o, ent\u00e3o confira alguns dos nossos artigos em:<\/p>\n<ul>\n<li><a href=\"https:\/\/www.aarquiteta.com.br\/blog\/paisagismo\/\" target=\"_blank\" rel=\"noopener\">Casa e Jardim<\/a><\/li>\n<li><a href=\"https:\/\/www.aarquiteta.com.br\/blog\/arquitetura\/mundo-arquitetura\/\" target=\"_blank\" rel=\"noopener\">Mundo Arquitetura<\/a><\/li>\n<li><a href=\"https:\/\/www.aarquiteta.com.br\/decoracao\/\" target=\"_blank\" rel=\"noopener\">Decora\u00e7\u00e3o<br \/>\n<\/a><\/li>\n<\/ul>\n","protected":false},"excerpt":{"rendered":"<p>Instala\u00e7\u00e3o El\u00e9trica &#8211; Crie Projetos El\u00e9tricos no AutoCAD! Uma das minhas maiores dificuldades no tempo em que estava na faculdade eram as disciplinas de Instala\u00e7\u00f5es El\u00e9tricas e Hidr\u00e1ulicas ou Instala\u00e7\u00f5es Prediais. Devo confessar que El\u00e9trica e Hidr\u00e1ulica nunca foram os meus pontos fortes no tempo de estudante. Como essas disciplinas n\u00e3o eram o foco principal [&hellip;]<\/p>\n","protected":false},"author":102,"featured_media":6603,"comment_status":"open","ping_status":"closed","sticky":false,"template":"","format":"standard","meta":{"footnotes":""},"categories":[1507,33404,6,10005,33423,35344],"tags":[],"class_list":["post-6589","post","type-post","status-publish","format-standard","has-post-thumbnail","category-arquitetura","category-autocad","category-carreira-de-arquitetura","category-casa-e-jardim","category-engenharia-civil","category-instalacoes-prediais"],"_wp_attached_file":null,"_wp_attachment_metadata":null,"_wp_attachment_context":null,"_wp_attachment_is_custom_header":null,"geo_longitude":null,"geo_public":null,"geo_latitude":null,"_publicize_done_external":null,"_wpas_done_3897181":null,"publicize_twitter_user":null,"_wpas_done_3897175":null,"_wpas_skip_3897181":null,"_wpas_skip_3897175":null,"_wpas_skip_3924723":null,"_wpas_mess":null,"_wpas_done_3924723":null,"wps_subtitle":"","_links":{"self":[{"href":"https:\/\/www.aarquiteta.com.br\/blog\/wp-json\/wp\/v2\/posts\/6589","targetHints":{"allow":["GET"]}}],"collection":[{"href":"https:\/\/www.aarquiteta.com.br\/blog\/wp-json\/wp\/v2\/posts"}],"about":[{"href":"https:\/\/www.aarquiteta.com.br\/blog\/wp-json\/wp\/v2\/types\/post"}],"author":[{"embeddable":true,"href":"https:\/\/www.aarquiteta.com.br\/blog\/wp-json\/wp\/v2\/users\/102"}],"replies":[{"embeddable":true,"href":"https:\/\/www.aarquiteta.com.br\/blog\/wp-json\/wp\/v2\/comments?post=6589"}],"version-history":[{"count":0,"href":"https:\/\/www.aarquiteta.com.br\/blog\/wp-json\/wp\/v2\/posts\/6589\/revisions"}],"wp:featuredmedia":[{"embeddable":true,"href":"https:\/\/www.aarquiteta.com.br\/blog\/wp-json\/wp\/v2\/media\/6603"}],"wp:attachment":[{"href":"https:\/\/www.aarquiteta.com.br\/blog\/wp-json\/wp\/v2\/media?parent=6589"}],"wp:term":[{"taxonomy":"category","embeddable":true,"href":"https:\/\/www.aarquiteta.com.br\/blog\/wp-json\/wp\/v2\/categories?post=6589"},{"taxonomy":"post_tag","embeddable":true,"href":"https:\/\/www.aarquiteta.com.br\/blog\/wp-json\/wp\/v2\/tags?post=6589"}],"curies":[{"name":"wp","href":"https:\/\/api.w.org\/{rel}","templated":true}]}}