{"id":65722,"date":"2022-09-21T09:10:34","date_gmt":"2022-09-21T12:10:34","guid":{"rendered":"http:\/\/aarquiteta.com.br\/?p=65722"},"modified":"2024-09-15T08:48:48","modified_gmt":"2024-09-15T11:48:48","slug":"cumeeira","status":"publish","type":"post","link":"https:\/\/www.aarquiteta.com.br\/blog\/cumeeira\/","title":{"rendered":"Cumeeira &#8211; o que \u00e9 e qual a sua utilidade?"},"content":{"rendered":"<p>A cumeeira \u00e9 uma parte essencial de qualquer constru\u00e7\u00e3o de telhado, com telhas, calhas e rufos.<\/p><p>Ela cobre as \u00e1reas do telhado que encontram \u00e1gua, como as superf\u00edcies inclinadas de um telhado que ajudam o escoamento da \u00e1gua da chuva.<\/p><p>Os ladrilhos podem ter 1, 2, 3 ou at\u00e9 4 \u00e1reas de \u00e1gua, e os ladrilhos podem se sobrepor em seu projeto de trabalho.<\/p><h2>O que \u00e9 uma cumeeira?<\/h2><p>A cumeeira \u00e9 um peda\u00e7o de material que vai entre as se\u00e7\u00f5es de telha de \u00e1gua na jun\u00e7\u00e3o das \u00e1guas em uma <a href=\"https:\/\/www.aarquiteta.com.br\/blog\/casa-e-jardim\/\" class=\"ilj-generated-link\">casa<\/a>.<\/p><p>Ele sela o espa\u00e7o entre os peda\u00e7os de azulejo e ajuda a evitar a entrada de luz solar (o que afetaria a temperatura da casa).<\/p><p>Pode ser usada em qualquer projeto de telhado, exceto nos modelos embutidos e\u00a0protege das intemp\u00e9ries e tamb\u00e9m suporta o telhado.<\/p><p>O telhado n\u00e3o pode ter luz do sol ou chuva sobre ele, ent\u00e3o a cumeeira tem que proteg\u00ea-lo para a longevidade de toda a casa.<\/p><p>Ela serve tamb\u00e9m ajuda a refor\u00e7ar a estrutura da casa.<\/p><h2>Tipos de cumeeira<\/h2><h3>Lisa.<\/h3><p>Este cume pode caber na maioria das formas de ladrilhos, mesmo que o ladrilho tenha sali\u00eancias. A forma pode mudar para acomodar.<\/p><h3>Entalhada.<\/h3><p>A diferen\u00e7a entre este modelo e o primeiro \u00e9 que seus dentes se encaixam nas partes inferiores de cada telha.<\/p><p>Este modelo tem uma superf\u00edcie lisa e deve ser usado em tops.<\/p><h3>Um cume \u00e9 a \u00e1rea elevada de terra entre dois vales.<\/h3><p>\u00c9 formado quando a \u00e1gua se acumula e corr\u00f3i a parte central do terreno, deixando os dois lados.<\/p><p>A cumeeira do galp\u00e3o est\u00e1 ganhando popularidade em projetos residenciais, bem como em armaz\u00e9ns e f\u00e1bricas.<\/p><h3>Cumeeira de perfil:<\/h3><p>A cumeeira de perfil \u00e9 uma op\u00e7\u00e3o de telha colocada no telhado de uma constru\u00e7\u00e3o.<\/p><p>\u00c9 bom para casos em que voc\u00ea deseja que o acabamento do cume seja muito sutil.<\/p><p>O formato da cumeeira combina bem com o modelo do telhado, n\u00e3o se destacando das demais telhas.<\/p><h3>Materiais usados para a confec\u00e7\u00e3o da cumeeira:<\/h3><figure id=\"attachment_69408\" aria-describedby=\"caption-attachment-69408\" style=\"width: 1920px\" class=\"wp-caption alignnone\"><img decoding=\"async\" class=\"wp-image-69408 size-full\" title=\"cumeeira\" src=\"https:\/\/www.aarquiteta.com.br\/blog\/wp-content\/uploads\/2022\/09\/cumeeira-200-onduline-produto.jpg\" alt=\"cumeeira\" width=\"1920\" height=\"800\" srcset=\"https:\/\/www.aarquiteta.com.br\/blog\/wp-content\/uploads\/2022\/09\/cumeeira-200-onduline-produto.jpg 1920w, https:\/\/www.aarquiteta.com.br\/blog\/wp-content\/uploads\/2022\/09\/cumeeira-200-onduline-produto-1024x427.jpg 1024w, https:\/\/www.aarquiteta.com.br\/blog\/wp-content\/uploads\/2022\/09\/cumeeira-200-onduline-produto-696x290.jpg 696w, https:\/\/www.aarquiteta.com.br\/blog\/wp-content\/uploads\/2022\/09\/cumeeira-200-onduline-produto-150x63.jpg 150w\" sizes=\"(max-width: 1920px) 100vw, 1920px\" \/><figcaption id=\"caption-attachment-69408\" class=\"wp-caption-text\">Cumeeira. Foto por Onduline<\/figcaption><\/figure><p>Uma cumeeira de cer\u00e2mica \u00e9 um peda\u00e7o longo e fino de cer\u00e2mica com a forma de um cume.<\/p><p>A cumeeira cer\u00e2mica \u00e9 um dos materiais de cobertura mais tradicionais dispon\u00edveis.<\/p><p>Recomenda-se que se o seu material de cobertura for cer\u00e2mico, que as cumeeiras tamb\u00e9m sejam cer\u00e2micas, para garantir que suas finalidades sejam cumpridas e que o telhado pare\u00e7a consistente.<\/p><h3>Fibrocimento:<\/h3><p>Um cume de fibrocimento \u00e9 usado para adicionar prote\u00e7\u00e3o ao telhado de uma casa.<\/p><p>Telhados feitos do mesmo material t\u00eam cumeeiras feitas da mesma telha de fibrocimento.<\/p><p>Essas telhas n\u00e3o s\u00e3o pintadas com menos op\u00e7\u00f5es de <a href=\"https:\/\/www.aarquiteta.com.br\/blog\/?s=CORES\">cores<\/a>, usadas apenas em telhados feitos do mesmo material.<\/p><h3>Met\u00e1lica:<\/h3><p>Existem muitas op\u00e7\u00f5es para cumeeiras de metal em um telhado: tampa de zinco, a\u00e7o galvanizado e at\u00e9 alum\u00ednio.<\/p><p>A cumeeira de metal fornece prote\u00e7\u00e3o extra contra intemp\u00e9ries e danos qu\u00edmicos ao telhado.<\/p><h3>PVC:<\/h3><p>Um cume de PVC \u00e9 uma se\u00e7\u00e3o elevada de cloreto de polivinila. \u00c9 usado para criar paredes, caminhos e outras estruturas.<\/p><p>O topo de cumeeira de PVC \u00e9 um dos mais populares devido a seu peso leve, variedade de cores e modelos e por ser dur\u00e1vel.<\/p><p>No entanto, este topo de cume n\u00e3o \u00e9 para todos os projetos arquitet\u00f4nicos.<\/p><h3>Fibra vegetal:<\/h3><p>Alguns materiais s\u00e3o melhores para o ambiente ao serem utilizados nas cumeeiras da passarela.<\/p><p>Por exemplo, a fibra vegetal pode ser usada como modelo, pois tem um impacto menor no meio ambiente.<\/p><h3>Outros materiais s\u00e3o usados \u200b\u200bna produ\u00e7\u00e3o:<\/h3><p>No mercado existem muitos outros materiais al\u00e9m do vidro, incluindo argila, polipropileno e uma cumeeira transl\u00facida ou transparente para aplicar em telhados de policarbonato ou vidro.<\/p><div class=\"youtube-embed\" data-video_id=\"7Ry3IkTvLE8\"><iframe title=\"COMO MONTAR TELHA CUMEEIRA!! PASSO A PASSO!!\" width=\"696\" height=\"392\" src=\"https:\/\/www.youtube.com\/embed\/7Ry3IkTvLE8?feature=oembed&#038;enablejsapi=1\" frameborder=\"0\" allow=\"accelerometer; autoplay; clipboard-write; encrypted-media; gyroscope; picture-in-picture; web-share\" allowfullscreen><\/iframe><\/div><p><strong>Conhe\u00e7a mais termos t\u00e9cnicos de Arquitetura e Engenharia aqui.<\/strong><\/p><p>Veja aqui onde voc\u00ea pode adquirir este produto para a sua <a href=\"https:\/\/www.aarquiteta.com.br\/blog\/cursos-de-arquitetura-e-decoracao\/curso-de-gerenciamento-de-obras\">obra<\/a>.<\/p><p>&nbsp;<\/p>","protected":false},"excerpt":{"rendered":"<p>A cumeeira \u00e9 uma parte essencial de qualquer constru\u00e7\u00e3o de telhado, com telhas, calhas e rufos.Ela cobre as \u00e1reas do telhado que encontram \u00e1gua, como as superf\u00edcies inclinadas de um telhado que ajudam o escoamento da \u00e1gua da chuva.Os ladrilhos podem ter 1, 2, 3 ou at\u00e9 4 \u00e1reas de \u00e1gua, e os ladrilhos podem [&hellip;]<\/p>\n","protected":false},"author":102,"featured_media":69407,"comment_status":"open","ping_status":"closed","sticky":false,"template":"","format":"standard","meta":{"footnotes":""},"categories":[249,20346],"tags":[20812],"class_list":["post-65722","post","type-post","status-publish","format-standard","has-post-thumbnail","category-engenharia-e-construcao-civil","category-termos-de-arquitetura","tag-cumeeira"],"_wp_attached_file":null,"_wp_attachment_metadata":null,"_wp_attachment_context":null,"_wp_attachment_is_custom_header":null,"geo_longitude":null,"geo_public":null,"geo_latitude":null,"_publicize_done_external":null,"_wpas_done_3897181":null,"publicize_twitter_user":null,"_wpas_done_3897175":null,"_wpas_skip_3897181":null,"_wpas_skip_3897175":null,"_wpas_skip_3924723":null,"_wpas_mess":null,"_wpas_done_3924723":null,"wps_subtitle":"A cumeeira \u00e9 uma parte essencial de qualquer constru\u00e7\u00e3o de telhado, com telhas, calhas e rufos. Saiba mais sobre elas em nosso post.","_links":{"self":[{"href":"https:\/\/www.aarquiteta.com.br\/blog\/wp-json\/wp\/v2\/posts\/65722","targetHints":{"allow":["GET"]}}],"collection":[{"href":"https:\/\/www.aarquiteta.com.br\/blog\/wp-json\/wp\/v2\/posts"}],"about":[{"href":"https:\/\/www.aarquiteta.com.br\/blog\/wp-json\/wp\/v2\/types\/post"}],"author":[{"embeddable":true,"href":"https:\/\/www.aarquiteta.com.br\/blog\/wp-json\/wp\/v2\/users\/102"}],"replies":[{"embeddable":true,"href":"https:\/\/www.aarquiteta.com.br\/blog\/wp-json\/wp\/v2\/comments?post=65722"}],"version-history":[{"count":0,"href":"https:\/\/www.aarquiteta.com.br\/blog\/wp-json\/wp\/v2\/posts\/65722\/revisions"}],"wp:featuredmedia":[{"embeddable":true,"href":"https:\/\/www.aarquiteta.com.br\/blog\/wp-json\/wp\/v2\/media\/69407"}],"wp:attachment":[{"href":"https:\/\/www.aarquiteta.com.br\/blog\/wp-json\/wp\/v2\/media?parent=65722"}],"wp:term":[{"taxonomy":"category","embeddable":true,"href":"https:\/\/www.aarquiteta.com.br\/blog\/wp-json\/wp\/v2\/categories?post=65722"},{"taxonomy":"post_tag","embeddable":true,"href":"https:\/\/www.aarquiteta.com.br\/blog\/wp-json\/wp\/v2\/tags?post=65722"}],"curies":[{"name":"wp","href":"https:\/\/api.w.org\/{rel}","templated":true}]}}