{"id":65708,"date":"2022-09-20T16:03:12","date_gmt":"2022-09-20T19:03:12","guid":{"rendered":"http:\/\/aarquiteta.com.br\/?p=65708"},"modified":"2024-09-15T08:48:45","modified_gmt":"2024-09-15T11:48:45","slug":"cornija","status":"publish","type":"post","link":"https:\/\/www.aarquiteta.com.br\/blog\/cornija\/","title":{"rendered":"Cornija &#8211; o que \u00e9 e para que serve?"},"content":{"rendered":"<p>O que \u00e9 uma cornija?<\/p><p>Uma cornija \u00e9 uma pe\u00e7a de moldagem que se estende da parede acima de janelas e portas, ou acima das persianas dos aparelhos de ar condicionado.<\/p><p>Tamb\u00e9m pode ser encontrado no topo de colunas, sob telhados ou outras extens\u00f5es.<\/p><p>Uma cornija coroa a maioria dos edif\u00edcios e <a href=\"https:\/\/www.aarquiteta.com.br\/blog\/home-decor\/moveis\/\" class=\"ilj-generated-link\">m\u00f3veis<\/a>.<\/p><p>Sua finalidade \u00e9 liberar \u00e1gua de dentro de um edif\u00edcio atrav\u00e9s de suas bordas.<\/p><p>Esta fun\u00e7\u00e3o pode ser replicada com calhas, beirais e empenas na constru\u00e7\u00e3o residencial.<\/p><p>Os beirais de um edif\u00edcio podem ser chamados de cornijas se forem adornados com <a href=\"https:\/\/www.aarquiteta.com.br\/blog\/home-decor\/acessorios-para-decoracao\/espelhos-e-molduras\/\" class=\"ilj-generated-link\">molduras<\/a> decorativas.<\/p><p>Os beirais s\u00e3o principalmente funcionais e permitem que o edif\u00edcio vaze, ent\u00e3o muitos edif\u00edcios usam metal prensado para suas cornijas.<\/p><figure id=\"attachment_69376\" aria-describedby=\"caption-attachment-69376\" style=\"width: 750px\" class=\"wp-caption alignnone\"><img decoding=\"async\" class=\"wp-image-69376 size-full\" title=\"Exemplo de Cornija interna\" src=\"https:\/\/www.aarquiteta.com.br\/blog\/wp-content\/uploads\/2022\/09\/cornija-decorativa-elegante.webp\" alt=\"Exemplo de Cornija interna\" width=\"750\" height=\"450\" srcset=\"https:\/\/www.aarquiteta.com.br\/blog\/wp-content\/uploads\/2022\/09\/cornija-decorativa-elegante.webp 750w, https:\/\/www.aarquiteta.com.br\/blog\/wp-content\/uploads\/2022\/09\/cornija-decorativa-elegante-696x418.webp 696w, https:\/\/www.aarquiteta.com.br\/blog\/wp-content\/uploads\/2022\/09\/cornija-decorativa-elegante-150x90.webp 150w\" sizes=\"(max-width: 750px) 100vw, 750px\" \/><figcaption id=\"caption-attachment-69376\" class=\"wp-caption-text\">Exemplo de Cornija interna. Fonte: espa\u00e7o grandes neg\u00f3cios.<\/figcaption><\/figure><p>Qualquer edif\u00edcio com uma sali\u00eancia pesada \u00e9 considerado em risco de tombar; edif\u00edcios comerciais, em particular, est\u00e3o em risco.<\/p><p>A por\u00e7\u00e3o superior do entablamento \u00e9 parte do remate.<\/p><p>O remate \u00e9 o conjunto de molduras que marcam o final de uma constru\u00e7\u00e3o, ou a parte superior do entablamento.<\/p><h2>O que \u00e9 uma cornija?<\/h2><p>A cornija \u00e9 uma se\u00e7\u00e3o do edif\u00edcio que paira sobre a borda.<\/p><p>Protege as paredes da \u00e1gua da chuva e d\u00e1 beleza \u00e0 fachada, pois pode ser moldada em diversas figuras e formatos.<\/p><p>O vento faz com que a neve se acumule na borda ou no pico de uma montanha.<\/p><p>Este conceito \u00e9 usado para nomear aquele monte de neve.<\/p><p>Durante os per\u00edodos de aquecimento, a neve em uma borda vertical de um telhado pode derreter, fazendo com que a borda desmorone.<\/p><p>Esta cornija \u00e9 perigosa devido a esta possibilidade, bem como devido a deslizamentos de terra e avalanches.<\/p><div class=\"youtube-embed\" data-video_id=\"dgVzVrT1X5M\"><iframe title=\"L\u00edngua Portuguesa - Palavras curiosas: voc\u00ea sabe o que \u00e9 &quot;cornija&quot;?\" width=\"696\" height=\"392\" src=\"https:\/\/www.youtube.com\/embed\/dgVzVrT1X5M?feature=oembed&#038;enablejsapi=1\" frameborder=\"0\" allow=\"accelerometer; autoplay; clipboard-write; encrypted-media; gyroscope; picture-in-picture; web-share\" allowfullscreen><\/iframe><\/div><p><strong>Conhe\u00e7a mais termos t\u00e9cnicos de Arquitetura e Engenharia aqui.<\/strong><\/p><p>&nbsp;<\/p>","protected":false},"excerpt":{"rendered":"<p>O que \u00e9 uma cornija?Uma cornija \u00e9 uma pe\u00e7a de moldagem que se estende da parede acima de janelas e portas, ou acima das persianas dos aparelhos de ar condicionado.Tamb\u00e9m pode ser encontrado no topo de colunas, sob telhados ou outras extens\u00f5es.Uma cornija coroa a maioria dos edif\u00edcios e m\u00f3veis.Sua finalidade \u00e9 liberar \u00e1gua de [&hellip;]<\/p>\n","protected":false},"author":102,"featured_media":69375,"comment_status":"open","ping_status":"closed","sticky":false,"template":"","format":"standard","meta":{"footnotes":""},"categories":[249,20346],"tags":[20803],"class_list":["post-65708","post","type-post","status-publish","format-standard","has-post-thumbnail","category-engenharia-e-construcao-civil","category-termos-de-arquitetura","tag-cornija"],"_wp_attached_file":null,"_wp_attachment_metadata":null,"_wp_attachment_context":null,"_wp_attachment_is_custom_header":null,"geo_longitude":null,"geo_public":null,"geo_latitude":null,"_publicize_done_external":null,"_wpas_done_3897181":null,"publicize_twitter_user":null,"_wpas_done_3897175":null,"_wpas_skip_3897181":null,"_wpas_skip_3897175":null,"_wpas_skip_3924723":null,"_wpas_mess":null,"_wpas_done_3924723":null,"wps_subtitle":"Uma cornija \u00e9 uma pe\u00e7a de moldagem que se estende da parede acima de janelas e portas","_links":{"self":[{"href":"https:\/\/www.aarquiteta.com.br\/blog\/wp-json\/wp\/v2\/posts\/65708","targetHints":{"allow":["GET"]}}],"collection":[{"href":"https:\/\/www.aarquiteta.com.br\/blog\/wp-json\/wp\/v2\/posts"}],"about":[{"href":"https:\/\/www.aarquiteta.com.br\/blog\/wp-json\/wp\/v2\/types\/post"}],"author":[{"embeddable":true,"href":"https:\/\/www.aarquiteta.com.br\/blog\/wp-json\/wp\/v2\/users\/102"}],"replies":[{"embeddable":true,"href":"https:\/\/www.aarquiteta.com.br\/blog\/wp-json\/wp\/v2\/comments?post=65708"}],"version-history":[{"count":0,"href":"https:\/\/www.aarquiteta.com.br\/blog\/wp-json\/wp\/v2\/posts\/65708\/revisions"}],"wp:featuredmedia":[{"embeddable":true,"href":"https:\/\/www.aarquiteta.com.br\/blog\/wp-json\/wp\/v2\/media\/69375"}],"wp:attachment":[{"href":"https:\/\/www.aarquiteta.com.br\/blog\/wp-json\/wp\/v2\/media?parent=65708"}],"wp:term":[{"taxonomy":"category","embeddable":true,"href":"https:\/\/www.aarquiteta.com.br\/blog\/wp-json\/wp\/v2\/categories?post=65708"},{"taxonomy":"post_tag","embeddable":true,"href":"https:\/\/www.aarquiteta.com.br\/blog\/wp-json\/wp\/v2\/tags?post=65708"}],"curies":[{"name":"wp","href":"https:\/\/api.w.org\/{rel}","templated":true}]}}