{"id":65561,"date":"2022-08-01T19:00:44","date_gmt":"2022-08-01T22:00:44","guid":{"rendered":"http:\/\/aarquiteta.com.br\/?p=65561"},"modified":"2022-08-01T14:39:26","modified_gmt":"2022-08-01T17:39:26","slug":"porta-revista-para-banheiro","status":"publish","type":"post","link":"https:\/\/www.aarquiteta.com.br\/blog\/porta-revista-para-banheiro\/","title":{"rendered":"Porta-revista para banheiro!"},"content":{"rendered":"<figure id=\"attachment_65577\" aria-describedby=\"caption-attachment-65577\" style=\"width: 730px\" class=\"wp-caption alignnone\"><img decoding=\"async\" class=\"wp-image-65577 size-full\" src=\"https:\/\/www.aarquiteta.com.br\/blog\/wp-content\/uploads\/2022\/08\/revista13.jpg\" alt=\"revista13\" width=\"730\" height=\"430\" title=\"\" srcset=\"https:\/\/www.aarquiteta.com.br\/blog\/wp-content\/uploads\/2022\/08\/revista13.jpg 730w, https:\/\/www.aarquiteta.com.br\/blog\/wp-content\/uploads\/2022\/08\/revista13-696x410.jpg 696w, https:\/\/www.aarquiteta.com.br\/blog\/wp-content\/uploads\/2022\/08\/revista13-150x88.jpg 150w\" sizes=\"(max-width: 730px) 100vw, 730px\" \/><figcaption id=\"caption-attachment-65577\" class=\"wp-caption-text\">Por: Alto Astral<\/figcaption><\/figure>\n<p>&nbsp;<\/p>\n<p>A organiza\u00e7\u00e3o do banheiro pode ser bastante complicada porque um espa\u00e7o de banheiro quase nunca \u00e9 suficiente, independentemente do tamanho.<\/p>\n<figure id=\"attachment_65573\" aria-describedby=\"caption-attachment-65573\" style=\"width: 425px\" class=\"wp-caption alignnone\"><img decoding=\"async\" class=\"wp-image-65573 size-full\" src=\"https:\/\/www.aarquiteta.com.br\/blog\/wp-content\/uploads\/2022\/08\/revista11.jpg\" alt=\"revista11\" width=\"425\" height=\"347\" title=\"\" srcset=\"https:\/\/www.aarquiteta.com.br\/blog\/wp-content\/uploads\/2022\/08\/revista11.jpg 425w, https:\/\/www.aarquiteta.com.br\/blog\/wp-content\/uploads\/2022\/08\/revista11-150x122.jpg 150w\" sizes=\"(max-width: 425px) 100vw, 425px\" \/><figcaption id=\"caption-attachment-65573\" class=\"wp-caption-text\">Por: Artesanato e Reciclagem<\/figcaption><\/figure>\n<p>O que ent\u00e3o voc\u00ea pode fazer sobre aquelas revistas que voc\u00ea adoraria pegar para ler e se refrescar em seu banheiro em vez de apenas olhar para o espa\u00e7o?<\/p>\n<figure id=\"attachment_65575\" aria-describedby=\"caption-attachment-65575\" style=\"width: 580px\" class=\"wp-caption alignnone\"><img decoding=\"async\" class=\"wp-image-65575 size-full\" src=\"https:\/\/www.aarquiteta.com.br\/blog\/wp-content\/uploads\/2022\/08\/revsita12.jpg\" alt=\"revsita12\" width=\"580\" height=\"331\" title=\"\" srcset=\"https:\/\/www.aarquiteta.com.br\/blog\/wp-content\/uploads\/2022\/08\/revsita12.jpg 580w, https:\/\/www.aarquiteta.com.br\/blog\/wp-content\/uploads\/2022\/08\/revsita12-150x86.jpg 150w\" sizes=\"(max-width: 580px) 100vw, 580px\" \/><figcaption id=\"caption-attachment-65575\" class=\"wp-caption-text\">Por: Elo7<\/figcaption><\/figure>\n<p>&nbsp;<\/p>\n<p>Isso traz a quest\u00e3o de qual a melhor forma de ter revistas em seu banheiro e quais s\u00e3o algumas id\u00e9ias \u00fanicas e agrad\u00e1veis \u200b\u200bde porta-revistas de banheiro nas quais voc\u00ea pode se inspirar.<\/p>\n<figure id=\"attachment_65574\" aria-describedby=\"caption-attachment-65574\" style=\"width: 700px\" class=\"wp-caption alignnone\"><img decoding=\"async\" class=\"wp-image-65574 size-full\" src=\"https:\/\/www.aarquiteta.com.br\/blog\/wp-content\/uploads\/2022\/08\/revista12.jpg\" alt=\"revista12\" width=\"700\" height=\"700\" title=\"\" srcset=\"https:\/\/www.aarquiteta.com.br\/blog\/wp-content\/uploads\/2022\/08\/revista12.jpg 700w, https:\/\/www.aarquiteta.com.br\/blog\/wp-content\/uploads\/2022\/08\/revista12-696x696.jpg 696w, https:\/\/www.aarquiteta.com.br\/blog\/wp-content\/uploads\/2022\/08\/revista12-96x96.jpg 96w, https:\/\/www.aarquiteta.com.br\/blog\/wp-content\/uploads\/2022\/08\/revista12-150x150.jpg 150w\" sizes=\"(max-width: 700px) 100vw, 700px\" \/><figcaption id=\"caption-attachment-65574\" class=\"wp-caption-text\">Por: Delo<\/figcaption><\/figure>\n<p>&nbsp;<\/p>\n<p>Veja agora 4 exemplos de porta-revistas que voc\u00ea pode ter em seu banheiro:<\/p>\n<h3><span>1 \u2014 Porta-revista para banheiro na bacia:<\/span><\/h3>\n<p><span>Como o nome sugere, este porta-revistas simplesmente assenta sobre o tanque do vaso sanit\u00e1rio.\u00a0<\/span><\/p>\n<p><span>\u00c9 perfeito para banheiros compactos, especialmente onde o espa\u00e7o \u00e9 limitado, pois ocupa qualquer material ou espa\u00e7o adicional.\u00a0<\/span><\/p>\n<p><span>Isso significa que voc\u00ea n\u00e3o precisa remover ou perder outras coisas para ter um porta-revistas. Um porta-revistas sobre o tanque \u00e9 um organizador simples que mant\u00e9m suas revistas acess\u00edveis e organizadas; tudo o que voc\u00ea precisa fazer \u00e9 prend\u00ea-lo na borda do vaso sanit\u00e1rio e pronto. <\/span><\/p>\n<p><span>Voc\u00ea tamb\u00e9m pode armazenar outros itens de banheiro al\u00e9m de suas revistas neles.<\/span><\/p>\n<figure id=\"attachment_65562\" aria-describedby=\"caption-attachment-65562\" style=\"width: 590px\" class=\"wp-caption alignnone\"><img decoding=\"async\" class=\"wp-image-65562 size-full\" src=\"https:\/\/www.aarquiteta.com.br\/blog\/wp-content\/uploads\/2022\/08\/revista.jpg\" alt=\"revista\" width=\"590\" height=\"590\" title=\"\" srcset=\"https:\/\/www.aarquiteta.com.br\/blog\/wp-content\/uploads\/2022\/08\/revista.jpg 590w, https:\/\/www.aarquiteta.com.br\/blog\/wp-content\/uploads\/2022\/08\/revista-96x96.jpg 96w, https:\/\/www.aarquiteta.com.br\/blog\/wp-content\/uploads\/2022\/08\/revista-150x150.jpg 150w\" sizes=\"(max-width: 590px) 100vw, 590px\" \/><figcaption id=\"caption-attachment-65562\" class=\"wp-caption-text\">Por: Vai com tudo<\/figcaption><\/figure>\n<p>&nbsp;<\/p>\n<figure id=\"attachment_65563\" aria-describedby=\"caption-attachment-65563\" style=\"width: 1000px\" class=\"wp-caption alignnone\"><img decoding=\"async\" class=\"wp-image-65563 size-full\" src=\"https:\/\/www.aarquiteta.com.br\/blog\/wp-content\/uploads\/2022\/08\/revista1.jpg\" alt=\"revista1\" width=\"1000\" height=\"1000\" title=\"\" srcset=\"https:\/\/www.aarquiteta.com.br\/blog\/wp-content\/uploads\/2022\/08\/revista1.jpg 1000w, https:\/\/www.aarquiteta.com.br\/blog\/wp-content\/uploads\/2022\/08\/revista1-696x696.jpg 696w, https:\/\/www.aarquiteta.com.br\/blog\/wp-content\/uploads\/2022\/08\/revista1-96x96.jpg 96w, https:\/\/www.aarquiteta.com.br\/blog\/wp-content\/uploads\/2022\/08\/revista1-150x150.jpg 150w\" sizes=\"(max-width: 1000px) 100vw, 1000px\" \/><figcaption id=\"caption-attachment-65563\" class=\"wp-caption-text\">Pinterest<\/figcaption><\/figure>\n<p>&nbsp;<\/p>\n<figure id=\"attachment_65564\" aria-describedby=\"caption-attachment-65564\" style=\"width: 700px\" class=\"wp-caption alignnone\"><img decoding=\"async\" class=\"wp-image-65564 size-full\" src=\"https:\/\/www.aarquiteta.com.br\/blog\/wp-content\/uploads\/2022\/08\/revista2.jpg\" alt=\"revista2\" width=\"700\" height=\"700\" title=\"\" srcset=\"https:\/\/www.aarquiteta.com.br\/blog\/wp-content\/uploads\/2022\/08\/revista2.jpg 700w, https:\/\/www.aarquiteta.com.br\/blog\/wp-content\/uploads\/2022\/08\/revista2-696x696.jpg 696w, https:\/\/www.aarquiteta.com.br\/blog\/wp-content\/uploads\/2022\/08\/revista2-96x96.jpg 96w, https:\/\/www.aarquiteta.com.br\/blog\/wp-content\/uploads\/2022\/08\/revista2-150x150.jpg 150w\" sizes=\"(max-width: 700px) 100vw, 700px\" \/><figcaption id=\"caption-attachment-65564\" class=\"wp-caption-text\">Por: AliExpress<\/figcaption><\/figure>\n<p>&nbsp;<\/p>\n<h3><span>2 \u2014 Porta-revista de ch\u00e3o:<\/span><\/h3>\n<p><span>Uma grande coisa sobre esta ideia de porta-revistas de banheiro \u00e9 que ele pode funcionar para voc\u00ea, independentemente de seu banheiro ser grande e espa\u00e7oso ou pequeno.\u00a0<\/span><\/p>\n<p><span>Este \u00e9 um porta-revistas que fica por conta pr\u00f3pria, n\u00e3o\u00a0 fica preso a nada no banheiro.<\/span><\/p>\n<p><span> Ele funciona em prateleiras tanto quanto funciona em pisos.<\/span><\/p>\n<p><span> Voc\u00ea tamb\u00e9m pode coloc\u00e1-los entre espa\u00e7os livres em seu banheiro. <\/span><\/p>\n<p><span>Por causa da flexibilidade dos porta-revistas independentes, eles s\u00e3o adequados para todos os tipos de espa\u00e7os e podem ir al\u00e9m de um item de necessidade para um de beleza, ent\u00e3o voc\u00ea deve dedicar seu tempo para escolher um design bonito se voc\u00ea seguir essa ideia.<\/span><\/p>\n<p>&nbsp;<\/p>\n<figure id=\"attachment_65565\" aria-describedby=\"caption-attachment-65565\" style=\"width: 568px\" class=\"wp-caption alignnone\"><img decoding=\"async\" class=\"wp-image-65565 size-full\" src=\"https:\/\/www.aarquiteta.com.br\/blog\/wp-content\/uploads\/2022\/08\/revista3.jpg\" alt=\"revista3\" width=\"568\" height=\"516\" title=\"\" srcset=\"https:\/\/www.aarquiteta.com.br\/blog\/wp-content\/uploads\/2022\/08\/revista3.jpg 568w, https:\/\/www.aarquiteta.com.br\/blog\/wp-content\/uploads\/2022\/08\/revista3-150x136.jpg 150w\" sizes=\"(max-width: 568px) 100vw, 568px\" \/><figcaption id=\"caption-attachment-65565\" class=\"wp-caption-text\">Por: ML<\/figcaption><\/figure>\n<p>&nbsp;<\/p>\n<figure id=\"attachment_65566\" aria-describedby=\"caption-attachment-65566\" style=\"width: 1280px\" class=\"wp-caption alignnone\"><img decoding=\"async\" class=\"wp-image-65566 size-full\" src=\"https:\/\/www.aarquiteta.com.br\/blog\/wp-content\/uploads\/2022\/08\/revista4.jpg\" alt=\"revista4\" width=\"1280\" height=\"1117\" title=\"\" srcset=\"https:\/\/www.aarquiteta.com.br\/blog\/wp-content\/uploads\/2022\/08\/revista4.jpg 1280w, https:\/\/www.aarquiteta.com.br\/blog\/wp-content\/uploads\/2022\/08\/revista4-1024x894.jpg 1024w, https:\/\/www.aarquiteta.com.br\/blog\/wp-content\/uploads\/2022\/08\/revista4-696x607.jpg 696w, https:\/\/www.aarquiteta.com.br\/blog\/wp-content\/uploads\/2022\/08\/revista4-150x131.jpg 150w\" sizes=\"(max-width: 1280px) 100vw, 1280px\" \/><figcaption id=\"caption-attachment-65566\" class=\"wp-caption-text\">Pinterest<\/figcaption><\/figure>\n<p>&nbsp;<\/p>\n<figure id=\"attachment_65569\" aria-describedby=\"caption-attachment-65569\" style=\"width: 1080px\" class=\"wp-caption alignnone\"><img decoding=\"async\" class=\"wp-image-65569 size-full\" src=\"https:\/\/www.aarquiteta.com.br\/blog\/wp-content\/uploads\/2022\/08\/revista7.jpg\" alt=\"revista7,\" width=\"1080\" height=\"810\" title=\"\" srcset=\"https:\/\/www.aarquiteta.com.br\/blog\/wp-content\/uploads\/2022\/08\/revista7.jpg 1080w, https:\/\/www.aarquiteta.com.br\/blog\/wp-content\/uploads\/2022\/08\/revista7-1024x768.jpg 1024w, https:\/\/www.aarquiteta.com.br\/blog\/wp-content\/uploads\/2022\/08\/revista7-696x522.jpg 696w, https:\/\/www.aarquiteta.com.br\/blog\/wp-content\/uploads\/2022\/08\/revista7-150x113.jpg 150w\" sizes=\"(max-width: 1080px) 100vw, 1080px\" \/><figcaption id=\"caption-attachment-65569\" class=\"wp-caption-text\">Por: Elo7<\/figcaption><\/figure>\n<p>&nbsp;<\/p>\n<h3><span>3 \u2014 Porta-revista para banheiro de cesta:<\/span><\/h3>\n<p><span>Cestas s\u00e3o outra op\u00e7\u00e3o para seus materiais de suporte. <\/span><\/p>\n<p><span>Claro, diferentes tamanhos e tipos podem ser usados.\u00a0<\/span><\/p>\n<p><span>Voc\u00ea pode usar suas cesta em diferentes locais do seu banheiro.<\/span><\/p>\n<p>&nbsp;<\/p>\n<figure id=\"attachment_65567\" aria-describedby=\"caption-attachment-65567\" style=\"width: 580px\" class=\"wp-caption alignnone\"><img decoding=\"async\" class=\"wp-image-65567 size-full\" src=\"https:\/\/www.aarquiteta.com.br\/blog\/wp-content\/uploads\/2022\/08\/revsita5.jpg\" alt=\"revsita5\" width=\"580\" height=\"527\" title=\"\" srcset=\"https:\/\/www.aarquiteta.com.br\/blog\/wp-content\/uploads\/2022\/08\/revsita5.jpg 580w, https:\/\/www.aarquiteta.com.br\/blog\/wp-content\/uploads\/2022\/08\/revsita5-150x136.jpg 150w\" sizes=\"(max-width: 580px) 100vw, 580px\" \/><figcaption id=\"caption-attachment-65567\" class=\"wp-caption-text\">Por: Elo7<\/figcaption><\/figure>\n<p>&nbsp;<\/p>\n<figure id=\"attachment_65568\" aria-describedby=\"caption-attachment-65568\" style=\"width: 640px\" class=\"wp-caption alignnone\"><img decoding=\"async\" class=\"wp-image-65568 size-full\" src=\"https:\/\/www.aarquiteta.com.br\/blog\/wp-content\/uploads\/2022\/08\/revista6.jpg\" alt=\"revista6\" width=\"640\" height=\"480\" title=\"\" srcset=\"https:\/\/www.aarquiteta.com.br\/blog\/wp-content\/uploads\/2022\/08\/revista6.jpg 640w, https:\/\/www.aarquiteta.com.br\/blog\/wp-content\/uploads\/2022\/08\/revista6-150x113.jpg 150w\" sizes=\"(max-width: 640px) 100vw, 640px\" \/><figcaption id=\"caption-attachment-65568\" class=\"wp-caption-text\">Pinterest<\/figcaption><\/figure>\n<p>&nbsp;<\/p>\n<h3><span>4 \u2014 Porta-revistas de parede:<\/span><\/h3>\n<p><span>Um porta-revistas de banheiro montado na parede economiza espa\u00e7o em seus pisos e balc\u00f5es e garante que suas revistas sejam acess\u00edveis e organizadas.\u00a0<\/span><\/p>\n<p><span>Como os porta-revistas para montagem na parede v\u00eam em diferentes designs;\u00a0a maioria \u00e9 feita de madeira, mas existem muitos designs agora que s\u00e3o feitos de metal e pl\u00e1stico ou at\u00e9 mesmo uma combina\u00e7\u00e3o dos tr\u00eas, se voc\u00ea preferir.<\/span><\/p>\n<figure id=\"attachment_65570\" aria-describedby=\"caption-attachment-65570\" style=\"width: 400px\" class=\"wp-caption alignnone\"><img decoding=\"async\" class=\"wp-image-65570 size-full\" src=\"https:\/\/www.aarquiteta.com.br\/blog\/wp-content\/uploads\/2022\/08\/revista8.jpg\" alt=\"revista8\" width=\"400\" height=\"600\" title=\"\" srcset=\"https:\/\/www.aarquiteta.com.br\/blog\/wp-content\/uploads\/2022\/08\/revista8.jpg 400w, https:\/\/www.aarquiteta.com.br\/blog\/wp-content\/uploads\/2022\/08\/revista8-150x225.jpg 150w\" sizes=\"(max-width: 400px) 100vw, 400px\" \/><figcaption id=\"caption-attachment-65570\" class=\"wp-caption-text\">Por: Artesanato Passo a Passo<\/figcaption><\/figure>\n<p>&nbsp;<\/p>\n<figure id=\"attachment_65571\" aria-describedby=\"caption-attachment-65571\" style=\"width: 374px\" class=\"wp-caption alignnone\"><img decoding=\"async\" class=\"wp-image-65571 size-full\" src=\"https:\/\/www.aarquiteta.com.br\/blog\/wp-content\/uploads\/2022\/08\/revista9.jpg\" alt=\"revista9\" width=\"374\" height=\"500\" title=\"\" srcset=\"https:\/\/www.aarquiteta.com.br\/blog\/wp-content\/uploads\/2022\/08\/revista9.jpg 374w, https:\/\/www.aarquiteta.com.br\/blog\/wp-content\/uploads\/2022\/08\/revista9-150x201.jpg 150w\" sizes=\"(max-width: 374px) 100vw, 374px\" \/><figcaption id=\"caption-attachment-65571\" class=\"wp-caption-text\">Pinterest<\/figcaption><\/figure>\n<p>&nbsp;<\/p>\n<figure id=\"attachment_65572\" aria-describedby=\"caption-attachment-65572\" style=\"width: 590px\" class=\"wp-caption alignnone\"><img decoding=\"async\" class=\"wp-image-65572 size-full\" src=\"https:\/\/www.aarquiteta.com.br\/blog\/wp-content\/uploads\/2022\/08\/revista10.jpg\" alt=\"revista10\" width=\"590\" height=\"622\" title=\"\" srcset=\"https:\/\/www.aarquiteta.com.br\/blog\/wp-content\/uploads\/2022\/08\/revista10.jpg 590w, https:\/\/www.aarquiteta.com.br\/blog\/wp-content\/uploads\/2022\/08\/revista10-150x158.jpg 150w\" sizes=\"(max-width: 590px) 100vw, 590px\" \/><figcaption id=\"caption-attachment-65572\" class=\"wp-caption-text\">Por: Decora\u00e7\u00e3o e Arte<\/figcaption><\/figure>\n<p>&nbsp;<\/p>\n<p>Organize seu banheiro de acordo com os eu espa\u00e7o!<\/p>\n<h2>E a\u00ed, gostou do artigo sobre Porta-revista para banheiro?<\/h2>\n<p>Ent\u00e3o deslize a tela para baixo e<a href=\"https:\/\/br.pinterest.com\/aarquitetapinterest\/_created\/\" target=\"_blank\" rel=\"noopener\"> confira mais dicas<\/a> como esta e n\u00e3o se esque\u00e7a de compartilhar com os amigos!<\/p>\n<p>Quer mais dicas sobre o mundo da Arquitetura e Decora\u00e7\u00e3o, ent\u00e3o confira alguns dos nossos artigos em:<\/p>\n<ul>\n<li><a href=\"https:\/\/www.aarquiteta.com.br\/blog\/paisagismo\/\" target=\"_blank\" rel=\"noopener\">Casa e Jardim<\/a><\/li>\n<li><a href=\"https:\/\/www.aarquiteta.com.br\/blog\/arquitetura\/mundo-arquitetura\/\" target=\"_blank\" rel=\"noopener\">Mundo Arquitetura<\/a><\/li>\n<li><a href=\"https:\/\/www.aarquiteta.com.br\/decoracao\/\" target=\"_blank\" rel=\"noopener\">Decora\u00e7\u00e3o<br \/>\n<\/a><\/li>\n<\/ul>\n<p>&nbsp;<\/p>\n","protected":false},"excerpt":{"rendered":"<p>&nbsp; A organiza\u00e7\u00e3o do banheiro pode ser bastante complicada porque um espa\u00e7o de banheiro quase nunca \u00e9 suficiente, independentemente do tamanho. O que ent\u00e3o voc\u00ea pode fazer sobre aquelas revistas que voc\u00ea adoraria pegar para ler e se refrescar em seu banheiro em vez de apenas olhar para o espa\u00e7o? &nbsp; Isso traz a quest\u00e3o [&hellip;]<\/p>\n","protected":false},"author":102,"featured_media":65577,"comment_status":"open","ping_status":"closed","sticky":false,"template":"","format":"standard","meta":{"footnotes":""},"categories":[18760,1484],"tags":[20770,20772,20771],"class_list":["post-65561","post","type-post","status-publish","format-standard","has-post-thumbnail","category-decoracao-de-banheiro","category-decoracao","tag-parta-revista-basicos-para-banheiro","tag-porta-revista-de-baneiro","tag-porta-revista-para-seu-banheiro"],"_wp_attached_file":null,"_wp_attachment_metadata":null,"_wp_attachment_context":null,"_wp_attachment_is_custom_header":null,"geo_longitude":null,"geo_public":null,"geo_latitude":null,"_publicize_done_external":null,"_wpas_done_3897181":null,"publicize_twitter_user":null,"_wpas_done_3897175":null,"_wpas_skip_3897181":null,"_wpas_skip_3897175":null,"_wpas_skip_3924723":null,"_wpas_mess":null,"_wpas_done_3924723":null,"wps_subtitle":"Veja alguns modelos de porta revista para voc\u00ea utilizar em seu banheiro","_links":{"self":[{"href":"https:\/\/www.aarquiteta.com.br\/blog\/wp-json\/wp\/v2\/posts\/65561","targetHints":{"allow":["GET"]}}],"collection":[{"href":"https:\/\/www.aarquiteta.com.br\/blog\/wp-json\/wp\/v2\/posts"}],"about":[{"href":"https:\/\/www.aarquiteta.com.br\/blog\/wp-json\/wp\/v2\/types\/post"}],"author":[{"embeddable":true,"href":"https:\/\/www.aarquiteta.com.br\/blog\/wp-json\/wp\/v2\/users\/102"}],"replies":[{"embeddable":true,"href":"https:\/\/www.aarquiteta.com.br\/blog\/wp-json\/wp\/v2\/comments?post=65561"}],"version-history":[{"count":0,"href":"https:\/\/www.aarquiteta.com.br\/blog\/wp-json\/wp\/v2\/posts\/65561\/revisions"}],"wp:featuredmedia":[{"embeddable":true,"href":"https:\/\/www.aarquiteta.com.br\/blog\/wp-json\/wp\/v2\/media\/65577"}],"wp:attachment":[{"href":"https:\/\/www.aarquiteta.com.br\/blog\/wp-json\/wp\/v2\/media?parent=65561"}],"wp:term":[{"taxonomy":"category","embeddable":true,"href":"https:\/\/www.aarquiteta.com.br\/blog\/wp-json\/wp\/v2\/categories?post=65561"},{"taxonomy":"post_tag","embeddable":true,"href":"https:\/\/www.aarquiteta.com.br\/blog\/wp-json\/wp\/v2\/tags?post=65561"}],"curies":[{"name":"wp","href":"https:\/\/api.w.org\/{rel}","templated":true}]}}