{"id":65538,"date":"2022-08-22T10:30:17","date_gmt":"2022-08-22T13:30:17","guid":{"rendered":"http:\/\/aarquiteta.com.br\/?p=65538"},"modified":"2024-10-13T14:27:56","modified_gmt":"2024-10-13T17:27:56","slug":"balcao","status":"publish","type":"post","link":"https:\/\/www.aarquiteta.com.br\/blog\/balcao\/","title":{"rendered":"Balc\u00e3o &#8211; Como utilizar em seus projetos?"},"content":{"rendered":"<p><span style=\"color: #2b2b2b; font-size: 16px;\">Uma <a href=\"https:\/\/www.aarquiteta.com.br\/blog\/?s=COZINHA\">cozinha<\/a> limpa e organizada com um balc\u00e3o \u00e9 essencial para tornar o tempo de preparo das refei\u00e7\u00f5es o mais eficiente poss\u00edvel.<\/span>Existem muitos tipos de balc\u00f5es nas cozinhas, e eles s\u00e3o usados \u200b\u200bpara coisas diferentes.<br \/>Geralmente, existem cinco op\u00e7\u00f5es comuns de balc\u00e3o nos modelos de cozinha:<\/p><h2>O que \u00e9 um balc\u00e3o?<\/h2><figure id=\"attachment_62092\" aria-describedby=\"caption-attachment-62092\" style=\"width: 600px\" class=\"wp-caption alignnone\"><img decoding=\"async\" class=\"wp-image-62092 size-full\" title=\"Balc\u00e3o - Como utilizar em seus projetos?\" src=\"https:\/\/www.aarquiteta.com.br\/blog\/wp-content\/uploads\/2022\/07\/cozinha-americana-65.jpg\" alt=\"Balc\u00e3o - Como utilizar em seus projetos?\" width=\"600\" height=\"750\" srcset=\"https:\/\/www.aarquiteta.com.br\/blog\/wp-content\/uploads\/2022\/07\/cozinha-americana-65.jpg 600w, https:\/\/www.aarquiteta.com.br\/blog\/wp-content\/uploads\/2022\/07\/cozinha-americana-65-150x188.jpg 150w\" sizes=\"(max-width: 600px) 100vw, 600px\" \/><figcaption id=\"caption-attachment-62092\" class=\"wp-caption-text\">Foto: Reprodu\u00e7\u00e3o Internet. Imagens e Projetos n\u00e3o autorais, sendo todos os direitos reservados aos seus respectivos produtores e criadores.<\/figcaption><\/figure><p>Um balc\u00e3o \u00e9 uma superf\u00edcie plana ou mesa alta, em nossas <a href=\"https:\/\/www.aarquiteta.com.br\/blog\/?s=CASAS\">casas<\/a> \u00e9 geralmente muito encontrado em uma cozinha.<\/p><p>E de uma forma gen\u00e9rica, s\u00e3o longos m\u00f3veis, da altura do cotovelo de uma pessoa, em reparti\u00e7\u00f5es p\u00fablicas, cart\u00f3rios, cl\u00ednicas, etc., separam a entrada voltada para o p\u00fablico do interior onde se encontram os funcion\u00e1rios que prestam atendimento.<\/p><p><iframe style=\"width: 120px; height: 240px;\" src=\"\/\/ws-na.amazon-adsystem.com\/widgets\/q?ServiceVersion=20070822&amp;OneJS=1&amp;Operation=GetAdHtml&amp;MarketPlace=BR&amp;source=ss&amp;ref=as_ss_li_til&amp;ad_type=product_link&amp;tracking_id=aarquiteta-20&amp;language=pt_BR&amp;marketplace=amazon&amp;region=BR&amp;placement=B088WDKJV4&amp;asins=B088WDKJV4&amp;linkId=72b431398639b6bbe53ec3bfa43be60d&amp;show_border=true&amp;link_opens_in_new_window=true\" frameborder=\"0\" marginwidth=\"0\" marginheight=\"0\" scrolling=\"no\" sandbox=\"allow-popups allow-scripts allow-modals allow-forms allow-same-origin\"><\/iframe><\/p><h3>Tipos de balc\u00e3o:<\/h3><ul><li>Balc\u00f5es comuns (balc\u00f5es que cont\u00eam pias)<\/li><li>Balc\u00e3o com tampo;<\/li><li>Aparadores (mais comuns em cozinhas americanas)<\/li><li><a href=\"https:\/\/www.aarquiteta.com.br\/blog\/?s=varanda\">Varanda<\/a> central (cozinha com ilha), balc\u00e3o com cooktop.<\/li><\/ul><p>Explicamos a fun\u00e7\u00e3o de cada modelo de balc\u00e3o de cozinha, bem como eles devem ser usados \u200b\u200bem diferentes tipos de cozinhas.<\/p><p><iframe style=\"width: 120px; height: 240px;\" src=\"\/\/ws-na.amazon-adsystem.com\/widgets\/q?ServiceVersion=20070822&amp;OneJS=1&amp;Operation=GetAdHtml&amp;MarketPlace=BR&amp;source=ss&amp;ref=as_ss_li_til&amp;ad_type=product_link&amp;tracking_id=aarquiteta-20&amp;language=pt_BR&amp;marketplace=amazon&amp;region=BR&amp;placement=6555361662&amp;asins=6555361662&amp;linkId=210adc9631d4f4a550108e82aa25c71f&amp;show_border=true&amp;link_opens_in_new_window=true\" frameborder=\"0\" marginwidth=\"0\" marginheight=\"0\" scrolling=\"no\" sandbox=\"allow-popups allow-scripts allow-modals allow-forms allow-same-origin\"><\/iframe><\/p><h3>Balc\u00e3o comum:<\/h3><figure id=\"attachment_62300\" aria-describedby=\"caption-attachment-62300\" style=\"width: 600px\" class=\"wp-caption alignnone\"><img decoding=\"async\" class=\"wp-image-62300 size-full\" title=\"Balc\u00e3o - Como utilizar em seus projetos?\" src=\"https:\/\/www.aarquiteta.com.br\/blog\/wp-content\/uploads\/2022\/07\/cozinha-industrial11.webp\" alt=\"Balc\u00e3o - Como utilizar em seus projetos?\" width=\"600\" height=\"871\" srcset=\"https:\/\/www.aarquiteta.com.br\/blog\/wp-content\/uploads\/2022\/07\/cozinha-industrial11.webp 600w, https:\/\/www.aarquiteta.com.br\/blog\/wp-content\/uploads\/2022\/07\/cozinha-industrial11-150x218.webp 150w\" sizes=\"(max-width: 600px) 100vw, 600px\" \/><figcaption id=\"caption-attachment-62300\" class=\"wp-caption-text\">Foto: Reprodu\u00e7\u00e3o Internet. Imagens e Projetos n\u00e3o autorais, sendo todos os direitos reservados aos seus respectivos produtores e criadores.<\/figcaption><\/figure><p>O balc\u00e3o comum \u00e9 aquele de cozinha com pia e \u00e9 o tipo de balc\u00e3o mais comum em qualquer casa. Este m\u00f3vel comp\u00f5e a pia e \u00e9 necess\u00e1rio em todas as casas.<\/p><p>O balc\u00e3o para m\u00e1quinas de lavar pode ter tamanhos diferentes, dependendo da m\u00e1quina.<\/p><p><iframe style=\"width: 120px; height: 240px;\" src=\"\/\/ws-na.amazon-adsystem.com\/widgets\/q?ServiceVersion=20070822&amp;OneJS=1&amp;Operation=GetAdHtml&amp;MarketPlace=BR&amp;source=ss&amp;ref=as_ss_li_til&amp;ad_type=product_link&amp;tracking_id=aarquiteta-20&amp;language=pt_BR&amp;marketplace=amazon&amp;region=BR&amp;placement=B07NQHQHLL&amp;asins=B07NQHQHLL&amp;linkId=d8a60d6736fef5e77245a030c76c0ce6&amp;show_border=true&amp;link_opens_in_new_window=true\" frameborder=\"0\" marginwidth=\"0\" marginheight=\"0\" scrolling=\"no\" sandbox=\"allow-popups allow-scripts allow-modals allow-forms allow-same-origin\"><\/iframe><\/p><p>Geralmente \u00e9 composto por arm\u00e1rios e gavetas para guardar facas, al\u00e9m de gavetas mais profundas \u00f3timas para panelas.<\/p><h3>Balc\u00e3o com tampo:<\/h3><figure id=\"attachment_62090\" aria-describedby=\"caption-attachment-62090\" style=\"width: 500px\" class=\"wp-caption alignnone\"><img decoding=\"async\" class=\"wp-image-62090 size-full\" title=\"Balc\u00e3o - Como utilizar em seus projetos?\" src=\"https:\/\/www.aarquiteta.com.br\/blog\/wp-content\/uploads\/2022\/07\/cozinha-americana-rustica2.jpg\" alt=\"Balc\u00e3o - Como utilizar em seus projetos?\" width=\"500\" height=\"666\" srcset=\"https:\/\/www.aarquiteta.com.br\/blog\/wp-content\/uploads\/2022\/07\/cozinha-americana-rustica2.jpg 500w, https:\/\/www.aarquiteta.com.br\/blog\/wp-content\/uploads\/2022\/07\/cozinha-americana-rustica2-150x200.jpg 150w\" sizes=\"(max-width: 500px) 100vw, 500px\" \/><figcaption id=\"caption-attachment-62090\" class=\"wp-caption-text\">Foto: Reprodu\u00e7\u00e3o Internet. Imagens e Projetos n\u00e3o autorais, sendo todos os direitos reservados aos seus respectivos produtores e criadores.<\/figcaption><\/figure><p>Um balc\u00e3o de cozinha com tampo com superf\u00edcie plana e gavetas e arm\u00e1rios faz parte da parede e oferece mais armazenamento.<\/p><p>Tamb\u00e9m pode decorar a sala, e \u00e9 um dos balc\u00f5es mais importantes da cozinha.<\/p><p>Arrume as coisas que se usa com mais frequ\u00eancia na superf\u00edcie da <a href=\"https:\/\/www.aarquiteta.com.br\/blog\/home-decor\/moveis\/mesas-e-cadeiras\/\" class=\"ilj-generated-link\">mesa<\/a>.<\/p><p><iframe style=\"width: 120px; height: 240px;\" src=\"\/\/ws-na.amazon-adsystem.com\/widgets\/q?ServiceVersion=20070822&amp;OneJS=1&amp;Operation=GetAdHtml&amp;MarketPlace=BR&amp;source=ss&amp;ref=as_ss_li_til&amp;ad_type=product_link&amp;tracking_id=aarquiteta-20&amp;language=pt_BR&amp;marketplace=amazon&amp;region=BR&amp;placement=B09NW9M1VP&amp;asins=B09NW9M1VP&amp;linkId=41298c951ca4508d214f77cfc5bed2f2&amp;show_border=true&amp;link_opens_in_new_window=true\" frameborder=\"0\" marginwidth=\"0\" marginheight=\"0\" scrolling=\"no\" sandbox=\"allow-popups allow-scripts allow-modals allow-forms allow-same-origin\"><\/iframe><\/p><p>Sua superf\u00edcie pode ser utilizada para expor diversos itens como filtros de \u00e1gua, m\u00e1quinas de caf\u00e9, canecas e muito mais. As dicas s\u00e3o organizar os itens mais usados \u200b\u200bno seu dia a dia de forma que estejam ao seu alcance e ajudem nos preparativos di\u00e1rios.<\/p><h3><a href=\"https:\/\/amzn.to\/3pGuEAA\" target=\"_blank\" rel=\"noopener\">Balc\u00e3o lateral:<\/a><\/h3><figure id=\"attachment_62084\" aria-describedby=\"caption-attachment-62084\" style=\"width: 768px\" class=\"wp-caption alignnone\"><img decoding=\"async\" class=\"wp-image-62084 size-full\" title=\"Balc\u00e3o - Como utilizar em seus projetos?\" src=\"https:\/\/www.aarquiteta.com.br\/blog\/wp-content\/uploads\/2022\/07\/Cozinha-Americana-Simples-com-Bancada-Branca.jpg.webp\" alt=\"Balc\u00e3o - Como utilizar em seus projetos?\" width=\"768\" height=\"887\" srcset=\"https:\/\/www.aarquiteta.com.br\/blog\/wp-content\/uploads\/2022\/07\/Cozinha-Americana-Simples-com-Bancada-Branca.jpg.webp 768w, https:\/\/www.aarquiteta.com.br\/blog\/wp-content\/uploads\/2022\/07\/Cozinha-Americana-Simples-com-Bancada-Branca.jpg-260x300.webp 260w, https:\/\/www.aarquiteta.com.br\/blog\/wp-content\/uploads\/2022\/07\/Cozinha-Americana-Simples-com-Bancada-Branca.jpg-10x12.webp 10w, https:\/\/www.aarquiteta.com.br\/blog\/wp-content\/uploads\/2022\/07\/Cozinha-Americana-Simples-com-Bancada-Branca.jpg-150x173.webp 150w\" sizes=\"(max-width: 768px) 100vw, 768px\" \/><figcaption id=\"caption-attachment-62084\" class=\"wp-caption-text\">Foto: Reprodu\u00e7\u00e3o Internet. Imagens e Projetos n\u00e3o autorais, sendo todos os direitos reservados aos seus respectivos produtores e criadores.<\/figcaption><\/figure><p>As cozinhas americanas com balc\u00f5es s\u00e3o perfeitas para quem busca utilidade em um ambiente integrado.<\/p><p>\u00c9 adequado para pequenas e grandes habita\u00e7\u00f5es e caracteriza-se pela aus\u00eancia de paredes que conduzem \u00e0 sala de jantar.<\/p><p>Para criar uma separa\u00e7\u00e3o m\u00ednima entre \u00e0s duas salas, s\u00e3o utilizadas meias paredes ou varandas.<\/p><figure id=\"attachment_53314\" aria-describedby=\"caption-attachment-53314\" style=\"width: 700px\" class=\"wp-caption alignnone\"><img decoding=\"async\" class=\"wp-image-53314 size-full\" title=\"Balc\u00e3o - Como utilizar em seus projetos?\" src=\"https:\/\/www.aarquiteta.com.br\/blog\/wp-content\/uploads\/2022\/04\/4-Motivos-para-ter-uma-ilha-mesa-na-sua-cozinha.44.jpg\" alt=\"Balc\u00e3o - Como utilizar em seus projetos?\" width=\"700\" height=\"400\" srcset=\"https:\/\/www.aarquiteta.com.br\/blog\/wp-content\/uploads\/2022\/04\/4-Motivos-para-ter-uma-ilha-mesa-na-sua-cozinha.44.jpg 700w, https:\/\/www.aarquiteta.com.br\/blog\/wp-content\/uploads\/2022\/04\/4-Motivos-para-ter-uma-ilha-mesa-na-sua-cozinha.44-696x398.jpg 696w, https:\/\/www.aarquiteta.com.br\/blog\/wp-content\/uploads\/2022\/04\/4-Motivos-para-ter-uma-ilha-mesa-na-sua-cozinha.44-150x86.jpg 150w\" sizes=\"(max-width: 700px) 100vw, 700px\" \/><figcaption id=\"caption-attachment-53314\" class=\"wp-caption-text\">Foto: Reprodu\u00e7\u00e3o Internet. Imagens e Projetos n\u00e3o autorais, sendo todos os direitos reservados aos seus respectivos produtores e criadores.<\/figcaption><\/figure><p>Em funcionalidade, a segunda op\u00e7\u00e3o \u00e9 a mais indicada porque, al\u00e9m de ser usada como divis\u00f3ria, tamb\u00e9m possui espa\u00e7o para alimentos e utens\u00edlios de cozinha.<\/p><p><iframe style=\"width: 120px; height: 240px;\" src=\"\/\/ws-na.amazon-adsystem.com\/widgets\/q?ServiceVersion=20070822&amp;OneJS=1&amp;Operation=GetAdHtml&amp;MarketPlace=BR&amp;source=ss&amp;ref=as_ss_li_til&amp;ad_type=product_link&amp;tracking_id=aarquiteta-20&amp;language=pt_BR&amp;marketplace=amazon&amp;region=BR&amp;placement=B09CJG4L5C&amp;asins=B09CJG4L5C&amp;linkId=44e9c6f5a090ac44bf6c63c8598ec3f9&amp;show_border=true&amp;link_opens_in_new_window=true\" frameborder=\"0\" marginwidth=\"0\" marginheight=\"0\" scrolling=\"no\" sandbox=\"allow-popups allow-scripts allow-modals allow-forms allow-same-origin\"><\/iframe><\/p><p>Existem algumas op\u00e7\u00f5es para o balc\u00e3o, que tamb\u00e9m tem um recesso para um banquinho, para poder ser usado como mesa.<\/p><p>Esse \u00e9 melhor para quem est\u00e1 sempre correndo e precisa de um lanche r\u00e1pido entre os encontros.<\/p><h3><a href=\"https:\/\/amzn.to\/3pGuEAA\" target=\"_blank\" rel=\"noopener\">Balc\u00e3o Central:<\/a><\/h3><figure id=\"attachment_53312\" aria-describedby=\"caption-attachment-53312\" style=\"width: 700px\" class=\"wp-caption alignnone\"><img decoding=\"async\" class=\"wp-image-53312 size-full\" title=\"Balc\u00e3o - Como utilizar em seus projetos?\" src=\"https:\/\/www.aarquiteta.com.br\/blog\/wp-content\/uploads\/2022\/04\/4-Motivos-para-ter-uma-ilha-mesa-na-sua-cozinha.2.jpg\" alt=\"Balc\u00e3o - Como utilizar em seus projetos?\" width=\"700\" height=\"400\" srcset=\"https:\/\/www.aarquiteta.com.br\/blog\/wp-content\/uploads\/2022\/04\/4-Motivos-para-ter-uma-ilha-mesa-na-sua-cozinha.2.jpg 700w, https:\/\/www.aarquiteta.com.br\/blog\/wp-content\/uploads\/2022\/04\/4-Motivos-para-ter-uma-ilha-mesa-na-sua-cozinha.2-696x398.jpg 696w, https:\/\/www.aarquiteta.com.br\/blog\/wp-content\/uploads\/2022\/04\/4-Motivos-para-ter-uma-ilha-mesa-na-sua-cozinha.2-150x86.jpg 150w\" sizes=\"(max-width: 700px) 100vw, 700px\" \/><figcaption id=\"caption-attachment-53312\" class=\"wp-caption-text\">Foto: Reprodu\u00e7\u00e3o Internet. Imagens e Projetos n\u00e3o autorais, sendo todos os direitos reservados aos seus respectivos produtores e criadores.<\/figcaption><\/figure><p>Uma cozinha com balc\u00e3o no meio, tamb\u00e9m chamada de cozinha ilha, \u00e9 mais indicada para ambientes grandes e n\u00e3o prejudica a circula\u00e7\u00e3o.<\/p><p>Em termos de funcionalidade, esta op\u00e7\u00e3o oferece as mais diversas op\u00e7\u00f5es de uso.<\/p><p><iframe style=\"width: 120px; height: 240px;\" src=\"\/\/ws-na.amazon-adsystem.com\/widgets\/q?ServiceVersion=20070822&amp;OneJS=1&amp;Operation=GetAdHtml&amp;MarketPlace=BR&amp;source=ss&amp;ref=as_ss_li_til&amp;ad_type=product_link&amp;tracking_id=aarquiteta-20&amp;language=pt_BR&amp;marketplace=amazon&amp;region=BR&amp;placement=B0B4DWV7ZC&amp;asins=B0B4DWV7ZC&amp;linkId=d5e3ce9dd0ee9373a39c2a5346168d0a&amp;show_border=true&amp;link_opens_in_new_window=true\" frameborder=\"0\" marginwidth=\"0\" marginheight=\"0\" scrolling=\"no\" sandbox=\"allow-popups allow-scripts allow-modals allow-forms allow-same-origin\"><\/iframe><\/p><p>Em alguns casos, pode servir de apoio para fog\u00f5es e pias, bancos e <a href=\"https:\/\/www.aarquiteta.com.br\/blog\/?s=NICHO\">nichos<\/a> para assentos, plataforma de apoio para preparo de alimentos, e isso se houver arm\u00e1rios para guardar alimentos.<\/p><h3><a href=\"https:\/\/amzn.to\/3pGuEAA\" target=\"_blank\" rel=\"noopener\">Balc\u00f5es com cooktop contrariam o original:<\/a><\/h3><figure id=\"attachment_62671\" aria-describedby=\"caption-attachment-62671\" style=\"width: 1024px\" class=\"wp-caption alignnone\"><img decoding=\"async\" class=\"wp-image-62671 size-full\" title=\"Balc\u00e3o - Como utilizar em seus projetos?\" src=\"https:\/\/www.aarquiteta.com.br\/blog\/wp-content\/uploads\/2022\/07\/papel-d-eparede-para-cozinha.webp\" alt=\"Balc\u00e3o - Como utilizar em seus projetos?\" width=\"1024\" height=\"682\" srcset=\"https:\/\/www.aarquiteta.com.br\/blog\/wp-content\/uploads\/2022\/07\/papel-d-eparede-para-cozinha.webp 1024w, https:\/\/www.aarquiteta.com.br\/blog\/wp-content\/uploads\/2022\/07\/papel-d-eparede-para-cozinha-696x464.webp 696w, https:\/\/www.aarquiteta.com.br\/blog\/wp-content\/uploads\/2022\/07\/papel-d-eparede-para-cozinha-150x100.webp 150w\" sizes=\"(max-width: 1024px) 100vw, 1024px\" \/><figcaption id=\"caption-attachment-62671\" class=\"wp-caption-text\">Foto: Reprodu\u00e7\u00e3o Internet. Imagens e Projetos n\u00e3o autorais, sendo todos os direitos reservados aos seus respectivos produtores e criadores.<\/figcaption><\/figure><p>Existem fog\u00f5es modernos que funcionam por indu\u00e7\u00e3o ou a g\u00e1s, que podem ser colocados em bancadas.<\/p><p>H\u00e1 tamb\u00e9m muitas op\u00e7\u00f5es de bancadas diferentes: pias, cooktops e muito mais.<\/p><p><iframe style=\"width: 120px; height: 240px;\" src=\"\/\/ws-na.amazon-adsystem.com\/widgets\/q?ServiceVersion=20070822&amp;OneJS=1&amp;Operation=GetAdHtml&amp;MarketPlace=BR&amp;source=ss&amp;ref=as_ss_li_til&amp;ad_type=product_link&amp;tracking_id=aarquiteta-20&amp;language=pt_BR&amp;marketplace=amazon&amp;region=BR&amp;placement=B0B48NQJ74&amp;asins=B0B48NQJ74&amp;linkId=00c96348d88a02208fdc7c98ac6a97bd&amp;show_border=true&amp;link_opens_in_new_window=true\" frameborder=\"0\" marginwidth=\"0\" marginheight=\"0\" scrolling=\"no\" sandbox=\"allow-popups allow-scripts allow-modals allow-forms allow-same-origin\"><\/iframe><\/p><p>O forno pode ser posicionado no centro da cozinha ou na parede.<\/p><p>O seu pr\u00f3prio compartimento de m\u00f3veis \u00e9 comum, e influenciar\u00e1 o estilo e as medidas que tem em vista ter na sua cozinha.<\/p><h3>Confira mais exemplos de utiliza\u00e7\u00e3o de balc\u00e3o:<\/h3><p>Se voc\u00ea quer conhecer outros modelos de balc\u00e3o de cozinha acesse aqui e veja os modelos mais vendidos no Brasil.<\/p><figure id=\"attachment_62418\" aria-describedby=\"caption-attachment-62418\" style=\"width: 1280px\" class=\"wp-caption alignnone\"><img decoding=\"async\" class=\"wp-image-62418 size-full\" title=\"Balc\u00e3o - Como utilizar em seus projetos?\" src=\"https:\/\/www.aarquiteta.com.br\/blog\/wp-content\/uploads\/2022\/07\/cozinha-provencal-mobiliario.png\" alt=\"Balc\u00e3o - Como utilizar em seus projetos?\" width=\"1280\" height=\"854\" srcset=\"https:\/\/www.aarquiteta.com.br\/blog\/wp-content\/uploads\/2022\/07\/cozinha-provencal-mobiliario.png 1280w, https:\/\/www.aarquiteta.com.br\/blog\/wp-content\/uploads\/2022\/07\/cozinha-provencal-mobiliario-1024x683.png 1024w, https:\/\/www.aarquiteta.com.br\/blog\/wp-content\/uploads\/2022\/07\/cozinha-provencal-mobiliario-696x464.png 696w, https:\/\/www.aarquiteta.com.br\/blog\/wp-content\/uploads\/2022\/07\/cozinha-provencal-mobiliario-150x100.png 150w\" sizes=\"(max-width: 1280px) 100vw, 1280px\" \/><figcaption id=\"caption-attachment-62418\" class=\"wp-caption-text\">Foto: Reprodu\u00e7\u00e3o Internet. Imagens e Projetos n\u00e3o autorais, sendo todos os direitos reservados aos seus respectivos produtores e criadores.<\/figcaption><\/figure><figure id=\"attachment_62297\" aria-describedby=\"caption-attachment-62297\" style=\"width: 990px\" class=\"wp-caption alignnone\"><img decoding=\"async\" class=\"wp-image-62297 size-full\" title=\"Balc\u00e3o - Como utilizar em seus projetos?\" src=\"https:\/\/www.aarquiteta.com.br\/blog\/wp-content\/uploads\/2022\/07\/cozinha-industrial2.jpg\" alt=\"Balc\u00e3o - Como utilizar em seus projetos?\" width=\"990\" height=\"660\" srcset=\"https:\/\/www.aarquiteta.com.br\/blog\/wp-content\/uploads\/2022\/07\/cozinha-industrial2.jpg 990w, https:\/\/www.aarquiteta.com.br\/blog\/wp-content\/uploads\/2022\/07\/cozinha-industrial2-696x464.jpg 696w, https:\/\/www.aarquiteta.com.br\/blog\/wp-content\/uploads\/2022\/07\/cozinha-industrial2-150x100.jpg 150w\" sizes=\"(max-width: 990px) 100vw, 990px\" \/><figcaption id=\"caption-attachment-62297\" class=\"wp-caption-text\">Foto: Reprodu\u00e7\u00e3o Internet. Imagens e Projetos n\u00e3o autorais, sendo todos os direitos reservados aos seus respectivos produtores e criadores.<\/figcaption><\/figure><p><iframe style=\"width: 120px; height: 240px;\" src=\"\/\/ws-na.amazon-adsystem.com\/widgets\/q?ServiceVersion=20070822&amp;OneJS=1&amp;Operation=GetAdHtml&amp;MarketPlace=BR&amp;source=ss&amp;ref=as_ss_li_til&amp;ad_type=product_link&amp;tracking_id=aarquiteta-20&amp;language=pt_BR&amp;marketplace=amazon&amp;region=BR&amp;placement=B09NW8RC3S&amp;asins=B09NW8RC3S&amp;linkId=e4e50e3c87b87a94df8cec58644db739&amp;show_border=true&amp;link_opens_in_new_window=true\" frameborder=\"0\" marginwidth=\"0\" marginheight=\"0\" scrolling=\"no\" sandbox=\"allow-popups allow-scripts allow-modals allow-forms allow-same-origin\"><\/iframe><\/p><figure id=\"attachment_62075\" aria-describedby=\"caption-attachment-62075\" style=\"width: 840px\" class=\"wp-caption alignnone\"><img decoding=\"async\" class=\"wp-image-62075 size-full\" title=\"Balc\u00e3o - Como utilizar em seus projetos?\" src=\"https:\/\/www.aarquiteta.com.br\/blog\/wp-content\/uploads\/2022\/07\/iluminacao-cozinha-americana-simples2.webp\" alt=\"Balc\u00e3o - Como utilizar em seus projetos?\" width=\"840\" height=\"1024\" srcset=\"https:\/\/www.aarquiteta.com.br\/blog\/wp-content\/uploads\/2022\/07\/iluminacao-cozinha-americana-simples2.webp 840w, https:\/\/www.aarquiteta.com.br\/blog\/wp-content\/uploads\/2022\/07\/iluminacao-cozinha-americana-simples2-696x848.webp 696w, https:\/\/www.aarquiteta.com.br\/blog\/wp-content\/uploads\/2022\/07\/iluminacao-cozinha-americana-simples2-150x183.webp 150w\" sizes=\"(max-width: 840px) 100vw, 840px\" \/><figcaption id=\"caption-attachment-62075\" class=\"wp-caption-text\">Foto: Reprodu\u00e7\u00e3o Internet. Imagens e Projetos n\u00e3o autorais, sendo todos os direitos reservados aos seus respectivos produtores e criadores.<\/figcaption><\/figure><p><iframe style=\"width: 120px; height: 240px;\" src=\"\/\/ws-na.amazon-adsystem.com\/widgets\/q?ServiceVersion=20070822&amp;OneJS=1&amp;Operation=GetAdHtml&amp;MarketPlace=BR&amp;source=ss&amp;ref=as_ss_li_til&amp;ad_type=product_link&amp;tracking_id=aarquiteta-20&amp;language=pt_BR&amp;marketplace=amazon&amp;region=BR&amp;placement=8561453443&amp;asins=8561453443&amp;linkId=270820f75c42ca0a4acd8d41c495df99&amp;show_border=true&amp;link_opens_in_new_window=true\" frameborder=\"0\" marginwidth=\"0\" marginheight=\"0\" scrolling=\"no\" sandbox=\"allow-popups allow-scripts allow-modals allow-forms allow-same-origin\"><\/iframe><\/p><p>&nbsp;<\/p><figure id=\"attachment_62083\" aria-describedby=\"caption-attachment-62083\" style=\"width: 700px\" class=\"wp-caption alignnone\"><img decoding=\"async\" class=\"wp-image-62083 size-full\" src=\"https:\/\/www.aarquiteta.com.br\/blog\/wp-content\/uploads\/2022\/07\/decoracao-de-cozinha-americana-pequena-e-simples-36.jpg\" alt=\"decoracao-de-cozinha-americana-pequena-e-simples-36\" width=\"700\" height=\"875\" title=\"\" srcset=\"https:\/\/www.aarquiteta.com.br\/blog\/wp-content\/uploads\/2022\/07\/decoracao-de-cozinha-americana-pequena-e-simples-36.jpg 700w, https:\/\/www.aarquiteta.com.br\/blog\/wp-content\/uploads\/2022\/07\/decoracao-de-cozinha-americana-pequena-e-simples-36-696x870.jpg 696w, https:\/\/www.aarquiteta.com.br\/blog\/wp-content\/uploads\/2022\/07\/decoracao-de-cozinha-americana-pequena-e-simples-36-150x188.jpg 150w\" sizes=\"(max-width: 700px) 100vw, 700px\" \/><figcaption id=\"caption-attachment-62083\" class=\"wp-caption-text\">Foto: Reprodu\u00e7\u00e3o Internet. Imagens e Projetos n\u00e3o autorais, sendo todos os direitos reservados aos seus respectivos produtores e criadores.<\/figcaption><\/figure><p><iframe style=\"width: 120px; height: 240px;\" src=\"\/\/ws-na.amazon-adsystem.com\/widgets\/q?ServiceVersion=20070822&amp;OneJS=1&amp;Operation=GetAdHtml&amp;MarketPlace=BR&amp;source=ss&amp;ref=as_ss_li_til&amp;ad_type=product_link&amp;tracking_id=aarquiteta-20&amp;language=pt_BR&amp;marketplace=amazon&amp;region=BR&amp;placement=B09NW8RC3S&amp;asins=B09NW8RC3S&amp;linkId=e4e50e3c87b87a94df8cec58644db739&amp;show_border=true&amp;link_opens_in_new_window=true\" frameborder=\"0\" marginwidth=\"0\" marginheight=\"0\" scrolling=\"no\" sandbox=\"allow-popups allow-scripts allow-modals allow-forms allow-same-origin\"><\/iframe><\/p><figure id=\"attachment_62084-2\" aria-describedby=\"caption-attachment-62084-2\" style=\"width: 768px\" class=\"wp-caption alignnone\"><img decoding=\"async\" class=\"wp-image-62084 size-full\" src=\"https:\/\/www.aarquiteta.com.br\/blog\/wp-content\/uploads\/2022\/07\/Cozinha-Americana-Simples-com-Bancada-Branca.jpg.webp\" alt=\"Cozinha-Americana-Simples-com-Bancada-Branca.jpg\" width=\"768\" height=\"887\" title=\"\" srcset=\"https:\/\/www.aarquiteta.com.br\/blog\/wp-content\/uploads\/2022\/07\/Cozinha-Americana-Simples-com-Bancada-Branca.jpg.webp 768w, https:\/\/www.aarquiteta.com.br\/blog\/wp-content\/uploads\/2022\/07\/Cozinha-Americana-Simples-com-Bancada-Branca.jpg-260x300.webp 260w, https:\/\/www.aarquiteta.com.br\/blog\/wp-content\/uploads\/2022\/07\/Cozinha-Americana-Simples-com-Bancada-Branca.jpg-10x12.webp 10w, https:\/\/www.aarquiteta.com.br\/blog\/wp-content\/uploads\/2022\/07\/Cozinha-Americana-Simples-com-Bancada-Branca.jpg-150x173.webp 150w\" sizes=\"(max-width: 768px) 100vw, 768px\" \/><figcaption id=\"caption-attachment-62084-2\" class=\"wp-caption-text\">Foto: Reprodu\u00e7\u00e3o Internet. Imagens e Projetos n\u00e3o autorais, sendo todos os direitos reservados aos seus respectivos produtores e criadores.<\/figcaption><\/figure><p>Voc\u00ea esta cansada de tentar organizar a casa, mas n\u00e3o conseguir? Quer organizar definitivamente e eficiente, e acabar de vez com a bagun\u00e7a?<\/p><p>Pois \u00e9, com as <a href=\"https:\/\/go.hotmart.com\/L72308754E?dp=1\" target=\"_blank\" rel=\"noopener\">t\u00e9cnicas certas de organiza\u00e7\u00e3o<\/a> voc\u00ea consegue organizar sua casa de uma vez por todas e ter tempo para o que realmente importa!<\/p><p>Se eu te disser que isso \u00e9 poss\u00edvel voc\u00ea acredita? Quer saber mais? Vem comigo, que <a href=\"https:\/\/go.hotmart.com\/L72308754E?dp=1\" target=\"_blank\" rel=\"noopener\">eu te mostro!\u00a0<\/a><\/p><figure id=\"attachment_60332\" aria-describedby=\"caption-attachment-60332\" style=\"width: 700px\" class=\"wp-caption aligncenter\"><a href=\"https:\/\/go.hotmart.com\/L72308754E?dp=1\" target=\"_blank\" rel=\"noopener\"><img decoding=\"async\" class=\"wp-image-60332 size-full\" src=\"https:\/\/www.aarquiteta.com.br\/blog\/wp-content\/uploads\/2022\/06\/curso-de-organizacao-residencial.jpg\" alt=\"curso de organiza\u00e7\u00e3o residencial\" width=\"700\" height=\"400\" title=\"\" srcset=\"https:\/\/www.aarquiteta.com.br\/blog\/wp-content\/uploads\/2022\/06\/curso-de-organizacao-residencial.jpg 700w, https:\/\/www.aarquiteta.com.br\/blog\/wp-content\/uploads\/2022\/06\/curso-de-organizacao-residencial-696x398.jpg 696w, https:\/\/www.aarquiteta.com.br\/blog\/wp-content\/uploads\/2022\/06\/curso-de-organizacao-residencial-150x86.jpg 150w\" sizes=\"(max-width: 700px) 100vw, 700px\" \/><\/a><figcaption id=\"caption-attachment-60332\" class=\"wp-caption-text\"><a href=\"https:\/\/go.hotmart.com\/L72308754E?dp=1\" target=\"_blank\" rel=\"noopener\">Curso de organiza\u00e7\u00e3o residencial para todos por Gabi de Santi &#8211; Personal Organizer<\/a><\/figcaption><\/figure><p>&nbsp;<\/p><h3>Confira agora modelos de banquetas altas para utilizar com o seu balc\u00e3o.<\/h3><p>Se voc\u00ea quer conhecer alguns modelos de banquetas para cozinha acesse aqui e veja os modelos mais vendidos no Brasil.<\/p><figure id=\"attachment_62085\" aria-describedby=\"caption-attachment-62085\" style=\"width: 730px\" class=\"wp-caption alignnone\"><img decoding=\"async\" class=\"wp-image-62085 size-full\" src=\"https:\/\/www.aarquiteta.com.br\/blog\/wp-content\/uploads\/2022\/07\/cozinha-americana-simples.jpg\" alt=\"cozinha americana simples\" width=\"730\" height=\"912\" title=\"\" srcset=\"https:\/\/www.aarquiteta.com.br\/blog\/wp-content\/uploads\/2022\/07\/cozinha-americana-simples.jpg 730w, https:\/\/www.aarquiteta.com.br\/blog\/wp-content\/uploads\/2022\/07\/cozinha-americana-simples-696x870.jpg 696w, https:\/\/www.aarquiteta.com.br\/blog\/wp-content\/uploads\/2022\/07\/cozinha-americana-simples-150x187.jpg 150w\" sizes=\"(max-width: 730px) 100vw, 730px\" \/><figcaption id=\"caption-attachment-62085\" class=\"wp-caption-text\">Foto: Reprodu\u00e7\u00e3o Internet. Imagens e Projetos n\u00e3o autorais, sendo todos os direitos reservados aos seus respectivos produtores e criadores.<\/figcaption><\/figure><figure id=\"attachment_62086\" aria-describedby=\"caption-attachment-62086\" style=\"width: 1200px\" class=\"wp-caption alignnone\"><img decoding=\"async\" class=\"wp-image-62086 size-full\" src=\"https:\/\/www.aarquiteta.com.br\/blog\/wp-content\/uploads\/2022\/07\/cozinha-amareicana-simples.jpg\" alt=\"cozinha amareicana simples\" width=\"1200\" height=\"1600\" title=\"\" srcset=\"https:\/\/www.aarquiteta.com.br\/blog\/wp-content\/uploads\/2022\/07\/cozinha-amareicana-simples.jpg 1200w, https:\/\/www.aarquiteta.com.br\/blog\/wp-content\/uploads\/2022\/07\/cozinha-amareicana-simples-1024x1365.jpg 1024w, https:\/\/www.aarquiteta.com.br\/blog\/wp-content\/uploads\/2022\/07\/cozinha-amareicana-simples-696x928.jpg 696w, https:\/\/www.aarquiteta.com.br\/blog\/wp-content\/uploads\/2022\/07\/cozinha-amareicana-simples-640x853.jpg 640w, https:\/\/www.aarquiteta.com.br\/blog\/wp-content\/uploads\/2022\/07\/cozinha-amareicana-simples-150x200.jpg 150w\" sizes=\"(max-width: 1200px) 100vw, 1200px\" \/><figcaption id=\"caption-attachment-62086\" class=\"wp-caption-text\">Foto: Reprodu\u00e7\u00e3o Internet. Imagens e Projetos n\u00e3o autorais, sendo todos os direitos reservados aos seus respectivos produtores e criadores.<\/figcaption><\/figure><p><iframe style=\"width: 120px; height: 240px;\" src=\"\/\/ws-na.amazon-adsystem.com\/widgets\/q?ServiceVersion=20070822&amp;OneJS=1&amp;Operation=GetAdHtml&amp;MarketPlace=BR&amp;source=ss&amp;ref=as_ss_li_til&amp;ad_type=product_link&amp;tracking_id=aarquiteta-20&amp;language=pt_BR&amp;marketplace=amazon&amp;region=BR&amp;placement=B0B57NZY28&amp;asins=B0B57NZY28&amp;linkId=ee1178a0fd41b29eaf54624e65e04ae7&amp;show_border=true&amp;link_opens_in_new_window=true\" frameborder=\"0\" marginwidth=\"0\" marginheight=\"0\" scrolling=\"no\" sandbox=\"allow-popups allow-scripts allow-modals allow-forms allow-same-origin\"><\/iframe><\/p><figure id=\"attachment_62010\" aria-describedby=\"caption-attachment-62010\" style=\"width: 768px\" class=\"wp-caption alignnone\"><img decoding=\"async\" class=\"wp-image-62010 size-full\" src=\"https:\/\/www.aarquiteta.com.br\/blog\/wp-content\/uploads\/2022\/07\/cozinha-neutra2.jpg\" alt=\"cozinha neutra2\" width=\"768\" height=\"860\" title=\"\" srcset=\"https:\/\/www.aarquiteta.com.br\/blog\/wp-content\/uploads\/2022\/07\/cozinha-neutra2.jpg 768w, https:\/\/www.aarquiteta.com.br\/blog\/wp-content\/uploads\/2022\/07\/cozinha-neutra2-696x779.jpg 696w, https:\/\/www.aarquiteta.com.br\/blog\/wp-content\/uploads\/2022\/07\/cozinha-neutra2-150x168.jpg 150w\" sizes=\"(max-width: 768px) 100vw, 768px\" \/><figcaption id=\"caption-attachment-62010\" class=\"wp-caption-text\">Foto: Reprodu\u00e7\u00e3o Internet. Imagens e Projetos n\u00e3o autorais, sendo todos os direitos reservados aos seus respectivos produtores e criadores.<\/figcaption><\/figure><h3>Cansado da desordem nos arm\u00e1rios? <a href=\"https:\/\/go.hotmart.com\/L71606651A?dp=1\" target=\"_blank\" rel=\"noopener\">Que tal organizar<\/a>?<\/h3><p>Com este <a href=\"https:\/\/go.hotmart.com\/L71606651A?dp=1\" target=\"_blank\" rel=\"noopener\">passo a passo<\/a> voc\u00ea conseguir\u00e1 organizar o seu ambiente eficazmente, otimizando e deixando os espa\u00e7os funcionais.<\/p><p>Aprender\u00e1 desde o in\u00edcio do processo da organiza\u00e7\u00e3o, passando pela (auto) an\u00e1lise, at\u00e9 o que se deve guardar em gavetas, o que pendurar em cabides, <a href=\"https:\/\/go.hotmart.com\/L71606651A?dp=1\" target=\"_blank\" rel=\"noopener\">como organizar os diversos acess\u00f3rios<\/a>, entre outros.<\/p><p><a style=\"font-weight: bold; background-color: initial;\" href=\"https:\/\/go.hotmart.com\/L71606651A?dp=1\" target=\"_blank\" rel=\"noopener\"><img decoding=\"async\" class=\"wp-image-60349 size-full\" src=\"https:\/\/www.aarquiteta.com.br\/blog\/wp-content\/uploads\/2022\/06\/curso-de-organizacao-closet.jpg\" alt=\"curso de organiza\u00e7\u00e3o closet\" width=\"700\" height=\"400\" title=\"\" srcset=\"https:\/\/www.aarquiteta.com.br\/blog\/wp-content\/uploads\/2022\/06\/curso-de-organizacao-closet.jpg 700w, https:\/\/www.aarquiteta.com.br\/blog\/wp-content\/uploads\/2022\/06\/curso-de-organizacao-closet-696x398.jpg 696w, https:\/\/www.aarquiteta.com.br\/blog\/wp-content\/uploads\/2022\/06\/curso-de-organizacao-closet-150x86.jpg 150w\" sizes=\"(max-width: 700px) 100vw, 700px\" \/><\/a><\/p><p><a href=\"https:\/\/go.hotmart.com\/L71606651A?dp=1\" target=\"_blank\" rel=\"noopener\">Curso de organiza\u00e7\u00e3o closet\u00a0 por HARMONIZATTA<\/a><\/p><p>Inclu\u00edmos fotos para te ajudar em todo o processo da organiza\u00e7\u00e3o, com o uso de organizadores pr\u00f3prios, pois al\u00e9m de deixar tudo em ordem, eles trazem facilidade e otimiza\u00e7\u00e3o para os espa\u00e7os.<\/p><p><a href=\"https:\/\/go.hotmart.com\/L71606651A?dp=1\" target=\"_blank\" rel=\"noopener\">ORGANIZA\u00c7\u00c3O<\/a> n\u00e3o \u00e9 luxo e sim QUALIDADE DE VIDA!<\/p><p><img decoding=\"async\" class=\"wp-image-62074 size-full\" src=\"https:\/\/www.aarquiteta.com.br\/blog\/wp-content\/uploads\/2022\/07\/iluminacao-cozinha-americana-simples.jpg\" alt=\"ilumina\u00e7\u00e3o cozinha americana simples\" width=\"730\" height=\"890\" title=\"\" srcset=\"https:\/\/www.aarquiteta.com.br\/blog\/wp-content\/uploads\/2022\/07\/iluminacao-cozinha-americana-simples.jpg 730w, https:\/\/www.aarquiteta.com.br\/blog\/wp-content\/uploads\/2022\/07\/iluminacao-cozinha-americana-simples-696x849.jpg 696w, https:\/\/www.aarquiteta.com.br\/blog\/wp-content\/uploads\/2022\/07\/iluminacao-cozinha-americana-simples-150x183.jpg 150w\" sizes=\"(max-width: 730px) 100vw, 730px\" \/><\/p><p>Foto: Reprodu\u00e7\u00e3o Internet. Imagens e Projetos n\u00e3o autorais, sendo todos os direitos reservados aos seus respectivos produtores e criadores.<\/p><figure id=\"attachment_62075-2\" aria-describedby=\"caption-attachment-62075-2\" style=\"width: 840px\" class=\"wp-caption alignnone\"><img decoding=\"async\" class=\"wp-image-62075 size-full\" src=\"https:\/\/www.aarquiteta.com.br\/blog\/wp-content\/uploads\/2022\/07\/iluminacao-cozinha-americana-simples2.webp\" alt=\"ilumina\u00e7\u00e3o cozinha americana simples2\" width=\"840\" height=\"1024\" title=\"\" srcset=\"https:\/\/www.aarquiteta.com.br\/blog\/wp-content\/uploads\/2022\/07\/iluminacao-cozinha-americana-simples2.webp 840w, https:\/\/www.aarquiteta.com.br\/blog\/wp-content\/uploads\/2022\/07\/iluminacao-cozinha-americana-simples2-696x848.webp 696w, https:\/\/www.aarquiteta.com.br\/blog\/wp-content\/uploads\/2022\/07\/iluminacao-cozinha-americana-simples2-150x183.webp 150w\" sizes=\"(max-width: 840px) 100vw, 840px\" \/><figcaption id=\"caption-attachment-62075-2\" class=\"wp-caption-text\">Foto: Reprodu\u00e7\u00e3o Internet. Imagens e Projetos n\u00e3o autorais, sendo todos os direitos reservados aos seus respectivos produtores e criadores.<\/figcaption><\/figure><p><iframe style=\"width: 120px; height: 240px;\" src=\"\/\/ws-na.amazon-adsystem.com\/widgets\/q?ServiceVersion=20070822&amp;OneJS=1&amp;Operation=GetAdHtml&amp;MarketPlace=BR&amp;source=ss&amp;ref=as_ss_li_til&amp;ad_type=product_link&amp;tracking_id=aarquiteta-20&amp;language=pt_BR&amp;marketplace=amazon&amp;region=BR&amp;placement=B0B57NZY28&amp;asins=B0B57NZY28&amp;linkId=ee1178a0fd41b29eaf54624e65e04ae7&amp;show_border=true&amp;link_opens_in_new_window=true\" frameborder=\"0\" marginwidth=\"0\" marginheight=\"0\" scrolling=\"no\" sandbox=\"allow-popups allow-scripts allow-modals allow-forms allow-same-origin\"><\/iframe><\/p><figure id=\"attachment_61403\" aria-describedby=\"caption-attachment-61403\" style=\"width: 620px\" class=\"wp-caption alignnone\"><img decoding=\"async\" class=\"wp-image-61403 size-full\" src=\"https:\/\/www.aarquiteta.com.br\/blog\/wp-content\/uploads\/2022\/06\/Cozinha-Rustica2.jpg\" alt=\"\" width=\"620\" height=\"495\" title=\"\" srcset=\"https:\/\/www.aarquiteta.com.br\/blog\/wp-content\/uploads\/2022\/06\/Cozinha-Rustica2.jpg 620w, https:\/\/www.aarquiteta.com.br\/blog\/wp-content\/uploads\/2022\/06\/Cozinha-Rustica2-150x120.jpg 150w\" sizes=\"(max-width: 620px) 100vw, 620px\" \/><figcaption id=\"caption-attachment-61403\" class=\"wp-caption-text\">Foto: Reprodu\u00e7\u00e3o Internet. Imagens e Projetos n\u00e3o autorais, sendo todos os direitos reservados aos seus respectivos produtores e criadores.<\/figcaption><\/figure><h3><a href=\"https:\/\/hotmart.com\/pt-br\/marketplace\/produtos\/almofadas-em-patchwork-moderno\/F46516531Q?ref=J71648205N\" target=\"_blank\" rel=\"noopener\">Quer aprender a criar Almofadas em Patchwork Moderno?<\/a><\/h3><p>Aprenda <a href=\"https:\/\/hotmart.com\/pt-br\/marketplace\/produtos\/almofadas-em-patchwork-moderno\/F46516531Q?ref=J71648205N\" target=\"_blank\" rel=\"noopener\">10 projetos diferentes<\/a> repletos de t\u00e9cnicas e dicas para confeccionar almofadas modernas e super comerciais.<\/p><p>Linguagem simples, gr\u00e1ficos de apoio, aula em v\u00eddeo e sugest\u00f5es de finaliza\u00e7\u00e3o. Voc\u00ea amar\u00e1 cada projeto!<\/p><p>As 10 aulas est\u00e3o divididas em 5 m\u00f3dulos.\u00a0Voc\u00ea receber\u00e1:<\/p><ol><li><strong>\u00a010 v\u00eddeos.<\/strong><\/li><li><strong>\u00a010 projetos em PDF.<\/strong><\/li><li><strong>B\u00f4nus:<\/strong><\/li><li><strong>\u00a0Webnair: Aprenda a escolher tecidos como um PRO.<\/strong><\/li><li><strong>\u00a0V\u00eddeo: Como finalizar as suas almofadas.<\/strong><\/li><\/ol><p><a style=\"font-weight: bold; background-color: initial;\" href=\"https:\/\/hotmart.com\/pt-br\/marketplace\/produtos\/almofadas-em-patchwork-moderno\/F46516531Q?ref=J71648205N\" target=\"_blank\" rel=\"noopener\"><img decoding=\"async\" class=\"wp-image-60206 size-full\" title=\"Almofadas em Patchwork Moderno\" src=\"https:\/\/www.aarquiteta.com.br\/blog\/wp-content\/uploads\/2022\/02\/336.png\" alt=\"Almofadas em Patchwork Moderno\" width=\"336\" height=\"280\" srcset=\"https:\/\/www.aarquiteta.com.br\/blog\/wp-content\/uploads\/2022\/02\/336.png 336w, https:\/\/www.aarquiteta.com.br\/blog\/wp-content\/uploads\/2022\/02\/336-150x125.png 150w\" sizes=\"(max-width: 336px) 100vw, 336px\" \/> <\/a><\/p><figure id=\"attachment_54941\" aria-describedby=\"caption-attachment-54941\" style=\"width: 563px\" class=\"wp-caption alignnone\"><img decoding=\"async\" class=\"wp-image-54941 size-full\" src=\"https:\/\/www.aarquiteta.com.br\/blog\/wp-content\/uploads\/2022\/05\/cozinha-pequena-8-1.jpg\" alt=\"cozinha-pequena-8-1\" width=\"563\" height=\"646\" title=\"\" srcset=\"https:\/\/www.aarquiteta.com.br\/blog\/wp-content\/uploads\/2022\/05\/cozinha-pequena-8-1.jpg 563w, https:\/\/www.aarquiteta.com.br\/blog\/wp-content\/uploads\/2022\/05\/cozinha-pequena-8-1-150x172.jpg 150w\" sizes=\"(max-width: 563px) 100vw, 563px\" \/><figcaption id=\"caption-attachment-54941\" class=\"wp-caption-text\">Foto: Reprodu\u00e7\u00e3o Internet. Imagens e Projetos n\u00e3o autorais, sendo todos os direitos reservados aos seus respectivos produtores e criadores.<\/figcaption><\/figure><figure id=\"attachment_53314-2\" aria-describedby=\"caption-attachment-53314-2\" style=\"width: 700px\" class=\"wp-caption alignnone\"><img decoding=\"async\" class=\"wp-image-53314 size-full\" src=\"https:\/\/www.aarquiteta.com.br\/blog\/wp-content\/uploads\/2022\/04\/4-Motivos-para-ter-uma-ilha-mesa-na-sua-cozinha.44.jpg\" alt=\"4 Motivos para ter uma ilha mesa na sua cozinha.\" width=\"700\" height=\"400\" title=\"\" srcset=\"https:\/\/www.aarquiteta.com.br\/blog\/wp-content\/uploads\/2022\/04\/4-Motivos-para-ter-uma-ilha-mesa-na-sua-cozinha.44.jpg 700w, https:\/\/www.aarquiteta.com.br\/blog\/wp-content\/uploads\/2022\/04\/4-Motivos-para-ter-uma-ilha-mesa-na-sua-cozinha.44-696x398.jpg 696w, https:\/\/www.aarquiteta.com.br\/blog\/wp-content\/uploads\/2022\/04\/4-Motivos-para-ter-uma-ilha-mesa-na-sua-cozinha.44-150x86.jpg 150w\" sizes=\"(max-width: 700px) 100vw, 700px\" \/><figcaption id=\"caption-attachment-53314-2\" class=\"wp-caption-text\">Foto: Reprodu\u00e7\u00e3o Internet. Imagens e Projetos n\u00e3o autorais, sendo todos os direitos reservados aos seus respectivos produtores e criadores.<\/figcaption><\/figure><p><iframe style=\"width: 120px; height: 240px;\" src=\"\/\/ws-na.amazon-adsystem.com\/widgets\/q?ServiceVersion=20070822&amp;OneJS=1&amp;Operation=GetAdHtml&amp;MarketPlace=BR&amp;source=ss&amp;ref=as_ss_li_til&amp;ad_type=product_link&amp;tracking_id=aarquiteta-20&amp;language=pt_BR&amp;marketplace=amazon&amp;region=BR&amp;placement=B0B1BLW7J8&amp;asins=B0B1BLW7J8&amp;linkId=5c5b4efb260df94f7161c48a1a95db88&amp;show_border=true&amp;link_opens_in_new_window=true\" frameborder=\"0\" marginwidth=\"0\" marginheight=\"0\" scrolling=\"no\" sandbox=\"allow-popups allow-scripts allow-modals allow-forms allow-same-origin\"><\/iframe><\/p><figure id=\"attachment_54586\" aria-describedby=\"caption-attachment-54586\" style=\"width: 768px\" class=\"wp-caption alignnone\"><img decoding=\"async\" class=\"wp-image-54586 size-full\" src=\"https:\/\/www.aarquiteta.com.br\/blog\/wp-content\/uploads\/2022\/05\/cozinha-branca-01.webp\" alt=\"decora\u00e7\u00e3o cozinha branca\" width=\"768\" height=\"512\" title=\"\" srcset=\"https:\/\/www.aarquiteta.com.br\/blog\/wp-content\/uploads\/2022\/05\/cozinha-branca-01.webp 768w, https:\/\/www.aarquiteta.com.br\/blog\/wp-content\/uploads\/2022\/05\/cozinha-branca-01-696x464.webp 696w, https:\/\/www.aarquiteta.com.br\/blog\/wp-content\/uploads\/2022\/05\/cozinha-branca-01-150x100.webp 150w\" sizes=\"(max-width: 768px) 100vw, 768px\" \/><figcaption id=\"caption-attachment-54586\" class=\"wp-caption-text\">Foto: Reprodu\u00e7\u00e3o Internet. Imagens e Projetos n\u00e3o autorais, sendo todos os direitos reservados aos seus respectivos produtores e criadores.<\/figcaption><\/figure><figure id=\"attachment_52248\" aria-describedby=\"caption-attachment-52248\" style=\"width: 640px\" class=\"wp-caption alignnone\"><img decoding=\"async\" class=\"wp-image-52248 size-full\" src=\"https:\/\/www.aarquiteta.com.br\/blog\/wp-content\/uploads\/2022\/03\/cropped-Dicas-para-escolher-banquetas-para-sua-cozinha.4.png\" alt=\"cropped-Dicas-para-escolher-banquetas-para-sua-cozinha.4.png\" width=\"640\" height=\"853\" title=\"\" srcset=\"https:\/\/www.aarquiteta.com.br\/blog\/wp-content\/uploads\/2022\/03\/cropped-Dicas-para-escolher-banquetas-para-sua-cozinha.4.png 640w, https:\/\/www.aarquiteta.com.br\/blog\/wp-content\/uploads\/2022\/03\/cropped-Dicas-para-escolher-banquetas-para-sua-cozinha.4-225x300.png 225w, https:\/\/www.aarquiteta.com.br\/blog\/wp-content\/uploads\/2022\/03\/cropped-Dicas-para-escolher-banquetas-para-sua-cozinha.4-9x12.png 9w, https:\/\/www.aarquiteta.com.br\/blog\/wp-content\/uploads\/2022\/03\/cropped-Dicas-para-escolher-banquetas-para-sua-cozinha.4-150x200.png 150w\" sizes=\"(max-width: 640px) 100vw, 640px\" \/><figcaption id=\"caption-attachment-52248\" class=\"wp-caption-text\">Foto: Reprodu\u00e7\u00e3o Internet. Imagens e Projetos n\u00e3o autorais, sendo todos os direitos reservados aos seus respectivos produtores e criadores.<\/figcaption><\/figure><p><iframe style=\"width: 120px; height: 240px;\" src=\"\/\/ws-na.amazon-adsystem.com\/widgets\/q?ServiceVersion=20070822&amp;OneJS=1&amp;Operation=GetAdHtml&amp;MarketPlace=BR&amp;source=ss&amp;ref=as_ss_li_til&amp;ad_type=product_link&amp;tracking_id=aarquiteta-20&amp;language=pt_BR&amp;marketplace=amazon&amp;region=BR&amp;placement=B0933FQLDJ&amp;asins=B0933FQLDJ&amp;linkId=15070c620089a9ffda5fc505b82eae38&amp;show_border=true&amp;link_opens_in_new_window=true\" frameborder=\"0\" marginwidth=\"0\" marginheight=\"0\" scrolling=\"no\" sandbox=\"allow-popups allow-scripts allow-modals allow-forms allow-same-origin\"><\/iframe><\/p><figure id=\"attachment_50879\" aria-describedby=\"caption-attachment-50879\" style=\"width: 700px\" class=\"wp-caption alignnone\"><img decoding=\"async\" class=\"wp-image-50879 size-full\" src=\"https:\/\/www.aarquiteta.com.br\/blog\/wp-content\/uploads\/2022\/04\/Como-escolher-o-piso-ideal-para-sua-cozinha.2.jpg\" alt=\"Como escolher o piso ideal para sua cozinha.\" width=\"700\" height=\"400\" title=\"\" srcset=\"https:\/\/www.aarquiteta.com.br\/blog\/wp-content\/uploads\/2022\/04\/Como-escolher-o-piso-ideal-para-sua-cozinha.2.jpg 700w, https:\/\/www.aarquiteta.com.br\/blog\/wp-content\/uploads\/2022\/04\/Como-escolher-o-piso-ideal-para-sua-cozinha.2-696x398.jpg 696w, https:\/\/www.aarquiteta.com.br\/blog\/wp-content\/uploads\/2022\/04\/Como-escolher-o-piso-ideal-para-sua-cozinha.2-150x86.jpg 150w\" sizes=\"(max-width: 700px) 100vw, 700px\" \/><figcaption id=\"caption-attachment-50879\" class=\"wp-caption-text\">Foto: Reprodu\u00e7\u00e3o Internet. Imagens e Projetos n\u00e3o autorais, sendo todos os direitos reservados aos seus respectivos produtores e criadores.<\/figcaption><\/figure><p><iframe style=\"width: 120px; height: 240px;\" src=\"\/\/ws-na.amazon-adsystem.com\/widgets\/q?ServiceVersion=20070822&amp;OneJS=1&amp;Operation=GetAdHtml&amp;MarketPlace=BR&amp;source=ss&amp;ref=as_ss_li_til&amp;ad_type=product_link&amp;tracking_id=aarquiteta-20&amp;language=pt_BR&amp;marketplace=amazon&amp;region=BR&amp;placement=B0B1BLW7J8&amp;asins=B0B1BLW7J8&amp;linkId=5c5b4efb260df94f7161c48a1a95db88&amp;show_border=true&amp;link_opens_in_new_window=true\" frameborder=\"0\" marginwidth=\"0\" marginheight=\"0\" scrolling=\"no\" sandbox=\"allow-popups allow-scripts allow-modals allow-forms allow-same-origin\"><\/iframe><\/p><figure id=\"attachment_50880\" aria-describedby=\"caption-attachment-50880\" style=\"width: 700px\" class=\"wp-caption alignnone\"><img decoding=\"async\" class=\"wp-image-50880 size-full\" src=\"https:\/\/www.aarquiteta.com.br\/blog\/wp-content\/uploads\/2022\/04\/Como-escolher-o-piso-ideal-para-sua-cozinha.3.jpg\" alt=\"Porcelanato\" width=\"700\" height=\"400\" title=\"\" srcset=\"https:\/\/www.aarquiteta.com.br\/blog\/wp-content\/uploads\/2022\/04\/Como-escolher-o-piso-ideal-para-sua-cozinha.3.jpg 700w, https:\/\/www.aarquiteta.com.br\/blog\/wp-content\/uploads\/2022\/04\/Como-escolher-o-piso-ideal-para-sua-cozinha.3-696x398.jpg 696w, https:\/\/www.aarquiteta.com.br\/blog\/wp-content\/uploads\/2022\/04\/Como-escolher-o-piso-ideal-para-sua-cozinha.3-150x86.jpg 150w\" sizes=\"(max-width: 700px) 100vw, 700px\" \/><figcaption id=\"caption-attachment-50880\" class=\"wp-caption-text\">Foto: Reprodu\u00e7\u00e3o Internet. Imagens e Projetos n\u00e3o autorais, sendo todos os direitos reservados aos seus respectivos produtores e criadores.<\/figcaption><\/figure><figure id=\"attachment_49845\" aria-describedby=\"caption-attachment-49845\" style=\"width: 700px\" class=\"wp-caption alignnone\"><img decoding=\"async\" class=\"wp-image-49845 size-full\" src=\"https:\/\/www.aarquiteta.com.br\/blog\/wp-content\/uploads\/2022\/03\/Dicas-para-escolher-banquetas-para-sua-cozinha.6.jpg\" alt=\"Passo 1: Escolher a altura das banquetas para sua cozinha\" width=\"700\" height=\"400\" title=\"\" srcset=\"https:\/\/www.aarquiteta.com.br\/blog\/wp-content\/uploads\/2022\/03\/Dicas-para-escolher-banquetas-para-sua-cozinha.6.jpg 700w, https:\/\/www.aarquiteta.com.br\/blog\/wp-content\/uploads\/2022\/03\/Dicas-para-escolher-banquetas-para-sua-cozinha.6-696x398.jpg 696w, https:\/\/www.aarquiteta.com.br\/blog\/wp-content\/uploads\/2022\/03\/Dicas-para-escolher-banquetas-para-sua-cozinha.6-150x86.jpg 150w\" sizes=\"(max-width: 700px) 100vw, 700px\" \/><figcaption id=\"caption-attachment-49845\" class=\"wp-caption-text\">Foto: Reprodu\u00e7\u00e3o Internet. Imagens e Projetos n\u00e3o autorais, sendo todos os direitos reservados aos seus respectivos produtores e criadores.<\/figcaption><\/figure><p><iframe style=\"width: 120px; height: 240px;\" src=\"\/\/ws-na.amazon-adsystem.com\/widgets\/q?ServiceVersion=20070822&amp;OneJS=1&amp;Operation=GetAdHtml&amp;MarketPlace=BR&amp;source=ss&amp;ref=as_ss_li_til&amp;ad_type=product_link&amp;tracking_id=aarquiteta-20&amp;language=pt_BR&amp;marketplace=amazon&amp;region=BR&amp;placement=B09JCNJFPV&amp;asins=B09JCNJFPV&amp;linkId=3ecd4be2b93761a4455fcaecf7af40e6&amp;show_border=true&amp;link_opens_in_new_window=true\" frameborder=\"0\" marginwidth=\"0\" marginheight=\"0\" scrolling=\"no\" sandbox=\"allow-popups allow-scripts allow-modals allow-forms allow-same-origin\"><\/iframe><\/p><figure id=\"attachment_49844\" aria-describedby=\"caption-attachment-49844\" style=\"width: 700px\" class=\"wp-caption alignnone\"><img decoding=\"async\" class=\"wp-image-49844 size-full\" src=\"https:\/\/www.aarquiteta.com.br\/blog\/wp-content\/uploads\/2022\/03\/Dicas-para-escolher-banquetas-para-sua-cozinha.4.png\" alt=\"Passo 2: Considere a fun\u00e7\u00e3o\" width=\"700\" height=\"400\" title=\"\" srcset=\"https:\/\/www.aarquiteta.com.br\/blog\/wp-content\/uploads\/2022\/03\/Dicas-para-escolher-banquetas-para-sua-cozinha.4.png 700w, https:\/\/www.aarquiteta.com.br\/blog\/wp-content\/uploads\/2022\/03\/Dicas-para-escolher-banquetas-para-sua-cozinha.4-696x398.png 696w, https:\/\/www.aarquiteta.com.br\/blog\/wp-content\/uploads\/2022\/03\/Dicas-para-escolher-banquetas-para-sua-cozinha.4-150x86.png 150w\" sizes=\"(max-width: 700px) 100vw, 700px\" \/><figcaption id=\"caption-attachment-49844\" class=\"wp-caption-text\">Foto: Reprodu\u00e7\u00e3o Internet. Imagens e Projetos n\u00e3o autorais, sendo todos os direitos reservados aos seus respectivos produtores e criadores.<\/figcaption><\/figure><figure id=\"attachment_49843\" aria-describedby=\"caption-attachment-49843\" style=\"width: 700px\" class=\"wp-caption alignnone\"><img decoding=\"async\" class=\"wp-image-49843 size-full\" src=\"https:\/\/www.aarquiteta.com.br\/blog\/wp-content\/uploads\/2022\/03\/Dicas-para-escolher-banquetas-para-sua-cozinha.3.jpg\" alt=\"Passo 4: Estilo e design\" width=\"700\" height=\"400\" title=\"\" srcset=\"https:\/\/www.aarquiteta.com.br\/blog\/wp-content\/uploads\/2022\/03\/Dicas-para-escolher-banquetas-para-sua-cozinha.3.jpg 700w, https:\/\/www.aarquiteta.com.br\/blog\/wp-content\/uploads\/2022\/03\/Dicas-para-escolher-banquetas-para-sua-cozinha.3-696x398.jpg 696w, https:\/\/www.aarquiteta.com.br\/blog\/wp-content\/uploads\/2022\/03\/Dicas-para-escolher-banquetas-para-sua-cozinha.3-150x86.jpg 150w\" sizes=\"(max-width: 700px) 100vw, 700px\" \/><figcaption id=\"caption-attachment-49843\" class=\"wp-caption-text\">Foto: Reprodu\u00e7\u00e3o Internet. Imagens e Projetos n\u00e3o autorais, sendo todos os direitos reservados aos seus respectivos produtores e criadores.<\/figcaption><\/figure><p><iframe style=\"width: 120px; height: 240px;\" src=\"\/\/ws-na.amazon-adsystem.com\/widgets\/q?ServiceVersion=20070822&amp;OneJS=1&amp;Operation=GetAdHtml&amp;MarketPlace=BR&amp;source=ss&amp;ref=as_ss_li_til&amp;ad_type=product_link&amp;tracking_id=aarquiteta-20&amp;language=pt_BR&amp;marketplace=amazon&amp;region=BR&amp;placement=B094NZPBQ6&amp;asins=B094NZPBQ6&amp;linkId=83d8d8692d24d528c6f98a924037b716&amp;show_border=true&amp;link_opens_in_new_window=true\" frameborder=\"0\" marginwidth=\"0\" marginheight=\"0\" scrolling=\"no\" sandbox=\"allow-popups allow-scripts allow-modals allow-forms allow-same-origin\"><\/iframe><\/p><figure id=\"attachment_49842\" aria-describedby=\"caption-attachment-49842\" style=\"width: 1024px\" class=\"wp-caption alignnone\"><img decoding=\"async\" class=\"wp-image-49842 size-full\" src=\"https:\/\/www.aarquiteta.com.br\/blog\/wp-content\/uploads\/2022\/03\/Dicas-para-escolher-banquetas-para-sua-cozinha..jpg\" alt=\"Passo 3: Escolha seu estilo\" width=\"1024\" height=\"576\" title=\"\" srcset=\"https:\/\/www.aarquiteta.com.br\/blog\/wp-content\/uploads\/2022\/03\/Dicas-para-escolher-banquetas-para-sua-cozinha..jpg 1024w, https:\/\/www.aarquiteta.com.br\/blog\/wp-content\/uploads\/2022\/03\/Dicas-para-escolher-banquetas-para-sua-cozinha.-696x392.jpg 696w, https:\/\/www.aarquiteta.com.br\/blog\/wp-content\/uploads\/2022\/03\/Dicas-para-escolher-banquetas-para-sua-cozinha.-150x84.jpg 150w\" sizes=\"(max-width: 1024px) 100vw, 1024px\" \/><figcaption id=\"caption-attachment-49842\" class=\"wp-caption-text\">Foto: Reprodu\u00e7\u00e3o Internet. Imagens e Projetos n\u00e3o autorais, sendo todos os direitos reservados aos seus respectivos produtores e criadores. Cozinha Planejada &#8211; Como projetar uma cozinha pequena?<\/figcaption><\/figure><figure id=\"attachment_49330\" aria-describedby=\"caption-attachment-49330\" style=\"width: 700px\" class=\"wp-caption alignnone\"><img decoding=\"async\" class=\"wp-image-49330 size-full\" src=\"https:\/\/www.aarquiteta.com.br\/blog\/wp-content\/uploads\/2022\/03\/Dicas-e-ideias-para-reformar-a-sua-cozinha.6.jpg\" alt=\"Dicas e ideias para reformar a sua cozinha.6\" width=\"700\" height=\"400\" title=\"\" srcset=\"https:\/\/www.aarquiteta.com.br\/blog\/wp-content\/uploads\/2022\/03\/Dicas-e-ideias-para-reformar-a-sua-cozinha.6.jpg 700w, https:\/\/www.aarquiteta.com.br\/blog\/wp-content\/uploads\/2022\/03\/Dicas-e-ideias-para-reformar-a-sua-cozinha.6-696x398.jpg 696w, https:\/\/www.aarquiteta.com.br\/blog\/wp-content\/uploads\/2022\/03\/Dicas-e-ideias-para-reformar-a-sua-cozinha.6-150x86.jpg 150w\" sizes=\"(max-width: 700px) 100vw, 700px\" \/><figcaption id=\"caption-attachment-49330\" class=\"wp-caption-text\">Foto: Reprodu\u00e7\u00e3o Internet. Imagens e Projetos n\u00e3o autorais, sendo todos os direitos reservados aos seus respectivos produtores e criadores.<\/figcaption><\/figure><p><iframe style=\"width: 120px; height: 240px;\" src=\"\/\/ws-na.amazon-adsystem.com\/widgets\/q?ServiceVersion=20070822&amp;OneJS=1&amp;Operation=GetAdHtml&amp;MarketPlace=BR&amp;source=ss&amp;ref=as_ss_li_til&amp;ad_type=product_link&amp;tracking_id=aarquiteta-20&amp;language=pt_BR&amp;marketplace=amazon&amp;region=BR&amp;placement=B094NZPBQ6&amp;asins=B094NZPBQ6&amp;linkId=83d8d8692d24d528c6f98a924037b716&amp;show_border=true&amp;link_opens_in_new_window=true\" frameborder=\"0\" marginwidth=\"0\" marginheight=\"0\" scrolling=\"no\" sandbox=\"allow-popups allow-scripts allow-modals allow-forms allow-same-origin\"><\/iframe><\/p><figure id=\"attachment_44708\" aria-describedby=\"caption-attachment-44708\" style=\"width: 700px\" class=\"wp-caption alignnone\"><img decoding=\"async\" class=\"wp-image-44708 size-full\" title=\"Balc\u00e3o - Como utilizar em seus projetos?\" src=\"https:\/\/www.aarquiteta.com.br\/blog\/wp-content\/uploads\/2022\/02\/Como-decorar-a-cozinha-com-armario-preto1.jpg\" alt=\"Balc\u00e3o - Como utilizar em seus projetos?\" width=\"700\" height=\"400\" srcset=\"https:\/\/www.aarquiteta.com.br\/blog\/wp-content\/uploads\/2022\/02\/Como-decorar-a-cozinha-com-armario-preto1.jpg 700w, https:\/\/www.aarquiteta.com.br\/blog\/wp-content\/uploads\/2022\/02\/Como-decorar-a-cozinha-com-armario-preto1-696x398.jpg 696w, https:\/\/www.aarquiteta.com.br\/blog\/wp-content\/uploads\/2022\/02\/Como-decorar-a-cozinha-com-armario-preto1-150x86.jpg 150w\" sizes=\"(max-width: 700px) 100vw, 700px\" \/><figcaption id=\"caption-attachment-44708\" class=\"wp-caption-text\">Foto: Reprodu\u00e7\u00e3o Internet. Imagens e Projetos n\u00e3o autorais, sendo todos os direitos reservados aos seus respectivos produtores e criadores.<\/figcaption><\/figure><figure id=\"attachment_41703\" aria-describedby=\"caption-attachment-41703\" style=\"width: 700px\" class=\"wp-caption alignnone\"><img decoding=\"async\" class=\"wp-image-41703 size-full\" title=\"Balc\u00e3o - Como utilizar em seus projetos?\" src=\"https:\/\/www.aarquiteta.com.br\/blog\/wp-content\/uploads\/2022\/01\/Dicas-para-iluminar-a-sua-cozinha-de-forma-correta.jpg\" alt=\"Balc\u00e3o - Como utilizar em seus projetos?\" width=\"700\" height=\"400\" srcset=\"https:\/\/www.aarquiteta.com.br\/blog\/wp-content\/uploads\/2022\/01\/Dicas-para-iluminar-a-sua-cozinha-de-forma-correta.jpg 700w, https:\/\/www.aarquiteta.com.br\/blog\/wp-content\/uploads\/2022\/01\/Dicas-para-iluminar-a-sua-cozinha-de-forma-correta-696x398.jpg 696w, https:\/\/www.aarquiteta.com.br\/blog\/wp-content\/uploads\/2022\/01\/Dicas-para-iluminar-a-sua-cozinha-de-forma-correta-150x86.jpg 150w\" sizes=\"(max-width: 700px) 100vw, 700px\" \/><figcaption id=\"caption-attachment-41703\" class=\"wp-caption-text\">Foto: Reprodu\u00e7\u00e3o Internet. Imagens e Projetos n\u00e3o autorais, sendo todos os direitos reservados aos seus respectivos produtores e criadores.<\/figcaption><\/figure><p><iframe style=\"width: 120px; height: 240px;\" src=\"\/\/ws-na.amazon-adsystem.com\/widgets\/q?ServiceVersion=20070822&amp;OneJS=1&amp;Operation=GetAdHtml&amp;MarketPlace=BR&amp;source=ss&amp;ref=as_ss_li_til&amp;ad_type=product_link&amp;tracking_id=aarquiteta-20&amp;language=pt_BR&amp;marketplace=amazon&amp;region=BR&amp;placement=B09FRCL9JT&amp;asins=B09FRCL9JT&amp;linkId=980fd6363a6731fe489c1c666512b6eb&amp;show_border=true&amp;link_opens_in_new_window=true\" frameborder=\"0\" marginwidth=\"0\" marginheight=\"0\" scrolling=\"no\" sandbox=\"allow-popups allow-scripts allow-modals allow-forms allow-same-origin\"><\/iframe><\/p><figure id=\"attachment_41930\" aria-describedby=\"caption-attachment-41930\" style=\"width: 700px\" class=\"wp-caption alignnone\"><img decoding=\"async\" class=\"wp-image-41930 size-full\" title=\"Balc\u00e3o - Como utilizar em seus projetos?\" src=\"https:\/\/www.aarquiteta.com.br\/blog\/wp-content\/uploads\/2022\/01\/Vantagens-de-ter-uma-cozinha-de-canto-03.jpg\" alt=\"Balc\u00e3o - Como utilizar em seus projetos?\" width=\"700\" height=\"400\" srcset=\"https:\/\/www.aarquiteta.com.br\/blog\/wp-content\/uploads\/2022\/01\/Vantagens-de-ter-uma-cozinha-de-canto-03.jpg 700w, https:\/\/www.aarquiteta.com.br\/blog\/wp-content\/uploads\/2022\/01\/Vantagens-de-ter-uma-cozinha-de-canto-03-696x398.jpg 696w, https:\/\/www.aarquiteta.com.br\/blog\/wp-content\/uploads\/2022\/01\/Vantagens-de-ter-uma-cozinha-de-canto-03-150x86.jpg 150w\" sizes=\"(max-width: 700px) 100vw, 700px\" \/><figcaption id=\"caption-attachment-41930\" class=\"wp-caption-text\">Foto: Reprodu\u00e7\u00e3o Internet. Imagens e Projetos n\u00e3o autorais, sendo todos os direitos reservados aos seus respectivos produtores e criadores.<\/figcaption><\/figure><figure id=\"attachment_34747\" aria-describedby=\"caption-attachment-34747\" style=\"width: 730px\" class=\"wp-caption alignnone\"><img decoding=\"async\" class=\"wp-image-34747 size-full\" title=\"Balc\u00e3o - Como utilizar em seus projetos?\" src=\"https:\/\/www.aarquiteta.com.br\/blog\/wp-content\/uploads\/2021\/10\/cozinha-planejada.jpg\" alt=\"Balc\u00e3o - Como utilizar em seus projetos?\" width=\"730\" height=\"515\" srcset=\"https:\/\/www.aarquiteta.com.br\/blog\/wp-content\/uploads\/2021\/10\/cozinha-planejada.jpg 730w, https:\/\/www.aarquiteta.com.br\/blog\/wp-content\/uploads\/2021\/10\/cozinha-planejada-696x491.jpg 696w, https:\/\/www.aarquiteta.com.br\/blog\/wp-content\/uploads\/2021\/10\/cozinha-planejada-150x106.jpg 150w\" sizes=\"(max-width: 730px) 100vw, 730px\" \/><figcaption id=\"caption-attachment-34747\" class=\"wp-caption-text\">Foto: Reprodu\u00e7\u00e3o Internet. Imagens e Projetos n\u00e3o autorais, sendo todos os direitos reservados aos seus respectivos produtores e criadores. &#8211; Linda cozinha planejada moderna<\/figcaption><\/figure><p><iframe style=\"width: 120px; height: 240px;\" src=\"\/\/ws-na.amazon-adsystem.com\/widgets\/q?ServiceVersion=20070822&amp;OneJS=1&amp;Operation=GetAdHtml&amp;MarketPlace=BR&amp;source=ss&amp;ref=as_ss_li_til&amp;ad_type=product_link&amp;tracking_id=aarquiteta-20&amp;language=pt_BR&amp;marketplace=amazon&amp;region=BR&amp;placement=B08SR9PCTX&amp;asins=B08SR9PCTX&amp;linkId=b9db2133ac8b93e8efe024b9e9c8768a&amp;show_border=true&amp;link_opens_in_new_window=true\" frameborder=\"0\" marginwidth=\"0\" marginheight=\"0\" scrolling=\"no\" sandbox=\"allow-popups allow-scripts allow-modals allow-forms allow-same-origin\"><\/iframe><\/p><figure id=\"attachment_34751\" aria-describedby=\"caption-attachment-34751\" style=\"width: 680px\" class=\"wp-caption alignnone\"><img decoding=\"async\" class=\"wp-image-34751 size-full\" style=\"font-weight: bold; background-color: initial; color: #767676;\" title=\"Balc\u00e3o - Como utilizar em seus projetos?\" src=\"https:\/\/www.aarquiteta.com.br\/blog\/wp-content\/uploads\/2021\/10\/16-ambientes-com-piso-de-cimento-queimado.jpg\" alt=\"Balc\u00e3o - Como utilizar em seus projetos?\" width=\"680\" height=\"453\" srcset=\"https:\/\/www.aarquiteta.com.br\/blog\/wp-content\/uploads\/2021\/10\/16-ambientes-com-piso-de-cimento-queimado.jpg 680w, https:\/\/www.aarquiteta.com.br\/blog\/wp-content\/uploads\/2021\/10\/16-ambientes-com-piso-de-cimento-queimado-150x100.jpg 150w\" sizes=\"(max-width: 680px) 100vw, 680px\" \/><figcaption id=\"caption-attachment-34751\" class=\"wp-caption-text\">Foto: Reprodu\u00e7\u00e3o Internet. Imagens e Projetos n\u00e3o autorais, sendo todos os direitos reservados aos seus respectivos produtores e criadores.<\/figcaption><\/figure><p>Foto: Reprodu\u00e7\u00e3o Internet. Imagens e Projetos n\u00e3o autorais, sendo todos os direitos reservados aos seus respectivos produtores e criadores.<\/p><figure id=\"attachment_34757\" aria-describedby=\"caption-attachment-34757\" style=\"width: 1536px\" class=\"wp-caption alignnone\"><a href=\"https:\/\/amzn.to\/3AbkA7L\" target=\"_blank\" rel=\"noopener\"><img decoding=\"async\" class=\"wp-image-34757 size-full\" title=\"Balc\u00e3o - Como utilizar em seus projetos?\" src=\"https:\/\/www.aarquiteta.com.br\/blog\/wp-content\/uploads\/2021\/10\/Marble-effect-kitchen-tops.jpg\" alt=\"Balc\u00e3o - Como utilizar em seus projetos?\" width=\"1536\" height=\"2304\" \/><\/a><figcaption id=\"caption-attachment-34757\" class=\"wp-caption-text\">Foto: Reprodu\u00e7\u00e3o Internet. Imagens e Projetos n\u00e3o autorais, sendo todos os direitos reservados aos seus respectivos produtores e criadores.<\/figcaption><\/figure><p>Cozinha Moderna -10 dicas essenciais para fazer a sua!<\/p><figure id=\"attachment_26797\" aria-describedby=\"caption-attachment-26797\" style=\"width: 600px\" class=\"wp-caption alignnone\"><a href=\"https:\/\/amzn.to\/3AbkA7L\" target=\"_blank\" rel=\"noopener\"><img decoding=\"async\" class=\"wp-image-26797 size-full\" title=\"Balc\u00e3o - Como utilizar em seus projetos?\" src=\"https:\/\/www.aarquiteta.com.br\/blog\/wp-content\/uploads\/2019\/07\/cozinha_com_pancada_branca_e_paredes_claras.jpg\" alt=\"Balc\u00e3o - Como utilizar em seus projetos?\" width=\"600\" height=\"812\" srcset=\"https:\/\/www.aarquiteta.com.br\/blog\/wp-content\/uploads\/2019\/07\/cozinha_com_pancada_branca_e_paredes_claras.jpg 600w, https:\/\/www.aarquiteta.com.br\/blog\/wp-content\/uploads\/2019\/07\/cozinha_com_pancada_branca_e_paredes_claras-150x203.jpg 150w\" sizes=\"(max-width: 600px) 100vw, 600px\" \/><\/a><figcaption id=\"caption-attachment-26797\" class=\"wp-caption-text\">Foto: Reprodu\u00e7\u00e3o Internet. Imagens e Projetos n\u00e3o autorais, sendo todos os direitos reservados aos seus respectivos produtores e criadores.<\/figcaption><\/figure><p><iframe style=\"width: 120px; height: 240px;\" src=\"\/\/ws-na.amazon-adsystem.com\/widgets\/q?ServiceVersion=20070822&amp;OneJS=1&amp;Operation=GetAdHtml&amp;MarketPlace=BR&amp;source=ss&amp;ref=as_ss_li_til&amp;ad_type=product_link&amp;tracking_id=aarquiteta-20&amp;language=pt_BR&amp;marketplace=amazon&amp;region=BR&amp;placement=B08SR9PCTX&amp;asins=B08SR9PCTX&amp;linkId=b9db2133ac8b93e8efe024b9e9c8768a&amp;show_border=true&amp;link_opens_in_new_window=true\" frameborder=\"0\" marginwidth=\"0\" marginheight=\"0\" scrolling=\"no\" sandbox=\"allow-popups allow-scripts allow-modals allow-forms allow-same-origin\"><\/iframe><\/p><figure id=\"attachment_4382\" aria-describedby=\"caption-attachment-4382\" style=\"width: 2000px\" class=\"wp-caption alignnone\"><a href=\"https:\/\/amzn.to\/3AbkA7L\" target=\"_blank\" rel=\"noopener\"><img decoding=\"async\" class=\"wp-image-4382 size-full\" title=\"Balc\u00e3o - Como utilizar em seus projetos?\" src=\"https:\/\/www.aarquiteta.com.br\/blog\/wp-content\/uploads\/2014\/12\/render-final-cozinha.jpg\" alt=\"Balc\u00e3o - Como utilizar em seus projetos?\" width=\"2000\" height=\"1000\" srcset=\"https:\/\/www.aarquiteta.com.br\/blog\/wp-content\/uploads\/2014\/12\/render-final-cozinha.jpg 2000w, https:\/\/www.aarquiteta.com.br\/blog\/wp-content\/uploads\/2014\/12\/render-final-cozinha-1024x512.jpg 1024w, https:\/\/www.aarquiteta.com.br\/blog\/wp-content\/uploads\/2014\/12\/render-final-cozinha-696x348.jpg 696w, https:\/\/www.aarquiteta.com.br\/blog\/wp-content\/uploads\/2014\/12\/render-final-cozinha-150x75.jpg 150w\" sizes=\"(max-width: 2000px) 100vw, 2000px\" \/><\/a><figcaption id=\"caption-attachment-4382\" class=\"wp-caption-text\">Foto: Reprodu\u00e7\u00e3o Internet. Imagens e Projetos n\u00e3o autorais, sendo todos os direitos reservados aos seus respectivos produtores e criadores.<\/figcaption><\/figure><figure id=\"attachment_3622\" aria-describedby=\"caption-attachment-3622\" style=\"width: 1024px\" class=\"wp-caption alignnone\"><a href=\"https:\/\/amzn.to\/3AbkA7L\" target=\"_blank\" rel=\"noopener\"><img decoding=\"async\" class=\"wp-image-3622 size-full\" title=\"Balc\u00e3o - Como utilizar em seus projetos?\" src=\"https:\/\/www.aarquiteta.com.br\/blog\/wp-content\/uploads\/2014\/08\/Cozinha-1.jpg\" alt=\"Balc\u00e3o - Como utilizar em seus projetos?\" width=\"1024\" height=\"768\" srcset=\"https:\/\/www.aarquiteta.com.br\/blog\/wp-content\/uploads\/2014\/08\/Cozinha-1.jpg 1024w, https:\/\/www.aarquiteta.com.br\/blog\/wp-content\/uploads\/2014\/08\/Cozinha-1-696x522.jpg 696w, https:\/\/www.aarquiteta.com.br\/blog\/wp-content\/uploads\/2014\/08\/Cozinha-1-150x113.jpg 150w\" sizes=\"(max-width: 1024px) 100vw, 1024px\" \/><\/a><figcaption id=\"caption-attachment-3622\" class=\"wp-caption-text\">Foto: Reprodu\u00e7\u00e3o Internet. Imagens e Projetos n\u00e3o autorais, sendo todos os direitos reservados aos seus respectivos produtores e criadores.<\/figcaption><\/figure><p><iframe style=\"width: 120px; height: 240px;\" src=\"\/\/ws-na.amazon-adsystem.com\/widgets\/q?ServiceVersion=20070822&amp;OneJS=1&amp;Operation=GetAdHtml&amp;MarketPlace=BR&amp;source=ss&amp;ref=as_ss_li_til&amp;ad_type=product_link&amp;tracking_id=aarquiteta-20&amp;language=pt_BR&amp;marketplace=amazon&amp;region=BR&amp;placement=B09WNJ41Y3&amp;asins=B09WNJ41Y3&amp;linkId=ace6abdbc064f8da9f55ccedccb8f971&amp;show_border=true&amp;link_opens_in_new_window=true\" frameborder=\"0\" marginwidth=\"0\" marginheight=\"0\" scrolling=\"no\" sandbox=\"allow-popups allow-scripts allow-modals allow-forms allow-same-origin\"><\/iframe><\/p><p>ATEN\u00c7\u00c3O:\u00a0Imagens e Projetos n\u00e3o autorais, sendo todos os direitos reservados aos seus respectivos produtores.<\/p><p>Sugest\u00e3o de aplica\u00e7\u00e3o e utiliza\u00e7\u00e3o dos produtos apenas por recomenda\u00e7\u00e3o por similaridade, sendo a venda e entrega dos mesmos de total responsabilidade do site distribuidor.<\/p><p><span style=\"font-size: 24px; font-weight: bold;\">E a\u00ed, gostou do artigo sobre Balc\u00e3o \u2014 <a href=\"https:\/\/amzn.to\/3wkfYLe\" target=\"_blank\" rel=\"noopener\">Como utilizar em seus projetos?<\/a><\/span><\/p><p>Ent\u00e3o, deslize, a tela para baixo e<a href=\"https:\/\/br.pinterest.com\/aarquitetapinterest\/_created\/\" target=\"_blank\" rel=\"noopener\"> <strong>confira<\/strong> <strong>mais dicas<\/strong><\/a> como estas e n\u00e3o se esque\u00e7a de compartilhar com os amigos!<\/p><p>Buscando por <strong>itens ou artigos para casa, decora\u00e7\u00e3o e reforma<\/strong>? Confira nosso grup\u00e3o de descontos no <strong><a href=\"https:\/\/t.me\/ofertasAArquiteta\" target=\"_blank\" rel=\"noopener\">Telegram<\/a><\/strong> ou no\u00a0<a href=\"http:\/\/bit.ly\/ofertasAArquiteta\" target=\"_blank\" rel=\"noopener\"><strong>Whatsapp<\/strong>!<\/a><\/p><p>Contudo, se voc\u00ea deseja receber <strong>ofertas de treinamentos e cursos para as \u00e1reas da Arquitetura, Design de Interiores,<\/strong> convido voc\u00ea a participar tamb\u00e9m deste grupo no <a href=\"https:\/\/t.me\/aarquitetablog\" target=\"_blank\" rel=\"noopener\"><strong>Telegram<\/strong><\/a> ou no\u00a0 <strong><a href=\"https:\/\/t.me\/aarquiteta\" target=\"_blank\" rel=\"noopener\">WhatsApp.<\/a><\/strong><\/p><p>Agora, se quiser mais artigos com dicas sobre o mundo da <a href=\"https:\/\/www.aarquiteta.com.br\/\" target=\"_blank\" rel=\"noopener\"><strong>Arquitetura e Decora\u00e7\u00e3o<\/strong><\/a>, ent\u00e3o confira alguns dos nossos artigos em:<\/p><ul><li><a href=\"https:\/\/www.aarquiteta.com.br\/blog\/paisagismo\/\" target=\"_blank\" rel=\"noopener\">Casa e Jardim<\/a><\/li><li><a href=\"https:\/\/www.aarquiteta.com.br\/blog\/arquitetura\/mundo-arquitetura\/\" target=\"_blank\" rel=\"noopener\">Mundo Arquitetura<\/a><\/li><li><a href=\"https:\/\/www.aarquiteta.com.br\/decoracao\/\" target=\"_blank\" rel=\"noopener\">Decora\u00e7\u00e3o<br \/>\n<\/a><\/li><\/ul><p>&nbsp;<\/p>","protected":false},"excerpt":{"rendered":"<p>Uma cozinha limpa e organizada com um balc\u00e3o \u00e9 essencial para tornar o tempo de preparo das refei\u00e7\u00f5es o mais eficiente poss\u00edvel.Existem muitos tipos de balc\u00f5es nas cozinhas, e eles s\u00e3o usados \u200b\u200bpara coisas diferentes.Geralmente, existem cinco op\u00e7\u00f5es comuns de balc\u00e3o nos modelos de cozinha:O que \u00e9 um balc\u00e3o?Um balc\u00e3o \u00e9 uma superf\u00edcie plana ou [&hellip;]<\/p>\n","protected":false},"author":20,"featured_media":49843,"comment_status":"closed","ping_status":"closed","sticky":false,"template":"","format":"standard","meta":{"footnotes":""},"categories":[18754,1484],"tags":[2235,21123,21122],"class_list":["post-65538","post","type-post","status-publish","format-standard","has-post-thumbnail","category-decoracao-de-cozinha","category-decoracao","tag-balcao","tag-balcao-com-banquetas","tag-balcao-de-cozinha"],"_wp_attached_file":null,"_wp_attachment_metadata":null,"_wp_attachment_context":null,"_wp_attachment_is_custom_header":null,"geo_longitude":null,"geo_public":null,"geo_latitude":null,"_publicize_done_external":null,"_wpas_done_3897181":null,"publicize_twitter_user":null,"_wpas_done_3897175":null,"_wpas_skip_3897181":null,"_wpas_skip_3897175":null,"_wpas_skip_3924723":null,"_wpas_mess":null,"_wpas_done_3924723":null,"wps_subtitle":"Pensando em reformar a cozinha? Que tal um balc\u00e3o com banquetas altas? Al\u00e9m de funcional, fica um charme! ","_links":{"self":[{"href":"https:\/\/www.aarquiteta.com.br\/blog\/wp-json\/wp\/v2\/posts\/65538","targetHints":{"allow":["GET"]}}],"collection":[{"href":"https:\/\/www.aarquiteta.com.br\/blog\/wp-json\/wp\/v2\/posts"}],"about":[{"href":"https:\/\/www.aarquiteta.com.br\/blog\/wp-json\/wp\/v2\/types\/post"}],"author":[{"embeddable":true,"href":"https:\/\/www.aarquiteta.com.br\/blog\/wp-json\/wp\/v2\/users\/20"}],"replies":[{"embeddable":true,"href":"https:\/\/www.aarquiteta.com.br\/blog\/wp-json\/wp\/v2\/comments?post=65538"}],"version-history":[{"count":0,"href":"https:\/\/www.aarquiteta.com.br\/blog\/wp-json\/wp\/v2\/posts\/65538\/revisions"}],"wp:featuredmedia":[{"embeddable":true,"href":"https:\/\/www.aarquiteta.com.br\/blog\/wp-json\/wp\/v2\/media\/49843"}],"wp:attachment":[{"href":"https:\/\/www.aarquiteta.com.br\/blog\/wp-json\/wp\/v2\/media?parent=65538"}],"wp:term":[{"taxonomy":"category","embeddable":true,"href":"https:\/\/www.aarquiteta.com.br\/blog\/wp-json\/wp\/v2\/categories?post=65538"},{"taxonomy":"post_tag","embeddable":true,"href":"https:\/\/www.aarquiteta.com.br\/blog\/wp-json\/wp\/v2\/tags?post=65538"}],"curies":[{"name":"wp","href":"https:\/\/api.w.org\/{rel}","templated":true}]}}