{"id":65503,"date":"2022-08-02T13:10:48","date_gmt":"2022-08-02T16:10:48","guid":{"rendered":"http:\/\/aarquiteta.com.br\/?p=65503"},"modified":"2024-10-13T14:27:53","modified_gmt":"2024-10-13T17:27:53","slug":"o-que-e-brise-soleil","status":"publish","type":"post","link":"https:\/\/www.aarquiteta.com.br\/blog\/o-que-e-brise-soleil\/","title":{"rendered":"Brise-soleil &#8211; Como utiliz\u00e1-lo em seus projetos!"},"content":{"rendered":"<p>Brise-soleil &#8211; Confira neste artigo como utiliz\u00e1-lo em seus projetos!<\/p><p>Buscando informa\u00e7\u00f5es sobre conforto t\u00e9rmico para amenizar a insid\u00eancia solar e reduzir a temperatura do seu projeto?<\/p><p>Confira neste artigo este artificio arquitet\u00f4nico que pode ajudar a manter a temperatura da sua constru\u00e7\u00e3o mais agrad\u00e1vel e ainda contribuir com a redu\u00e7\u00e3o de consumo en\u00e9rgitico, deixando sua conta de luz mais barata!<\/p><p>N\u00e3o sabe como escolher um Brise? Confira as dicas sobre como projetar um brise de forma adequada para o seu projeto.<\/p><h2>O que \u00e9 brise?<\/h2><figure id=\"attachment_65633\" aria-describedby=\"caption-attachment-65633\" style=\"width: 1326px\" class=\"wp-caption alignnone\"><img decoding=\"async\" class=\"wp-image-65633 size-full\" title=\"Brise-soleil - Como utiliz\u00e1-lo em seus projetos!\" src=\"https:\/\/www.aarquiteta.com.br\/blog\/wp-content\/uploads\/2022\/08\/brise-residencial.jpg\" alt=\"Brise-soleil - Como utiliz\u00e1-lo em seus projetos!\" width=\"1326\" height=\"1000\" srcset=\"https:\/\/www.aarquiteta.com.br\/blog\/wp-content\/uploads\/2022\/08\/brise-residencial.jpg 1326w, https:\/\/www.aarquiteta.com.br\/blog\/wp-content\/uploads\/2022\/08\/brise-residencial-1024x772.jpg 1024w, https:\/\/www.aarquiteta.com.br\/blog\/wp-content\/uploads\/2022\/08\/brise-residencial-696x525.jpg 696w, https:\/\/www.aarquiteta.com.br\/blog\/wp-content\/uploads\/2022\/08\/brise-residencial-150x113.jpg 150w\" sizes=\"(max-width: 1326px) 100vw, 1326px\" \/><figcaption id=\"caption-attachment-65633\" class=\"wp-caption-text\">Foto: Reprodu\u00e7\u00e3o Internet. Imagens e Projetos n\u00e3o autorais, sendo todos os direitos reservados aos seus respectivos produtores e criadores.<\/figcaption><\/figure><p><iframe style=\"width: 120px; height: 240px;\" src=\"\/\/ws-na.amazon-adsystem.com\/widgets\/q?ServiceVersion=20070822&amp;OneJS=1&amp;Operation=GetAdHtml&amp;MarketPlace=BR&amp;source=ss&amp;ref=as_ss_li_til&amp;ad_type=product_link&amp;tracking_id=aarquiteta-20&amp;language=pt_BR&amp;marketplace=amazon&amp;region=BR&amp;placement=8578272501&amp;asins=8578272501&amp;linkId=108a62ea5f82191731fbd2c1d758d4c9&amp;show_border=true&amp;link_opens_in_new_window=true\" frameborder=\"0\" marginwidth=\"0\" marginheight=\"0\" scrolling=\"no\" sandbox=\"allow-popups allow-scripts allow-modals allow-forms allow-same-origin\"><\/iframe><\/p><p>Foto: Reprodu\u00e7\u00e3o Internet. Imagens e Projetos n\u00e3o autorais, sendo todos os direitos reservados aos seus respectivos produtores e criadores.<\/p><div class=\"jss110\"><div class=\"jss108\"><p class=\"MuiTypography-root jss111 MuiTypography-body1\">Brises soleis s\u00e3o elementos arquitet\u00f4nicos, um recurso de prote\u00e7\u00e3o solar que muito grosseiramente funciona como uma grande\u00a0 esp\u00e9cie de guarda-sol em uma edifica\u00e7\u00e3o.<\/p><p>O temo Bris\u00e9 Soleil \u00e9 usado desde os tempos antigos para se referir a brisas suaves que trazem o ar fresco do mar ou das montanhas para o interior, da\u00ed o nome \u201cbrisa do sol\u201d.<\/p><p>Os etruscos foram as primeiras civiliza\u00e7\u00f5es a usar esse termo quando constru\u00edram templos com clarab\u00f3ias s\u00e9culos atr\u00e1s, assim como os antigos eg\u00edpcios tamb\u00e9m incorporaram clarab\u00f3ias em seus projetos de templos.<\/p><p><iframe style=\"width: 120px; height: 240px;\" src=\"\/\/ws-na.amazon-adsystem.com\/widgets\/q?ServiceVersion=20070822&amp;OneJS=1&amp;Operation=GetAdHtml&amp;MarketPlace=BR&amp;source=ss&amp;ref=as_ss_li_til&amp;ad_type=product_link&amp;tracking_id=aarquiteta-20&amp;language=pt_BR&amp;marketplace=amazon&amp;region=BR&amp;placement=8585445394&amp;asins=8585445394&amp;linkId=41cf8cd7aec06d16841e6df8b30fa4a4&amp;show_border=true&amp;link_opens_in_new_window=true\" frameborder=\"0\" marginwidth=\"0\" marginheight=\"0\" scrolling=\"no\" sandbox=\"allow-popups allow-scripts allow-modals allow-forms allow-same-origin\"><\/iframe><\/p><p>A palavra &#8220;brise&#8221; em &#8220;brise soleil&#8221; significa literalmente &#8220;brisa&#8221;, ent\u00e3o combinar esses elementos faz sentido, assim como usar esse termo historicamente na Fran\u00e7a, onde se originou!<\/p><p>No passado, o termo brise soleil era usado para descrever um estilo de roupa usado pelos homens no ver\u00e3o, no entanto, na arquitetura, brise soleil refere-se a um <a rel=\"nofollow noopener\" target=\"_blank\" href=\"https:\/\/www.aarquiteta.com.br\/projeto-arquitetonico\/\">projeto arquitet\u00f4nico<\/a> que fornece luz natural e ventila\u00e7\u00e3o natural atrav\u00e9s de janelas ou portas abertas.<\/p><h2 class=\"MuiTypography-root jss111 MuiTypography-body1\">Conforto t\u00e9rmico:<\/h2><figure id=\"attachment_65634\" aria-describedby=\"caption-attachment-65634\" style=\"width: 1500px\" class=\"wp-caption alignnone\"><img decoding=\"async\" class=\"wp-image-65634 size-full\" title=\"Brise-soleil - Como utiliz\u00e1-lo em seus projetos!\" src=\"https:\/\/www.aarquiteta.com.br\/blog\/wp-content\/uploads\/2022\/08\/projeto-com-brise.jpg\" alt=\"Brise-soleil - Como utiliz\u00e1-lo em seus projetos!\" width=\"1500\" height=\"1000\" srcset=\"https:\/\/www.aarquiteta.com.br\/blog\/wp-content\/uploads\/2022\/08\/projeto-com-brise.jpg 1500w, https:\/\/www.aarquiteta.com.br\/blog\/wp-content\/uploads\/2022\/08\/projeto-com-brise-1024x683.jpg 1024w, https:\/\/www.aarquiteta.com.br\/blog\/wp-content\/uploads\/2022\/08\/projeto-com-brise-696x464.jpg 696w, https:\/\/www.aarquiteta.com.br\/blog\/wp-content\/uploads\/2022\/08\/projeto-com-brise-150x100.jpg 150w\" sizes=\"(max-width: 1500px) 100vw, 1500px\" \/><figcaption id=\"caption-attachment-65634\" class=\"wp-caption-text\">Foto: Reprodu\u00e7\u00e3o Internet. Imagens e Projetos n\u00e3o autorais, sendo todos os direitos reservados aos seus respectivos produtores e criadores.<\/figcaption><\/figure><p>Brises tamb\u00e9m funcionam como um filtro de luz, como faz uma clarab\u00f3ia, que a depender do modelo utilizado pode causar efeitos de ilumina\u00e7\u00e3o muito interessante nos projetos.<\/p><p class=\"MuiTypography-root jss111 MuiTypography-body1\">O brise soleil \u00e9 usado para regular ou limitar a quantidade de luz natural e sombra que incide sobre uma edifica\u00e7\u00e3o, podendo ser uma estrutura aberta ou fechada, fixa, m\u00f3vel, vertical e horizontal.<\/p><p>Com o tempo, o brise soleil tornou-se sin\u00f4nimo de interiores arejados, confort\u00e1veis \u200b\u200be elegantes.<\/p><p><iframe style=\"width: 120px; height: 240px;\" src=\"\/\/ws-na.amazon-adsystem.com\/widgets\/q?ServiceVersion=20070822&amp;OneJS=1&amp;Operation=GetAdHtml&amp;MarketPlace=BR&amp;source=ss&amp;ref=as_ss_li_til&amp;ad_type=product_link&amp;tracking_id=aarquiteta-20&amp;language=pt_BR&amp;marketplace=amazon&amp;region=BR&amp;placement=8592229901&amp;asins=8592229901&amp;linkId=43b9b689b6f23a9481dd9bb508d4e3fe&amp;show_border=true&amp;link_opens_in_new_window=true\" frameborder=\"0\" marginwidth=\"0\" marginheight=\"0\" scrolling=\"no\" sandbox=\"allow-popups allow-scripts allow-modals allow-forms allow-same-origin\"><\/iframe><\/p><p class=\"MuiTypography-root jss111 MuiTypography-body1\">Os brises s\u00e3o comumente mais encontrados em grandes edif\u00edcios para evitar o aquecimento interno causado pela insola\u00e7\u00e3o, no entanto, eles podem ser perfeitamente utilizados em edifica\u00e7\u00f5es de menor porte, como projetos residenciais.<\/p><p>Os brises voltaram a ser considerados em projetos mais contempor\u00e2neos devido a reduzir ou evitar o uso de ar-condicionado, resultando em economia energ\u00e9tica, sem contar que proporciona a circula\u00e7\u00e3o de ar natural, ao inv\u00e9s da troca de ar for\u00e7ada artificialmente.<\/p><\/div><\/div><div class=\"jss110\"><div class=\"jss108\"><p>Al\u00e9m do brise ajudar no conforto t\u00e9rmico de uma edifica\u00e7\u00e3o, ele tamb\u00e9m permite que as pessoas no pr\u00e9dio possam observar o ambiente externo.<\/p><\/div><\/div><h2>Brise na Arquitetura:<\/h2><figure id=\"attachment_65619\" aria-describedby=\"caption-attachment-65619\" style=\"width: 700px\" class=\"wp-caption alignnone\"><img decoding=\"async\" class=\"wp-image-65619 size-full\" title=\"Brise-soleil - Como utiliz\u00e1-lo em seus projetos!\" src=\"https:\/\/www.aarquiteta.com.br\/blog\/wp-content\/uploads\/2022\/08\/brise-copan.jpg\" alt=\"Brise-soleil - Como utiliz\u00e1-lo em seus projetos!\" width=\"700\" height=\"400\" srcset=\"https:\/\/www.aarquiteta.com.br\/blog\/wp-content\/uploads\/2022\/08\/brise-copan.jpg 700w, https:\/\/www.aarquiteta.com.br\/blog\/wp-content\/uploads\/2022\/08\/brise-copan-696x398.jpg 696w, https:\/\/www.aarquiteta.com.br\/blog\/wp-content\/uploads\/2022\/08\/brise-copan-150x86.jpg 150w\" sizes=\"(max-width: 700px) 100vw, 700px\" \/><figcaption id=\"caption-attachment-65619\" class=\"wp-caption-text\">Foto: Reprodu\u00e7\u00e3o Internet. Imagens e Projetos n\u00e3o autorais, sendo todos os direitos reservados aos seus respectivos produtores e criadores.<\/figcaption><\/figure><p>Quando falamos de <a href=\"https:\/\/www.aarquiteta.com.br\/blog\/arquitetura\/\" class=\"ilj-generated-link\">arquitetura<\/a> famosa, brises soleils costumam aparecer nas fachadas dos edif\u00edcios mais emblem\u00e1ticos da arquitetura.<\/p><p>Eles tamb\u00e9m podem desempenhar um papel importante na apar\u00eancia do projeto, conferindo-lhes charme e uma identidade de express\u00e3o \u00fanica, j\u00e1 que para cada edif\u00edcio, hemos de estudar qual o melhor tipo de brise a ser adotado, isso conforme a orienta\u00e7\u00e3o solar.<\/p><p>Oscar Niemeyer projetou o Edif\u00edcio Copan e Lel\u00e9 projetou o Centro de Reabilita\u00e7\u00e3o Sarah Kubitschek. Esses dois pr\u00e9dios s\u00e3o algumas das estruturas fant\u00e1sticas de Bras\u00edlia.<\/p><p><iframe style=\"width: 120px; height: 240px;\" src=\"\/\/ws-na.amazon-adsystem.com\/widgets\/q?ServiceVersion=20070822&amp;OneJS=1&amp;Operation=GetAdHtml&amp;MarketPlace=BR&amp;source=ss&amp;ref=as_ss_li_til&amp;ad_type=product_link&amp;tracking_id=aarquiteta-20&amp;language=pt_BR&amp;marketplace=amazon&amp;region=BR&amp;placement=8521201001&amp;asins=8521201001&amp;linkId=91bb8278ef6c831e47f85fa2dc090ae0&amp;show_border=true&amp;link_opens_in_new_window=true\" frameborder=\"0\" marginwidth=\"0\" marginheight=\"0\" scrolling=\"no\" sandbox=\"allow-popups allow-scripts allow-modals allow-forms allow-same-origin\"><\/iframe><\/p><h3>O brise pelo mundo:<\/h3><figure id=\"attachment_65618\" aria-describedby=\"caption-attachment-65618\" style=\"width: 700px\" class=\"wp-caption alignnone\"><img decoding=\"async\" class=\"wp-image-65618 size-full\" title=\"Brise-soleil - Como utiliz\u00e1-lo em seus projetos!\" src=\"https:\/\/www.aarquiteta.com.br\/blog\/wp-content\/uploads\/2022\/08\/brise-horizontal.jpg\" alt=\"Brise-soleil - Como utiliz\u00e1-lo em seus projetos!\" width=\"700\" height=\"400\" srcset=\"https:\/\/www.aarquiteta.com.br\/blog\/wp-content\/uploads\/2022\/08\/brise-horizontal.jpg 700w, https:\/\/www.aarquiteta.com.br\/blog\/wp-content\/uploads\/2022\/08\/brise-horizontal-696x398.jpg 696w, https:\/\/www.aarquiteta.com.br\/blog\/wp-content\/uploads\/2022\/08\/brise-horizontal-150x86.jpg 150w\" sizes=\"(max-width: 700px) 100vw, 700px\" \/><figcaption id=\"caption-attachment-65618\" class=\"wp-caption-text\">Foto: Reprodu\u00e7\u00e3o Internet. Imagens e Projetos n\u00e3o autorais, sendo todos os direitos reservados aos seus respectivos produtores e criadores.<\/figcaption><\/figure><p>Brise soleil \u00e9 um conceito de design engenhoso que permite a entrada de luz solar em edif\u00edcios enquanto protege as pessoas dos raios fortes, sem comprometer nenhum dos objetivos!<\/p><p>Portanto, arquitetos de todo o mundo usam esse conceito de design em edif\u00edcios que variam de escrit\u00f3rios a resid\u00eancias, pois funciona bem independentemente do clima ou da situa\u00e7\u00e3o.<\/p><p>Os arquitetos usam o brise soleil em edif\u00edcios p\u00fablicos e privados para controlar o efeito do sol nos espa\u00e7os que projetam. O brise soleil pode ser uma estrutura aberta ou fechada, dependendo do efeito desejado.<\/p><p><iframe style=\"width: 120px; height: 240px;\" src=\"\/\/ws-na.amazon-adsystem.com\/widgets\/q?ServiceVersion=20070822&amp;OneJS=1&amp;Operation=GetAdHtml&amp;MarketPlace=BR&amp;source=ss&amp;ref=as_ss_li_til&amp;ad_type=product_link&amp;tracking_id=aarquiteta-20&amp;language=pt_BR&amp;marketplace=amazon&amp;region=BR&amp;placement=8592229901&amp;asins=8592229901&amp;linkId=a322dd9bdd81faaa3cf1bacca76cea06&amp;show_border=true&amp;link_opens_in_new_window=true\" frameborder=\"0\" marginwidth=\"0\" marginheight=\"0\" scrolling=\"no\" sandbox=\"allow-popups allow-scripts allow-modals allow-forms allow-same-origin\"><\/iframe><\/p><h2 class=\"MuiTypography-root jss111 MuiTypography-body1\">Tipos de Brises:<\/h2><figure id=\"attachment_65635\" aria-describedby=\"caption-attachment-65635\" style=\"width: 1582px\" class=\"wp-caption alignnone\"><img decoding=\"async\" class=\"wp-image-65635 size-full\" src=\"https:\/\/www.aarquiteta.com.br\/blog\/wp-content\/uploads\/2022\/08\/projeto-utilizano-brise.jpg\" alt=\"\" width=\"1582\" height=\"853\" title=\"\" srcset=\"https:\/\/www.aarquiteta.com.br\/blog\/wp-content\/uploads\/2022\/08\/projeto-utilizano-brise.jpg 1582w, https:\/\/www.aarquiteta.com.br\/blog\/wp-content\/uploads\/2022\/08\/projeto-utilizano-brise-1024x552.jpg 1024w, https:\/\/www.aarquiteta.com.br\/blog\/wp-content\/uploads\/2022\/08\/projeto-utilizano-brise-696x375.jpg 696w, https:\/\/www.aarquiteta.com.br\/blog\/wp-content\/uploads\/2022\/08\/projeto-utilizano-brise-150x81.jpg 150w\" sizes=\"(max-width: 1582px) 100vw, 1582px\" \/><figcaption id=\"caption-attachment-65635\" class=\"wp-caption-text\">Foto: Reprodu\u00e7\u00e3o Internet. Imagens e Projetos n\u00e3o autorais, sendo todos os direitos reservados aos seus respectivos produtores e criadores.<\/figcaption><\/figure><p>Os designs de brise soleil s\u00e3o usados \u200b\u200bpara fins civis e arquitet\u00f4nicos, por exemplo, pain\u00e9is de brise soleil foram incorporados em espa\u00e7os de escrit\u00f3rios modernos para fornecer luz e ventila\u00e7\u00e3o naturais.<\/p><p>O design tamb\u00e9m faz um excelente uso da luz natural, permitindo a entrada de luz solar em um edif\u00edcio enquanto bloqueia a luz solar direta das janelas ou portas.<\/p><p>Al\u00e9m disso, os designs elegantes de brise soleil s\u00e3o perfeitos para hot\u00e9is de luxo, pois fornecem luz e ventila\u00e7\u00e3o naturais ao mesmo tempo, em que criam uma apar\u00eancia elegante.<\/p><p>Por outro lado, a arquitetura tradicional usa projetos de brise soleil para p\u00e1tios e entradas para melhorar a intera\u00e7\u00e3o social.<\/p><p><iframe style=\"width: 120px; height: 240px;\" src=\"\/\/ws-na.amazon-adsystem.com\/widgets\/q?ServiceVersion=20070822&amp;OneJS=1&amp;Operation=GetAdHtml&amp;MarketPlace=BR&amp;source=ss&amp;ref=as_ss_li_til&amp;ad_type=product_link&amp;tracking_id=aarquiteta-20&amp;language=pt_BR&amp;marketplace=amazon&amp;region=BR&amp;placement=8527311488&amp;asins=8527311488&amp;linkId=dc5c461eb7cb5c7aaa1cc3ff894c624e&amp;show_border=true&amp;link_opens_in_new_window=true\" frameborder=\"0\" marginwidth=\"0\" marginheight=\"0\" scrolling=\"no\" sandbox=\"allow-popups allow-scripts allow-modals allow-forms allow-same-origin\"><\/iframe><\/p><div class=\"jss110\"><div class=\"jss108\"><h2 class=\"MuiTypography-root jss111 MuiTypography-body1\"><span style=\"font-size: 22px; font-weight: bold;\">Materiais utilizados na fabrica\u00e7\u00e3o do Brise:<\/span><\/h2><figure id=\"attachment_65617\" aria-describedby=\"caption-attachment-65617\" style=\"width: 700px\" class=\"wp-caption alignnone\"><img decoding=\"async\" class=\"wp-image-65617 size-full\" title=\"Brise-soleil - Como utiliz\u00e1-lo em seus projetos!\" src=\"https:\/\/www.aarquiteta.com.br\/blog\/wp-content\/uploads\/2022\/08\/brises-chapa-metalica.jpg\" alt=\"Brise-soleil - Como utiliz\u00e1-lo em seus projetos!\" width=\"700\" height=\"400\" srcset=\"https:\/\/www.aarquiteta.com.br\/blog\/wp-content\/uploads\/2022\/08\/brises-chapa-metalica.jpg 700w, https:\/\/www.aarquiteta.com.br\/blog\/wp-content\/uploads\/2022\/08\/brises-chapa-metalica-696x398.jpg 696w, https:\/\/www.aarquiteta.com.br\/blog\/wp-content\/uploads\/2022\/08\/brises-chapa-metalica-150x86.jpg 150w\" sizes=\"(max-width: 700px) 100vw, 700px\" \/><figcaption id=\"caption-attachment-65617\" class=\"wp-caption-text\">Foto: Reprodu\u00e7\u00e3o Internet. Imagens e Projetos n\u00e3o autorais, sendo todos os direitos reservados aos seus respectivos produtores e criadores.<\/figcaption><\/figure><p>Em projetos comerciais, outro tipo de dispositivo de quebra-sol tem sido usado com frequ\u00eancia: chapas de a\u00e7o ou alum\u00ednio perfuradas.<\/p><\/div><\/div><p>Os brises tradicionais eram feitas originalmente em metal mas hoje em dia podem ser feitas de qualquer material transl\u00facido, como madeira, pedra, ou at\u00e9 mesmo em PVC.<\/p><p>Al\u00e9m disso, os arquitetos geralmente incorporam <a href=\"https:\/\/www.aarquiteta.com.br\/blog\/home-decor\/acessorios-para-decoracao\/espelhos-e-molduras\/\" class=\"ilj-generated-link\">espelhos<\/a> em projetos de brise para que os raios de sol rebatem nos espelhos em vez de atingir diretamente os olhos das pessoas.<\/p><p>Ao usar espelhos em vez de vidro, os arquitetos podem criar clarab\u00f3ias suaves que ainda permitem a entrada de luz solar externa em um pr\u00e9dio sem prejudicar a vis\u00e3o de ningu\u00e9m.<\/p><p>In\u00fameras estruturas implementaram esse projeto engenhoso, considere a Torre Eiffel! Brise soleil tamb\u00e9m se refere a faixas horizontais em janelas de vidro que se abrem quando o ar condicionado \u00e9 ligado ou desligado, isso \u00e9 conhecido como &#8220;term\u00f3foro&#8221; em grego!<\/p><p><iframe style=\"width: 120px; height: 240px;\" src=\"\/\/ws-na.amazon-adsystem.com\/widgets\/q?ServiceVersion=20070822&amp;OneJS=1&amp;Operation=GetAdHtml&amp;MarketPlace=BR&amp;source=ss&amp;ref=as_ss_li_til&amp;ad_type=product_link&amp;tracking_id=aarquiteta-20&amp;language=pt_BR&amp;marketplace=amazon&amp;region=BR&amp;placement=8582600798&amp;asins=8582600798&amp;linkId=33ce9933d118706ad0af7accae0e27c0&amp;show_border=true&amp;link_opens_in_new_window=true\" frameborder=\"0\" marginwidth=\"0\" marginheight=\"0\" scrolling=\"no\" sandbox=\"allow-popups allow-scripts allow-modals allow-forms allow-same-origin\"><\/iframe><\/p><p>Janelas ou fachadas de pr\u00e9dios s\u00e3o os locais mais comuns para encontrar chapas met\u00e1licas chamadas de aletas.\u00a0Outros tipos de prote\u00e7\u00f5es podem ser chamados de briess, como cobog\u00f3s, muxarabis e persianas.<\/p><p>O <a href=\"https:\/\/www.aarquiteta.com.br\/blog\/?s=ARQUITETO\">arquiteto<\/a> Le Corbusier \u00e9 creditado com a cria\u00e7\u00e3o de persianas, vistas em muitos projetos de constru\u00e7\u00e3o civil.<\/p><p>Um de seus projetos mais conhecidos, a Unit\u00e9 d&#8217; Habitation de Marseille, cont\u00e9m muitas janelas com persianas que desempenham fun\u00e7\u00e3o de Brise.<\/p><h2>Vantagens e desvantagens do Brise:<\/h2><figure id=\"attachment_65621\" aria-describedby=\"caption-attachment-65621\" style=\"width: 700px\" class=\"wp-caption alignnone\"><img decoding=\"async\" class=\"wp-image-65621 size-full\" title=\"Brise-soleil - Como utiliz\u00e1-lo em seus projetos!\" src=\"https:\/\/www.aarquiteta.com.br\/blog\/wp-content\/uploads\/2022\/08\/brises-de-concreto.jpg\" alt=\"Brise-soleil - Como utiliz\u00e1-lo em seus projetos!\" width=\"700\" height=\"400\" srcset=\"https:\/\/www.aarquiteta.com.br\/blog\/wp-content\/uploads\/2022\/08\/brises-de-concreto.jpg 700w, https:\/\/www.aarquiteta.com.br\/blog\/wp-content\/uploads\/2022\/08\/brises-de-concreto-696x398.jpg 696w, https:\/\/www.aarquiteta.com.br\/blog\/wp-content\/uploads\/2022\/08\/brises-de-concreto-150x86.jpg 150w\" sizes=\"(max-width: 700px) 100vw, 700px\" \/><figcaption id=\"caption-attachment-65621\" class=\"wp-caption-text\">Foto: Reprodu\u00e7\u00e3o Internet. Imagens e Projetos n\u00e3o autorais, sendo todos os direitos reservados aos seus respectivos produtores e criadores.<\/figcaption><\/figure><p>Reduzir os custos de ilumina\u00e7\u00e3o e ar condicionado pode ajudar uma empresa a economizar dinheiro e colaborar com o meio ambiente.<\/p><p>Isso sem contar no efeito est\u00e9tico diferenciado que a fachada do edif\u00edcio ganha em seu exterior, podendo conferir ainda mais beleza a edifica\u00e7\u00e3o.<\/p><p>No entanto, uma desvantagem da utiliza\u00e7\u00e3o dos brises \u00e9 a manuten\u00e7\u00e3o com limpeza, que deve ser realizada com certa frequ\u00eancia, assim como os vidros necessitam ser limpos de tempos em tempos, os brises tamb\u00e9m necessitam de limpeza planejada.<\/p><p>Vejamos agora alguns modelos de brise e seus efeitos na ilumina\u00e7\u00e3o interna de uma edifica\u00e7\u00e3o.<\/p><p><iframe style=\"width: 120px; height: 240px;\" src=\"\/\/ws-na.amazon-adsystem.com\/widgets\/q?ServiceVersion=20070822&amp;OneJS=1&amp;Operation=GetAdHtml&amp;MarketPlace=BR&amp;source=ss&amp;ref=as_ss_li_til&amp;ad_type=product_link&amp;tracking_id=aarquiteta-20&amp;language=pt_BR&amp;marketplace=amazon&amp;region=BR&amp;placement=858260470X&amp;asins=858260470X&amp;linkId=55d6688f20ad055761bca2afb470ed7d&amp;show_border=true&amp;link_opens_in_new_window=true\" frameborder=\"0\" marginwidth=\"0\" marginheight=\"0\" scrolling=\"no\" sandbox=\"allow-popups allow-scripts allow-modals allow-forms allow-same-origin\"><\/iframe><\/p><h2>Tipos de Brise-Soleil:<\/h2><h3>1- Brise m\u00f3vel e fixo:<\/h3><figure id=\"attachment_65609\" aria-describedby=\"caption-attachment-65609\" style=\"width: 700px\" class=\"wp-caption alignnone\"><img decoding=\"async\" class=\"wp-image-65609 size-full\" title=\"Brise-soleil - Como utiliz\u00e1-lo em seus projetos!\" src=\"https:\/\/www.aarquiteta.com.br\/blog\/wp-content\/uploads\/2022\/08\/brises-fixo.jpg\" alt=\"Brise-soleil - Como utiliz\u00e1-lo em seus projetos!\" width=\"700\" height=\"400\" srcset=\"https:\/\/www.aarquiteta.com.br\/blog\/wp-content\/uploads\/2022\/08\/brises-fixo.jpg 700w, https:\/\/www.aarquiteta.com.br\/blog\/wp-content\/uploads\/2022\/08\/brises-fixo-696x398.jpg 696w, https:\/\/www.aarquiteta.com.br\/blog\/wp-content\/uploads\/2022\/08\/brises-fixo-150x86.jpg 150w\" sizes=\"(max-width: 700px) 100vw, 700px\" \/><figcaption id=\"caption-attachment-65609\" class=\"wp-caption-text\">Foto: Reprodu\u00e7\u00e3o Internet. Imagens e Projetos n\u00e3o autorais, sendo todos os direitos reservados aos seus respectivos produtores e criadores.<\/figcaption><\/figure><p>Existem dois tipos de brises que podem ser utilziados em uma fachada: <strong>m\u00f3veis e fixos. <\/strong><\/p><p>Os<strong> brises fixos<\/strong> s\u00e3o instalados de forma permanente na fachada, enquanto os <strong>brises m\u00f3veis<\/strong> podem ser movimentados conforme a insid\u00eancia da luz solar.<\/p><p>Encontramos facilmente modelos de brise fixo em empresas por exemplo, para evitar a movimenta\u00e7\u00e3o constante.<\/p><figure id=\"attachment_65622\" aria-describedby=\"caption-attachment-65622\" style=\"width: 700px\" class=\"wp-caption alignnone\"><img decoding=\"async\" class=\"wp-image-65622 size-full\" src=\"https:\/\/www.aarquiteta.com.br\/blog\/wp-content\/uploads\/2022\/08\/brise-vertical.jpg\" alt=\"\" width=\"700\" height=\"400\" title=\"\" srcset=\"https:\/\/www.aarquiteta.com.br\/blog\/wp-content\/uploads\/2022\/08\/brise-vertical.jpg 700w, https:\/\/www.aarquiteta.com.br\/blog\/wp-content\/uploads\/2022\/08\/brise-vertical-696x398.jpg 696w, https:\/\/www.aarquiteta.com.br\/blog\/wp-content\/uploads\/2022\/08\/brise-vertical-150x86.jpg 150w\" sizes=\"(max-width: 700px) 100vw, 700px\" \/><figcaption id=\"caption-attachment-65622\" class=\"wp-caption-text\">Foto: Reprodu\u00e7\u00e3o Internet. Imagens e Projetos n\u00e3o autorais, sendo todos os direitos reservados aos seus respectivos produtores e criadores.<\/figcaption><\/figure><p>Os <strong>brises m\u00f3veis<\/strong> j\u00e1 s\u00e3o mais flexiveis as necessidades do espa\u00e7o como o controle da luz e do vento assim como privacidade.<\/p><p>Uma fachada com brise m\u00f3vel estar\u00e1 sempre em constante movimento visual.<\/p><p><iframe style=\"width: 120px; height: 240px;\" src=\"\/\/ws-na.amazon-adsystem.com\/widgets\/q?ServiceVersion=20070822&amp;OneJS=1&amp;Operation=GetAdHtml&amp;MarketPlace=BR&amp;source=ss&amp;ref=as_ss_li_til&amp;ad_type=product_link&amp;tracking_id=aarquiteta-20&amp;language=pt_BR&amp;marketplace=amazon&amp;region=BR&amp;placement=8539624583&amp;asins=8539624583&amp;linkId=350b474e7516cd4e19db8be2befe5235&amp;show_border=true&amp;link_opens_in_new_window=true\" frameborder=\"0\" marginwidth=\"0\" marginheight=\"0\" scrolling=\"no\" sandbox=\"allow-popups allow-scripts allow-modals allow-forms allow-same-origin\"><\/iframe><\/p><p>&nbsp;<\/p><h3>2\u2014 Brise aberto:<\/h3><figure id=\"attachment_65632\" aria-describedby=\"caption-attachment-65632\" style=\"width: 1091px\" class=\"wp-caption alignnone\"><img decoding=\"async\" class=\"wp-image-65632 size-full\" src=\"https:\/\/www.aarquiteta.com.br\/blog\/wp-content\/uploads\/2022\/08\/brises-moveis.jpg\" alt=\"\" width=\"1091\" height=\"935\" title=\"\" srcset=\"https:\/\/www.aarquiteta.com.br\/blog\/wp-content\/uploads\/2022\/08\/brises-moveis.jpg 1091w, https:\/\/www.aarquiteta.com.br\/blog\/wp-content\/uploads\/2022\/08\/brises-moveis-1024x878.jpg 1024w, https:\/\/www.aarquiteta.com.br\/blog\/wp-content\/uploads\/2022\/08\/brises-moveis-696x596.jpg 696w, https:\/\/www.aarquiteta.com.br\/blog\/wp-content\/uploads\/2022\/08\/brises-moveis-150x129.jpg 150w\" sizes=\"(max-width: 1091px) 100vw, 1091px\" \/><figcaption id=\"caption-attachment-65632\" class=\"wp-caption-text\">Foto: Reprodu\u00e7\u00e3o Internet. Imagens e Projetos n\u00e3o autorais, sendo todos os direitos reservados aos seus respectivos produtores e criadores.<\/figcaption><\/figure><p class=\"MuiTypography-root jss111 MuiTypography-body1\">Em um <strong>brise soleil aberto<\/strong>, a luz natural entra por cima e por baixo em diferentes \u00e2ngulos, conforme a incid\u00eancia solar.<\/p><p class=\"MuiTypography-root jss111 MuiTypography-body1\">Isso controla a quantidade de luz natural que entra em um espa\u00e7o e pode ser usada para criar um ambiente de trabalho confort\u00e1vel ou melhorar os \u00e2ngulos de vis\u00e3o para atividades espec\u00edficas, como jantar ou ler.<\/p><p class=\"MuiTypography-root jss111 MuiTypography-body1\">Um <strong>brise soleil fechado<\/strong> limita a entrada de luz natural em um espa\u00e7o, bloqueando as aberturas superior e inferior com pain\u00e9is horizontais.<\/p><p class=\"MuiTypography-root jss111 MuiTypography-body1\">Ao limitar a luz natural, os arquitetos podem criar interiores escuros com pouca ilumina\u00e7\u00e3o artificial, mantendo o conforto durante o dia.<\/p><p><iframe style=\"width: 120px; height: 240px;\" src=\"\/\/ws-na.amazon-adsystem.com\/widgets\/q?ServiceVersion=20070822&amp;OneJS=1&amp;Operation=GetAdHtml&amp;MarketPlace=BR&amp;source=ss&amp;ref=as_ss_li_til&amp;ad_type=product_link&amp;tracking_id=aarquiteta-20&amp;language=pt_BR&amp;marketplace=amazon&amp;region=BR&amp;placement=8578276418&amp;asins=8578276418&amp;linkId=7c42b28c4658ffaa6d5a544ca9008f7e&amp;show_border=true&amp;link_opens_in_new_window=true\" frameborder=\"0\" marginwidth=\"0\" marginheight=\"0\" scrolling=\"no\" sandbox=\"allow-popups allow-scripts allow-modals allow-forms allow-same-origin\"><\/iframe><\/p><h3>3 &#8211; Brise interno:<\/h3><figure id=\"attachment_65638\" aria-describedby=\"caption-attachment-65638\" style=\"width: 953px\" class=\"wp-caption alignnone\"><img decoding=\"async\" class=\"wp-image-65638 size-full\" src=\"https:\/\/www.aarquiteta.com.br\/blog\/wp-content\/uploads\/2022\/08\/soleil-brises.jpg\" alt=\"\" width=\"953\" height=\"1000\" title=\"\" srcset=\"https:\/\/www.aarquiteta.com.br\/blog\/wp-content\/uploads\/2022\/08\/soleil-brises.jpg 953w, https:\/\/www.aarquiteta.com.br\/blog\/wp-content\/uploads\/2022\/08\/soleil-brises-696x730.jpg 696w, https:\/\/www.aarquiteta.com.br\/blog\/wp-content\/uploads\/2022\/08\/soleil-brises-150x157.jpg 150w\" sizes=\"(max-width: 953px) 100vw, 953px\" \/><figcaption id=\"caption-attachment-65638\" class=\"wp-caption-text\">Foto: Reprodu\u00e7\u00e3o Internet. Imagens e Projetos n\u00e3o autorais, sendo todos os direitos reservados aos seus respectivos produtores e criadores.<\/figcaption><\/figure><p>O arquiteto pode projetar uma bela <strong>fachada de vidro<\/strong> sem afetar o conforto t\u00e9rmico do seu projeto utilizando <strong>brise na parte interna<\/strong> da fachada da janela.<\/p><p>Neste casos, o brise tende a durar mais podendo tamb\u00e9m ser facilmente mais limpo.<\/p><p><iframe style=\"width: 120px; height: 240px;\" src=\"\/\/ws-na.amazon-adsystem.com\/widgets\/q?ServiceVersion=20070822&amp;OneJS=1&amp;Operation=GetAdHtml&amp;MarketPlace=BR&amp;source=ss&amp;ref=as_ss_li_til&amp;ad_type=product_link&amp;tracking_id=aarquiteta-20&amp;language=pt_BR&amp;marketplace=amazon&amp;region=BR&amp;placement=8578275047&amp;asins=8578275047&amp;linkId=ee5f4a34d5d18ab7d486ea39ff1a27a5&amp;show_border=true&amp;link_opens_in_new_window=true\" frameborder=\"0\" marginwidth=\"0\" marginheight=\"0\" scrolling=\"no\" sandbox=\"allow-popups allow-scripts allow-modals allow-forms allow-same-origin\"><\/iframe><\/p><h3>4- Brise Vertical:<\/h3><figure id=\"attachment_65612\" aria-describedby=\"caption-attachment-65612\" style=\"width: 700px\" class=\"wp-caption alignleft\"><img decoding=\"async\" class=\"wp-image-65612 size-full\" src=\"https:\/\/www.aarquiteta.com.br\/blog\/wp-content\/uploads\/2022\/08\/solei-brise-vertical.jpg\" alt=\"\" width=\"700\" height=\"400\" title=\"\" srcset=\"https:\/\/www.aarquiteta.com.br\/blog\/wp-content\/uploads\/2022\/08\/solei-brise-vertical.jpg 700w, https:\/\/www.aarquiteta.com.br\/blog\/wp-content\/uploads\/2022\/08\/solei-brise-vertical-696x398.jpg 696w, https:\/\/www.aarquiteta.com.br\/blog\/wp-content\/uploads\/2022\/08\/solei-brise-vertical-150x86.jpg 150w\" sizes=\"(max-width: 700px) 100vw, 700px\" \/><figcaption id=\"caption-attachment-65612\" class=\"wp-caption-text\">Foto: Reprodu\u00e7\u00e3o Internet. Imagens e Projetos n\u00e3o autorais, sendo todos os direitos reservados aos seus respectivos produtores e criadores.<\/figcaption><\/figure><h3><\/h3><h3>5- Brise Horizontal:<\/h3><figure id=\"attachment_65614\" aria-describedby=\"caption-attachment-65614\" style=\"width: 700px\" class=\"wp-caption alignnone\"><img decoding=\"async\" class=\"wp-image-65614 size-full\" src=\"https:\/\/www.aarquiteta.com.br\/blog\/wp-content\/uploads\/2022\/08\/brise-horizontal-1.jpg\" alt=\"\" width=\"700\" height=\"400\" title=\"\" srcset=\"https:\/\/www.aarquiteta.com.br\/blog\/wp-content\/uploads\/2022\/08\/brise-horizontal-1.jpg 700w, https:\/\/www.aarquiteta.com.br\/blog\/wp-content\/uploads\/2022\/08\/brise-horizontal-1-696x398.jpg 696w, https:\/\/www.aarquiteta.com.br\/blog\/wp-content\/uploads\/2022\/08\/brise-horizontal-1-150x86.jpg 150w\" sizes=\"(max-width: 700px) 100vw, 700px\" \/><figcaption id=\"caption-attachment-65614\" class=\"wp-caption-text\">Foto: Reprodu\u00e7\u00e3o Internet. Imagens e Projetos n\u00e3o autorais, sendo todos os direitos reservados aos seus respectivos produtores e criadores.<\/figcaption><\/figure><h3>6- Outras formas de brises:<\/h3><figure id=\"attachment_53190\" aria-describedby=\"caption-attachment-53190\" style=\"width: 700px\" class=\"wp-caption alignnone\"><img decoding=\"async\" class=\"wp-image-53190 size-full\" src=\"https:\/\/www.aarquiteta.com.br\/blog\/wp-content\/uploads\/2022\/04\/Fachadas-de-casas-com-cobogo.5.jpg\" alt=\"Resistencia dos cobog\u00f3s\" width=\"700\" height=\"400\" title=\"\" srcset=\"https:\/\/www.aarquiteta.com.br\/blog\/wp-content\/uploads\/2022\/04\/Fachadas-de-casas-com-cobogo.5.jpg 700w, https:\/\/www.aarquiteta.com.br\/blog\/wp-content\/uploads\/2022\/04\/Fachadas-de-casas-com-cobogo.5-696x398.jpg 696w, https:\/\/www.aarquiteta.com.br\/blog\/wp-content\/uploads\/2022\/04\/Fachadas-de-casas-com-cobogo.5-150x86.jpg 150w\" sizes=\"(max-width: 700px) 100vw, 700px\" \/><figcaption id=\"caption-attachment-53190\" class=\"wp-caption-text\">Foto: Reprodu\u00e7\u00e3o Internet. Imagens e Projetos n\u00e3o autorais, sendo todos os direitos reservados aos seus respectivos produtores e criadores.<\/figcaption><\/figure><p>Outros elementos que podem ser considerados brises s\u00e3o cobog\u00f3s e muxarabis, al\u00e9m da diversidade de material, desenhos e formas, essa categoria de quebra-sol permite que o arquiteto crie brises personalizados e exclusivos.<\/p><p><iframe style=\"width: 120px; height: 240px;\" src=\"\/\/ws-na.amazon-adsystem.com\/widgets\/q?ServiceVersion=20070822&amp;OneJS=1&amp;Operation=GetAdHtml&amp;MarketPlace=BR&amp;source=ss&amp;ref=as_ss_li_til&amp;ad_type=product_link&amp;tracking_id=aarquiteta-20&amp;language=pt_BR&amp;marketplace=amazon&amp;region=BR&amp;placement=8582600798&amp;asins=8582600798&amp;linkId=6e15001ce38adcff8873c856d1855087&amp;show_border=true&amp;link_opens_in_new_window=true\" frameborder=\"0\" marginwidth=\"0\" marginheight=\"0\" scrolling=\"no\" sandbox=\"allow-popups allow-scripts allow-modals allow-forms allow-same-origin\"><\/iframe><\/p><h2>Qual a melhor tipo de brise?<\/h2><figure id=\"attachment_65610\" aria-describedby=\"caption-attachment-65610\" style=\"width: 700px\" class=\"wp-caption alignnone\"><img decoding=\"async\" class=\"wp-image-65610 size-full\" src=\"https:\/\/www.aarquiteta.com.br\/blog\/wp-content\/uploads\/2022\/08\/brise-solei-vertical.jpg\" alt=\"\" width=\"700\" height=\"400\" title=\"\" srcset=\"https:\/\/www.aarquiteta.com.br\/blog\/wp-content\/uploads\/2022\/08\/brise-solei-vertical.jpg 700w, https:\/\/www.aarquiteta.com.br\/blog\/wp-content\/uploads\/2022\/08\/brise-solei-vertical-696x398.jpg 696w, https:\/\/www.aarquiteta.com.br\/blog\/wp-content\/uploads\/2022\/08\/brise-solei-vertical-150x86.jpg 150w\" sizes=\"(max-width: 700px) 100vw, 700px\" \/><figcaption id=\"caption-attachment-65610\" class=\"wp-caption-text\">Foto: Reprodu\u00e7\u00e3o Internet. Imagens e Projetos n\u00e3o autorais, sendo todos os direitos reservados aos seus respectivos produtores e criadores.<\/figcaption><\/figure><p>A resposta a esta pergunta vai depender do local e tipo de constru\u00e7\u00e3o, a influ\u00eancia e impacto do peso da estrutura do brise, o tipo de uso do local, se \u00e9 comercial ou residencial, e ainda or\u00e7amento do projeto, j\u00e1 que os brises s\u00e3o estruturas n\u00e3o muito baratos.<\/p><p>No entando os beneficios de economia ao longo prazo com custos com energia devido a utiliza\u00e7\u00e3o de ventiladores e ar-condicionado compensa bastante.<\/p><p><iframe style=\"width: 120px; height: 240px;\" src=\"\/\/ws-na.amazon-adsystem.com\/widgets\/q?ServiceVersion=20070822&amp;OneJS=1&amp;Operation=GetAdHtml&amp;MarketPlace=BR&amp;source=ss&amp;ref=as_ss_li_til&amp;ad_type=product_link&amp;tracking_id=aarquiteta-20&amp;language=pt_BR&amp;marketplace=amazon&amp;region=BR&amp;placement=8580632080&amp;asins=8580632080&amp;linkId=fefd597593b52df50775cd14480f92c7&amp;show_border=true&amp;link_opens_in_new_window=true\" frameborder=\"0\" marginwidth=\"0\" marginheight=\"0\" scrolling=\"no\" sandbox=\"allow-popups allow-scripts allow-modals allow-forms allow-same-origin\"><\/iframe><\/p><h2>Orienta\u00e7\u00e3o solar e corrente de ventos:<\/h2><figure id=\"attachment_65631\" aria-describedby=\"caption-attachment-65631\" style=\"width: 1501px\" class=\"wp-caption alignnone\"><img decoding=\"async\" class=\"wp-image-65631 size-full\" src=\"https:\/\/www.aarquiteta.com.br\/blog\/wp-content\/uploads\/2022\/08\/brises-moveis-verticais.jpg\" alt=\"\" width=\"1501\" height=\"1000\" title=\"\" srcset=\"https:\/\/www.aarquiteta.com.br\/blog\/wp-content\/uploads\/2022\/08\/brises-moveis-verticais.jpg 1501w, https:\/\/www.aarquiteta.com.br\/blog\/wp-content\/uploads\/2022\/08\/brises-moveis-verticais-1024x682.jpg 1024w, https:\/\/www.aarquiteta.com.br\/blog\/wp-content\/uploads\/2022\/08\/brises-moveis-verticais-696x464.jpg 696w, https:\/\/www.aarquiteta.com.br\/blog\/wp-content\/uploads\/2022\/08\/brises-moveis-verticais-150x100.jpg 150w\" sizes=\"(max-width: 1501px) 100vw, 1501px\" \/><figcaption id=\"caption-attachment-65631\" class=\"wp-caption-text\">Foto: Reprodu\u00e7\u00e3o Internet. Imagens e Projetos n\u00e3o autorais, sendo todos os direitos reservados aos seus respectivos produtores e criadores.<\/figcaption><\/figure><p>Para se projetar um brise, al\u00e9m de conhecer seus modelos e materiais, \u00e9 muito importante conhecer tamb\u00e9m a orienta\u00e7\u00e3o solar do local.<\/p><p>\u00c9 necess\u00e1rio conhecer a origem do fluxo da corrente e circula\u00e7\u00e3o dos ventos.\u00a0Existem tr\u00eas tipos de vento: vento suave, vento forte e vento natural.<\/p><p>Esses fatores s\u00e3o variaveis importantes que devem ser levadas em considera\u00e7\u00e3o, de modo que se possa eleger o melhor tipo de brise para cada situa\u00e7\u00e3o.<\/p><p>A constru\u00e7\u00e3o pode ser feita com mais precis\u00e3o com uma b\u00fassola de levantamento in loco.<\/p><p><iframe style=\"width: 120px; height: 240px;\" src=\"\/\/ws-na.amazon-adsystem.com\/widgets\/q?ServiceVersion=20070822&amp;OneJS=1&amp;Operation=GetAdHtml&amp;MarketPlace=BR&amp;source=ss&amp;ref=as_ss_li_til&amp;ad_type=product_link&amp;tracking_id=aarquiteta-20&amp;language=pt_BR&amp;marketplace=amazon&amp;region=BR&amp;placement=8582605544&amp;asins=8582605544&amp;linkId=30dab04265440c2791b58341f20680e3&amp;show_border=true&amp;link_opens_in_new_window=true\" frameborder=\"0\" marginwidth=\"0\" marginheight=\"0\" scrolling=\"no\" sandbox=\"allow-popups allow-scripts allow-modals allow-forms allow-same-origin\"><\/iframe><\/p><h2>Qual o melhor material para utilizar em um brise?<\/h2><figure id=\"attachment_65623\" aria-describedby=\"caption-attachment-65623\" style=\"width: 700px\" class=\"wp-caption alignnone\"><img decoding=\"async\" class=\"wp-image-65623 size-full\" src=\"https:\/\/www.aarquiteta.com.br\/blog\/wp-content\/uploads\/2022\/08\/brises-de-madeira.jpg\" alt=\"\" width=\"700\" height=\"400\" title=\"\" srcset=\"https:\/\/www.aarquiteta.com.br\/blog\/wp-content\/uploads\/2022\/08\/brises-de-madeira.jpg 700w, https:\/\/www.aarquiteta.com.br\/blog\/wp-content\/uploads\/2022\/08\/brises-de-madeira-696x398.jpg 696w, https:\/\/www.aarquiteta.com.br\/blog\/wp-content\/uploads\/2022\/08\/brises-de-madeira-150x86.jpg 150w\" sizes=\"(max-width: 700px) 100vw, 700px\" \/><figcaption id=\"caption-attachment-65623\" class=\"wp-caption-text\">Foto: Reprodu\u00e7\u00e3o Internet. Imagens e Projetos n\u00e3o autorais, sendo todos os direitos reservados aos seus respectivos produtores e criadores.<\/figcaption><\/figure><p>Devido a sua leveza o brise met\u00e1lico pode ser usada de v\u00e1rias maneiras diferentes, pois costumam ser muito leves.<\/p><p>Limpar e instal\u00e1-los \u00e9 relativamente mais f\u00e1cil do que outros tipos de vidra\u00e7as.<\/p><p>Brises de madeira podem ser\u00a0 usados \u200b\u200bem alguns dando \u00e0s pessoas mais conforto e visibilidade com aconchego. Podendo ser utilizada a\u00a0madeira de demoli\u00e7\u00e3o pode ser usada de forma sustent\u00e1vel.<\/p><figure id=\"attachment_65637\" aria-describedby=\"caption-attachment-65637\" style=\"width: 696px\" class=\"wp-caption alignnone\"><img decoding=\"async\" class=\"wp-image-65637 size-full\" src=\"https:\/\/www.aarquiteta.com.br\/blog\/wp-content\/uploads\/2022\/08\/brise-com-vidro.jpg\" alt=\"\" width=\"696\" height=\"696\" title=\"\" srcset=\"https:\/\/www.aarquiteta.com.br\/blog\/wp-content\/uploads\/2022\/08\/brise-com-vidro.jpg 696w, https:\/\/www.aarquiteta.com.br\/blog\/wp-content\/uploads\/2022\/08\/brise-com-vidro-96x96.jpg 96w, https:\/\/www.aarquiteta.com.br\/blog\/wp-content\/uploads\/2022\/08\/brise-com-vidro-150x150.jpg 150w\" sizes=\"(max-width: 696px) 100vw, 696px\" \/><figcaption id=\"caption-attachment-65637\" class=\"wp-caption-text\">Foto: Reprodu\u00e7\u00e3o Internet. Imagens e Projetos n\u00e3o autorais, sendo todos os direitos reservados aos seus respectivos produtores e criadores.<\/figcaption><\/figure><p>Al\u00e9m do material, voc\u00ea deve considerar outros fatores na hora de escolher o melhor tipo de brise.<\/p><p>O arquiteto deve considerar o or\u00e7amento do cliente ao decidir quais materiais utilizar.<\/p><p>Uma das principais raz\u00f5es \u00e9 que o brise \u00e9 uma parte cara de um edif\u00edcio e precisa de manuten\u00e7\u00e3o regularmente.<\/p><p>Dessa forma, o arquiteto deve decidir qual material se encaixa melhor no or\u00e7amento.<\/p><p><iframe style=\"width: 120px; height: 240px;\" src=\"\/\/ws-na.amazon-adsystem.com\/widgets\/q?ServiceVersion=20070822&amp;OneJS=1&amp;Operation=GetAdHtml&amp;MarketPlace=BR&amp;source=ss&amp;ref=as_ss_li_til&amp;ad_type=product_link&amp;tracking_id=aarquiteta-20&amp;language=pt_BR&amp;marketplace=amazon&amp;region=BR&amp;placement=8582605757&amp;asins=8582605757&amp;linkId=c0838e389abde18741c1c93a8c663147&amp;show_border=true&amp;link_opens_in_new_window=true\" frameborder=\"0\" marginwidth=\"0\" marginheight=\"0\" scrolling=\"no\" sandbox=\"allow-popups allow-scripts allow-modals allow-forms allow-same-origin\"><\/iframe><\/p><h2>Como projetar um brise?<\/h2><figure id=\"attachment_65630\" aria-describedby=\"caption-attachment-65630\" style=\"width: 1288px\" class=\"wp-caption alignnone\"><img decoding=\"async\" class=\"wp-image-65630 size-full\" src=\"https:\/\/www.aarquiteta.com.br\/blog\/wp-content\/uploads\/2022\/08\/brise-soleil.jpg\" alt=\"\" width=\"1288\" height=\"1000\" title=\"\" srcset=\"https:\/\/www.aarquiteta.com.br\/blog\/wp-content\/uploads\/2022\/08\/brise-soleil.jpg 1288w, https:\/\/www.aarquiteta.com.br\/blog\/wp-content\/uploads\/2022\/08\/brise-soleil-1024x795.jpg 1024w, https:\/\/www.aarquiteta.com.br\/blog\/wp-content\/uploads\/2022\/08\/brise-soleil-696x540.jpg 696w, https:\/\/www.aarquiteta.com.br\/blog\/wp-content\/uploads\/2022\/08\/brise-soleil-150x116.jpg 150w\" sizes=\"(max-width: 1288px) 100vw, 1288px\" \/><figcaption id=\"caption-attachment-65630\" class=\"wp-caption-text\">Foto: Reprodu\u00e7\u00e3o Internet. Imagens e Projetos n\u00e3o autorais, sendo todos os direitos reservados aos seus respectivos produtores e criadores.<\/figcaption><\/figure><p>Os lados leste e oeste do edif\u00edcio recebem sol no in\u00edcio da manh\u00e3 e no final da tarde, de modo que persianas verticais foram usadas nessas paredes.<\/p><p>O lado norte do pr\u00e9dio recebe sol durante todo o dia, ent\u00e3o foram utilizadas persianas horizontais nesse lado do pr\u00e9dio.<\/p><p>Nas laterais sul do pr\u00e9dio, geralmente n\u00e3o s\u00e3o necess\u00e1rios brises na fachada, pois o sol bate com menos frequ\u00eancia na lateral do pr\u00e9dio.<\/p><p>Existem dois tipos de fachadas com brise: horizontal e vertical.<\/p><p>O brise \u00e9 um elemento dram\u00e1tico da arquitetura. Se voc\u00ea precisa us\u00e1-lo em seus projetos, agora voc\u00ea sabe mais sobre ele e como ele pode ser utilizado!<\/p><p><iframe style=\"width: 120px; height: 240px;\" src=\"\/\/ws-na.amazon-adsystem.com\/widgets\/q?ServiceVersion=20070822&amp;OneJS=1&amp;Operation=GetAdHtml&amp;MarketPlace=BR&amp;source=ss&amp;ref=as_ss_li_til&amp;ad_type=product_link&amp;tracking_id=aarquiteta-20&amp;language=pt_BR&amp;marketplace=amazon&amp;region=BR&amp;placement=8527309807&amp;asins=8527309807&amp;linkId=c25119d70e9ff26a1f9a826eca7675a2&amp;show_border=true&amp;link_opens_in_new_window=true\" frameborder=\"0\" marginwidth=\"0\" marginheight=\"0\" scrolling=\"no\" sandbox=\"allow-popups allow-scripts allow-modals allow-forms allow-same-origin\"><\/iframe><\/p><p><em><strong>ATEN\u00c7\u00c3O:<\/strong>\u00a0Imagens e Projetos n\u00e3o autorais, sendo todos os direitos reservados aos seus respectivos produtores.<\/em><\/p><p><em>Sugest\u00e3o de aplica\u00e7\u00e3o e utiliza\u00e7\u00e3o dos produtos apenas por recomenda\u00e7\u00e3o por similaridade, sendo a venda e entrega dos mesmos de total responsabilidade do site distribuidor.<\/em><\/p><h2>E a\u00ed, gostou do artigo sobre Brise-soleil &#8211; Como utiliz\u00e1-lo em seus projetos?<\/h2><p>Ent\u00e3o, deslize, a tela para baixo e<a href=\"https:\/\/br.pinterest.com\/aarquitetapinterest\/_created\/\" target=\"_blank\" rel=\"noopener\"> <strong>confira<\/strong> <strong>mais dicas<\/strong><\/a> como estas e n\u00e3o se esque\u00e7a de compartilhar com os amigos!<\/p><p>Buscando por <strong>itens ou artigos para casa, decora\u00e7\u00e3o e reforma<\/strong>? Confira nosso grup\u00e3o de descontos no <strong><a href=\"https:\/\/t.me\/ofertasAArquiteta\" target=\"_blank\" rel=\"noopener\">Telegram<\/a><\/strong> ou no\u00a0<a href=\"http:\/\/bit.ly\/ofertasAArquiteta\" target=\"_blank\" rel=\"noopener\"><strong>Whatsapp<\/strong>!<\/a><\/p><p>Contudo, se voc\u00ea deseja receber <strong>ofertas de treinamentos e cursos para as \u00e1reas da Arquitetura, Design de Interiores,<\/strong> convido voc\u00ea a participar tamb\u00e9m deste grupo no <a href=\"https:\/\/t.me\/aarquitetablog\" target=\"_blank\" rel=\"noopener\"><strong>Telegram<\/strong><\/a> ou no\u00a0 <strong><a href=\"https:\/\/t.me\/aarquiteta\" target=\"_blank\" rel=\"noopener\">WhatsApp.<\/a><\/strong><\/p><p>Agora, se quiser mais artigos com dicas sobre o mundo da <a href=\"https:\/\/www.aarquiteta.com.br\/\" target=\"_blank\" rel=\"noopener\"><strong>Arquitetura e Decora\u00e7\u00e3o<\/strong><\/a>, ent\u00e3o confira alguns dos nossos artigos em:<\/p><ul><li><a href=\"https:\/\/www.aarquiteta.com.br\/blog\/paisagismo\/\" target=\"_blank\" rel=\"noopener\">Casa e Jardim<\/a><\/li><li><a href=\"https:\/\/www.aarquiteta.com.br\/blog\/arquitetura\/mundo-arquitetura\/\" target=\"_blank\" rel=\"noopener\">Mundo Arquitetura<\/a><\/li><li><a href=\"https:\/\/www.aarquiteta.com.br\/decoracao\/\" target=\"_blank\" rel=\"noopener\">Decora\u00e7\u00e3o<br \/>\n<\/a><\/li><\/ul>","protected":false},"excerpt":{"rendered":"<p>Brise-soleil &#8211; Confira neste artigo como utiliz\u00e1-lo em seus projetos!Buscando informa\u00e7\u00f5es sobre conforto t\u00e9rmico para amenizar a insid\u00eancia solar e reduzir a temperatura do seu projeto?Confira neste artigo este artificio arquitet\u00f4nico que pode ajudar a manter a temperatura da sua constru\u00e7\u00e3o mais agrad\u00e1vel e ainda contribuir com a redu\u00e7\u00e3o de consumo en\u00e9rgitico, deixando sua conta [&hellip;]<\/p>\n","protected":false},"author":102,"featured_media":65618,"comment_status":"open","ping_status":"closed","sticky":false,"template":"","format":"standard","meta":{"footnotes":""},"categories":[249,20346],"tags":[8447,5258,6695,20783],"class_list":["post-65503","post","type-post","status-publish","format-standard","has-post-thumbnail","category-engenharia-e-construcao-civil","category-termos-de-arquitetura","tag-brise","tag-brise-soleil","tag-brises","tag-projeto-com-brise"],"_wp_attached_file":null,"_wp_attachment_metadata":null,"_wp_attachment_context":null,"_wp_attachment_is_custom_header":null,"geo_longitude":null,"geo_public":null,"geo_latitude":null,"_publicize_done_external":null,"_wpas_done_3897181":null,"publicize_twitter_user":null,"_wpas_done_3897175":null,"_wpas_skip_3897181":null,"_wpas_skip_3897175":null,"_wpas_skip_3924723":null,"_wpas_mess":null,"_wpas_done_3924723":null,"wps_subtitle":"Buscando informa\u00e7\u00f5es sobre conforto t\u00e9rmico para amenizar a incid\u00eancia solar e reduzir a temperatura do seu projeto. Conhe\u00e7a ent\u00e3o o brise!","_links":{"self":[{"href":"https:\/\/www.aarquiteta.com.br\/blog\/wp-json\/wp\/v2\/posts\/65503","targetHints":{"allow":["GET"]}}],"collection":[{"href":"https:\/\/www.aarquiteta.com.br\/blog\/wp-json\/wp\/v2\/posts"}],"about":[{"href":"https:\/\/www.aarquiteta.com.br\/blog\/wp-json\/wp\/v2\/types\/post"}],"author":[{"embeddable":true,"href":"https:\/\/www.aarquiteta.com.br\/blog\/wp-json\/wp\/v2\/users\/102"}],"replies":[{"embeddable":true,"href":"https:\/\/www.aarquiteta.com.br\/blog\/wp-json\/wp\/v2\/comments?post=65503"}],"version-history":[{"count":0,"href":"https:\/\/www.aarquiteta.com.br\/blog\/wp-json\/wp\/v2\/posts\/65503\/revisions"}],"wp:featuredmedia":[{"embeddable":true,"href":"https:\/\/www.aarquiteta.com.br\/blog\/wp-json\/wp\/v2\/media\/65618"}],"wp:attachment":[{"href":"https:\/\/www.aarquiteta.com.br\/blog\/wp-json\/wp\/v2\/media?parent=65503"}],"wp:term":[{"taxonomy":"category","embeddable":true,"href":"https:\/\/www.aarquiteta.com.br\/blog\/wp-json\/wp\/v2\/categories?post=65503"},{"taxonomy":"post_tag","embeddable":true,"href":"https:\/\/www.aarquiteta.com.br\/blog\/wp-json\/wp\/v2\/tags?post=65503"}],"curies":[{"name":"wp","href":"https:\/\/api.w.org\/{rel}","templated":true}]}}