{"id":65477,"date":"2022-08-01T11:44:31","date_gmt":"2022-08-01T14:44:31","guid":{"rendered":"http:\/\/aarquiteta.com.br\/?p=65477"},"modified":"2022-08-01T11:40:06","modified_gmt":"2022-08-01T14:40:06","slug":"mesa-de-centro-moderna","status":"publish","type":"post","link":"https:\/\/www.aarquiteta.com.br\/blog\/mesa-de-centro-moderna\/","title":{"rendered":"Mesa de centro moderna"},"content":{"rendered":"<figure id=\"attachment_65519\" aria-describedby=\"caption-attachment-65519\" style=\"width: 800px\" class=\"wp-caption alignnone\"><img decoding=\"async\" class=\"wp-image-65519 size-full\" src=\"https:\/\/www.aarquiteta.com.br\/blog\/wp-content\/uploads\/2022\/08\/mesa14.jpg\" alt=\"mesa14\" width=\"800\" height=\"600\" title=\"\" srcset=\"https:\/\/www.aarquiteta.com.br\/blog\/wp-content\/uploads\/2022\/08\/mesa14.jpg 800w, https:\/\/www.aarquiteta.com.br\/blog\/wp-content\/uploads\/2022\/08\/mesa14-696x522.jpg 696w, https:\/\/www.aarquiteta.com.br\/blog\/wp-content\/uploads\/2022\/08\/mesa14-150x113.jpg 150w\" sizes=\"(max-width: 800px) 100vw, 800px\" \/><figcaption id=\"caption-attachment-65519\" class=\"wp-caption-text\">Por: Original House<\/figcaption><\/figure>\n<p>&nbsp;<\/p>\n<p>Uma Mesa de centro \u00e9, sem d\u00favida, um cl\u00e1ssico que pode fazer ou quebrar o design de uma sala, mas n\u00e3o \u00e9 mais apenas para jogar os p\u00e9s para cima.<\/p>\n<p>Mesas de centro modernas podem criar armazenamento extra, incluir um espa\u00e7o de trabalho, funcionar como um terr\u00e1rio ou at\u00e9 mesmo ser um local para guardar seus lanches e livros!<\/p>\n<figure id=\"attachment_65516\" aria-describedby=\"caption-attachment-65516\" style=\"width: 520px\" class=\"wp-caption alignnone\"><img decoding=\"async\" class=\"wp-image-65516 size-full\" src=\"https:\/\/www.aarquiteta.com.br\/blog\/wp-content\/uploads\/2022\/08\/mesa12.jpg\" alt=\"mesa12\" width=\"520\" height=\"520\" title=\"\" srcset=\"https:\/\/www.aarquiteta.com.br\/blog\/wp-content\/uploads\/2022\/08\/mesa12.jpg 520w, https:\/\/www.aarquiteta.com.br\/blog\/wp-content\/uploads\/2022\/08\/mesa12-96x96.jpg 96w, https:\/\/www.aarquiteta.com.br\/blog\/wp-content\/uploads\/2022\/08\/mesa12-150x150.jpg 150w\" sizes=\"(max-width: 520px) 100vw, 520px\" \/><figcaption id=\"caption-attachment-65516\" class=\"wp-caption-text\">Por: Atelier Cl\u00e1ssico<\/figcaption><\/figure>\n<p>&nbsp;<\/p>\n<p>De hiper funcional a simplesmente elegante, do moderno ao chique da fazenda e tudo mais, nos certificamos de incluir uma variedade de designs para se adequar a todos os estilos.<\/p>\n<figure id=\"attachment_65518\" aria-describedby=\"caption-attachment-65518\" style=\"width: 600px\" class=\"wp-caption alignnone\"><img decoding=\"async\" class=\"wp-image-65518 size-full\" src=\"https:\/\/www.aarquiteta.com.br\/blog\/wp-content\/uploads\/2022\/08\/mesa13.webp\" alt=\"mesa13\" width=\"600\" height=\"600\" title=\"\" srcset=\"https:\/\/www.aarquiteta.com.br\/blog\/wp-content\/uploads\/2022\/08\/mesa13.webp 600w, https:\/\/www.aarquiteta.com.br\/blog\/wp-content\/uploads\/2022\/08\/mesa13-96x96.webp 96w, https:\/\/www.aarquiteta.com.br\/blog\/wp-content\/uploads\/2022\/08\/mesa13-150x150.webp 150w\" sizes=\"(max-width: 600px) 100vw, 600px\" \/><figcaption id=\"caption-attachment-65518\" class=\"wp-caption-text\">Por: Madeira Madeira<\/figcaption><\/figure>\n<p>&nbsp;<\/p>\n<p>Tudo que voc\u00ea tem a fazer \u00e9 escolher qual voc\u00ea mais gosta!<\/p>\n<p>Confira as 8 melhores mesas modernas da atualidade:<\/p>\n<h3>1 \u2014 Mesa de centro branca moderna:<\/h3>\n<p>Empoleirada em uma base de plataforma elegante, esta mesa de centro\u00a0branca\u00a0e preta leva a eleg\u00e2ncia moderna a um novo n\u00edvel com seu tampo de vidro temperado e design simplista e elegante.<\/p>\n<p>A mesa perfeita para segurar seu copo de vinho enquanto voc\u00ea l\u00ea suas \u00faltimas leituras.<\/p>\n<figure id=\"attachment_65478\" aria-describedby=\"caption-attachment-65478\" style=\"width: 530px\" class=\"wp-caption alignnone\"><img decoding=\"async\" class=\"wp-image-65478 size-full\" src=\"https:\/\/www.aarquiteta.com.br\/blog\/wp-content\/uploads\/2022\/08\/mesa.jpg\" alt=\"mesa\" width=\"530\" height=\"392\" title=\"\" srcset=\"https:\/\/www.aarquiteta.com.br\/blog\/wp-content\/uploads\/2022\/08\/mesa.jpg 530w, https:\/\/www.aarquiteta.com.br\/blog\/wp-content\/uploads\/2022\/08\/mesa-150x111.jpg 150w\" sizes=\"(max-width: 530px) 100vw, 530px\" \/><figcaption id=\"caption-attachment-65478\" class=\"wp-caption-text\">Por: Doce Obra<\/figcaption><\/figure>\n<p>&nbsp;<\/p>\n<h3>2 \u2014 Mesa de centro retangular branca moderna com pernas\u00a0cromadas:<\/h3>\n<p>Esta beleza com pernas cromadas n\u00e3o apenas possui alto estilo com seu tampo branco brilhante e charme moderno, mas tamb\u00e9m \u00e9 altamente acess\u00edvel, dur\u00e1vel e f\u00e1cil de limpar.<\/p>\n<figure id=\"attachment_65482\" aria-describedby=\"caption-attachment-65482\" style=\"width: 500px\" class=\"wp-caption alignnone\"><img decoding=\"async\" class=\"wp-image-65482 size-full\" src=\"https:\/\/www.aarquiteta.com.br\/blog\/wp-content\/uploads\/2022\/08\/mesa1.webp\" alt=\"mesa1\" width=\"500\" height=\"500\" title=\"\" srcset=\"https:\/\/www.aarquiteta.com.br\/blog\/wp-content\/uploads\/2022\/08\/mesa1.webp 500w, https:\/\/www.aarquiteta.com.br\/blog\/wp-content\/uploads\/2022\/08\/mesa1-96x96.webp 96w, https:\/\/www.aarquiteta.com.br\/blog\/wp-content\/uploads\/2022\/08\/mesa1-150x150.webp 150w\" sizes=\"(max-width: 500px) 100vw, 500px\" \/><figcaption id=\"caption-attachment-65482\" class=\"wp-caption-text\">Por: Submarino<\/figcaption><\/figure>\n<p>&nbsp;<\/p>\n<figure id=\"attachment_65483\" aria-describedby=\"caption-attachment-65483\" style=\"width: 500px\" class=\"wp-caption alignnone\"><img decoding=\"async\" class=\"wp-image-65483 size-full\" src=\"https:\/\/www.aarquiteta.com.br\/blog\/wp-content\/uploads\/2022\/08\/mesa2.jpg\" alt=\"mesa2\" width=\"500\" height=\"500\" title=\"\" srcset=\"https:\/\/www.aarquiteta.com.br\/blog\/wp-content\/uploads\/2022\/08\/mesa2.jpg 500w, https:\/\/www.aarquiteta.com.br\/blog\/wp-content\/uploads\/2022\/08\/mesa2-96x96.jpg 96w, https:\/\/www.aarquiteta.com.br\/blog\/wp-content\/uploads\/2022\/08\/mesa2-150x150.jpg 150w\" sizes=\"(max-width: 500px) 100vw, 500px\" \/><figcaption id=\"caption-attachment-65483\" class=\"wp-caption-text\">Por: ML<\/figcaption><\/figure>\n<p>&nbsp;<\/p>\n<h3>3 \u2014 Mesa de centro girat\u00f3ria de madeira maci\u00e7a quadrada:<\/h3>\n<div class=\"gallery-item masonry-brick\">\n<div class=\"gallery-icon\">Este cron\u00f4metro antigo com um toque moderno certamente ser\u00e1 uma pe\u00e7a de conversa em qualquer sala.<\/div>\n<div class=\"gallery-icon\">Elegante enquanto empilhado e encantadoramente \u00fanico enquanto aberto.<\/div>\n<\/div>\n<div><\/div>\n<div>\n<figure id=\"attachment_65486\" aria-describedby=\"caption-attachment-65486\" style=\"width: 564px\" class=\"wp-caption alignnone\"><img decoding=\"async\" class=\"wp-image-65486 size-full\" src=\"https:\/\/www.aarquiteta.com.br\/blog\/wp-content\/uploads\/2022\/08\/mesa3.jpg\" alt=\"mesa3\" width=\"564\" height=\"1128\" title=\"\" srcset=\"https:\/\/www.aarquiteta.com.br\/blog\/wp-content\/uploads\/2022\/08\/mesa3.jpg 564w, https:\/\/www.aarquiteta.com.br\/blog\/wp-content\/uploads\/2022\/08\/mesa3-512x1024.jpg 512w, https:\/\/www.aarquiteta.com.br\/blog\/wp-content\/uploads\/2022\/08\/mesa3-150x300.jpg 150w\" sizes=\"(max-width: 564px) 100vw, 564px\" \/><figcaption id=\"caption-attachment-65486\" class=\"wp-caption-text\">Pinterest<\/figcaption><\/figure>\n<\/div>\n<div><\/div>\n<h3>4 \u2014 Mesa de centro de vidro:<\/h3>\n<div><\/div>\n<div>Ousada, esta mesa de centro arejada e toda de vidro \u00e9 uma pe\u00e7a de show.<\/div>\n<div>O design\u00a0 e o estilo minimalista faz dela uma mesa que combina com qualquer decora\u00e7\u00e3o.<\/div>\n<div><\/div>\n<div>\n<figure id=\"attachment_65487\" aria-describedby=\"caption-attachment-65487\" style=\"width: 564px\" class=\"wp-caption alignnone\"><img decoding=\"async\" class=\"wp-image-65487 size-full\" src=\"https:\/\/www.aarquiteta.com.br\/blog\/wp-content\/uploads\/2022\/08\/mesa4.jpg\" alt=\"mesa4\" width=\"564\" height=\"724\" title=\"\" srcset=\"https:\/\/www.aarquiteta.com.br\/blog\/wp-content\/uploads\/2022\/08\/mesa4.jpg 564w, https:\/\/www.aarquiteta.com.br\/blog\/wp-content\/uploads\/2022\/08\/mesa4-150x193.jpg 150w\" sizes=\"(max-width: 564px) 100vw, 564px\" \/><figcaption id=\"caption-attachment-65487\" class=\"wp-caption-text\">Pinterest<\/figcaption><\/figure>\n<\/div>\n<div><\/div>\n<div>\n<figure id=\"attachment_65489\" aria-describedby=\"caption-attachment-65489\" style=\"width: 563px\" class=\"wp-caption alignnone\"><img decoding=\"async\" class=\"wp-image-65489 size-full\" src=\"https:\/\/www.aarquiteta.com.br\/blog\/wp-content\/uploads\/2022\/08\/mesa5.jpg\" alt=\"mesa5\" width=\"563\" height=\"676\" title=\"\" srcset=\"https:\/\/www.aarquiteta.com.br\/blog\/wp-content\/uploads\/2022\/08\/mesa5.jpg 563w, https:\/\/www.aarquiteta.com.br\/blog\/wp-content\/uploads\/2022\/08\/mesa5-150x180.jpg 150w\" sizes=\"(max-width: 563px) 100vw, 563px\" \/><figcaption id=\"caption-attachment-65489\" class=\"wp-caption-text\">Pinterest<\/figcaption><\/figure>\n<\/div>\n<p>&nbsp;<\/p>\n<h3>5 \u2014 Mesa de centro r\u00fastica:<\/h3>\n<p>O tampo da mesa de madeira e os acabamentos contrastantes nesta mesa de centro r\u00fastica ajudam a dar a vibe country chic mais procurada para quem quer seguir este estilo de campo.<\/p>\n<p>&nbsp;<\/p>\n<figure id=\"attachment_65493\" aria-describedby=\"caption-attachment-65493\" style=\"width: 564px\" class=\"wp-caption alignnone\"><img decoding=\"async\" class=\"wp-image-65493 size-full\" src=\"https:\/\/www.aarquiteta.com.br\/blog\/wp-content\/uploads\/2022\/08\/mesa6.jpg\" alt=\"mesa6\" width=\"564\" height=\"845\" title=\"\" srcset=\"https:\/\/www.aarquiteta.com.br\/blog\/wp-content\/uploads\/2022\/08\/mesa6.jpg 564w, https:\/\/www.aarquiteta.com.br\/blog\/wp-content\/uploads\/2022\/08\/mesa6-150x225.jpg 150w\" sizes=\"(max-width: 564px) 100vw, 564px\" \/><figcaption id=\"caption-attachment-65493\" class=\"wp-caption-text\">Por: Madeirado<\/figcaption><\/figure>\n<p>&nbsp;<\/p>\n<figure id=\"attachment_65498\" aria-describedby=\"caption-attachment-65498\" style=\"width: 675px\" class=\"wp-caption alignnone\"><img decoding=\"async\" class=\"wp-image-65498\" src=\"https:\/\/www.aarquiteta.com.br\/blog\/wp-content\/uploads\/2022\/08\/mesa7.jpg\" alt=\"mesa7\" width=\"675\" height=\"495\" title=\"\" srcset=\"https:\/\/www.aarquiteta.com.br\/blog\/wp-content\/uploads\/2022\/08\/mesa7.jpg 509w, https:\/\/www.aarquiteta.com.br\/blog\/wp-content\/uploads\/2022\/08\/mesa7-150x110.jpg 150w\" sizes=\"(max-width: 675px) 100vw, 675px\" \/><figcaption id=\"caption-attachment-65498\" class=\"wp-caption-text\">Por: Decorando Casas<\/figcaption><\/figure>\n<p>&nbsp;<\/p>\n<h3>7 \u2014 Mesa de centro moderna com lareira embutida:<\/h3>\n<p>Esta mesa de centro leva o aconchego a um n\u00edvel totalmente novo com sua lareira embutida.<\/p>\n<p>Um lugar zen para relaxar com um copo de vinho e um bom livro.<\/p>\n<figure id=\"attachment_65505\" aria-describedby=\"caption-attachment-65505\" style=\"width: 800px\" class=\"wp-caption alignnone\"><img decoding=\"async\" class=\"wp-image-65505 size-full\" src=\"https:\/\/www.aarquiteta.com.br\/blog\/wp-content\/uploads\/2022\/08\/mesa9.jpg\" alt=\"mesa9\" width=\"800\" height=\"533\" title=\"\" srcset=\"https:\/\/www.aarquiteta.com.br\/blog\/wp-content\/uploads\/2022\/08\/mesa9.jpg 800w, https:\/\/www.aarquiteta.com.br\/blog\/wp-content\/uploads\/2022\/08\/mesa9-696x464.jpg 696w, https:\/\/www.aarquiteta.com.br\/blog\/wp-content\/uploads\/2022\/08\/mesa9-150x100.jpg 150w\" sizes=\"(max-width: 800px) 100vw, 800px\" \/><figcaption id=\"caption-attachment-65505\" class=\"wp-caption-text\">Pinterest<\/figcaption><\/figure>\n<p>&nbsp;<\/p>\n<figure id=\"attachment_65506\" aria-describedby=\"caption-attachment-65506\" style=\"width: 1657px\" class=\"wp-caption alignnone\"><img decoding=\"async\" class=\"wp-image-65506 size-full\" src=\"https:\/\/www.aarquiteta.com.br\/blog\/wp-content\/uploads\/2022\/08\/mesa8.jpg\" alt=\"mesa8\" width=\"1657\" height=\"1128\" title=\"\" srcset=\"https:\/\/www.aarquiteta.com.br\/blog\/wp-content\/uploads\/2022\/08\/mesa8.jpg 1657w, https:\/\/www.aarquiteta.com.br\/blog\/wp-content\/uploads\/2022\/08\/mesa8-1024x697.jpg 1024w, https:\/\/www.aarquiteta.com.br\/blog\/wp-content\/uploads\/2022\/08\/mesa8-696x474.jpg 696w, https:\/\/www.aarquiteta.com.br\/blog\/wp-content\/uploads\/2022\/08\/mesa8-150x102.jpg 150w\" sizes=\"(max-width: 1657px) 100vw, 1657px\" \/><figcaption id=\"caption-attachment-65506\" class=\"wp-caption-text\">Por: Madeira Madeira<\/figcaption><\/figure>\n<p>&nbsp;<\/p>\n<h3>8 \u2014 Mesa de centro de resina:<\/h3>\n<p>Se voc\u00ea quer uma mesa de centro verdadeiramente \u00fanica, ent\u00e3o a artesanal \u00e9 uma obriga\u00e7\u00e3o.<\/p>\n<p>Criado \u00e0 m\u00e3o com uma mistura de madeira e resina, n\u00e3o h\u00e1 dois exatamente iguais, ent\u00e3o voc\u00ea tem a garantia de uma mesa \u00fanica.<\/p>\n<figure id=\"attachment_65513\" aria-describedby=\"caption-attachment-65513\" style=\"width: 600px\" class=\"wp-caption alignnone\"><img decoding=\"async\" class=\"wp-image-65513 size-full\" src=\"https:\/\/www.aarquiteta.com.br\/blog\/wp-content\/uploads\/2022\/08\/mesa10-1.jpg\" alt=\"mesa10\" width=\"600\" height=\"400\" title=\"\" srcset=\"https:\/\/www.aarquiteta.com.br\/blog\/wp-content\/uploads\/2022\/08\/mesa10-1.jpg 600w, https:\/\/www.aarquiteta.com.br\/blog\/wp-content\/uploads\/2022\/08\/mesa10-1-150x100.jpg 150w\" sizes=\"(max-width: 600px) 100vw, 600px\" \/><figcaption id=\"caption-attachment-65513\" class=\"wp-caption-text\">Por: Artesanato Passo a Passo<\/figcaption><\/figure>\n<p>&nbsp;<\/p>\n<figure id=\"attachment_65514\" aria-describedby=\"caption-attachment-65514\" style=\"width: 640px\" class=\"wp-caption alignnone\"><img decoding=\"async\" class=\"wp-image-65514 size-large\" src=\"https:\/\/www.aarquiteta.com.br\/blog\/wp-content\/uploads\/2022\/08\/mesa11-768x1024.jpg\" alt=\"mesa11\" width=\"640\" height=\"853\" title=\"\" srcset=\"https:\/\/www.aarquiteta.com.br\/blog\/wp-content\/uploads\/2022\/08\/mesa11-768x1024.jpg 768w, https:\/\/www.aarquiteta.com.br\/blog\/wp-content\/uploads\/2022\/08\/mesa11-696x928.jpg 696w, https:\/\/www.aarquiteta.com.br\/blog\/wp-content\/uploads\/2022\/08\/mesa11-640x853.jpg 640w, https:\/\/www.aarquiteta.com.br\/blog\/wp-content\/uploads\/2022\/08\/mesa11-150x200.jpg 150w, https:\/\/www.aarquiteta.com.br\/blog\/wp-content\/uploads\/2022\/08\/mesa11.jpg 780w\" sizes=\"(max-width: 640px) 100vw, 640px\" \/><figcaption id=\"caption-attachment-65514\" class=\"wp-caption-text\">Pinterest<\/figcaption><\/figure>\n<p>&nbsp;<\/p>\n<p>Seja qual for a sua mesa, o importante \u00e9 ter no aconchego de sua sala!<\/p>\n<h2>E a\u00ed, gostou do artigo sobre Mesa de centro moderna?<\/h2>\n<p>Ent\u00e3o deslize a tela para baixo e<a href=\"https:\/\/br.pinterest.com\/aarquitetapinterest\/_created\/\" target=\"_blank\" rel=\"noopener\"> confira mais dicas<\/a> como esta e n\u00e3o se esque\u00e7a de compartilhar com os amigos!<\/p>\n<p>Quer mais dicas sobre o mundo da Arquitetura e Decora\u00e7\u00e3o, ent\u00e3o confira alguns dos nossos artigos em:<\/p>\n<ul>\n<li><a href=\"https:\/\/www.aarquiteta.com.br\/blog\/paisagismo\/\" target=\"_blank\" rel=\"noopener\">Casa e Jardim<\/a><\/li>\n<li><a href=\"https:\/\/www.aarquiteta.com.br\/blog\/arquitetura\/mundo-arquitetura\/\" target=\"_blank\" rel=\"noopener\">Mundo Arquitetura<\/a><\/li>\n<li><a href=\"https:\/\/www.aarquiteta.com.br\/decoracao\/\" target=\"_blank\" rel=\"noopener\">Decora\u00e7\u00e3o<br \/>\n<\/a><\/li>\n<\/ul>\n<p>&nbsp;<\/p>\n<p>&nbsp;<\/p>\n<div><\/div>\n","protected":false},"excerpt":{"rendered":"<p>&nbsp; Uma Mesa de centro \u00e9, sem d\u00favida, um cl\u00e1ssico que pode fazer ou quebrar o design de uma sala, mas n\u00e3o \u00e9 mais apenas para jogar os p\u00e9s para cima. Mesas de centro modernas podem criar armazenamento extra, incluir um espa\u00e7o de trabalho, funcionar como um terr\u00e1rio ou at\u00e9 mesmo ser um local para [&hellip;]<\/p>\n","protected":false},"author":102,"featured_media":65519,"comment_status":"open","ping_status":"closed","sticky":false,"template":"","format":"standard","meta":{"footnotes":""},"categories":[10005],"tags":[20743,20742,9989],"class_list":["post-65477","post","type-post","status-publish","format-standard","has-post-thumbnail","category-casa-e-jardim","tag-as-melhores-mesas-de-centro-atual","tag-mesa-de-centro-moderna","tag-mesinha-de-centro"],"_wp_attached_file":null,"_wp_attachment_metadata":null,"_wp_attachment_context":null,"_wp_attachment_is_custom_header":null,"geo_longitude":null,"geo_public":null,"geo_latitude":null,"_publicize_done_external":null,"_wpas_done_3897181":null,"publicize_twitter_user":null,"_wpas_done_3897175":null,"_wpas_skip_3897181":null,"_wpas_skip_3897175":null,"_wpas_skip_3924723":null,"_wpas_mess":null,"_wpas_done_3924723":null,"wps_subtitle":"Confra as 8 melhores mesas de centro modernas para a sua sala!","_links":{"self":[{"href":"https:\/\/www.aarquiteta.com.br\/blog\/wp-json\/wp\/v2\/posts\/65477","targetHints":{"allow":["GET"]}}],"collection":[{"href":"https:\/\/www.aarquiteta.com.br\/blog\/wp-json\/wp\/v2\/posts"}],"about":[{"href":"https:\/\/www.aarquiteta.com.br\/blog\/wp-json\/wp\/v2\/types\/post"}],"author":[{"embeddable":true,"href":"https:\/\/www.aarquiteta.com.br\/blog\/wp-json\/wp\/v2\/users\/102"}],"replies":[{"embeddable":true,"href":"https:\/\/www.aarquiteta.com.br\/blog\/wp-json\/wp\/v2\/comments?post=65477"}],"version-history":[{"count":0,"href":"https:\/\/www.aarquiteta.com.br\/blog\/wp-json\/wp\/v2\/posts\/65477\/revisions"}],"wp:featuredmedia":[{"embeddable":true,"href":"https:\/\/www.aarquiteta.com.br\/blog\/wp-json\/wp\/v2\/media\/65519"}],"wp:attachment":[{"href":"https:\/\/www.aarquiteta.com.br\/blog\/wp-json\/wp\/v2\/media?parent=65477"}],"wp:term":[{"taxonomy":"category","embeddable":true,"href":"https:\/\/www.aarquiteta.com.br\/blog\/wp-json\/wp\/v2\/categories?post=65477"},{"taxonomy":"post_tag","embeddable":true,"href":"https:\/\/www.aarquiteta.com.br\/blog\/wp-json\/wp\/v2\/tags?post=65477"}],"curies":[{"name":"wp","href":"https:\/\/api.w.org\/{rel}","templated":true}]}}