{"id":65173,"date":"2022-07-30T20:00:36","date_gmt":"2022-07-30T23:00:36","guid":{"rendered":"http:\/\/aarquiteta.com.br\/?p=65173"},"modified":"2024-07-01T14:15:15","modified_gmt":"2024-07-01T17:15:15","slug":"ideias-de-organizacao-de-cozinha","status":"publish","type":"post","link":"https:\/\/www.aarquiteta.com.br\/blog\/ideias-de-organizacao-de-cozinha\/","title":{"rendered":"Ideias de organiza\u00e7\u00e3o de cozinha"},"content":{"rendered":"<p>As ca\u00e7as ao tesouro s\u00f3 s\u00e3o divertidas quando voc\u00ea tem tempo e acabam com bons pr\u00eamios em vez de utens\u00edlios de cozinha que voc\u00ea deve encontrar facilmente.<\/p>\n<p>Apresentamos algumas das melhores ideias de organiza\u00e7\u00e3o de cozinha para ajud\u00e1-lo a evitar gincanas desnecess\u00e1rias em toda a sua cozinha.<\/p>\n<figure id=\"attachment_65414\" aria-describedby=\"caption-attachment-65414\" style=\"width: 832px\" class=\"wp-caption alignnone\"><img decoding=\"async\" class=\"wp-image-65414 size-full\" src=\"https:\/\/www.aarquiteta.com.br\/blog\/wp-content\/uploads\/2022\/07\/ideia14.jpg\" alt=\"ideia14\" width=\"832\" height=\"520\" title=\"\" srcset=\"https:\/\/www.aarquiteta.com.br\/blog\/wp-content\/uploads\/2022\/07\/ideia14.jpg 832w, https:\/\/www.aarquiteta.com.br\/blog\/wp-content\/uploads\/2022\/07\/ideia14-696x435.jpg 696w, https:\/\/www.aarquiteta.com.br\/blog\/wp-content\/uploads\/2022\/07\/ideia14-150x94.jpg 150w\" sizes=\"(max-width: 832px) 100vw, 832px\" \/><figcaption id=\"caption-attachment-65414\" class=\"wp-caption-text\">Por: Alto Astral<\/figcaption><\/figure>\n<p>Veja a seguir alguns exemplos mais pr\u00e1ticos e \u00e9 sempre bom ter para mantermos o local organizado:<\/p>\n<h3>1 \u2014 Reforma simples de despensa de cozinha pequena<\/h3>\n<p>Quando o espa\u00e7o na despensa \u00e9 limitado, essa \u00e1rea pode ficar um pouco confusa.<\/p>\n<p>Felizmente, \u00e9 t\u00e3o f\u00e1cil de organizar usando cestas e potes de v\u00e1rios tamanhos.<\/p>\n<figure id=\"attachment_65333\" aria-describedby=\"caption-attachment-65333\" style=\"width: 564px\" class=\"wp-caption alignnone\"><img decoding=\"async\" class=\"wp-image-65333 size-full\" src=\"https:\/\/www.aarquiteta.com.br\/blog\/wp-content\/uploads\/2022\/07\/ideia.jpg\" alt=\"ideia\" width=\"564\" height=\"707\" title=\"\" srcset=\"https:\/\/www.aarquiteta.com.br\/blog\/wp-content\/uploads\/2022\/07\/ideia.jpg 564w, https:\/\/www.aarquiteta.com.br\/blog\/wp-content\/uploads\/2022\/07\/ideia-150x188.jpg 150w\" sizes=\"(max-width: 564px) 100vw, 564px\" \/><figcaption id=\"caption-attachment-65333\" class=\"wp-caption-text\">Pinterest<\/figcaption><\/figure>\n<p>Esta \u00e9 a maneira perfeita de encontrar o que voc\u00ea est\u00e1 procurando mais rapidamente.<\/p>\n<p>Considere adicionar alguns r\u00f3tulos aos potes e cestas para que todos saibam para onde ir.<\/p>\n<figure id=\"attachment_65385\" aria-describedby=\"caption-attachment-65385\" style=\"width: 667px\" class=\"wp-caption alignnone\"><img decoding=\"async\" class=\"wp-image-65385 size-full\" src=\"https:\/\/www.aarquiteta.com.br\/blog\/wp-content\/uploads\/2022\/07\/ideia2.jpg\" alt=\"ideia2\" width=\"667\" height=\"1000\" title=\"\" srcset=\"https:\/\/www.aarquiteta.com.br\/blog\/wp-content\/uploads\/2022\/07\/ideia2.jpg 667w, https:\/\/www.aarquiteta.com.br\/blog\/wp-content\/uploads\/2022\/07\/ideia2-150x225.jpg 150w\" sizes=\"(max-width: 667px) 100vw, 667px\" \/><figcaption id=\"caption-attachment-65385\" class=\"wp-caption-text\">Por: Vamos Receber<\/figcaption><\/figure>\n<h3>2 \u2014 Organizador de gaveta para caf\u00e9:<\/h3>\n<figure id=\"attachment_65389\" aria-describedby=\"caption-attachment-65389\" style=\"width: 679px\" class=\"wp-caption alignnone\"><img decoding=\"async\" class=\"wp-image-65389 size-full\" src=\"https:\/\/www.aarquiteta.com.br\/blog\/wp-content\/uploads\/2022\/07\/ideia3.jpg\" alt=\"ideia3\" width=\"679\" height=\"1000\" title=\"\" srcset=\"https:\/\/www.aarquiteta.com.br\/blog\/wp-content\/uploads\/2022\/07\/ideia3.jpg 679w, https:\/\/www.aarquiteta.com.br\/blog\/wp-content\/uploads\/2022\/07\/ideia3-150x221.jpg 150w\" sizes=\"(max-width: 679px) 100vw, 679px\" \/><figcaption id=\"caption-attachment-65389\" class=\"wp-caption-text\">Por: Ideias Decor<\/figcaption><\/figure>\n<p>Para os amantes de caf\u00e9, \u00e9 \u00fatil ter uma esta\u00e7\u00e3o dedicada \u00e0s bebidas matinais, mas \u00e0s vezes, todos esses pequenos recursos extras, como c\u00e1psulas, cremes, canudos, etc.<\/p>\n<p>Se a sua esta\u00e7\u00e3o de trabalho estiver na bancada da cozinha, voc\u00ea pode usar as gavetas pr\u00f3ximas e criar uma \u00e1rea de armazenamento seccional.<\/p>\n<p>Cada item tem seu pr\u00f3prio lugar para que nada se perca.<\/p>\n<figure id=\"attachment_65392\" aria-describedby=\"caption-attachment-65392\" style=\"width: 640px\" class=\"wp-caption alignnone\"><img decoding=\"async\" class=\"wp-image-65392 size-full\" src=\"https:\/\/www.aarquiteta.com.br\/blog\/wp-content\/uploads\/2022\/07\/ideia4.jpg\" alt=\"ideia4\" width=\"640\" height=\"640\" title=\"\" srcset=\"https:\/\/www.aarquiteta.com.br\/blog\/wp-content\/uploads\/2022\/07\/ideia4.jpg 640w, https:\/\/www.aarquiteta.com.br\/blog\/wp-content\/uploads\/2022\/07\/ideia4-96x96.jpg 96w, https:\/\/www.aarquiteta.com.br\/blog\/wp-content\/uploads\/2022\/07\/ideia4-150x150.jpg 150w\" sizes=\"(max-width: 640px) 100vw, 640px\" \/><figcaption id=\"caption-attachment-65392\" class=\"wp-caption-text\">Pinterest<\/figcaption><\/figure>\n<h3>3 \u2014 Rack de panela montado na parede:<\/h3>\n<p>&nbsp;<\/p>\n<figure id=\"attachment_65394\" aria-describedby=\"caption-attachment-65394\" style=\"width: 545px\" class=\"wp-caption alignnone\"><img decoding=\"async\" class=\"wp-image-65394 size-full\" src=\"https:\/\/www.aarquiteta.com.br\/blog\/wp-content\/uploads\/2022\/07\/ideia5.jpg\" alt=\"ideia5\" width=\"545\" height=\"365\" title=\"\" srcset=\"https:\/\/www.aarquiteta.com.br\/blog\/wp-content\/uploads\/2022\/07\/ideia5.jpg 545w, https:\/\/www.aarquiteta.com.br\/blog\/wp-content\/uploads\/2022\/07\/ideia5-150x100.jpg 150w\" sizes=\"(max-width: 545px) 100vw, 545px\" \/><figcaption id=\"caption-attachment-65394\" class=\"wp-caption-text\">Por: Decorando Casas<\/figcaption><\/figure>\n<p>\u00c9 divertido ter panelas para todas as suas necessidades culin\u00e1rias, mas armazen\u00e1-las pode ser frustrante.<\/p>\n<p>Por que n\u00e3o apenas pendur\u00e1-los todos em prateleiras de panelas?<\/p>\n<figure id=\"attachment_65417\" aria-describedby=\"caption-attachment-65417\" style=\"width: 1100px\" class=\"wp-caption alignnone\"><img decoding=\"async\" class=\"wp-image-65417 size-full\" src=\"https:\/\/www.aarquiteta.com.br\/blog\/wp-content\/uploads\/2022\/07\/ideia16.jpg\" alt=\"ideia16\" width=\"1100\" height=\"1391\" title=\"\" srcset=\"https:\/\/www.aarquiteta.com.br\/blog\/wp-content\/uploads\/2022\/07\/ideia16.jpg 1100w, https:\/\/www.aarquiteta.com.br\/blog\/wp-content\/uploads\/2022\/07\/ideia16-1024x1295.jpg 1024w, https:\/\/www.aarquiteta.com.br\/blog\/wp-content\/uploads\/2022\/07\/ideia16-696x880.jpg 696w, https:\/\/www.aarquiteta.com.br\/blog\/wp-content\/uploads\/2022\/07\/ideia16-150x190.jpg 150w\" sizes=\"(max-width: 1100px) 100vw, 1100px\" \/><figcaption id=\"caption-attachment-65417\" class=\"wp-caption-text\">Por: Bem dormir Bem viver<\/figcaption><\/figure>\n<p>Os de parede, em especial, podem dar um toque mais moderno \u00e0 decora\u00e7\u00e3o da sua cozinha.<\/p>\n<p>A altura que voc\u00ea pode fazer depende da altura espec\u00edfica do teto da sua cozinha, mas mesmo algumas barras podem fazer sua cozinha parecer mais arrumada.<\/p>\n<figure id=\"attachment_65395\" aria-describedby=\"caption-attachment-65395\" style=\"width: 528px\" class=\"wp-caption alignnone\"><img decoding=\"async\" class=\"wp-image-65395 size-full\" src=\"https:\/\/www.aarquiteta.com.br\/blog\/wp-content\/uploads\/2022\/07\/ideia6.jpg\" alt=\"ideia6\" width=\"528\" height=\"396\" title=\"\" srcset=\"https:\/\/www.aarquiteta.com.br\/blog\/wp-content\/uploads\/2022\/07\/ideia6.jpg 528w, https:\/\/www.aarquiteta.com.br\/blog\/wp-content\/uploads\/2022\/07\/ideia6-150x113.jpg 150w\" sizes=\"(max-width: 528px) 100vw, 528px\" \/><figcaption id=\"caption-attachment-65395\" class=\"wp-caption-text\">Por: Decorando Casas<\/figcaption><\/figure>\n<h3>4 \u2014 Rack de temperos de arame:<\/h3>\n<p>&nbsp;<\/p>\n<figure id=\"attachment_65397\" aria-describedby=\"caption-attachment-65397\" style=\"width: 600px\" class=\"wp-caption alignnone\"><img decoding=\"async\" class=\"wp-image-65397 size-full\" src=\"https:\/\/www.aarquiteta.com.br\/blog\/wp-content\/uploads\/2022\/07\/ideia7.jpg\" alt=\"ideia7\" width=\"600\" height=\"380\" title=\"\" srcset=\"https:\/\/www.aarquiteta.com.br\/blog\/wp-content\/uploads\/2022\/07\/ideia7.jpg 600w, https:\/\/www.aarquiteta.com.br\/blog\/wp-content\/uploads\/2022\/07\/ideia7-150x95.jpg 150w\" sizes=\"(max-width: 600px) 100vw, 600px\" \/><figcaption id=\"caption-attachment-65397\" class=\"wp-caption-text\">Por: Elo7<\/figcaption><\/figure>\n<p>N\u00e3o \u00e9 preciso muito para fazer uma prateleira de temperos simples para pendurar na porta interna da sua despensa.<\/p>\n<p>Voc\u00ea pode usar um rack de arame b\u00e1sico que foi originalmente usado para resfriar os biscoitos fora do forno.<\/p>\n<p>Depois de uma pequena curva, voc\u00ea tem uma prateleira onde pode armazenar confortavelmente todas as suas especiarias de uma forma mais manej\u00e1vel.<\/p>\n<figure id=\"attachment_65400\" aria-describedby=\"caption-attachment-65400\" style=\"width: 900px\" class=\"wp-caption alignnone\"><img decoding=\"async\" class=\"wp-image-65400 size-full\" src=\"https:\/\/www.aarquiteta.com.br\/blog\/wp-content\/uploads\/2022\/07\/ideia8.jpg\" alt=\"ideia8\" width=\"900\" height=\"1200\" title=\"\" srcset=\"https:\/\/www.aarquiteta.com.br\/blog\/wp-content\/uploads\/2022\/07\/ideia8.jpg 900w, https:\/\/www.aarquiteta.com.br\/blog\/wp-content\/uploads\/2022\/07\/ideia8-768x1024.jpg 768w, https:\/\/www.aarquiteta.com.br\/blog\/wp-content\/uploads\/2022\/07\/ideia8-696x928.jpg 696w, https:\/\/www.aarquiteta.com.br\/blog\/wp-content\/uploads\/2022\/07\/ideia8-640x853.jpg 640w, https:\/\/www.aarquiteta.com.br\/blog\/wp-content\/uploads\/2022\/07\/ideia8-150x200.jpg 150w\" sizes=\"(max-width: 900px) 100vw, 900px\" \/><figcaption id=\"caption-attachment-65400\" class=\"wp-caption-text\">Por: Elo 7<\/figcaption><\/figure>\n<h3>5 \u2014 Divisores de gaveta de madeira:<\/h3>\n<figure id=\"attachment_65402\" aria-describedby=\"caption-attachment-65402\" style=\"width: 480px\" class=\"wp-caption alignnone\"><img decoding=\"async\" class=\"wp-image-65402 size-full\" src=\"https:\/\/www.aarquiteta.com.br\/blog\/wp-content\/uploads\/2022\/07\/ideia9.webp\" alt=\"ideia9\" width=\"480\" height=\"480\" title=\"\" srcset=\"https:\/\/www.aarquiteta.com.br\/blog\/wp-content\/uploads\/2022\/07\/ideia9.webp 480w, https:\/\/www.aarquiteta.com.br\/blog\/wp-content\/uploads\/2022\/07\/ideia9-96x96.webp 96w, https:\/\/www.aarquiteta.com.br\/blog\/wp-content\/uploads\/2022\/07\/ideia9-150x150.webp 150w\" sizes=\"(max-width: 480px) 100vw, 480px\" \/><figcaption id=\"caption-attachment-65402\" class=\"wp-caption-text\">Pinterest<\/figcaption><\/figure>\n<p>Em vez de comprar um suporte para seus utens\u00edlios de cozinha que podem n\u00e3o caber exatamente em suas gavetas, voc\u00ea sempre pode fazer um usando divis\u00f3rias de madeira.<\/p>\n<p>Certifique-se de medir corretamente para voc\u00ea poder colocar as pe\u00e7as do tamanho correto.<\/p>\n<p>No final , voc\u00ea ter\u00e1 um espa\u00e7o de armazenamento personalizado que se encaixa nos seus talheres e permite que voc\u00ea aproveite ao m\u00e1ximo cada cent\u00edmetro de espa\u00e7o dentro de suas gavetas.<\/p>\n<p><img decoding=\"async\" class=\"alignnone wp-image-65403 size-full\" src=\"https:\/\/www.aarquiteta.com.br\/blog\/wp-content\/uploads\/2022\/07\/ideia10.jpg\" alt=\"ideia10\" width=\"550\" height=\"550\" title=\"\" srcset=\"https:\/\/www.aarquiteta.com.br\/blog\/wp-content\/uploads\/2022\/07\/ideia10.jpg 550w, https:\/\/www.aarquiteta.com.br\/blog\/wp-content\/uploads\/2022\/07\/ideia10-96x96.jpg 96w, https:\/\/www.aarquiteta.com.br\/blog\/wp-content\/uploads\/2022\/07\/ideia10-150x150.jpg 150w\" sizes=\"(max-width: 550px) 100vw, 550px\" \/><\/p>\n<h3>6 \u2014 Armazenamento de refrigerador ajust\u00e1vel:<\/h3>\n<figure id=\"attachment_65406\" aria-describedby=\"caption-attachment-65406\" style=\"width: 700px\" class=\"wp-caption alignnone\"><img decoding=\"async\" class=\"wp-image-65406 size-full\" src=\"https:\/\/www.aarquiteta.com.br\/blog\/wp-content\/uploads\/2022\/07\/ideia12.jpg\" alt=\"ideia12\" width=\"700\" height=\"700\" title=\"\" srcset=\"https:\/\/www.aarquiteta.com.br\/blog\/wp-content\/uploads\/2022\/07\/ideia12.jpg 700w, https:\/\/www.aarquiteta.com.br\/blog\/wp-content\/uploads\/2022\/07\/ideia12-696x696.jpg 696w, https:\/\/www.aarquiteta.com.br\/blog\/wp-content\/uploads\/2022\/07\/ideia12-96x96.jpg 96w, https:\/\/www.aarquiteta.com.br\/blog\/wp-content\/uploads\/2022\/07\/ideia12-150x150.jpg 150w\" sizes=\"(max-width: 700px) 100vw, 700px\" \/><figcaption id=\"caption-attachment-65406\" class=\"wp-caption-text\">Por: AliExpress<\/figcaption><\/figure>\n<p>Um \u00f3timo lugar para organizar a bagun\u00e7a na cozinha \u00e9 na geladeira.<\/p>\n<p>Este organizador est\u00e1 dispon\u00edvel em cores diferentes e acomoda bem ovos, frutas e legumes.<\/p>\n<p>Voc\u00ea pode at\u00e9 us\u00e1-lo na geladeira para armazenar alguns alimentos ensacados ou pequenos itens em caixas.<\/p>\n<p>\u00c9 feito de pl\u00e1stico e desliza facilmente.<\/p>\n<figure id=\"attachment_65407\" aria-describedby=\"caption-attachment-65407\" style=\"width: 960px\" class=\"wp-caption alignnone\"><img decoding=\"async\" class=\"wp-image-65407 size-full\" src=\"https:\/\/www.aarquiteta.com.br\/blog\/wp-content\/uploads\/2022\/07\/ideia11.jpg\" alt=\"ideia11\" width=\"960\" height=\"1166\" title=\"\" srcset=\"https:\/\/www.aarquiteta.com.br\/blog\/wp-content\/uploads\/2022\/07\/ideia11.jpg 960w, https:\/\/www.aarquiteta.com.br\/blog\/wp-content\/uploads\/2022\/07\/ideia11-843x1024.jpg 843w, https:\/\/www.aarquiteta.com.br\/blog\/wp-content\/uploads\/2022\/07\/ideia11-696x845.jpg 696w, https:\/\/www.aarquiteta.com.br\/blog\/wp-content\/uploads\/2022\/07\/ideia11-150x182.jpg 150w\" sizes=\"(max-width: 960px) 100vw, 960px\" \/><figcaption id=\"caption-attachment-65407\" class=\"wp-caption-text\">por: AliExpress<\/figcaption><\/figure>\n<p>&nbsp;<\/p>\n<p>&nbsp;<\/p>\n","protected":false},"excerpt":{"rendered":"<p>As ca\u00e7as ao tesouro s\u00f3 s\u00e3o divertidas quando voc\u00ea tem tempo e acabam com bons pr\u00eamios em vez de utens\u00edlios de cozinha que voc\u00ea deve encontrar facilmente. Apresentamos algumas das melhores ideias de organiza\u00e7\u00e3o de cozinha para ajud\u00e1-lo a evitar gincanas desnecess\u00e1rias em toda a sua cozinha. Veja a seguir alguns exemplos mais pr\u00e1ticos e [&hellip;]<\/p>\n","protected":false},"author":102,"featured_media":65416,"comment_status":"closed","ping_status":"closed","sticky":false,"template":"","format":"standard","meta":{"footnotes":""},"categories":[18754,1484,19106],"tags":[20705,20706,20129],"class_list":["post-65173","post","type-post","status-publish","format-standard","has-post-thumbnail","category-decoracao-de-cozinha","category-decoracao","category-organizacao-e-armazenamento","tag-ideias-de-organizacao-de-cozinha","tag-objetos-para-organizacao-de-cozinha","tag-organizando-sua-cozinha"],"_wp_attached_file":null,"_wp_attachment_metadata":null,"_wp_attachment_context":null,"_wp_attachment_is_custom_header":null,"geo_longitude":null,"geo_public":null,"geo_latitude":null,"_publicize_done_external":null,"_wpas_done_3897181":null,"publicize_twitter_user":null,"_wpas_done_3897175":null,"_wpas_skip_3897181":null,"_wpas_skip_3897175":null,"_wpas_skip_3924723":null,"_wpas_mess":null,"_wpas_done_3924723":null,"wps_subtitle":"Organizadores para  a sua cozinha, confira!","_links":{"self":[{"href":"https:\/\/www.aarquiteta.com.br\/blog\/wp-json\/wp\/v2\/posts\/65173","targetHints":{"allow":["GET"]}}],"collection":[{"href":"https:\/\/www.aarquiteta.com.br\/blog\/wp-json\/wp\/v2\/posts"}],"about":[{"href":"https:\/\/www.aarquiteta.com.br\/blog\/wp-json\/wp\/v2\/types\/post"}],"author":[{"embeddable":true,"href":"https:\/\/www.aarquiteta.com.br\/blog\/wp-json\/wp\/v2\/users\/102"}],"replies":[{"embeddable":true,"href":"https:\/\/www.aarquiteta.com.br\/blog\/wp-json\/wp\/v2\/comments?post=65173"}],"version-history":[{"count":0,"href":"https:\/\/www.aarquiteta.com.br\/blog\/wp-json\/wp\/v2\/posts\/65173\/revisions"}],"wp:featuredmedia":[{"embeddable":true,"href":"https:\/\/www.aarquiteta.com.br\/blog\/wp-json\/wp\/v2\/media\/65416"}],"wp:attachment":[{"href":"https:\/\/www.aarquiteta.com.br\/blog\/wp-json\/wp\/v2\/media?parent=65173"}],"wp:term":[{"taxonomy":"category","embeddable":true,"href":"https:\/\/www.aarquiteta.com.br\/blog\/wp-json\/wp\/v2\/categories?post=65173"},{"taxonomy":"post_tag","embeddable":true,"href":"https:\/\/www.aarquiteta.com.br\/blog\/wp-json\/wp\/v2\/tags?post=65173"}],"curies":[{"name":"wp","href":"https:\/\/api.w.org\/{rel}","templated":true}]}}