{"id":64432,"date":"2023-06-27T11:00:14","date_gmt":"2023-06-27T14:00:14","guid":{"rendered":"http:\/\/aarquiteta.com.br\/?p=64432"},"modified":"2024-08-08T16:30:45","modified_gmt":"2024-08-08T19:30:45","slug":"balaustre","status":"publish","type":"post","link":"https:\/\/www.aarquiteta.com.br\/blog\/balaustre\/","title":{"rendered":"Bala\u00fastre: Eleg\u00e2ncia e Seguran\u00e7a em Detalhes Arquitet\u00f4nicos"},"content":{"rendered":"<div class=\"jss110\">\n<div class=\"jss108\">\n<p>O que \u00e9 um bala\u00fastre? Qual sua fun\u00e7\u00e3o nos espa\u00e7os arquitet\u00f4nicos? \u00c9 muito prov\u00e1vel que voc\u00ea j\u00e1 tenha se deparado com um bala\u00fastre, mesmo sem saber que o objeto em quest\u00e3o se chamava assim. Sim, estamos falando daquelas colunas pequenas, geralmente em sequ\u00eancia, que se juntam para formar um corrim\u00e3o ou uma balaustrada.<\/p>\n<p>Tais elementos, al\u00e9m de exercerem uma fun\u00e7\u00e3o estrutural important\u00edssima, agregam sofistica\u00e7\u00e3o e beleza a qualquer ambiente. Dos mais r\u00fasticos aos mais modernos, o bala\u00fastre tem sido, h\u00e1 s\u00e9culos, protagonista na arte de construir e decorar.<\/p>\n<figure id=\"attachment_65479\" aria-describedby=\"caption-attachment-65479\" style=\"width: 957px\" class=\"wp-caption aligncenter\"><a href=\"https:\/\/amzn.to\/3JApYp2\" target=\"_blank\" rel=\"noopener\"><img decoding=\"async\" class=\"wp-image-65479 size-full\" src=\"https:\/\/www.aarquiteta.com.br\/blog\/wp-content\/uploads\/2022\/07\/balaustre-o-que-e-e1659365444357.jpeg\" alt=\"\" width=\"957\" height=\"537\" title=\"\" srcset=\"https:\/\/www.aarquiteta.com.br\/blog\/wp-content\/uploads\/2022\/07\/balaustre-o-que-e-e1659365444357.jpeg 957w, https:\/\/www.aarquiteta.com.br\/blog\/wp-content\/uploads\/2022\/07\/balaustre-o-que-e-e1659365444357-696x391.jpeg 696w, https:\/\/www.aarquiteta.com.br\/blog\/wp-content\/uploads\/2022\/07\/balaustre-o-que-e-e1659365444357-150x84.jpeg 150w\" sizes=\"(max-width: 957px) 100vw, 957px\" \/><\/a><figcaption id=\"caption-attachment-65479\" class=\"wp-caption-text\">Foto: Reprodu\u00e7\u00e3o Internet. Imagens e Projetos n\u00e3o autorais, sendo todos os direitos reservados aos seus respectivos produtores e criadores. Imagem. StockPhoto<\/figcaption><\/figure>\n<h2><strong>Contexto Hist\u00f3rico do Bala\u00fastre<\/strong><\/h2>\n<p>O significado de bala\u00fastre tem origens antiqu\u00edssimas, sua presen\u00e7a \u00e9 marcante na arquitetura greco-romana e continuou a ser usada nas \u00e9pocas subsequentes, chegando at\u00e9 hoje. Mas foi durante o Renascimento que ele realmente come\u00e7ou a florescer na arquitetura europeia. F<\/p>\n<p>oi nessa \u00e9poca que os arquitetos come\u00e7aram a experimentar diferentes formas e tamanhos de bala\u00fastre, expandindo seu uso para al\u00e9m das escadarias e sacadas, integrando-os em outros elementos do design de interiores.<\/p>\n<h2><strong>Import\u00e2ncia Arquitet\u00f4nica do Bala\u00fastre<\/strong><\/h2>\n<p>O bala\u00fastre n\u00e3o \u00e9 apenas um componente est\u00e9tico. Ele desempenha um papel crucial na arquitetura, fornecendo suporte a corrim\u00e3os e parapeitos e, assim, melhorando a seguran\u00e7a dos edif\u00edcios. Cada design de bala\u00fastre pode refletir a \u00e9poca, a cultura e o estilo da constru\u00e7\u00e3o, sendo um verdadeiro atestado de evolu\u00e7\u00e3o e inova\u00e7\u00e3o arquitet\u00f4nica.<\/p>\n<figure id=\"attachment_65480\" aria-describedby=\"caption-attachment-65480\" style=\"width: 1380px\" class=\"wp-caption alignnone\"><a href=\"https:\/\/amzn.to\/3JApYp2\" target=\"_blank\" rel=\"noopener\"><img decoding=\"async\" class=\"wp-image-65480 size-full\" title=\"Bala\u00fastre - Como utilizar na decora\u00e7\u00e3o? \" src=\"https:\/\/www.aarquiteta.com.br\/blog\/wp-content\/uploads\/2022\/07\/balaustre.jpg\" alt=\"Bala\u00fastre - Como utilizar na decora\u00e7\u00e3o?\" width=\"1380\" height=\"920\" srcset=\"https:\/\/www.aarquiteta.com.br\/blog\/wp-content\/uploads\/2022\/07\/balaustre.jpg 1380w, https:\/\/www.aarquiteta.com.br\/blog\/wp-content\/uploads\/2022\/07\/balaustre-1024x683.jpg 1024w, https:\/\/www.aarquiteta.com.br\/blog\/wp-content\/uploads\/2022\/07\/balaustre-696x464.jpg 696w, https:\/\/www.aarquiteta.com.br\/blog\/wp-content\/uploads\/2022\/07\/balaustre-150x100.jpg 150w\" sizes=\"(max-width: 1380px) 100vw, 1380px\" \/><\/a><figcaption id=\"caption-attachment-65480\" class=\"wp-caption-text\">Foto: Reprodu\u00e7\u00e3o Internet. Imagens e Projetos n\u00e3o autorais, sendo todos os direitos reservados aos seus respectivos produtores e criadores. Imagem: freepik.com<\/figcaption><\/figure>\n<h2><strong>Diferentes Tipos de Bala\u00fastres<\/strong><\/h2>\n<p><strong>Bala\u00fastres de Madeira<\/strong><\/p>\n<p>Bala\u00fastre de madeira \u00e9 um cl\u00e1ssico sendo usados desde a antiguidade. A madeira oferece versatilidade, podendo ser esculpida em diversos designs e estilos.<\/p>\n<p><strong>Bala\u00fastres de Ferro<\/strong><\/p>\n<p>Os bala\u00fastres de ferro s\u00e3o conhecidos pela sua durabilidade e resist\u00eancia. Muitas vezes, s\u00e3o escolhidos para projetos que requerem um toque de eleg\u00e2ncia aliado a uma durabilidade elevada.<\/p>\n<p><strong>Bala\u00fastre de concreto ou pedra<\/strong><\/p>\n<p>A pedra \u00e9 outro material frequentemente usado na fabrica\u00e7\u00e3o de bala\u00fastres. Os bala\u00fastres de pedra oferecem um aspecto imponente e perfeitos para projetos arquitet\u00f4nicos grandiosos.<\/p>\n<figure id=\"attachment_65533\" aria-describedby=\"caption-attachment-65533\" style=\"width: 1060px\" class=\"wp-caption alignnone\"><a href=\"https:\/\/amzn.to\/3JApYp2\" target=\"_blank\" rel=\"noopener\"><img decoding=\"async\" class=\"wp-image-65533 size-full\" src=\"https:\/\/www.aarquiteta.com.br\/blog\/wp-content\/uploads\/2022\/07\/escada-de-madeira.jpg\" alt=\"\" width=\"1060\" height=\"706\" title=\"\" srcset=\"https:\/\/www.aarquiteta.com.br\/blog\/wp-content\/uploads\/2022\/07\/escada-de-madeira.jpg 1060w, https:\/\/www.aarquiteta.com.br\/blog\/wp-content\/uploads\/2022\/07\/escada-de-madeira-1024x682.jpg 1024w, https:\/\/www.aarquiteta.com.br\/blog\/wp-content\/uploads\/2022\/07\/escada-de-madeira-696x464.jpg 696w, https:\/\/www.aarquiteta.com.br\/blog\/wp-content\/uploads\/2022\/07\/escada-de-madeira-150x100.jpg 150w\" sizes=\"(max-width: 1060px) 100vw, 1060px\" \/><\/a><figcaption id=\"caption-attachment-65533\" class=\"wp-caption-text\">Foto: Reprodu\u00e7\u00e3o Internet. Imagens e Projetos n\u00e3o autorais, sendo todos os direitos reservados aos seus respectivos produtores e criadores. Imagem: freepik.com<\/figcaption><\/figure>\n<h3><strong>O Processo de Fabrica\u00e7\u00e3o de Bala\u00fastre<\/strong><\/h3>\n<p><strong>Escolha dos Materiais<\/strong><\/p>\n<p>A escolha do material depende do tipo de projeto e das necessidades espec\u00edficas de cada constru\u00e7\u00e3o. Madeira, ferro e pedra s\u00e3o alguns dos materiais mais usados.<\/p>\n<p><strong>O Processo de Moldagem<\/strong><\/p>\n<p>O processo de moldagem \u00e9 uma etapa crucial na fabrica\u00e7\u00e3o do bala\u00fastre. Aqui, os artes\u00e3os ou m\u00e1quinas precisam esculpir o material escolhido na forma desejada, garantindo assim que cada bala\u00fastre tenha a forma e o acabamento perfeitos.<\/p>\n<figure id=\"attachment_65502\" aria-describedby=\"caption-attachment-65502\" style=\"width: 700px\" class=\"wp-caption alignnone\"><a href=\"https:\/\/amzn.to\/3JApYp2\" target=\"_blank\" rel=\"noopener\"><img decoding=\"async\" class=\"wp-image-65502 size-full\" title=\"Bala\u00fastre - Como utilizar na decora\u00e7\u00e3o?\" src=\"https:\/\/www.aarquiteta.com.br\/blog\/wp-content\/uploads\/2022\/07\/balaustre-de-ferro-1.jpg\" alt=\"Bala\u00fastre - Como utilizar na decora\u00e7\u00e3o?\" width=\"700\" height=\"400\" srcset=\"https:\/\/www.aarquiteta.com.br\/blog\/wp-content\/uploads\/2022\/07\/balaustre-de-ferro-1.jpg 700w, https:\/\/www.aarquiteta.com.br\/blog\/wp-content\/uploads\/2022\/07\/balaustre-de-ferro-1-696x398.jpg 696w, https:\/\/www.aarquiteta.com.br\/blog\/wp-content\/uploads\/2022\/07\/balaustre-de-ferro-1-150x86.jpg 150w\" sizes=\"(max-width: 700px) 100vw, 700px\" \/><\/a><figcaption id=\"caption-attachment-65502\" class=\"wp-caption-text\">Foto: Reprodu\u00e7\u00e3o Internet. Imagens e Projetos n\u00e3o autorais, sendo todos os direitos reservados aos seus respectivos produtores e criadores. Imagem: freepik.com<\/figcaption><\/figure>\n<div class=\"jss110\">\n<div class=\"jss108\">\n<p class=\"MuiTypography-root jss111 MuiTypography-body1\"><span style=\"color: #111111; font-family: roboto, sans-serif; font-size: 27px;\">Bala\u00fastre na constru\u00e7\u00e3o civil:<\/span><\/p>\n<\/div>\n<\/div>\n<div class=\"jss110\">\n<div class=\"jss108\">\n<figure id=\"attachment_65484\" aria-describedby=\"caption-attachment-65484\" style=\"width: 700px\" class=\"wp-caption alignnone\"><a href=\"https:\/\/amzn.to\/3JApYp2\" target=\"_blank\" rel=\"noopener\"><img decoding=\"async\" class=\"wp-image-65484 size-full\" title=\"Bala\u00fastre - Como utilizar na decora\u00e7\u00e3o?\" src=\"https:\/\/www.aarquiteta.com.br\/blog\/wp-content\/uploads\/2022\/07\/balaustre-classico.jpg\" alt=\"Bala\u00fastre - Como utilizar na decora\u00e7\u00e3o?\" width=\"700\" height=\"400\" srcset=\"https:\/\/www.aarquiteta.com.br\/blog\/wp-content\/uploads\/2022\/07\/balaustre-classico.jpg 700w, https:\/\/www.aarquiteta.com.br\/blog\/wp-content\/uploads\/2022\/07\/balaustre-classico-696x398.jpg 696w, https:\/\/www.aarquiteta.com.br\/blog\/wp-content\/uploads\/2022\/07\/balaustre-classico-150x86.jpg 150w\" sizes=\"(max-width: 700px) 100vw, 700px\" \/><\/a><figcaption id=\"caption-attachment-65484\" class=\"wp-caption-text\">Foto: Reprodu\u00e7\u00e3o Internet. Imagens e Projetos n\u00e3o autorais, sendo todos os direitos reservados aos seus respectivos produtores e criadores. Imagem: freepik.com<\/figcaption><\/figure>\n<p>Ao construir, os engenheiros civis usam bala\u00fastres para criar uma estrutura forte e robusta, como uma escada ou corrim\u00e3o para uma varanda ou \u00e1rea de jardim no telhado.<\/p>\n<p>Os projetos de bala\u00fastres podem ser complexos porque precisam ser fortes o suficiente para suportar peso sem se separar da press\u00e3o de escadas ou passarelas.<\/p>\n<\/div>\n<\/div>\n<div class=\"jss110\">\n<div class=\"jss108\">\n<p class=\"MuiTypography-root jss111 MuiTypography-body1\">Um engenheiro civil pode usar v\u00e1rias ferramentas ao projetar bala\u00fastres, incluindo b\u00fassolas, transferidores e r\u00e9guas, dependendo do projeto em que est\u00e1 trabalhando.<\/p>\n<p class=\"MuiTypography-root jss111 MuiTypography-body1\">Levar\u00e1 algum tempo at\u00e9 encontrarmos novas aplica\u00e7\u00f5es para este equipamento atemporal! Saiba mais sobre como eles podem ser usados \u200b\u200be por que s\u00e3o t\u00e3o comuns aqui.<\/p>\n<\/div>\n<\/div>\n<h3><strong>PERGUNTAS FREQUENTES<\/strong><\/h3>\n<ol>\n<li><strong>O que \u00e9 um bala\u00fastre?<\/strong><\/li>\n<\/ol>\n<p>R: Bala\u00fastre \u00e9 uma s\u00e9rie de pequenas colunas que, em conjunto, formam um elemento arquitet\u00f4nico integral conhecido como balaustrada.<\/p>\n<ol start=\"2\">\n<li><strong>De onde vem o termo &#8220;bala\u00fastre&#8221;?<\/strong><\/li>\n<\/ol>\n<p>R: O termo vem do italiano &#8220;bala\u00fastra&#8221;, que significa flor de rom\u00e3, pela semelhan\u00e7a da coluna com a forma da fruta.<\/p>\n<ol start=\"3\">\n<li><strong>Quais s\u00e3o os materiais mais comuns para a fabrica\u00e7\u00e3o de bala\u00fastres?<\/strong><\/li>\n<\/ol>\n<p>R: Os materiais mais comuns incluem madeira, ferro e pedra.<\/p>\n<ol start=\"4\">\n<li><strong>O bala\u00fastre tem alguma fun\u00e7\u00e3o al\u00e9m da est\u00e9tica?<\/strong><\/li>\n<\/ol>\n<p>R: Sim, os bala\u00fastres tamb\u00e9m t\u00eam uma fun\u00e7\u00e3o estrutural importante, ao fornecerem suporte a corrim\u00e3os e parapeitos.<\/p>\n<ol start=\"5\">\n<li><strong>Os bala\u00fastres s\u00e3o usados apenas em constru\u00e7\u00f5es antigas?<\/strong><\/li>\n<\/ol>\n<p>R: N\u00e3o, os bala\u00fastres s\u00e3o usados em uma ampla variedade de estilos arquitet\u00f4nicos, desde constru\u00e7\u00f5es hist\u00f3ricas at\u00e9 projetos modernos.<\/p>\n<ol start=\"6\">\n<li><strong>\u00c9 poss\u00edvel personalizar o design do bala\u00fastre?<\/strong><\/li>\n<\/ol>\n<p>R: Sim, o design do bala\u00fastre pode ser personalizado conforme as necessidades espec\u00edficas de cada projeto.<\/p>\n<ol start=\"7\">\n<li><strong>Bala\u00fastres requerem manuten\u00e7\u00e3o?<\/strong><\/li>\n<\/ol>\n<p>R: A manuten\u00e7\u00e3o de bala\u00fastres depende do material. No geral, eles requerem pouca manuten\u00e7\u00e3o, mas podem precisar de limpeza e retoques ocasionais.<\/p>\n<p><strong>Conclus\u00e3o<\/strong><\/p>\n<p>O bala\u00fastre \u00e9 um elemento de design que resistiu ao teste do tempo, mantendo sua relev\u00e2ncia em uma ampla variedade de contextos arquitet\u00f4nicos. Com seu valor est\u00e9tico ineg\u00e1vel e fun\u00e7\u00e3o estrutural, \u00e9 seguro dizer que o bala\u00fastre continuar\u00e1 a ser uma escolha popular para projetos arquitet\u00f4nicos futuros.<\/p>\n<p><strong>Curiosidade<\/strong>: Voc\u00ea sabia que a cidade de Veneza, na It\u00e1lia, \u00e9 famosa por suas belas balaustradas ao longo dos canais?<\/p>\n<\/div>\n<\/div>\n<figure id=\"attachment_65507\" aria-describedby=\"caption-attachment-65507\" style=\"width: 1060px\" class=\"wp-caption alignnone\"><a href=\"https:\/\/amzn.to\/3JApYp2\" target=\"_blank\" rel=\"noopener\"><img decoding=\"async\" class=\"wp-image-65507 size-full\" title=\"Bala\u00fastre - Como utilizar na decora\u00e7\u00e3o?\" src=\"https:\/\/www.aarquiteta.com.br\/blog\/wp-content\/uploads\/2022\/07\/balaustre-branco-1.jpg\" alt=\"Bala\u00fastre - Como utilizar na decora\u00e7\u00e3o?\" width=\"1060\" height=\"706\" srcset=\"https:\/\/www.aarquiteta.com.br\/blog\/wp-content\/uploads\/2022\/07\/balaustre-branco-1.jpg 1060w, https:\/\/www.aarquiteta.com.br\/blog\/wp-content\/uploads\/2022\/07\/balaustre-branco-1-1024x682.jpg 1024w, https:\/\/www.aarquiteta.com.br\/blog\/wp-content\/uploads\/2022\/07\/balaustre-branco-1-696x464.jpg 696w, https:\/\/www.aarquiteta.com.br\/blog\/wp-content\/uploads\/2022\/07\/balaustre-branco-1-150x100.jpg 150w\" sizes=\"(max-width: 1060px) 100vw, 1060px\" \/><\/a><figcaption id=\"caption-attachment-65507\" class=\"wp-caption-text\">Foto: Reprodu\u00e7\u00e3o Internet. Imagens e Projetos n\u00e3o autorais, sendo todos os direitos reservados aos seus respectivos produtores e criadores. Imagem: freepik.com<\/figcaption><\/figure>\n<figure id=\"attachment_65508\" aria-describedby=\"caption-attachment-65508\" style=\"width: 1060px\" class=\"wp-caption alignleft\"><a href=\"https:\/\/amzn.to\/3JApYp2\" target=\"_blank\" rel=\"noopener\"><img decoding=\"async\" class=\"wp-image-65508 size-full\" title=\"Bala\u00fastre - Como utilizar na decora\u00e7\u00e3o?\" src=\"https:\/\/www.aarquiteta.com.br\/blog\/wp-content\/uploads\/2022\/07\/balaustre-tradicional.jpg\" alt=\"Bala\u00fastre - Como utilizar na decora\u00e7\u00e3o?\" width=\"1060\" height=\"705\" srcset=\"https:\/\/www.aarquiteta.com.br\/blog\/wp-content\/uploads\/2022\/07\/balaustre-tradicional.jpg 1060w, https:\/\/www.aarquiteta.com.br\/blog\/wp-content\/uploads\/2022\/07\/balaustre-tradicional-1024x681.jpg 1024w, https:\/\/www.aarquiteta.com.br\/blog\/wp-content\/uploads\/2022\/07\/balaustre-tradicional-696x463.jpg 696w, https:\/\/www.aarquiteta.com.br\/blog\/wp-content\/uploads\/2022\/07\/balaustre-tradicional-150x100.jpg 150w\" sizes=\"(max-width: 1060px) 100vw, 1060px\" \/><\/a><figcaption id=\"caption-attachment-65508\" class=\"wp-caption-text\">Foto: Reprodu\u00e7\u00e3o Internet. Imagens e Projetos n\u00e3o autorais, sendo todos os direitos reservados aos seus respectivos produtores e criadores. Imagem: freepik.com<\/figcaption><\/figure>\n<p>Concisos, mas elegantes, as mini-colunas, s\u00e3o bala\u00fastres de concreto adornam muitos edif\u00edcios e casas conhecidos: museus, mans\u00f5es e at\u00e9 jardins.<\/p>\n<p>O bala\u00fastre de concreto \u00e9 ideal para muitas configura\u00e7\u00f5es de projeto, tanto internas quanto externas.<\/p>\n<p>Seu grande charme est\u00e1 na \u00e1rea externa, onde pode ser encontrada adornando as varandas das casas geminadas e varandas maiores, nas cores cinza e branco.<\/p>\n<p>O bala\u00fastre tradicional \u00e9 usado nas escadas, circundando todo o formato da escada, protegendo a \u00e1rea onde circulam pessoas.<\/p>\n<p>O branco \u00e9 a cor mais comum vista em bala\u00fastres de concreto, misturando decora\u00e7\u00e3o r\u00fastica e cl\u00e1ssica.<\/p>\n<figure id=\"attachment_65501\" aria-describedby=\"caption-attachment-65501\" style=\"width: 1380px\" class=\"wp-caption alignnone\"><a href=\"https:\/\/amzn.to\/3JApYp2\" target=\"_blank\" rel=\"noopener\"><img decoding=\"async\" class=\"wp-image-65501 size-full\" title=\"Bala\u00fastre - Como utilizar na decora\u00e7\u00e3o?\" src=\"https:\/\/www.aarquiteta.com.br\/blog\/wp-content\/uploads\/2022\/07\/colombia-cartagena.jpg\" alt=\"Bala\u00fastre - Como utilizar na decora\u00e7\u00e3o?\" width=\"1380\" height=\"888\" srcset=\"https:\/\/www.aarquiteta.com.br\/blog\/wp-content\/uploads\/2022\/07\/colombia-cartagena.jpg 1380w, https:\/\/www.aarquiteta.com.br\/blog\/wp-content\/uploads\/2022\/07\/colombia-cartagena-1024x659.jpg 1024w, https:\/\/www.aarquiteta.com.br\/blog\/wp-content\/uploads\/2022\/07\/colombia-cartagena-696x448.jpg 696w, https:\/\/www.aarquiteta.com.br\/blog\/wp-content\/uploads\/2022\/07\/colombia-cartagena-150x97.jpg 150w\" sizes=\"(max-width: 1380px) 100vw, 1380px\" \/><\/a><figcaption id=\"caption-attachment-65501\" class=\"wp-caption-text\">Foto: Reprodu\u00e7\u00e3o Internet. Imagens e Projetos n\u00e3o autorais, sendo todos os direitos reservados aos seus respectivos produtores e criadores. Imagem: freepik.com<\/figcaption><\/figure>\n<figure id=\"attachment_65524\" aria-describedby=\"caption-attachment-65524\" style=\"width: 700px\" class=\"wp-caption alignnone\"><a href=\"https:\/\/amzn.to\/3JApYp2\" target=\"_blank\" rel=\"noopener\"><img decoding=\"async\" class=\"wp-image-65524 size-full\" title=\"Bala\u00fastre - Como utilizar na decora\u00e7\u00e3o?\" src=\"https:\/\/www.aarquiteta.com.br\/blog\/wp-content\/uploads\/2022\/07\/balaustre-ferro-moderno.jpg\" alt=\"Bala\u00fastre - Como utilizar na decora\u00e7\u00e3o?\" width=\"700\" height=\"400\" srcset=\"https:\/\/www.aarquiteta.com.br\/blog\/wp-content\/uploads\/2022\/07\/balaustre-ferro-moderno.jpg 700w, https:\/\/www.aarquiteta.com.br\/blog\/wp-content\/uploads\/2022\/07\/balaustre-ferro-moderno-696x398.jpg 696w, https:\/\/www.aarquiteta.com.br\/blog\/wp-content\/uploads\/2022\/07\/balaustre-ferro-moderno-150x86.jpg 150w\" sizes=\"(max-width: 700px) 100vw, 700px\" \/><\/a><figcaption id=\"caption-attachment-65524\" class=\"wp-caption-text\">Foto: Reprodu\u00e7\u00e3o Internet. Imagens e Projetos n\u00e3o autorais, sendo todos os direitos reservados aos seus respectivos produtores e criadores. Imagem: freepik.com<\/figcaption><\/figure>\n<figure id=\"attachment_65530\" aria-describedby=\"caption-attachment-65530\" style=\"width: 1060px\" class=\"wp-caption alignnone\"><a style=\"font-weight: bold; background-color: transparent;\" href=\"https:\/\/amzn.to\/3JApYp2\" target=\"_blank\" rel=\"noopener\"><img decoding=\"async\" class=\"wp-image-65530 size-full\" src=\"https:\/\/www.aarquiteta.com.br\/blog\/wp-content\/uploads\/2022\/07\/escada-interna.jpg\" alt=\"\" width=\"1060\" height=\"706\" title=\"\" srcset=\"https:\/\/www.aarquiteta.com.br\/blog\/wp-content\/uploads\/2022\/07\/escada-interna.jpg 1060w, https:\/\/www.aarquiteta.com.br\/blog\/wp-content\/uploads\/2022\/07\/escada-interna-1024x682.jpg 1024w, https:\/\/www.aarquiteta.com.br\/blog\/wp-content\/uploads\/2022\/07\/escada-interna-696x464.jpg 696w, https:\/\/www.aarquiteta.com.br\/blog\/wp-content\/uploads\/2022\/07\/escada-interna-150x100.jpg 150w\" sizes=\"(max-width: 1060px) 100vw, 1060px\" \/><\/a><figcaption id=\"caption-attachment-65530\" class=\"wp-caption-text\">Foto: Reprodu\u00e7\u00e3o Internet. Imagens e Projetos n\u00e3o autorais, sendo todos os direitos reservados aos seus respectivos produtores e criadores.<\/figcaption><\/figure>\n<p>&nbsp;<\/p>\n","protected":false},"excerpt":{"rendered":"<p>O que \u00e9 um bala\u00fastre? Qual sua fun\u00e7\u00e3o nos espa\u00e7os arquitet\u00f4nicos? \u00c9 muito prov\u00e1vel que voc\u00ea j\u00e1 tenha se deparado com um bala\u00fastre, mesmo sem saber que o objeto em quest\u00e3o se chamava assim. Sim, estamos falando daquelas colunas pequenas, geralmente em sequ\u00eancia, que se juntam para formar um corrim\u00e3o ou uma balaustrada. Tais elementos, [&hellip;]<\/p>\n","protected":false},"author":102,"featured_media":65529,"comment_status":"closed","ping_status":"closed","sticky":false,"template":"","format":"standard","meta":{"footnotes":""},"categories":[249,20346],"tags":[137,20749,20754,20750,20753,20751,20752,20755,1028,31227,31228],"class_list":["post-64432","post","type-post","status-publish","format-standard","has-post-thumbnail","category-engenharia-e-construcao-civil","category-termos-de-arquitetura","tag-arquitetura","tag-balaustre","tag-balaustre-classico","tag-balaustre-de-concreto","tag-balaustre-de-ferro","tag-balaustre-de-madeira","tag-balaustre-de-vidro","tag-balaustre-moderno","tag-design-de-interiores","tag-historia-do-balaustre","tag-tipos-de-balaustre"],"_wp_attached_file":null,"_wp_attachment_metadata":null,"_wp_attachment_context":null,"_wp_attachment_is_custom_header":null,"geo_longitude":null,"geo_public":null,"geo_latitude":null,"_publicize_done_external":null,"_wpas_done_3897181":null,"publicize_twitter_user":null,"_wpas_done_3897175":null,"_wpas_skip_3897181":null,"_wpas_skip_3897175":null,"_wpas_skip_3924723":null,"_wpas_mess":null,"_wpas_done_3924723":null,"wps_subtitle":"","_links":{"self":[{"href":"https:\/\/www.aarquiteta.com.br\/blog\/wp-json\/wp\/v2\/posts\/64432","targetHints":{"allow":["GET"]}}],"collection":[{"href":"https:\/\/www.aarquiteta.com.br\/blog\/wp-json\/wp\/v2\/posts"}],"about":[{"href":"https:\/\/www.aarquiteta.com.br\/blog\/wp-json\/wp\/v2\/types\/post"}],"author":[{"embeddable":true,"href":"https:\/\/www.aarquiteta.com.br\/blog\/wp-json\/wp\/v2\/users\/102"}],"replies":[{"embeddable":true,"href":"https:\/\/www.aarquiteta.com.br\/blog\/wp-json\/wp\/v2\/comments?post=64432"}],"version-history":[{"count":0,"href":"https:\/\/www.aarquiteta.com.br\/blog\/wp-json\/wp\/v2\/posts\/64432\/revisions"}],"wp:featuredmedia":[{"embeddable":true,"href":"https:\/\/www.aarquiteta.com.br\/blog\/wp-json\/wp\/v2\/media\/65529"}],"wp:attachment":[{"href":"https:\/\/www.aarquiteta.com.br\/blog\/wp-json\/wp\/v2\/media?parent=64432"}],"wp:term":[{"taxonomy":"category","embeddable":true,"href":"https:\/\/www.aarquiteta.com.br\/blog\/wp-json\/wp\/v2\/categories?post=64432"},{"taxonomy":"post_tag","embeddable":true,"href":"https:\/\/www.aarquiteta.com.br\/blog\/wp-json\/wp\/v2\/tags?post=64432"}],"curies":[{"name":"wp","href":"https:\/\/api.w.org\/{rel}","templated":true}]}}