{"id":63785,"date":"2022-07-10T11:00:50","date_gmt":"2022-07-10T14:00:50","guid":{"rendered":"http:\/\/aarquiteta.com.br\/?p=63785"},"modified":"2022-07-20T17:06:21","modified_gmt":"2022-07-20T20:06:21","slug":"7-itens-essenciais-para-banheiro","status":"publish","type":"post","link":"https:\/\/www.aarquiteta.com.br\/blog\/7-itens-essenciais-para-banheiro\/","title":{"rendered":"7 itens essenciais para banheiro"},"content":{"rendered":"<figure id=\"attachment_63786\" aria-describedby=\"caption-attachment-63786\" style=\"width: 775px\" class=\"wp-caption alignnone\"><img decoding=\"async\" class=\"wp-image-63786 size-full\" src=\"https:\/\/www.aarquiteta.com.br\/blog\/wp-content\/uploads\/2022\/07\/7itens-para-seu-banheiro.webp\" alt=\"7itens para seu banheiro\" width=\"775\" height=\"477\" title=\"\" srcset=\"https:\/\/www.aarquiteta.com.br\/blog\/wp-content\/uploads\/2022\/07\/7itens-para-seu-banheiro.webp 775w, https:\/\/www.aarquiteta.com.br\/blog\/wp-content\/uploads\/2022\/07\/7itens-para-seu-banheiro-696x428.webp 696w, https:\/\/www.aarquiteta.com.br\/blog\/wp-content\/uploads\/2022\/07\/7itens-para-seu-banheiro-150x92.webp 150w\" sizes=\"(max-width: 775px) 100vw, 775px\" \/><figcaption id=\"caption-attachment-63786\" class=\"wp-caption-text\">Por: Tua Casa<\/figcaption><\/figure>\n<p>A emo\u00e7\u00e3o de decorar um novo espa\u00e7o \u00e9 sem d\u00favida emocionante, pois voc\u00ea pode manter seu estilo cl\u00e1ssico, ou aproveitar para experimentar algo novo!<\/p>\n<p>\u00c9 a\u00ed que o sentimento avassalador pode se infiltrar.<\/p>\n<p>Decore tudo e ainda tenha muitos itens essenciais que voc\u00ea precisa!<\/p>\n<p>Um dos espa\u00e7os mais utilizados de sua casa \u00e9 o seu banheiro, tornando-o uma \u00f3tima oportunidade para decorar com estilo e ao mesmo tempo cuidar do essencial!<\/p>\n<p>Nesta lista de 7 itens essenciais para banheiro, vamos falar sobre os principais itens que voc\u00ea precisa para ter um banheiro \u00fatil e funcional.<\/p>\n<h3>1 \u2014 Espelho:<\/h3>\n<p>Claro, voc\u00ea pode ter um espelho instalado em seu banheiro, mas isso n\u00e3o significa que voc\u00ea n\u00e3o pode adicionar um pouco de charme!<\/p>\n<p>Se voc\u00ea n\u00e3o tem um espelho instalado em seu banheiro acima da pia, voc\u00ea pode encontrar um arm\u00e1rio espelhado para armazenamento interno, ou voc\u00ea pode adicionar um pouco de estilo comprando um espelho padr\u00e3o com bordas interessantes e montando-o diretamente na parede!<\/p>\n<figure id=\"attachment_63787\" aria-describedby=\"caption-attachment-63787\" style=\"width: 1000px\" class=\"wp-caption alignnone\"><img decoding=\"async\" class=\"wp-image-63787 size-full\" src=\"https:\/\/www.aarquiteta.com.br\/blog\/wp-content\/uploads\/2022\/07\/espelho-banheiro.webp\" alt=\"espelho banheiro\" width=\"1000\" height=\"1000\" title=\"\" srcset=\"https:\/\/www.aarquiteta.com.br\/blog\/wp-content\/uploads\/2022\/07\/espelho-banheiro.webp 1000w, https:\/\/www.aarquiteta.com.br\/blog\/wp-content\/uploads\/2022\/07\/espelho-banheiro-696x696.webp 696w, https:\/\/www.aarquiteta.com.br\/blog\/wp-content\/uploads\/2022\/07\/espelho-banheiro-96x96.webp 96w, https:\/\/www.aarquiteta.com.br\/blog\/wp-content\/uploads\/2022\/07\/espelho-banheiro-150x150.webp 150w\" sizes=\"(max-width: 1000px) 100vw, 1000px\" \/><figcaption id=\"caption-attachment-63787\" class=\"wp-caption-text\">Por: ML<\/figcaption><\/figure>\n<figure id=\"attachment_63788\" aria-describedby=\"caption-attachment-63788\" style=\"width: 500px\" class=\"wp-caption alignnone\"><img decoding=\"async\" class=\"wp-image-63788 size-full\" src=\"https:\/\/www.aarquiteta.com.br\/blog\/wp-content\/uploads\/2022\/07\/espelho-banheiro2.jpg\" alt=\"espelho banheiro2\" width=\"500\" height=\"375\" title=\"\" srcset=\"https:\/\/www.aarquiteta.com.br\/blog\/wp-content\/uploads\/2022\/07\/espelho-banheiro2.jpg 500w, https:\/\/www.aarquiteta.com.br\/blog\/wp-content\/uploads\/2022\/07\/espelho-banheiro2-150x113.jpg 150w\" sizes=\"(max-width: 500px) 100vw, 500px\" \/><figcaption id=\"caption-attachment-63788\" class=\"wp-caption-text\">Por: ML<\/figcaption><\/figure>\n<h3>2 \u2014 Sabonete para m\u00e3os:<\/h3>\n<p>Pode parecer \u00f3bvio, mas \u00e9 um dos itens essenciais do banheiro mais esquecidos!<\/p>\n<p>O Sabonete de m\u00e3os \u00e9 \u00f3timo, \u00e9 importante garantir que voc\u00ea tamb\u00e9m tenha extras!<\/p>\n<figure id=\"attachment_63789\" aria-describedby=\"caption-attachment-63789\" style=\"width: 690px\" class=\"wp-caption alignnone\"><img decoding=\"async\" class=\"wp-image-63789 size-full\" src=\"https:\/\/www.aarquiteta.com.br\/blog\/wp-content\/uploads\/2022\/07\/sabonete-d-ebanheiro.jpg\" alt=\"sabonete d ebanheiro\" width=\"690\" height=\"460\" title=\"\" srcset=\"https:\/\/www.aarquiteta.com.br\/blog\/wp-content\/uploads\/2022\/07\/sabonete-d-ebanheiro.jpg 690w, https:\/\/www.aarquiteta.com.br\/blog\/wp-content\/uploads\/2022\/07\/sabonete-d-ebanheiro-150x100.jpg 150w\" sizes=\"(max-width: 690px) 100vw, 690px\" \/><figcaption id=\"caption-attachment-63789\" class=\"wp-caption-text\">Por: Mybest<\/figcaption><\/figure>\n<figure id=\"attachment_63790\" aria-describedby=\"caption-attachment-63790\" style=\"width: 880px\" class=\"wp-caption alignnone\"><img decoding=\"async\" class=\"wp-image-63790 size-full\" src=\"https:\/\/www.aarquiteta.com.br\/blog\/wp-content\/uploads\/2022\/07\/sabonete-de-banheiro.jpg\" alt=\"sabonete de banheiro\" width=\"880\" height=\"586\" title=\"\" srcset=\"https:\/\/www.aarquiteta.com.br\/blog\/wp-content\/uploads\/2022\/07\/sabonete-de-banheiro.jpg 880w, https:\/\/www.aarquiteta.com.br\/blog\/wp-content\/uploads\/2022\/07\/sabonete-de-banheiro-696x463.jpg 696w, https:\/\/www.aarquiteta.com.br\/blog\/wp-content\/uploads\/2022\/07\/sabonete-de-banheiro-150x100.jpg 150w\" sizes=\"(max-width: 880px) 100vw, 880px\" \/><figcaption id=\"caption-attachment-63790\" class=\"wp-caption-text\">Por: Pikist<\/figcaption><\/figure>\n<h3>3 \u2014 Toalha de m\u00e3o:<\/h3>\n<p>Parece outra pergunta \u00f3bvia, mas \u00e9 definitivamente f\u00e1cil esquecer na sua lista de itens essenciais do banheiro!<\/p>\n<p>Voc\u00ea definitivamente vai querer ter toalhas de m\u00e3o dispon\u00edveis.<\/p>\n<p>Voc\u00ea tamb\u00e9m deve ter dispon\u00edveis para poder lav\u00e1-los e substitu\u00ed-los regularmente.<\/p>\n<figure id=\"attachment_63791\" aria-describedby=\"caption-attachment-63791\" style=\"width: 1024px\" class=\"wp-caption alignnone\"><img decoding=\"async\" class=\"wp-image-63791 size-full\" src=\"https:\/\/www.aarquiteta.com.br\/blog\/wp-content\/uploads\/2022\/07\/toalha-de-mao1.jpg\" alt=\"toalha de m\u00e3o1\" width=\"1024\" height=\"1024\" title=\"\" srcset=\"https:\/\/www.aarquiteta.com.br\/blog\/wp-content\/uploads\/2022\/07\/toalha-de-mao1.jpg 1024w, https:\/\/www.aarquiteta.com.br\/blog\/wp-content\/uploads\/2022\/07\/toalha-de-mao1-696x696.jpg 696w, https:\/\/www.aarquiteta.com.br\/blog\/wp-content\/uploads\/2022\/07\/toalha-de-mao1-96x96.jpg 96w, https:\/\/www.aarquiteta.com.br\/blog\/wp-content\/uploads\/2022\/07\/toalha-de-mao1-150x150.jpg 150w\" sizes=\"(max-width: 1024px) 100vw, 1024px\" \/><figcaption id=\"caption-attachment-63791\" class=\"wp-caption-text\">Por: Shopee<\/figcaption><\/figure>\n<figure id=\"attachment_63792\" aria-describedby=\"caption-attachment-63792\" style=\"width: 375px\" class=\"wp-caption alignnone\"><img decoding=\"async\" class=\"wp-image-63792 size-full\" src=\"https:\/\/www.aarquiteta.com.br\/blog\/wp-content\/uploads\/2022\/07\/toalha-de-mao.webp\" alt=\"toalha de m\u00e3o\" width=\"375\" height=\"500\" title=\"\" srcset=\"https:\/\/www.aarquiteta.com.br\/blog\/wp-content\/uploads\/2022\/07\/toalha-de-mao.webp 375w, https:\/\/www.aarquiteta.com.br\/blog\/wp-content\/uploads\/2022\/07\/toalha-de-mao-150x200.webp 150w\" sizes=\"(max-width: 375px) 100vw, 375px\" \/><figcaption id=\"caption-attachment-63792\" class=\"wp-caption-text\">Por: Plug Lar<\/figcaption><\/figure>\n<h3>4 \u2014 Tapete de banho:<\/h3>\n<p>Voc\u00ea vai querer que seu tapete de banho coordene com os outros elementos em seu banheiro.<\/p>\n<p>Um tapete de banho tem um prop\u00f3sito funcional, mas isso n\u00e3o significa que tamb\u00e9m n\u00e3o seja bonito!<\/p>\n<p>Ap\u00f3s tomar banho, o tapete antiderrapante absorve a umidade.<\/p>\n<p>Voc\u00ea tamb\u00e9m pode colocar um na frente da pia para pegar \u00e1gua ao lavar as m\u00e3os, o rosto ou os dentes.<\/p>\n<figure id=\"attachment_63793\" aria-describedby=\"caption-attachment-63793\" style=\"width: 800px\" class=\"wp-caption alignnone\"><img decoding=\"async\" class=\"wp-image-63793 size-full\" src=\"https:\/\/www.aarquiteta.com.br\/blog\/wp-content\/uploads\/2022\/07\/tapete-de-banho.webp\" alt=\"tapete de banho\" width=\"800\" height=\"800\" title=\"\" srcset=\"https:\/\/www.aarquiteta.com.br\/blog\/wp-content\/uploads\/2022\/07\/tapete-de-banho.webp 800w, https:\/\/www.aarquiteta.com.br\/blog\/wp-content\/uploads\/2022\/07\/tapete-de-banho-696x696.webp 696w, https:\/\/www.aarquiteta.com.br\/blog\/wp-content\/uploads\/2022\/07\/tapete-de-banho-96x96.webp 96w, https:\/\/www.aarquiteta.com.br\/blog\/wp-content\/uploads\/2022\/07\/tapete-de-banho-150x150.webp 150w\" sizes=\"(max-width: 800px) 100vw, 800px\" \/><figcaption id=\"caption-attachment-63793\" class=\"wp-caption-text\">Por: Aliexpress<\/figcaption><\/figure>\n<figure id=\"attachment_63794\" aria-describedby=\"caption-attachment-63794\" style=\"width: 800px\" class=\"wp-caption alignnone\"><img decoding=\"async\" class=\"wp-image-63794 size-full\" src=\"https:\/\/www.aarquiteta.com.br\/blog\/wp-content\/uploads\/2022\/07\/tapete-de-banho2.jpg\" alt=\"tapete de banho2\" width=\"800\" height=\"800\" title=\"\" srcset=\"https:\/\/www.aarquiteta.com.br\/blog\/wp-content\/uploads\/2022\/07\/tapete-de-banho2.jpg 800w, https:\/\/www.aarquiteta.com.br\/blog\/wp-content\/uploads\/2022\/07\/tapete-de-banho2-696x696.jpg 696w, https:\/\/www.aarquiteta.com.br\/blog\/wp-content\/uploads\/2022\/07\/tapete-de-banho2-96x96.jpg 96w, https:\/\/www.aarquiteta.com.br\/blog\/wp-content\/uploads\/2022\/07\/tapete-de-banho2-150x150.jpg 150w\" sizes=\"(max-width: 800px) 100vw, 800px\" \/><figcaption id=\"caption-attachment-63794\" class=\"wp-caption-text\">Por: AliExpress<\/figcaption><\/figure>\n<h3>5 \u2014 Papel higi\u00eanico:<\/h3>\n<p>Este e um item obrigat\u00f3rio.<\/p>\n<p>Certifique-se de comprar mais quando voc\u00ea comprar!<\/p>\n<p>N\u00e3o h\u00e1 nada pior do que ficar sem papel higi\u00eanico no meio da noite!<\/p>\n<p>\u00c9 uma boa ideia manter pelo menos um ou dois rolos extras no banheiro, mas o resto pode ser guardado em outro lugar.<\/p>\n<figure id=\"attachment_63795\" aria-describedby=\"caption-attachment-63795\" style=\"width: 600px\" class=\"wp-caption alignnone\"><img decoding=\"async\" class=\"wp-image-63795 size-full\" src=\"https:\/\/www.aarquiteta.com.br\/blog\/wp-content\/uploads\/2022\/07\/papel-higienico.webp\" alt=\"papel higienico\" width=\"600\" height=\"400\" title=\"\" srcset=\"https:\/\/www.aarquiteta.com.br\/blog\/wp-content\/uploads\/2022\/07\/papel-higienico.webp 600w, https:\/\/www.aarquiteta.com.br\/blog\/wp-content\/uploads\/2022\/07\/papel-higienico-150x100.webp 150w\" sizes=\"(max-width: 600px) 100vw, 600px\" \/><figcaption id=\"caption-attachment-63795\" class=\"wp-caption-text\">Por: Depositphotos<\/figcaption><\/figure>\n<figure id=\"attachment_63796\" aria-describedby=\"caption-attachment-63796\" style=\"width: 800px\" class=\"wp-caption alignnone\"><img decoding=\"async\" class=\"wp-image-63796 size-full\" src=\"https:\/\/www.aarquiteta.com.br\/blog\/wp-content\/uploads\/2022\/07\/papel-higienico2.webp\" alt=\"papel higienico2\" width=\"800\" height=\"800\" title=\"\" srcset=\"https:\/\/www.aarquiteta.com.br\/blog\/wp-content\/uploads\/2022\/07\/papel-higienico2.webp 800w, https:\/\/www.aarquiteta.com.br\/blog\/wp-content\/uploads\/2022\/07\/papel-higienico2-696x696.webp 696w, https:\/\/www.aarquiteta.com.br\/blog\/wp-content\/uploads\/2022\/07\/papel-higienico2-96x96.webp 96w, https:\/\/www.aarquiteta.com.br\/blog\/wp-content\/uploads\/2022\/07\/papel-higienico2-150x150.webp 150w\" sizes=\"(max-width: 800px) 100vw, 800px\" \/><figcaption id=\"caption-attachment-63796\" class=\"wp-caption-text\">Por: AliExpress<\/figcaption><\/figure>\n<h3>6 \u2014 Cesta de lixo:<\/h3>\n<p>Uma pequena cesta de lixo com tampa ser\u00e1 \u00fatil para qualquer\u00a0 lixo que voc\u00ea encontrar no banheiro.<\/p>\n<figure id=\"attachment_63797\" aria-describedby=\"caption-attachment-63797\" style=\"width: 700px\" class=\"wp-caption alignnone\"><img decoding=\"async\" class=\"wp-image-63797 size-full\" src=\"https:\/\/www.aarquiteta.com.br\/blog\/wp-content\/uploads\/2022\/07\/cesto-de-lixo.jpg\" alt=\"cesto de lixo\" width=\"700\" height=\"515\" title=\"\" srcset=\"https:\/\/www.aarquiteta.com.br\/blog\/wp-content\/uploads\/2022\/07\/cesto-de-lixo.jpg 700w, https:\/\/www.aarquiteta.com.br\/blog\/wp-content\/uploads\/2022\/07\/cesto-de-lixo-696x512.jpg 696w, https:\/\/www.aarquiteta.com.br\/blog\/wp-content\/uploads\/2022\/07\/cesto-de-lixo-150x110.jpg 150w\" sizes=\"(max-width: 700px) 100vw, 700px\" \/><figcaption id=\"caption-attachment-63797\" class=\"wp-caption-text\">Por: Blog Kalunga<\/figcaption><\/figure>\n<figure id=\"attachment_63798\" aria-describedby=\"caption-attachment-63798\" style=\"width: 600px\" class=\"wp-caption alignnone\"><img decoding=\"async\" class=\"wp-image-63798 size-full\" src=\"https:\/\/www.aarquiteta.com.br\/blog\/wp-content\/uploads\/2022\/07\/cesto-de-lixo2.jpg\" alt=\"cesto de lixo2\" width=\"600\" height=\"600\" title=\"\" srcset=\"https:\/\/www.aarquiteta.com.br\/blog\/wp-content\/uploads\/2022\/07\/cesto-de-lixo2.jpg 600w, https:\/\/www.aarquiteta.com.br\/blog\/wp-content\/uploads\/2022\/07\/cesto-de-lixo2-96x96.jpg 96w, https:\/\/www.aarquiteta.com.br\/blog\/wp-content\/uploads\/2022\/07\/cesto-de-lixo2-150x150.jpg 150w\" sizes=\"(max-width: 600px) 100vw, 600px\" \/><figcaption id=\"caption-attachment-63798\" class=\"wp-caption-text\">Por: Blog Tem Tudo<\/figcaption><\/figure>\n<h3>7 \u2014 Rodo para secar:<\/h3>\n<p>J\u00e1 pensou sair do banho e deixar tudo molhado?<\/p>\n<p>Esse item al\u00e9m de essencial ele ajuda a manter o banheiro limpo e sequinho!<\/p>\n<figure id=\"attachment_63799\" aria-describedby=\"caption-attachment-63799\" style=\"width: 1000px\" class=\"wp-caption alignnone\"><img decoding=\"async\" class=\"wp-image-63799 size-full\" src=\"https:\/\/www.aarquiteta.com.br\/blog\/wp-content\/uploads\/2022\/07\/rodo.webp\" alt=\"rodo\" width=\"1000\" height=\"1000\" title=\"\" srcset=\"https:\/\/www.aarquiteta.com.br\/blog\/wp-content\/uploads\/2022\/07\/rodo.webp 1000w, https:\/\/www.aarquiteta.com.br\/blog\/wp-content\/uploads\/2022\/07\/rodo-696x696.webp 696w, https:\/\/www.aarquiteta.com.br\/blog\/wp-content\/uploads\/2022\/07\/rodo-96x96.webp 96w, https:\/\/www.aarquiteta.com.br\/blog\/wp-content\/uploads\/2022\/07\/rodo-150x150.webp 150w\" sizes=\"(max-width: 1000px) 100vw, 1000px\" \/><figcaption id=\"caption-attachment-63799\" class=\"wp-caption-text\">Por: ML<\/figcaption><\/figure>\n<figure id=\"attachment_63800\" aria-describedby=\"caption-attachment-63800\" style=\"width: 550px\" class=\"wp-caption alignnone\"><img decoding=\"async\" class=\"wp-image-63800 size-full\" src=\"https:\/\/www.aarquiteta.com.br\/blog\/wp-content\/uploads\/2022\/07\/rodo2.jpg\" alt=\"rodo2\" width=\"550\" height=\"733\" title=\"\" srcset=\"https:\/\/www.aarquiteta.com.br\/blog\/wp-content\/uploads\/2022\/07\/rodo2.jpg 550w, https:\/\/www.aarquiteta.com.br\/blog\/wp-content\/uploads\/2022\/07\/rodo2-150x200.jpg 150w\" sizes=\"(max-width: 550px) 100vw, 550px\" \/><figcaption id=\"caption-attachment-63800\" class=\"wp-caption-text\">Por: TripAdvisor<\/figcaption><\/figure>\n<p>&nbsp;<\/p>\n<p>Dentre tantos outros produtos e objetos esses s\u00e3o os principias para manter em seu banheiro.<\/p>\n<p>Cada banheiro tem uma caracter\u00edstica diferente<\/p>\n<p>Mas n\u00e3o deixe nenhum desses itens faltar!<\/p>\n<h2>E a\u00ed, gostou do artigo sobre 7 itens essenciais para banheiro?<\/h2>\n<p>Ent\u00e3o deslize a tela para baixo e<a href=\"https:\/\/br.pinterest.com\/aarquitetapinterest\/_created\/\" target=\"_blank\" rel=\"noopener\"> confira mais dicas<\/a> como esta e n\u00e3o se esque\u00e7a de compartilhar com os amigos!<\/p>\n<p>Quer mais dicas sobre o mundo da Arquitetura e Decora\u00e7\u00e3o, ent\u00e3o confira alguns dos nossos artigos em:<\/p>\n<ul>\n<li><a href=\"https:\/\/www.aarquiteta.com.br\/blog\/paisagismo\/\" target=\"_blank\" rel=\"noopener\">Casa e Jardim<\/a><\/li>\n<li><a href=\"https:\/\/www.aarquiteta.com.br\/blog\/arquitetura\/mundo-arquitetura\/\" target=\"_blank\" rel=\"noopener\">Mundo Arquitetura<\/a><\/li>\n<li><a href=\"https:\/\/www.aarquiteta.com.br\/decoracao\/\" target=\"_blank\" rel=\"noopener\">Decora\u00e7\u00e3o<br \/>\n<\/a><\/li>\n<\/ul>\n<p>&nbsp;<\/p>\n","protected":false},"excerpt":{"rendered":"<p>A emo\u00e7\u00e3o de decorar um novo espa\u00e7o \u00e9 sem d\u00favida emocionante, pois voc\u00ea pode manter seu estilo cl\u00e1ssico, ou aproveitar para experimentar algo novo! \u00c9 a\u00ed que o sentimento avassalador pode se infiltrar. Decore tudo e ainda tenha muitos itens essenciais que voc\u00ea precisa! Um dos espa\u00e7os mais utilizados de sua casa \u00e9 o seu [&hellip;]<\/p>\n","protected":false},"author":102,"featured_media":63786,"comment_status":"open","ping_status":"closed","sticky":false,"template":"","format":"standard","meta":{"footnotes":""},"categories":[18760],"tags":[20068,20070,20069],"class_list":["post-63785","post","type-post","status-publish","format-standard","has-post-thumbnail","category-decoracao-de-banheiro","tag-7-itens-para-banheiro","tag-coisas-essenciais-para-seu-banheiro","tag-objetos-para-banheiro"],"_wp_attached_file":null,"_wp_attachment_metadata":null,"_wp_attachment_context":null,"_wp_attachment_is_custom_header":null,"geo_longitude":null,"geo_public":null,"geo_latitude":null,"_publicize_done_external":null,"_wpas_done_3897181":null,"publicize_twitter_user":null,"_wpas_done_3897175":null,"_wpas_skip_3897181":null,"_wpas_skip_3897175":null,"_wpas_skip_3924723":null,"_wpas_mess":null,"_wpas_done_3924723":null,"wps_subtitle":"N\u00e3o esque\u00e7a esses itens essenciais para seu banheiro!","_links":{"self":[{"href":"https:\/\/www.aarquiteta.com.br\/blog\/wp-json\/wp\/v2\/posts\/63785","targetHints":{"allow":["GET"]}}],"collection":[{"href":"https:\/\/www.aarquiteta.com.br\/blog\/wp-json\/wp\/v2\/posts"}],"about":[{"href":"https:\/\/www.aarquiteta.com.br\/blog\/wp-json\/wp\/v2\/types\/post"}],"author":[{"embeddable":true,"href":"https:\/\/www.aarquiteta.com.br\/blog\/wp-json\/wp\/v2\/users\/102"}],"replies":[{"embeddable":true,"href":"https:\/\/www.aarquiteta.com.br\/blog\/wp-json\/wp\/v2\/comments?post=63785"}],"version-history":[{"count":0,"href":"https:\/\/www.aarquiteta.com.br\/blog\/wp-json\/wp\/v2\/posts\/63785\/revisions"}],"wp:featuredmedia":[{"embeddable":true,"href":"https:\/\/www.aarquiteta.com.br\/blog\/wp-json\/wp\/v2\/media\/63786"}],"wp:attachment":[{"href":"https:\/\/www.aarquiteta.com.br\/blog\/wp-json\/wp\/v2\/media?parent=63785"}],"wp:term":[{"taxonomy":"category","embeddable":true,"href":"https:\/\/www.aarquiteta.com.br\/blog\/wp-json\/wp\/v2\/categories?post=63785"},{"taxonomy":"post_tag","embeddable":true,"href":"https:\/\/www.aarquiteta.com.br\/blog\/wp-json\/wp\/v2\/tags?post=63785"}],"curies":[{"name":"wp","href":"https:\/\/api.w.org\/{rel}","templated":true}]}}