{"id":62481,"date":"2022-07-08T11:28:22","date_gmt":"2022-07-08T14:28:22","guid":{"rendered":"http:\/\/aarquiteta.com.br\/?p=62481"},"modified":"2022-07-20T17:06:52","modified_gmt":"2022-07-20T20:06:52","slug":"cozinha-cinza","status":"publish","type":"post","link":"https:\/\/www.aarquiteta.com.br\/blog\/cozinha-cinza\/","title":{"rendered":"Id\u00e9ias de cozinha cinza &#8211; Designs cl\u00e1ssicos que voc\u00ea vai adorar para sempre"},"content":{"rendered":"<figure id=\"attachment_62482\" aria-describedby=\"caption-attachment-62482\" style=\"width: 786px\" class=\"wp-caption alignnone\"><img decoding=\"async\" class=\"wp-image-62482 size-full\" src=\"https:\/\/www.aarquiteta.com.br\/blog\/wp-content\/uploads\/2022\/07\/cozinha-cinza.jpg\" alt=\"cozinha cinza\" width=\"786\" height=\"524\" title=\"\" srcset=\"https:\/\/www.aarquiteta.com.br\/blog\/wp-content\/uploads\/2022\/07\/cozinha-cinza.jpg 786w, https:\/\/www.aarquiteta.com.br\/blog\/wp-content\/uploads\/2022\/07\/cozinha-cinza-696x464.jpg 696w, https:\/\/www.aarquiteta.com.br\/blog\/wp-content\/uploads\/2022\/07\/cozinha-cinza-150x100.jpg 150w\" sizes=\"(max-width: 786px) 100vw, 786px\" \/><figcaption id=\"caption-attachment-62482\" class=\"wp-caption-text\">Por: DecorStyle<\/figcaption><\/figure>\n<p>Quando se trata de ideias de cozinha cinza, existem muitas possibilidades.<\/p>\n<p>O cinza ainda \u00e9 o neutro do momento: parece elegante e n\u00edtido quando combinado com o branco, mas ainda pode se beneficiar de um pouco com outras cores e formas assim como no papel de parede.<\/p>\n<figure id=\"attachment_62484\" aria-describedby=\"caption-attachment-62484\" style=\"width: 1000px\" class=\"wp-caption alignnone\"><img decoding=\"async\" class=\"wp-image-62484 size-full\" src=\"https:\/\/www.aarquiteta.com.br\/blog\/wp-content\/uploads\/2022\/07\/cinza3.jpg\" alt=\"cinza3\" width=\"1000\" height=\"1000\" title=\"\" srcset=\"https:\/\/www.aarquiteta.com.br\/blog\/wp-content\/uploads\/2022\/07\/cinza3.jpg 1000w, https:\/\/www.aarquiteta.com.br\/blog\/wp-content\/uploads\/2022\/07\/cinza3-696x696.jpg 696w, https:\/\/www.aarquiteta.com.br\/blog\/wp-content\/uploads\/2022\/07\/cinza3-96x96.jpg 96w, https:\/\/www.aarquiteta.com.br\/blog\/wp-content\/uploads\/2022\/07\/cinza3-150x150.jpg 150w\" sizes=\"(max-width: 1000px) 100vw, 1000px\" \/><figcaption id=\"caption-attachment-62484\" class=\"wp-caption-text\">Por: Graduado<\/figcaption><\/figure>\n<figure id=\"attachment_62523\" aria-describedby=\"caption-attachment-62523\" style=\"width: 450px\" class=\"wp-caption alignnone\"><img decoding=\"async\" class=\"wp-image-62523 size-full\" src=\"https:\/\/www.aarquiteta.com.br\/blog\/wp-content\/uploads\/2022\/07\/cinza-papel-de-parede.webp\" alt=\"cinza papel de parede\" width=\"450\" height=\"450\" title=\"\" srcset=\"https:\/\/www.aarquiteta.com.br\/blog\/wp-content\/uploads\/2022\/07\/cinza-papel-de-parede.webp 450w, https:\/\/www.aarquiteta.com.br\/blog\/wp-content\/uploads\/2022\/07\/cinza-papel-de-parede-96x96.webp 96w, https:\/\/www.aarquiteta.com.br\/blog\/wp-content\/uploads\/2022\/07\/cinza-papel-de-parede-150x150.webp 150w\" sizes=\"(max-width: 450px) 100vw, 450px\" \/><figcaption id=\"caption-attachment-62523\" class=\"wp-caption-text\">Por: La Storedecor<\/figcaption><\/figure>\n<figure id=\"attachment_62524\" aria-describedby=\"caption-attachment-62524\" style=\"width: 550px\" class=\"wp-caption alignnone\"><img decoding=\"async\" class=\"wp-image-62524 size-full\" src=\"https:\/\/www.aarquiteta.com.br\/blog\/wp-content\/uploads\/2022\/07\/cinza-papel-d-eparede.jpg\" alt=\"cinza papel d eparede\" width=\"550\" height=\"734\" title=\"\" srcset=\"https:\/\/www.aarquiteta.com.br\/blog\/wp-content\/uploads\/2022\/07\/cinza-papel-d-eparede.jpg 550w, https:\/\/www.aarquiteta.com.br\/blog\/wp-content\/uploads\/2022\/07\/cinza-papel-d-eparede-150x200.jpg 150w\" sizes=\"(max-width: 550px) 100vw, 550px\" \/><figcaption id=\"caption-attachment-62524\" class=\"wp-caption-text\">Por: Decor F\u00e1cil<\/figcaption><\/figure>\n<p>Voc\u00ea pode pensar que as ideias de cozinha est\u00e3o limitadas a apenas uma cor, mas se voc\u00ea juntar os f\u00e3s de gr\u00e1ficos de tinta cinza, ver\u00e1 como os tons podem ser diferentes.<\/p>\n<p>A extremidade fria do espectro tem v\u00e1rios tons e todos eles combinam com azuis, passando por verdes e amarelos e, finalmente, tons mais quentes com tons vermelhos, marrom, rosa e roxo.<\/p>\n<figure id=\"attachment_62483\" aria-describedby=\"caption-attachment-62483\" style=\"width: 640px\" class=\"wp-caption alignnone\"><img decoding=\"async\" class=\"wp-image-62483 size-large\" src=\"https:\/\/www.aarquiteta.com.br\/blog\/wp-content\/uploads\/2022\/07\/cinza-683x1024.jpg\" alt=\"cinza\" width=\"640\" height=\"960\" title=\"\" srcset=\"https:\/\/www.aarquiteta.com.br\/blog\/wp-content\/uploads\/2022\/07\/cinza-683x1024.jpg 683w, https:\/\/www.aarquiteta.com.br\/blog\/wp-content\/uploads\/2022\/07\/cinza-696x1044.jpg 696w, https:\/\/www.aarquiteta.com.br\/blog\/wp-content\/uploads\/2022\/07\/cinza-150x225.jpg 150w, https:\/\/www.aarquiteta.com.br\/blog\/wp-content\/uploads\/2022\/07\/cinza.jpg 700w\" sizes=\"(max-width: 640px) 100vw, 640px\" \/><figcaption id=\"caption-attachment-62483\" class=\"wp-caption-text\">Por: Casa e Festa<\/figcaption><\/figure>\n<figure id=\"attachment_62492\" aria-describedby=\"caption-attachment-62492\" style=\"width: 600px\" class=\"wp-caption alignnone\"><img decoding=\"async\" class=\"wp-image-62492 size-full\" src=\"https:\/\/www.aarquiteta.com.br\/blog\/wp-content\/uploads\/2022\/07\/cores.jpg\" alt=\"cores\" width=\"600\" height=\"600\" title=\"\" srcset=\"https:\/\/www.aarquiteta.com.br\/blog\/wp-content\/uploads\/2022\/07\/cores.jpg 600w, https:\/\/www.aarquiteta.com.br\/blog\/wp-content\/uploads\/2022\/07\/cores-96x96.jpg 96w, https:\/\/www.aarquiteta.com.br\/blog\/wp-content\/uploads\/2022\/07\/cores-150x150.jpg 150w\" sizes=\"(max-width: 600px) 100vw, 600px\" \/><figcaption id=\"caption-attachment-62492\" class=\"wp-caption-text\">Por: Simples Decora\u00e7\u00e3o<\/figcaption><\/figure>\n<figure id=\"attachment_62493\" aria-describedby=\"caption-attachment-62493\" style=\"width: 530px\" class=\"wp-caption alignnone\"><img decoding=\"async\" class=\"wp-image-62493 size-full\" src=\"https:\/\/www.aarquiteta.com.br\/blog\/wp-content\/uploads\/2022\/07\/cinza-vermelho.jpg\" alt=\"cinza vermelho\" width=\"530\" height=\"353\" title=\"\" srcset=\"https:\/\/www.aarquiteta.com.br\/blog\/wp-content\/uploads\/2022\/07\/cinza-vermelho.jpg 530w, https:\/\/www.aarquiteta.com.br\/blog\/wp-content\/uploads\/2022\/07\/cinza-vermelho-150x100.jpg 150w\" sizes=\"(max-width: 530px) 100vw, 530px\" \/><figcaption id=\"caption-attachment-62493\" class=\"wp-caption-text\">Por: Doce Obra<\/figcaption><\/figure>\n<p>Uma nova cozinha \u00e9 um grande investimento, e atualizar uma cozinha existente pode trazer muitas mudan\u00e7as, portanto, seja qual for o estilo ou a cor que voc\u00ea escolher, \u00e9 importante que ela tenha poder de perman\u00eancia.<\/p>\n<figure id=\"attachment_62494\" aria-describedby=\"caption-attachment-62494\" style=\"width: 640px\" class=\"wp-caption alignnone\"><img decoding=\"async\" class=\"wp-image-62494 size-large\" src=\"https:\/\/www.aarquiteta.com.br\/blog\/wp-content\/uploads\/2022\/07\/cinza-verde-820x1024.jpg\" alt=\"cinza verde\" width=\"640\" height=\"799\" title=\"\"><figcaption id=\"caption-attachment-62494\" class=\"wp-caption-text\">Por: Dicas Decor<\/figcaption><\/figure>\n<figure id=\"attachment_62495\" aria-describedby=\"caption-attachment-62495\" style=\"width: 640px\" class=\"wp-caption alignnone\"><img decoding=\"async\" class=\"wp-image-62495 size-large\" src=\"https:\/\/www.aarquiteta.com.br\/blog\/wp-content\/uploads\/2022\/07\/cinza-azul-819x1024.png\" alt=\"cinza azul\" width=\"640\" height=\"800\" title=\"\"><figcaption id=\"caption-attachment-62495\" class=\"wp-caption-text\">Por: Decor Salteado<\/figcaption><\/figure>\n<p>A vantagem do cinza \u00e9 que ele \u00e9 uma cor neutra, o que significa que \u00e9 atemporal por si s\u00f3, contrasta com outras cores e complementa muitos materiais e superf\u00edcies diferentes.<\/p>\n<h3>Apaixone-se pelo cinza:<\/h3>\n<figure id=\"attachment_62485\" aria-describedby=\"caption-attachment-62485\" style=\"width: 700px\" class=\"wp-caption alignnone\"><img decoding=\"async\" class=\"wp-image-62485 size-full\" src=\"https:\/\/www.aarquiteta.com.br\/blog\/wp-content\/uploads\/2022\/07\/cinza-escuro.jpg\" alt=\"cinza escuro\" width=\"700\" height=\"467\" title=\"\" srcset=\"https:\/\/www.aarquiteta.com.br\/blog\/wp-content\/uploads\/2022\/07\/cinza-escuro.jpg 700w, https:\/\/www.aarquiteta.com.br\/blog\/wp-content\/uploads\/2022\/07\/cinza-escuro-696x464.jpg 696w, https:\/\/www.aarquiteta.com.br\/blog\/wp-content\/uploads\/2022\/07\/cinza-escuro-150x100.jpg 150w\" sizes=\"(max-width: 700px) 100vw, 700px\" \/><figcaption id=\"caption-attachment-62485\" class=\"wp-caption-text\">Por: Casa e Festa<\/figcaption><\/figure>\n<p>Traga o cinza para o outro extremo do espectro e escolha a cor mais escura do arm\u00e1rio de cozinha para um visual arrojado e dram\u00e1tico perfeito para um ambiente mais contempor\u00e2neo.<\/p>\n<p>Id\u00e9ias de cozinha escura podem ser complementadas com bancadas de granito branco para maior resist\u00eancia e um elemento extra de luxo.<\/p>\n<p>Colocando \u00eanfase nas id\u00e9ias de decora\u00e7\u00e3o, as paredes de gesso cinza funcionam perfeitamente com arm\u00e1rios cinza escuro ou uma cozinha de madeira r\u00fastica se todo o cinza for muito escuro e sinistro.<\/p>\n<figure id=\"attachment_62486\" aria-describedby=\"caption-attachment-62486\" style=\"width: 800px\" class=\"wp-caption alignnone\"><img decoding=\"async\" class=\"wp-image-62486 size-full\" src=\"https:\/\/www.aarquiteta.com.br\/blog\/wp-content\/uploads\/2022\/07\/cinza-gesso.jpg\" alt=\"cinza gesso\" width=\"800\" height=\"504\" title=\"\" srcset=\"https:\/\/www.aarquiteta.com.br\/blog\/wp-content\/uploads\/2022\/07\/cinza-gesso.jpg 800w, https:\/\/www.aarquiteta.com.br\/blog\/wp-content\/uploads\/2022\/07\/cinza-gesso-696x438.jpg 696w, https:\/\/www.aarquiteta.com.br\/blog\/wp-content\/uploads\/2022\/07\/cinza-gesso-150x95.jpg 150w\" sizes=\"(max-width: 800px) 100vw, 800px\" \/><figcaption id=\"caption-attachment-62486\" class=\"wp-caption-text\">Por: Construindo Decor<\/figcaption><\/figure>\n<figure id=\"attachment_62490\" aria-describedby=\"caption-attachment-62490\" style=\"width: 459px\" class=\"wp-caption alignnone\"><img decoding=\"async\" class=\"wp-image-62490 size-full\" src=\"https:\/\/www.aarquiteta.com.br\/blog\/wp-content\/uploads\/2022\/07\/cinza-gesso2.webp\" alt=\"cinza gesso2\" width=\"459\" height=\"500\" title=\"\" srcset=\"https:\/\/www.aarquiteta.com.br\/blog\/wp-content\/uploads\/2022\/07\/cinza-gesso2.webp 459w, https:\/\/www.aarquiteta.com.br\/blog\/wp-content\/uploads\/2022\/07\/cinza-gesso2-150x163.webp 150w\" sizes=\"(max-width: 459px) 100vw, 459px\" \/><figcaption id=\"caption-attachment-62490\" class=\"wp-caption-text\">Por: ML<\/figcaption><\/figure>\n<p>Misturar cores escuras com claras \u00e9 uma \u00f3tima maneira de adicionar cinza a um esquema de cozinha sem sobrecarregar o espa\u00e7o &#8211; adicionar ouro \u00e0 mistura garantir\u00e1 um brilho e brilho extra.<\/p>\n<figure id=\"attachment_62488\" aria-describedby=\"caption-attachment-62488\" style=\"width: 640px\" class=\"wp-caption alignnone\"><img decoding=\"async\" class=\"wp-image-62488 size-large\" src=\"https:\/\/www.aarquiteta.com.br\/blog\/wp-content\/uploads\/2022\/07\/coinza-com-ouro-1-805x1024.jpg\" alt=\"coinza com ouro\" width=\"640\" height=\"814\" title=\"\"><figcaption id=\"caption-attachment-62488\" class=\"wp-caption-text\">Pinterest<\/figcaption><\/figure>\n<figure id=\"attachment_62489\" aria-describedby=\"caption-attachment-62489\" style=\"width: 564px\" class=\"wp-caption alignnone\"><img decoding=\"async\" class=\"wp-image-62489 size-full\" src=\"https:\/\/www.aarquiteta.com.br\/blog\/wp-content\/uploads\/2022\/07\/coinza-com-ouro2.jpg\" alt=\"coinza com ouro2\" width=\"564\" height=\"784\" title=\"\" srcset=\"https:\/\/www.aarquiteta.com.br\/blog\/wp-content\/uploads\/2022\/07\/coinza-com-ouro2.jpg 564w, https:\/\/www.aarquiteta.com.br\/blog\/wp-content\/uploads\/2022\/07\/coinza-com-ouro2-150x209.jpg 150w\" sizes=\"(max-width: 564px) 100vw, 564px\" \/><figcaption id=\"caption-attachment-62489\" class=\"wp-caption-text\">Pinterest<\/figcaption><\/figure>\n<p>Em uma cozinha de luxo como esta, mantenha os arm\u00e1rios elegantes e aerodin\u00e2micos.<\/p>\n<p>Para id\u00e9ias de cozinha de fazenda, escolha uma combina\u00e7\u00e3o\u00a0 em um acabamento pintado \u00e0 m\u00e3o em cinza.<\/p>\n<p>Prateleiras\u00a0 abertas para exibir lou\u00e7as e utens\u00edlios de cozinha r\u00fasticos, encha-os com pilhas de pratos e copos, panos e len\u00e7\u00f3is coloridos, lou\u00e7as pintadas e cestas r\u00fasticas.<\/p>\n<figure id=\"attachment_62491\" aria-describedby=\"caption-attachment-62491\" style=\"width: 700px\" class=\"wp-caption alignnone\"><img decoding=\"async\" class=\"wp-image-62491 size-full\" src=\"https:\/\/www.aarquiteta.com.br\/blog\/wp-content\/uploads\/2022\/07\/cinza-rustico.jpg\" alt=\"cinza rustico\" width=\"700\" height=\"874\" title=\"\" srcset=\"https:\/\/www.aarquiteta.com.br\/blog\/wp-content\/uploads\/2022\/07\/cinza-rustico.jpg 700w, https:\/\/www.aarquiteta.com.br\/blog\/wp-content\/uploads\/2022\/07\/cinza-rustico-696x869.jpg 696w, https:\/\/www.aarquiteta.com.br\/blog\/wp-content\/uploads\/2022\/07\/cinza-rustico-150x187.jpg 150w\" sizes=\"(max-width: 700px) 100vw, 700px\" \/><figcaption id=\"caption-attachment-62491\" class=\"wp-caption-text\">Por: Casa e Festa<\/figcaption><\/figure>\n<figure id=\"attachment_62528\" aria-describedby=\"caption-attachment-62528\" style=\"width: 400px\" class=\"wp-caption alignnone\"><img decoding=\"async\" class=\"wp-image-62528 size-full\" src=\"https:\/\/www.aarquiteta.com.br\/blog\/wp-content\/uploads\/2022\/07\/prateleira-cinza.jpg\" alt=\"prateleira cinza\" width=\"400\" height=\"499\" title=\"\" srcset=\"https:\/\/www.aarquiteta.com.br\/blog\/wp-content\/uploads\/2022\/07\/prateleira-cinza.jpg 400w, https:\/\/www.aarquiteta.com.br\/blog\/wp-content\/uploads\/2022\/07\/prateleira-cinza-150x187.jpg 150w\" sizes=\"(max-width: 400px) 100vw, 400px\" \/><figcaption id=\"caption-attachment-62528\" class=\"wp-caption-text\">Por: Blog Criativos<\/figcaption><\/figure>\n<p>As prateleiras abertas sempre parecem muito interessantes e distintas, mas em um n\u00edvel pr\u00e1tico tamb\u00e9m tornam os itens essenciais da cozinha mais acess\u00edveis.<\/p>\n<h2>E a\u00ed, gostou do artigo sobre Id\u00e9ias de cozinha cinza &#8211; Designs cl\u00e1ssicos que voc\u00ea vai adorar para sempre?<\/h2>\n<p>Ent\u00e3o deslize a tela para baixo e<a href=\"https:\/\/br.pinterest.com\/aarquitetapinterest\/_created\/\" target=\"_blank\" rel=\"noopener\"> confira mais dicas<\/a> como esta e n\u00e3o se esque\u00e7a de compartilhar com os amigos!<\/p>\n<p>Quer mais dicas sobre o mundo da Arquitetura e Decora\u00e7\u00e3o, ent\u00e3o confira alguns dos nossos artigos em:<\/p>\n<ul>\n<li><a href=\"https:\/\/www.aarquiteta.com.br\/blog\/paisagismo\/\" target=\"_blank\" rel=\"noopener\">Casa e Jardim<\/a><\/li>\n<li><a href=\"https:\/\/www.aarquiteta.com.br\/blog\/arquitetura\/mundo-arquitetura\/\" target=\"_blank\" rel=\"noopener\">Mundo Arquitetura<\/a><\/li>\n<li><a href=\"https:\/\/www.aarquiteta.com.br\/decoracao\/\" target=\"_blank\" rel=\"noopener\">Decora\u00e7\u00e3o<br \/>\n<\/a><\/li>\n<\/ul>\n<p>&nbsp;<\/p>\n","protected":false},"excerpt":{"rendered":"<p>Quando se trata de ideias de cozinha cinza, existem muitas possibilidades. O cinza ainda \u00e9 o neutro do momento: parece elegante e n\u00edtido quando combinado com o branco, mas ainda pode se beneficiar de um pouco com outras cores e formas assim como no papel de parede. Voc\u00ea pode pensar que as ideias de cozinha [&hellip;]<\/p>\n","protected":false},"author":102,"featured_media":62482,"comment_status":"open","ping_status":"closed","sticky":false,"template":"","format":"standard","meta":{"footnotes":""},"categories":[18754],"tags":[20044,20043,20045],"class_list":["post-62481","post","type-post","status-publish","format-standard","has-post-thumbnail","category-decoracao-de-cozinha","tag-cinza-para-a-sua-cozinha","tag-ideias-de-cozinha-cinza","tag-ideias-de-decoracao-cinza"],"_wp_attached_file":null,"_wp_attachment_metadata":null,"_wp_attachment_context":null,"_wp_attachment_is_custom_header":null,"geo_longitude":null,"geo_public":null,"geo_latitude":null,"_publicize_done_external":null,"_wpas_done_3897181":null,"publicize_twitter_user":null,"_wpas_done_3897175":null,"_wpas_skip_3897181":null,"_wpas_skip_3897175":null,"_wpas_skip_3924723":null,"_wpas_mess":null,"_wpas_done_3924723":null,"wps_subtitle":"O cinza que voc\u00ea deseja na sua cozinha!","_links":{"self":[{"href":"https:\/\/www.aarquiteta.com.br\/blog\/wp-json\/wp\/v2\/posts\/62481","targetHints":{"allow":["GET"]}}],"collection":[{"href":"https:\/\/www.aarquiteta.com.br\/blog\/wp-json\/wp\/v2\/posts"}],"about":[{"href":"https:\/\/www.aarquiteta.com.br\/blog\/wp-json\/wp\/v2\/types\/post"}],"author":[{"embeddable":true,"href":"https:\/\/www.aarquiteta.com.br\/blog\/wp-json\/wp\/v2\/users\/102"}],"replies":[{"embeddable":true,"href":"https:\/\/www.aarquiteta.com.br\/blog\/wp-json\/wp\/v2\/comments?post=62481"}],"version-history":[{"count":0,"href":"https:\/\/www.aarquiteta.com.br\/blog\/wp-json\/wp\/v2\/posts\/62481\/revisions"}],"wp:featuredmedia":[{"embeddable":true,"href":"https:\/\/www.aarquiteta.com.br\/blog\/wp-json\/wp\/v2\/media\/62482"}],"wp:attachment":[{"href":"https:\/\/www.aarquiteta.com.br\/blog\/wp-json\/wp\/v2\/media?parent=62481"}],"wp:term":[{"taxonomy":"category","embeddable":true,"href":"https:\/\/www.aarquiteta.com.br\/blog\/wp-json\/wp\/v2\/categories?post=62481"},{"taxonomy":"post_tag","embeddable":true,"href":"https:\/\/www.aarquiteta.com.br\/blog\/wp-json\/wp\/v2\/tags?post=62481"}],"curies":[{"name":"wp","href":"https:\/\/api.w.org\/{rel}","templated":true}]}}