{"id":61850,"date":"2022-07-02T19:00:30","date_gmt":"2022-07-02T22:00:30","guid":{"rendered":"http:\/\/aarquiteta.com.br\/?p=61850"},"modified":"2022-07-22T13:09:50","modified_gmt":"2022-07-22T16:09:50","slug":"abacaxi","status":"publish","type":"post","link":"https:\/\/www.aarquiteta.com.br\/blog\/abacaxi\/","title":{"rendered":"Abacaxi &#8211; Id\u00e9ias com objetos para sua cozinha!"},"content":{"rendered":"<figure id=\"attachment_61874\" aria-describedby=\"caption-attachment-61874\" style=\"width: 736px\" class=\"wp-caption alignnone\"><img decoding=\"async\" class=\"wp-image-61874 size-full\" src=\"https:\/\/www.aarquiteta.com.br\/blog\/wp-content\/uploads\/2022\/07\/abacaxi3.jpg\" alt=\"abacaxi3\" width=\"736\" height=\"474\" title=\"\" srcset=\"https:\/\/www.aarquiteta.com.br\/blog\/wp-content\/uploads\/2022\/07\/abacaxi3.jpg 736w, https:\/\/www.aarquiteta.com.br\/blog\/wp-content\/uploads\/2022\/07\/abacaxi3-696x448.jpg 696w, https:\/\/www.aarquiteta.com.br\/blog\/wp-content\/uploads\/2022\/07\/abacaxi3-150x97.jpg 150w\" sizes=\"(max-width: 736px) 100vw, 736px\" \/><figcaption id=\"caption-attachment-61874\" class=\"wp-caption-text\">Pinterest<\/figcaption><\/figure>\n<p>&nbsp;<\/p>\n<p>As melhores id\u00e9ias de decora\u00e7\u00e3o de Abacaxi dar\u00e3o a qualquer casa uma forma doce e charmosa.<\/p>\n<p>Abacaxi \u00e9 um dos temas mais f\u00e1ceis e vers\u00e1teis na hora de decorar uma cozinha.<\/p>\n<p>Ele se adapta \u00e0 vibra\u00e7\u00e3o geral da sala em primeiro lugar, como a decora\u00e7\u00e3o mais baseada em frutas.<\/p>\n<figure id=\"attachment_61869\" aria-describedby=\"caption-attachment-61869\" style=\"width: 551px\" class=\"wp-caption alignnone\"><img decoding=\"async\" class=\"wp-image-61869\" src=\"https:\/\/www.aarquiteta.com.br\/blog\/wp-content\/uploads\/2022\/07\/abacaxi-276x300.jpg\" alt=\"abacaxi\" width=\"551\" height=\"600\" title=\"\"><figcaption id=\"caption-attachment-61869\" class=\"wp-caption-text\">Pinterest<\/figcaption><\/figure>\n<p>Fora isso, o abacaxi \u00e9 fofo, \u00fanico e memor\u00e1vel.<\/p>\n<p>Ele faz sucesso tamb\u00e9m em anivers\u00e1rios com tema ver\u00e3o!<\/p>\n<figure id=\"attachment_61871\" aria-describedby=\"caption-attachment-61871\" style=\"width: 700px\" class=\"wp-caption alignnone\"><img decoding=\"async\" class=\"wp-image-61871\" src=\"https:\/\/www.aarquiteta.com.br\/blog\/wp-content\/uploads\/2022\/07\/abacaxi1-300x200.jpg\" alt=\"abacaxi1\" width=\"700\" height=\"467\" title=\"\"><figcaption id=\"caption-attachment-61871\" class=\"wp-caption-text\">Por: Blog Casar<\/figcaption><\/figure>\n<p>O maior problema que voc\u00ea ter\u00e1 \u00e9 descobrir que tipo de acess\u00f3rios de abacaxi voc\u00ea deseja em sua cozinha.<\/p>\n<h3>1 \u2014 Quadros de Abacaxi:<\/h3>\n<p>Perfeito para uma cozinha estilo fazenda, esta arte de abacaxi em quadros \u00e9 simplesmente fenomenal.<\/p>\n<p>Com cores vibrantes, \u00f3timas sombras e contraste, e grande aproveitamento do espa\u00e7o em branco no fundo, que torna bem realista.<\/p>\n<figure id=\"attachment_61851\" aria-describedby=\"caption-attachment-61851\" style=\"width: 550px\" class=\"wp-caption alignnone\"><img decoding=\"async\" class=\"wp-image-61851\" src=\"https:\/\/www.aarquiteta.com.br\/blog\/wp-content\/uploads\/2022\/07\/quadro-abacaxi-300x137.jpg\" alt=\"quadro abacaxi\" width=\"550\" height=\"251\" title=\"\"><figcaption id=\"caption-attachment-61851\" class=\"wp-caption-text\">Por: Elo7<\/figcaption><\/figure>\n<figure id=\"attachment_61864\" aria-describedby=\"caption-attachment-61864\" style=\"width: 600px\" class=\"wp-caption alignnone\"><img decoding=\"async\" class=\"wp-image-61864\" src=\"https:\/\/www.aarquiteta.com.br\/blog\/wp-content\/uploads\/2022\/07\/quadro-abacaxi2-300x300.webp\" alt=\"quadro abacaxi2\" width=\"600\" height=\"600\" title=\"\"><figcaption id=\"caption-attachment-61864\" class=\"wp-caption-text\">Por: Prego e Martelo<\/figcaption><\/figure>\n<h3>2 \u2014 Conjunto de tigelas e bandejas em forma de abacaxi:<\/h3>\n<p>Prontas para sua pr\u00f3xima festa de primavera ou ver\u00e3o, essas tigelas em forma de abacaxi e bandejas atrair\u00e3o qualquer convidado animado.<\/p>\n<p>Estes s\u00e3o um \u00f3timo complemento para uma cozinha.<\/p>\n<p>No entanto, eles s\u00e3o perfeitos para o uso di\u00e1rio como acess\u00f3rios funcionais.<\/p>\n<figure id=\"attachment_61852\" aria-describedby=\"caption-attachment-61852\" style=\"width: 700px\" class=\"wp-caption alignnone\"><img decoding=\"async\" class=\"wp-image-61852\" src=\"https:\/\/www.aarquiteta.com.br\/blog\/wp-content\/uploads\/2022\/07\/tigelas-e-bandejas-em-forma-de-abacaxi-300x300.webp\" alt=\"tigelas e bandejas em forma de abacaxi\" width=\"700\" height=\"700\" title=\"\"><figcaption id=\"caption-attachment-61852\" class=\"wp-caption-text\">Por: Aliexpress<\/figcaption><\/figure>\n<figure id=\"attachment_61853\" aria-describedby=\"caption-attachment-61853\" style=\"width: 500px\" class=\"wp-caption alignnone\"><img decoding=\"async\" class=\"wp-image-61853\" src=\"https:\/\/www.aarquiteta.com.br\/blog\/wp-content\/uploads\/2022\/07\/tigelas-e-bandejas-em-forma-de-abacaxi2.jpg\" alt=\"tigelas e bandejas em forma de abacaxi2\" width=\"500\" height=\"370\" title=\"\" srcset=\"https:\/\/www.aarquiteta.com.br\/blog\/wp-content\/uploads\/2022\/07\/tigelas-e-bandejas-em-forma-de-abacaxi2.jpg 261w, https:\/\/www.aarquiteta.com.br\/blog\/wp-content\/uploads\/2022\/07\/tigelas-e-bandejas-em-forma-de-abacaxi2-150x111.jpg 150w\" sizes=\"(max-width: 500px) 100vw, 500px\" \/><figcaption id=\"caption-attachment-61853\" class=\"wp-caption-text\">Por: Amazon<\/figcaption><\/figure>\n<figure id=\"attachment_61854\" aria-describedby=\"caption-attachment-61854\" style=\"width: 700px\" class=\"wp-caption alignnone\"><img decoding=\"async\" class=\"wp-image-61854\" src=\"https:\/\/www.aarquiteta.com.br\/blog\/wp-content\/uploads\/2022\/07\/tigelas-e-bandejas-em-forma-de-abacaxi3-300x300.webp\" alt=\"tigelas e bandejas em forma de abacaxi3\" width=\"700\" height=\"700\" title=\"\"><figcaption id=\"caption-attachment-61854\" class=\"wp-caption-text\">Por: Amazon<\/figcaption><\/figure>\n<p>&nbsp;<\/p>\n<h3>3 \u2014 Panos de pratos:<\/h3>\n<p>Os panos de pratos s\u00e3o uma \u00f3tima maneira de vestir sua cozinha rapidamente.<\/p>\n<p>Est\u00e3o sempre \u00e0 vista para fins decorativos e \u00fateis no dia a dia.<\/p>\n<p>Essas toalhas especiais s\u00e3o uma \u00f3tima maneira de come\u00e7ar ou adicionar \u00e0 sua cozinha com tema de abacaxi.<\/p>\n<p><img decoding=\"async\" class=\"wp-image-61855\" style=\"font-weight: bold; background-color: transparent; color: #767676;\" src=\"https:\/\/www.aarquiteta.com.br\/blog\/wp-content\/uploads\/2022\/07\/pano-de-prato-abacaxi-300x190.jpg\" alt=\"pano de prato abacaxi\" width=\"630\" height=\"399\" title=\"\"><\/p>\n<p>Por: Elo7<\/p>\n<figure id=\"attachment_61856\" aria-describedby=\"caption-attachment-61856\" style=\"width: 488px\" class=\"wp-caption alignnone\"><img decoding=\"async\" class=\"wp-image-61856\" src=\"https:\/\/www.aarquiteta.com.br\/blog\/wp-content\/uploads\/2022\/07\/pano-de-prato-abacaxi2-225x300.jpg\" alt=\"pano de prato abacaxi2\" width=\"488\" height=\"650\" title=\"\"><figcaption id=\"caption-attachment-61856\" class=\"wp-caption-text\">Por: Amazon<\/figcaption><\/figure>\n<figure id=\"attachment_61857\" aria-describedby=\"caption-attachment-61857\" style=\"width: 650px\" class=\"wp-caption alignnone\"><img decoding=\"async\" class=\"wp-image-61857\" src=\"https:\/\/www.aarquiteta.com.br\/blog\/wp-content\/uploads\/2022\/07\/pano-de-prato-abacaxi3-300x290.jpg\" alt=\"pano de prato abacaxi3\" width=\"650\" height=\"628\" title=\"\"><figcaption id=\"caption-attachment-61857\" class=\"wp-caption-text\">Por: Cirandas.Net<\/figcaption><\/figure>\n<h3>4 \u2014 Jarras e copos:<\/h3>\n<p>Cl\u00e1ssicos nas cozinhas, os copos principalmente est\u00e3o coltando com uma vers\u00e3o mais moderna, de video transparente entre azul e fum\u00ea d\u00e3o um charme a sua cozinha.<\/p>\n<p>Quem nunca viu um desses de perto?<\/p>\n<p>Na casa dos nossos av\u00f3s antigamente eram uma das decora\u00e7\u00f5es principais.<\/p>\n<figure id=\"attachment_61859\" aria-describedby=\"caption-attachment-61859\" style=\"width: 550px\" class=\"wp-caption alignnone\"><img decoding=\"async\" class=\"wp-image-61859\" src=\"https:\/\/www.aarquiteta.com.br\/blog\/wp-content\/uploads\/2022\/07\/jarra-e-copo2-300x300.jpg\" alt=\"jarra e copo2\" width=\"550\" height=\"550\" title=\"\"><figcaption id=\"caption-attachment-61859\" class=\"wp-caption-text\">Por: Shopee<\/figcaption><\/figure>\n<p>&nbsp;<\/p>\n<figure id=\"attachment_61858\" aria-describedby=\"caption-attachment-61858\" style=\"width: 600px\" class=\"wp-caption alignnone\"><img decoding=\"async\" class=\"wp-image-61858\" src=\"https:\/\/www.aarquiteta.com.br\/blog\/wp-content\/uploads\/2022\/07\/jarra-e-copo-300x300.png\" alt=\"jarra e copo\" width=\"600\" height=\"600\" title=\"\"><figcaption id=\"caption-attachment-61858\" class=\"wp-caption-text\">Por: Casa Freitas<\/figcaption><\/figure>\n<figure id=\"attachment_61860\" aria-describedby=\"caption-attachment-61860\" style=\"width: 389px\" class=\"wp-caption alignnone\"><img decoding=\"async\" class=\"wp-image-61860\" src=\"https:\/\/www.aarquiteta.com.br\/blog\/wp-content\/uploads\/2022\/07\/jarra-e-copo3-212x300.jpg\" alt=\"jarra e copo3\" width=\"389\" height=\"550\" title=\"\"><figcaption id=\"caption-attachment-61860\" class=\"wp-caption-text\">Por: Mais Vida Decor<\/figcaption><\/figure>\n<figure id=\"attachment_61861\" aria-describedby=\"caption-attachment-61861\" style=\"width: 600px\" class=\"wp-caption alignnone\"><img decoding=\"async\" class=\"wp-image-61861\" src=\"https:\/\/www.aarquiteta.com.br\/blog\/wp-content\/uploads\/2022\/07\/jarra-e-copo4-300x300.jpg\" alt=\"jarra e copo4\" width=\"600\" height=\"600\" title=\"\"><figcaption id=\"caption-attachment-61861\" class=\"wp-caption-text\">Por: Shopee<\/figcaption><\/figure>\n<figure id=\"attachment_61872\" aria-describedby=\"caption-attachment-61872\" style=\"width: 400px\" class=\"wp-caption alignnone\"><img decoding=\"async\" class=\"wp-image-61872\" src=\"https:\/\/www.aarquiteta.com.br\/blog\/wp-content\/uploads\/2022\/07\/jarras-200x300.webp\" alt=\"jarras\" width=\"400\" height=\"600\" title=\"\"><figcaption id=\"caption-attachment-61872\" class=\"wp-caption-text\">Por: Panelaterapia<\/figcaption><\/figure>\n<h3>5 \u2014 Salero e paliteiro de abacaxi:<\/h3>\n<p>Esse porta sal e porta palitos s\u00e3o cl\u00e1ssicos modernos que sempre voltam e fazem toda diferen\u00e7a na decora\u00e7\u00e3o da mesa na hora das refei\u00e7\u00f5es.<\/p>\n<figure id=\"attachment_61865\" aria-describedby=\"caption-attachment-61865\" style=\"width: 600px\" class=\"wp-caption alignnone\"><img decoding=\"async\" class=\"wp-image-61865\" src=\"https:\/\/www.aarquiteta.com.br\/blog\/wp-content\/uploads\/2022\/07\/saleiro-paliteiro-300x300.webp\" alt=\"quadro abacaxi2\" width=\"600\" height=\"600\" title=\"\"><figcaption id=\"caption-attachment-61865\" class=\"wp-caption-text\">Por: WP Connect<\/figcaption><\/figure>\n<figure id=\"attachment_61866\" aria-describedby=\"caption-attachment-61866\" style=\"width: 550px\" class=\"wp-caption alignnone\"><img decoding=\"async\" class=\"wp-image-61866\" src=\"https:\/\/www.aarquiteta.com.br\/blog\/wp-content\/uploads\/2022\/07\/saleiro-e-paliteiro-300x300.webp\" alt=\"saleiro e paliteiro\" width=\"550\" height=\"550\" title=\"\"><figcaption id=\"caption-attachment-61866\" class=\"wp-caption-text\">Por: Mais Amigas<\/figcaption><\/figure>\n<p>Ent\u00e3o , o abacaxi nunca saiu de moda, est\u00e1 sempre nas casas e festas mais animasdas!<\/p>\n<h2>E a\u00ed, gostou do artigo sobre Abacaxi &#8211; Id\u00e9ias com objetos de decora\u00e7\u00e3o?<\/h2>\n<p>Ent\u00e3o deslize a tela para baixo e<a href=\"https:\/\/br.pinterest.com\/aarquitetapinterest\/_created\/\" target=\"_blank\" rel=\"noopener\"> confira mais dicas<\/a> como esta e n\u00e3o se esque\u00e7a de compartilhar com os amigos!<\/p>\n<p>Quer mais dicas sobre o mundo da Arquitetura e Decora\u00e7\u00e3o, ent\u00e3o confira alguns dos nossos artigos em:<\/p>\n<ul>\n<li><a href=\"https:\/\/www.aarquiteta.com.br\/blog\/paisagismo\/\" target=\"_blank\" rel=\"noopener\">Casa e Jardim<\/a><\/li>\n<li><a href=\"https:\/\/www.aarquiteta.com.br\/blog\/arquitetura\/mundo-arquitetura\/\" target=\"_blank\" rel=\"noopener\">Mundo Arquitetura<\/a><\/li>\n<li><a href=\"https:\/\/www.aarquiteta.com.br\/decoracao\/\" target=\"_blank\" rel=\"noopener\">Decora\u00e7\u00e3o<br \/>\n<\/a><\/li>\n<\/ul>\n<p>&nbsp;<\/p>\n","protected":false},"excerpt":{"rendered":"<p>&nbsp; As melhores id\u00e9ias de decora\u00e7\u00e3o de Abacaxi dar\u00e3o a qualquer casa uma forma doce e charmosa. Abacaxi \u00e9 um dos temas mais f\u00e1ceis e vers\u00e1teis na hora de decorar uma cozinha. Ele se adapta \u00e0 vibra\u00e7\u00e3o geral da sala em primeiro lugar, como a decora\u00e7\u00e3o mais baseada em frutas. Fora isso, o abacaxi \u00e9 [&hellip;]<\/p>\n","protected":false},"author":102,"featured_media":61874,"comment_status":"open","ping_status":"closed","sticky":false,"template":"","format":"standard","meta":{"footnotes":""},"categories":[10005,20353],"tags":[7667,19840,19839],"class_list":["post-61850","post","type-post","status-publish","format-standard","has-post-thumbnail","category-casa-e-jardim","category-home-decor","tag-abacaxi","tag-abacaxi-para-sua-cozinha","tag-decoracao-com-abacaxi"],"_wp_attached_file":null,"_wp_attachment_metadata":null,"_wp_attachment_context":null,"_wp_attachment_is_custom_header":null,"geo_longitude":null,"geo_public":null,"geo_latitude":null,"_publicize_done_external":null,"_wpas_done_3897181":null,"publicize_twitter_user":null,"_wpas_done_3897175":null,"_wpas_skip_3897181":null,"_wpas_skip_3897175":null,"_wpas_skip_3924723":null,"_wpas_mess":null,"_wpas_done_3924723":null,"wps_subtitle":"Um retr\u00f4 moderno, confira os abacaxis para a sua cozinha!","_links":{"self":[{"href":"https:\/\/www.aarquiteta.com.br\/blog\/wp-json\/wp\/v2\/posts\/61850","targetHints":{"allow":["GET"]}}],"collection":[{"href":"https:\/\/www.aarquiteta.com.br\/blog\/wp-json\/wp\/v2\/posts"}],"about":[{"href":"https:\/\/www.aarquiteta.com.br\/blog\/wp-json\/wp\/v2\/types\/post"}],"author":[{"embeddable":true,"href":"https:\/\/www.aarquiteta.com.br\/blog\/wp-json\/wp\/v2\/users\/102"}],"replies":[{"embeddable":true,"href":"https:\/\/www.aarquiteta.com.br\/blog\/wp-json\/wp\/v2\/comments?post=61850"}],"version-history":[{"count":0,"href":"https:\/\/www.aarquiteta.com.br\/blog\/wp-json\/wp\/v2\/posts\/61850\/revisions"}],"wp:featuredmedia":[{"embeddable":true,"href":"https:\/\/www.aarquiteta.com.br\/blog\/wp-json\/wp\/v2\/media\/61874"}],"wp:attachment":[{"href":"https:\/\/www.aarquiteta.com.br\/blog\/wp-json\/wp\/v2\/media?parent=61850"}],"wp:term":[{"taxonomy":"category","embeddable":true,"href":"https:\/\/www.aarquiteta.com.br\/blog\/wp-json\/wp\/v2\/categories?post=61850"},{"taxonomy":"post_tag","embeddable":true,"href":"https:\/\/www.aarquiteta.com.br\/blog\/wp-json\/wp\/v2\/tags?post=61850"}],"curies":[{"name":"wp","href":"https:\/\/api.w.org\/{rel}","templated":true}]}}