{"id":61768,"date":"2022-07-02T11:00:12","date_gmt":"2022-07-02T14:00:12","guid":{"rendered":"http:\/\/aarquiteta.com.br\/?p=61768"},"modified":"2024-07-03T14:23:55","modified_gmt":"2024-07-03T17:23:55","slug":"tinta-quadro-negro","status":"publish","type":"post","link":"https:\/\/www.aarquiteta.com.br\/blog\/tinta-quadro-negro\/","title":{"rendered":"Quadro Negro &#8211; Uma tend\u00eancia nova para anota\u00e7\u00e3o e decora\u00e7\u00e3o!"},"content":{"rendered":"<figure id=\"attachment_61848\" aria-describedby=\"caption-attachment-61848\" style=\"width: 720px\" class=\"wp-caption alignnone\"><img decoding=\"async\" class=\"wp-image-61848\" src=\"https:\/\/www.aarquiteta.com.br\/blog\/wp-content\/uploads\/2022\/07\/Quadro-Negro-300x209.jpg\" alt=\"Quadro-Negro\" width=\"720\" height=\"501\" title=\"\"><figcaption id=\"caption-attachment-61848\" class=\"wp-caption-text\">Por: Mockup World<\/figcaption><\/figure>\n<p>Voc\u00ea sabia que com a\u00a0 tinta quadro negro voc\u00ea pode criar o seu quadro negro e nele pendurar em portas ou paredes e us\u00e1-las para anotar coisas diferentes, como menus de comida, tarefas ou compromissos futuros.<\/p>\n<p>Isso \u00e9 perfeito no caso aplicado em algum lugar da casa onde todos na casa possam ver e escrever nela o tempo todo.<\/p>\n<figure id=\"attachment_61844\" aria-describedby=\"caption-attachment-61844\" style=\"width: 720px\" class=\"wp-caption alignnone\"><img decoding=\"async\" class=\"wp-image-61844\" src=\"https:\/\/www.aarquiteta.com.br\/blog\/wp-content\/uploads\/2022\/07\/quadro-negro.webp\" alt=\"quadro negro\" width=\"720\" height=\"677\" title=\"\" srcset=\"https:\/\/www.aarquiteta.com.br\/blog\/wp-content\/uploads\/2022\/07\/quadro-negro.webp 300w, https:\/\/www.aarquiteta.com.br\/blog\/wp-content\/uploads\/2022\/07\/quadro-negro-150x141.webp 150w\" sizes=\"(max-width: 720px) 100vw, 720px\" \/><figcaption id=\"caption-attachment-61844\" class=\"wp-caption-text\">Por: Parede Divertida<\/figcaption><\/figure>\n<p>Caso contr\u00e1rio, esse quadro pode ser uma superf\u00edcie para frases fofas.<\/p>\n<p>Geralmente ele \u00e9 vendido em rolos, por metro quadrado, ou j\u00e1 vem na moldura que desejar,e tamb\u00e9m tem outras cores al\u00e9m do preto.<\/p>\n<figure id=\"attachment_61830\" aria-describedby=\"caption-attachment-61830\" style=\"width: 720px\" class=\"wp-caption alignnone\"><img decoding=\"async\" class=\"wp-image-61830\" src=\"https:\/\/www.aarquiteta.com.br\/blog\/wp-content\/uploads\/2022\/07\/lousa-colorida-300x300.webp\" alt=\"lousa colorida\" width=\"720\" height=\"720\" title=\"\"><figcaption id=\"caption-attachment-61830\" class=\"wp-caption-text\">Por: Americanas<\/figcaption><\/figure>\n<p>Por isso, reunimos uma lista com alguns quadros para ajud\u00e1-lo a decidir qual o lugar ideal para colocar e qual o tipo!<\/p>\n<p><iframe style=\"width: 120px; height: 240px;\" src=\"\/\/ws-na.amazon-adsystem.com\/widgets\/q?ServiceVersion=20070822&amp;OneJS=1&amp;Operation=GetAdHtml&amp;MarketPlace=BR&amp;source=ss&amp;ref=as_ss_li_til&amp;ad_type=product_link&amp;tracking_id=aarquiteta-20&amp;language=pt_BR&amp;marketplace=amazon&amp;region=BR&amp;placement=B08KF6DNFB&amp;asins=B08KF6DNFB&amp;linkId=c61cca5c229d4a959e3a3b2f199ee4f6&amp;show_border=true&amp;link_opens_in_new_window=true\" frameborder=\"0\" marginwidth=\"0\" marginheight=\"0\" scrolling=\"no\" sandbox=\"allow-popups allow-scripts allow-modals allow-forms allow-same-origin\"><\/iframe><\/p>\n<h3>1 \u2014 Quadro-Negro estilo janela:<\/h3>\n<figure id=\"attachment_61790\" aria-describedby=\"caption-attachment-61790\" style=\"width: 720px\" class=\"wp-caption alignnone\"><img decoding=\"async\" class=\"wp-image-61790\" src=\"https:\/\/www.aarquiteta.com.br\/blog\/wp-content\/uploads\/2022\/07\/quadronegro.jpg\" alt=\"quadronegro\" width=\"720\" height=\"720\" title=\"\" srcset=\"https:\/\/www.aarquiteta.com.br\/blog\/wp-content\/uploads\/2022\/07\/quadronegro.jpg 225w, https:\/\/www.aarquiteta.com.br\/blog\/wp-content\/uploads\/2022\/07\/quadronegro-96x96.jpg 96w, https:\/\/www.aarquiteta.com.br\/blog\/wp-content\/uploads\/2022\/07\/quadronegro-150x150.jpg 150w\" sizes=\"(max-width: 720px) 100vw, 720px\" \/><figcaption id=\"caption-attachment-61790\" class=\"wp-caption-text\">Por- DS Decor<\/figcaption><\/figure>\n<p>O posicionamento estrat\u00e9gico faz com que o quadro se destaque, pois mant\u00e9m sua aten\u00e7\u00e3o atrav\u00e9s de seu estilo.<\/p>\n<p>Fica \u00f3timo se voc\u00ea decidir pendur\u00e1-lo na parede ou coloc\u00e1-lo em uma c\u00f4moda ou console.<\/p>\n<h3>2 \u2014 Design de espelho:<\/h3>\n<figure id=\"attachment_61797\" aria-describedby=\"caption-attachment-61797\" style=\"width: 540px\" class=\"wp-caption alignnone\"><img decoding=\"async\" class=\"wp-image-61797\" src=\"https:\/\/www.aarquiteta.com.br\/blog\/wp-content\/uploads\/2022\/07\/Design-de-espelho-225x300.jpeg\" alt=\"Design de espelho\" width=\"540\" height=\"720\" title=\"\"><figcaption id=\"caption-attachment-61797\" class=\"wp-caption-text\">Por: Amo Decorar<\/figcaption><\/figure>\n<p>Existem espelhos ao seu redor que voc\u00ea n\u00e3o gosta mais?<\/p>\n<p>Voc\u00ea ainda pode salv\u00e1-lo com este projeto bacana.<\/p>\n<p>Este \u00e9 um projeto que praticamente qualquer pessoa pode fazer, se voc\u00ea j\u00e1 usou ou n\u00e3o artesanato caseiro antes.<\/p>\n<h3>3 \u2014 Papel de parede quadro negro<\/h3>\n<figure id=\"attachment_61809\" aria-describedby=\"caption-attachment-61809\" style=\"width: 473px\" class=\"wp-caption alignnone\"><a href=\"https:\/\/amzn.to\/3nD6u9k\" target=\"_blank\" rel=\"noopener\"><img decoding=\"async\" class=\"wp-image-61809\" src=\"https:\/\/www.aarquiteta.com.br\/blog\/wp-content\/uploads\/2022\/07\/lousa-de-parede-197x300.jpg\" alt=\"lousa de parede\" width=\"473\" height=\"720\" title=\"\"><\/a><figcaption id=\"caption-attachment-61809\" class=\"wp-caption-text\">Pinterest<\/figcaption><\/figure>\n<figure id=\"attachment_61810\" aria-describedby=\"caption-attachment-61810\" style=\"width: 480px\" class=\"wp-caption alignnone\"><a href=\"https:\/\/amzn.to\/3nD6u9k\" target=\"_blank\" rel=\"noopener\"><img decoding=\"async\" class=\"wp-image-61810\" src=\"https:\/\/www.aarquiteta.com.br\/blog\/wp-content\/uploads\/2022\/07\/lousa-de-parede2-200x300.jpg\" alt=\"lousa de parede2\" width=\"480\" height=\"720\" title=\"\"><\/a><figcaption id=\"caption-attachment-61810\" class=\"wp-caption-text\">Pinterest<\/figcaption><\/figure>\n<p>O grande espa\u00e7o vazio na parede \u00e9 perfeito para o seu projeto de pintura de quadro-negro.<\/p>\n<p>Isso fornece uma boa \u00e1rea decorativa para um local espec\u00edfico em sua casa, onde voc\u00ea pode experimentar projetos criativos.<\/p>\n<p>\u00c9 uma ideia interessante para um ambiente dom\u00e9stico, dessa forma, todos na fam\u00edlia e quem visita o ver\u00e1.<\/p>\n<h3>4 \u2014 Parede de quadro negro:<\/h3>\n<figure id=\"attachment_61842\" aria-describedby=\"caption-attachment-61842\" style=\"width: 624px\" class=\"wp-caption alignnone\"><img decoding=\"async\" class=\"wp-image-61842\" src=\"https:\/\/www.aarquiteta.com.br\/blog\/wp-content\/uploads\/2022\/07\/lousa.jpg\" alt=\"lousa\" width=\"624\" height=\"720\" title=\"\" srcset=\"https:\/\/www.aarquiteta.com.br\/blog\/wp-content\/uploads\/2022\/07\/lousa.jpg 209w, https:\/\/www.aarquiteta.com.br\/blog\/wp-content\/uploads\/2022\/07\/lousa-150x173.jpg 150w\" sizes=\"(max-width: 624px) 100vw, 624px\" \/><figcaption id=\"caption-attachment-61842\" class=\"wp-caption-text\">Pinterest<\/figcaption><\/figure>\n<figure id=\"attachment_61845\" aria-describedby=\"caption-attachment-61845\" style=\"width: 720px\" class=\"wp-caption alignnone\"><img decoding=\"async\" class=\"wp-image-61845\" src=\"https:\/\/www.aarquiteta.com.br\/blog\/wp-content\/uploads\/2022\/07\/lousa-bebe-300x189.jpg\" alt=\"lousa bebe\" width=\"720\" height=\"454\" title=\"\"><figcaption id=\"caption-attachment-61845\" class=\"wp-caption-text\">Pinterest<\/figcaption><\/figure>\n<p>Ideal para colocar em algum espa\u00e7o aonde as crian\u00e7as podem aproveitar e brincar!<\/p>\n<p>Com isso elas n\u00e3o rabiscam a parede de canetas, se distraem com essa brincadeira divertida com giz.<\/p>\n<h3>5 \u2014 Adesivos:<\/h3>\n<p><iframe style=\"width: 120px; height: 240px;\" src=\"\/\/ws-na.amazon-adsystem.com\/widgets\/q?ServiceVersion=20070822&amp;OneJS=1&amp;Operation=GetAdHtml&amp;MarketPlace=BR&amp;source=ss&amp;ref=as_ss_li_til&amp;ad_type=product_link&amp;tracking_id=aarquiteta-20&amp;language=pt_BR&amp;marketplace=amazon&amp;region=BR&amp;placement=B079RM1KN9&amp;asins=B079RM1KN9&amp;linkId=ad67a86bf887ec275606ea1fb828783f&amp;show_border=true&amp;link_opens_in_new_window=true\" frameborder=\"0\" marginwidth=\"0\" marginheight=\"0\" scrolling=\"no\" sandbox=\"allow-popups allow-scripts allow-modals allow-forms allow-same-origin\"><\/iframe><\/p>\n<p>Esses adesivos s\u00e3o de grande utilidade.<\/p>\n<p>Eles indicam o que esta dentro de algum pote de alimento para n\u00e3o errarmos na hora de temperar.<\/p>\n<figure id=\"attachment_61846\" aria-describedby=\"caption-attachment-61846\" style=\"width: 720px\" class=\"wp-caption alignnone\"><img decoding=\"async\" class=\"wp-image-61846\" src=\"https:\/\/www.aarquiteta.com.br\/blog\/wp-content\/uploads\/2022\/07\/adesivos-300x273.webp\" alt=\"adesivos\" width=\"720\" height=\"655\" title=\"\"><figcaption id=\"caption-attachment-61846\" class=\"wp-caption-text\">Por: Aliexpress<\/figcaption><\/figure>\n<figure id=\"attachment_61847\" aria-describedby=\"caption-attachment-61847\" style=\"width: 720px\" class=\"wp-caption alignnone\"><img decoding=\"async\" class=\"wp-image-61847\" src=\"https:\/\/www.aarquiteta.com.br\/blog\/wp-content\/uploads\/2022\/07\/pote-lousa-300x208.webp\" alt=\"pote lousa\" width=\"720\" height=\"498\" title=\"\"><figcaption id=\"caption-attachment-61847\" class=\"wp-caption-text\">Por: ML<\/figcaption><\/figure>\n<p><iframe style=\"width: 120px; height: 240px;\" src=\"\/\/ws-na.amazon-adsystem.com\/widgets\/q?ServiceVersion=20070822&amp;OneJS=1&amp;Operation=GetAdHtml&amp;MarketPlace=BR&amp;source=ss&amp;ref=as_ss_li_til&amp;ad_type=product_link&amp;tracking_id=aarquiteta-20&amp;language=pt_BR&amp;marketplace=amazon&amp;region=BR&amp;placement=B08KF6DNFB&amp;asins=B08KF6DNFB&amp;linkId=c61cca5c229d4a959e3a3b2f199ee4f6&amp;show_border=true&amp;link_opens_in_new_window=true\" frameborder=\"0\" marginwidth=\"0\" marginheight=\"0\" scrolling=\"no\" sandbox=\"allow-popups allow-scripts allow-modals allow-forms allow-same-origin\"><\/iframe><\/p>\n<h2>E a\u00ed, gostou do artigo sobre Quadro-Negro &#8211; Uma tend\u00eancia nova para anota\u00e7\u00e3o e decora\u00e7\u00e3o?<\/h2>\n<p>Ent\u00e3o deslize a tela para baixo e<a href=\"https:\/\/br.pinterest.com\/aarquitetapinterest\/_created\/\" target=\"_blank\" rel=\"noopener\"> confira mais dicas<\/a> como esta e n\u00e3o se esque\u00e7a de compartilhar com os amigos!<\/p>\n<p>Quer mais dicas sobre o mundo da Arquitetura e Decora\u00e7\u00e3o, ent\u00e3o confira alguns dos nossos artigos em:<\/p>\n<ul>\n<li><a href=\"https:\/\/www.aarquiteta.com.br\/blog\/paisagismo\/\" target=\"_blank\" rel=\"noopener\">Casa e Jardim<\/a><\/li>\n<li><a href=\"https:\/\/www.aarquiteta.com.br\/blog\/arquitetura\/mundo-arquitetura\/\" target=\"_blank\" rel=\"noopener\">Mundo Arquitetura<\/a><\/li>\n<li><a href=\"https:\/\/www.aarquiteta.com.br\/decoracao\/\" target=\"_blank\" rel=\"noopener\">Decora\u00e7\u00e3o<br \/>\n<\/a><\/li>\n<\/ul>\n<p>&nbsp;<\/p>\n","protected":false},"excerpt":{"rendered":"<p>Voc\u00ea sabia que com a\u00a0 tinta quadro negro voc\u00ea pode criar o seu quadro negro e nele pendurar em portas ou paredes e us\u00e1-las para anotar coisas diferentes, como menus de comida, tarefas ou compromissos futuros. Isso \u00e9 perfeito no caso aplicado em algum lugar da casa onde todos na casa possam ver e escrever [&hellip;]<\/p>\n","protected":false},"author":102,"featured_media":61848,"comment_status":"open","ping_status":"closed","sticky":false,"template":"","format":"standard","meta":{"footnotes":""},"categories":[35414,10005,20353,18766,35399,35420],"tags":[19834,19835,19833],"class_list":["post-61768","post","type-post","status-publish","format-standard","has-post-thumbnail","category-acessorios-para-decoracao","category-casa-e-jardim","category-home-decor","category-produtos","category-quadros-e-posteres","category-quadros-e-posteres-acessorios-para-decoracao","tag-lousa-escura-de-parede-para-decoracao","tag-quadro-negro-de-decoracao-para-parede","tag-quadro-negro-para-decoracao"],"_wp_attached_file":null,"_wp_attachment_metadata":null,"_wp_attachment_context":null,"_wp_attachment_is_custom_header":null,"geo_longitude":null,"geo_public":null,"geo_latitude":null,"_publicize_done_external":null,"_wpas_done_3897181":null,"publicize_twitter_user":null,"_wpas_done_3897175":null,"_wpas_skip_3897181":null,"_wpas_skip_3897175":null,"_wpas_skip_3924723":null,"_wpas_mess":null,"_wpas_done_3924723":null,"wps_subtitle":"Uma nova tend\u00eancia de decorar sua casa com lousa, quadro negro!","_links":{"self":[{"href":"https:\/\/www.aarquiteta.com.br\/blog\/wp-json\/wp\/v2\/posts\/61768","targetHints":{"allow":["GET"]}}],"collection":[{"href":"https:\/\/www.aarquiteta.com.br\/blog\/wp-json\/wp\/v2\/posts"}],"about":[{"href":"https:\/\/www.aarquiteta.com.br\/blog\/wp-json\/wp\/v2\/types\/post"}],"author":[{"embeddable":true,"href":"https:\/\/www.aarquiteta.com.br\/blog\/wp-json\/wp\/v2\/users\/102"}],"replies":[{"embeddable":true,"href":"https:\/\/www.aarquiteta.com.br\/blog\/wp-json\/wp\/v2\/comments?post=61768"}],"version-history":[{"count":0,"href":"https:\/\/www.aarquiteta.com.br\/blog\/wp-json\/wp\/v2\/posts\/61768\/revisions"}],"wp:featuredmedia":[{"embeddable":true,"href":"https:\/\/www.aarquiteta.com.br\/blog\/wp-json\/wp\/v2\/media\/61848"}],"wp:attachment":[{"href":"https:\/\/www.aarquiteta.com.br\/blog\/wp-json\/wp\/v2\/media?parent=61768"}],"wp:term":[{"taxonomy":"category","embeddable":true,"href":"https:\/\/www.aarquiteta.com.br\/blog\/wp-json\/wp\/v2\/categories?post=61768"},{"taxonomy":"post_tag","embeddable":true,"href":"https:\/\/www.aarquiteta.com.br\/blog\/wp-json\/wp\/v2\/tags?post=61768"}],"curies":[{"name":"wp","href":"https:\/\/api.w.org\/{rel}","templated":true}]}}