{"id":61447,"date":"2022-06-30T12:05:47","date_gmt":"2022-06-30T15:05:47","guid":{"rendered":"http:\/\/aarquiteta.com.br\/?p=61447"},"modified":"2024-07-03T16:34:40","modified_gmt":"2024-07-03T19:34:40","slug":"sofa-cama","status":"publish","type":"post","link":"https:\/\/www.aarquiteta.com.br\/blog\/sofa-cama\/","title":{"rendered":"Sof\u00e1-cama: uma combina\u00e7\u00e3o de design contempor\u00e2neo e conforto!"},"content":{"rendered":"<p>Sof\u00e1-cama: uma combina\u00e7\u00e3o de design contempor\u00e2neo e conforto! Confira v\u00e1rios modelos de sof\u00e1-cama para voc\u00ea fazer bonito com as visitas!<\/p>\n<p>Hoje em dia o sof\u00e1-cama praticamente \u00e9 uma pe\u00e7a fundamental para a nossa casa! Os sof\u00e1s-cama modernos de hoje mudaram muito em termos de design e adicionaram um toque extremamente moderno \u00e0 decora\u00e7\u00e3o.<\/p>\n<p><img decoding=\"async\" class=\"wp-image-61529\" style=\"text-align: center;\" src=\"https:\/\/www.aarquiteta.com.br\/blog\/wp-content\/uploads\/2022\/06\/Sofa-cama-300x200.jpg\" alt=\"Sof\u00e1-cama\" width=\"720\" height=\"480\" title=\"\"><\/p>\n<p>Por: PinterestEsses sof\u00e1s criativos podem adicionar uma sensa\u00e7\u00e3o ultramoderna \u00e0 sua casa, proporcionando amortecimento e conforto excepcionais.\u00a0O que considerar ao escolher um sof\u00e1-cama?<\/p>\n<h3>Brinque com cores e tecidos:<\/h3>\n<p>Ao escolher m\u00f3veis para acentuar a decora\u00e7\u00e3o da sua casa, voc\u00ea precisa prestar aten\u00e7\u00e3o \u00e0s op\u00e7\u00f5es de cores e tecidos.\u00a0Por exemplo, um sof\u00e1 com estofamento de tecido liso e monocrom\u00e1tico pode contrastar bem com m\u00f3veis de vime xadrez texturizados e mistos.<\/p>\n<h3>Fun\u00e7\u00e3o:<\/h3>\n<p>Tamb\u00e9m \u00e9 importante entender se o sof\u00e1-cama \u00e9 usado principalmente para sentar ou dormir\/descansar.<\/p>\n<p><img decoding=\"async\" class=\"alignnone wp-image-61530\" src=\"https:\/\/www.aarquiteta.com.br\/blog\/wp-content\/uploads\/2022\/06\/sofa-cama2-300x200.jpg\" alt=\"sofa cama2\" width=\"720\" height=\"480\" title=\"\"><\/p>\n<p>Por qu\u00ea?<\/p>\n<p>Bem, voc\u00ea quer ter certeza de que os estofados s\u00e3o confort\u00e1veis \u200b\u200bo suficiente para voc\u00ea e seus convidados se sentarem confortavelmente por horas de entretenimento ou uma visita &#8211; se voc\u00ea quiser ter certeza de que o sof\u00e1 se transforma em uma cama muito confort\u00e1vel para dormir com frequ\u00eancia.<\/p>\n<p>Veja agora 11 exemplos de sof\u00e1s-cama para voc\u00ea se inspirar:<\/p>\n<h3>1 \u2014 Sof\u00e1-cama vanilla:<\/h3>\n<figure id=\"attachment_61513\" aria-describedby=\"caption-attachment-61513\" style=\"width: 720px\" class=\"wp-caption alignnone\"><img decoding=\"async\" class=\"wp-image-61513\" src=\"https:\/\/www.aarquiteta.com.br\/blog\/wp-content\/uploads\/2022\/06\/sofa-cama-vanilla-300x300.jpg\" alt=\"sofa cama vanilla\" width=\"720\" height=\"720\" title=\"\"><figcaption id=\"caption-attachment-61513\" class=\"wp-caption-text\">Por: Estrela M\u00f3veis<\/figcaption><\/figure>\n[amazon table=&#8221;83079&#8243;]\n<h3>2 \u2014 Sof\u00e1-cama preto:<\/h3>\n<figure id=\"attachment_61514\" aria-describedby=\"caption-attachment-61514\" style=\"width: 720px\" class=\"wp-caption alignnone\"><img decoding=\"async\" class=\"wp-image-61514\" src=\"https:\/\/www.aarquiteta.com.br\/blog\/wp-content\/uploads\/2022\/06\/sofacama-preto-300x300.webp\" alt=\"sofacama\" width=\"720\" height=\"720\" title=\"\"><figcaption id=\"caption-attachment-61514\" class=\"wp-caption-text\">Por: Colombo<\/figcaption><\/figure>\n<h3>3 \u2014 Sof\u00e1-cama futon vermelho<\/h3>\n<figure id=\"attachment_61515\" aria-describedby=\"caption-attachment-61515\" style=\"width: 720px\" class=\"wp-caption alignnone\"><img decoding=\"async\" class=\"wp-image-61515\" src=\"https:\/\/www.aarquiteta.com.br\/blog\/wp-content\/uploads\/2022\/06\/Sofa-cama-futon-vermelho-300x300.webp\" alt=\"Sof\u00e1-cama futon vermelho\" width=\"720\" height=\"720\" title=\"\"><figcaption id=\"caption-attachment-61515\" class=\"wp-caption-text\">Por: R9 Design<\/figcaption><\/figure>\n<h3>4 \u2014 Cinza estofado premium moderno:<\/h3>\n<figure id=\"attachment_61516\" aria-describedby=\"caption-attachment-61516\" style=\"width: 720px\" class=\"wp-caption alignnone\"><img decoding=\"async\" class=\"wp-image-61516\" src=\"https:\/\/www.aarquiteta.com.br\/blog\/wp-content\/uploads\/2022\/06\/Sofa-cama-Cinza-Marrom-Moderno-Estofado-Premium-300x169.gif\" alt=\"Sof\u00e1-cama - Cinza Marrom Moderno Estofado Premium\" width=\"720\" height=\"406\" title=\"\"><figcaption id=\"caption-attachment-61516\" class=\"wp-caption-text\">Por: M\u00f3veis Digital<\/figcaption><\/figure>\n<h3>5 \u2014 Sof\u00e1-cama Flip marrom de couro:<\/h3>\n<figure id=\"attachment_61517\" aria-describedby=\"caption-attachment-61517\" style=\"width: 720px\" class=\"wp-caption alignnone\"><img decoding=\"async\" class=\"wp-image-61517\" src=\"https:\/\/www.aarquiteta.com.br\/blog\/wp-content\/uploads\/2022\/06\/Sofa-cama-Flip-marrom-de-couro-300x300.webp\" alt=\"Sof\u00e1-cama Flip marrom de couro\" width=\"720\" height=\"720\" title=\"\"><figcaption id=\"caption-attachment-61517\" class=\"wp-caption-text\">Por: Sun House<\/figcaption><\/figure>\n[amazon table=&#8221;82952&#8243;]\n<h3>6 \u2014 Sof\u00e1-cama Viena com 2 ou 3 travesseiros<\/h3>\n<figure id=\"attachment_61519\" aria-describedby=\"caption-attachment-61519\" style=\"width: 720px\" class=\"wp-caption alignnone\"><img decoding=\"async\" class=\"wp-image-61519\" src=\"https:\/\/www.aarquiteta.com.br\/blog\/wp-content\/uploads\/2022\/06\/Sofa-cama-Viena-com-2-ou-3-travesseiros2-300x166.jpg\" alt=\"Sof\u00e1-cama Viena com 2 ou 3 travesseiros\" width=\"720\" height=\"397\" title=\"\"><figcaption id=\"caption-attachment-61519\" class=\"wp-caption-text\">Por:ML<\/figcaption><\/figure>\n<p>&nbsp;<\/p>\n<figure id=\"attachment_61518\" aria-describedby=\"caption-attachment-61518\" style=\"width: 720px\" class=\"wp-caption alignnone\"><img decoding=\"async\" class=\"wp-image-61518\" src=\"https:\/\/www.aarquiteta.com.br\/blog\/wp-content\/uploads\/2022\/06\/Sofa-cama-Viena-com-2-ou-3-travesseiros-300x181.jpg\" alt=\"Sof\u00e1-cama Viena com 2 ou 3 travesseiros\" width=\"720\" height=\"435\" title=\"\"><figcaption id=\"caption-attachment-61518\" class=\"wp-caption-text\">Por: ML<\/figcaption><\/figure>\n<h3>7 \u2014 Futon dobr\u00e1vel azul de 61 HomCom<\/h3>\n<figure id=\"attachment_61520\" aria-describedby=\"caption-attachment-61520\" style=\"width: 720px\" class=\"wp-caption alignnone\"><img decoding=\"async\" class=\"wp-image-61520\" src=\"https:\/\/www.aarquiteta.com.br\/blog\/wp-content\/uploads\/2022\/06\/Sofa-cama-futon-dobravel-azul-de-61-HomCom-300x228.jpg\" alt=\"Sof\u00e1-cama futon dobr\u00e1vel\u00a0azul de 61 HomCom\" width=\"720\" height=\"546\" title=\"\"><figcaption id=\"caption-attachment-61520\" class=\"wp-caption-text\">Por: Amazon<\/figcaption><\/figure>\n<p>&nbsp;<\/p>\n<h3>8 \u2014 De microfibra bege<\/h3>\n<figure id=\"attachment_61521\" aria-describedby=\"caption-attachment-61521\" style=\"width: 720px\" class=\"wp-caption alignnone\"><img decoding=\"async\" class=\"wp-image-61521\" src=\"https:\/\/www.aarquiteta.com.br\/blog\/wp-content\/uploads\/2022\/06\/Sofa-cama-de-microfibra-bege-300x300.jpg\" alt=\"Sof\u00e1-cama de microfibra bege\" width=\"720\" height=\"720\" title=\"\"><figcaption id=\"caption-attachment-61521\" class=\"wp-caption-text\">Por: Mobly<\/figcaption><\/figure>\n<figure id=\"attachment_61522\" aria-describedby=\"caption-attachment-61522\" style=\"width: 720px\" class=\"wp-caption alignnone\"><img decoding=\"async\" class=\"wp-image-61522\" src=\"https:\/\/www.aarquiteta.com.br\/blog\/wp-content\/uploads\/2022\/06\/Sofa-cama-de-microfibra-bege2-300x300.jpg\" alt=\"Sof\u00e1-cama de microfibra bege2\" width=\"720\" height=\"720\" title=\"\"><figcaption id=\"caption-attachment-61522\" class=\"wp-caption-text\">Por: Mobly<\/figcaption><\/figure>\n<h3>9 \u2014 Com pernas de a\u00e7o inox\u00a0 verde<\/h3>\n<figure id=\"attachment_61523\" aria-describedby=\"caption-attachment-61523\" style=\"width: 720px\" class=\"wp-caption alignnone\"><img decoding=\"async\" class=\"wp-image-61523\" src=\"https:\/\/www.aarquiteta.com.br\/blog\/wp-content\/uploads\/2022\/06\/Sofa-cama-com-Pernas-de-Aco-Inox-Sala-de-Estar-Verde-300x200.jpg\" alt=\"Sof\u00e1-cama com Pernas de A\u00e7o Inox Sala de Estar - Verde\" width=\"720\" height=\"479\" title=\"\"><figcaption id=\"caption-attachment-61523\" class=\"wp-caption-text\">Por: ML<\/figcaption><\/figure>\n<h3>10 \u2014 Branco com base de madeira:<\/h3>\n<figure id=\"attachment_61524\" aria-describedby=\"caption-attachment-61524\" style=\"width: 720px\" class=\"wp-caption alignnone\"><img decoding=\"async\" class=\"wp-image-61524\" src=\"https:\/\/www.aarquiteta.com.br\/blog\/wp-content\/uploads\/2022\/06\/Sofa-cama-branco-300x300.webp\" alt=\"Sof\u00e1-cama branco\" width=\"720\" height=\"720\" title=\"\"><figcaption id=\"caption-attachment-61524\" class=\"wp-caption-text\">Por: ML<\/figcaption><\/figure>\n<p>&nbsp;<\/p>\n<h3>11 \u2014 Roxo cl\u00e1ssico:<\/h3>\n<figure id=\"attachment_61526\" aria-describedby=\"caption-attachment-61526\" style=\"width: 720px\" class=\"wp-caption alignnone\"><img decoding=\"async\" class=\"wp-image-61526\" src=\"https:\/\/www.aarquiteta.com.br\/blog\/wp-content\/uploads\/2022\/06\/Sofa-cama-roxo-300x300.jpg\" alt=\"Sof\u00e1-cama roxo\" width=\"720\" height=\"720\" title=\"\"><figcaption id=\"caption-attachment-61526\" class=\"wp-caption-text\">Por: Dream House<\/figcaption><\/figure>\n<figure id=\"attachment_61527\" aria-describedby=\"caption-attachment-61527\" style=\"width: 720px\" class=\"wp-caption alignnone\"><img decoding=\"async\" class=\"wp-image-61527\" src=\"https:\/\/www.aarquiteta.com.br\/blog\/wp-content\/uploads\/2022\/06\/Sofa-cama-roxo2-300x300.jpg\" alt=\"Sof\u00e1-cama roxo2\" width=\"720\" height=\"720\" title=\"\"><figcaption id=\"caption-attachment-61527\" class=\"wp-caption-text\">Por: Dream House<\/figcaption><\/figure>\n<p>&nbsp;<\/p>\n<p>Por fim, sabemos que ter um sof\u00e1-cama em casa \u00e9 \u00f3tima para quando recebemos visitas e elas ficam, passam a noite, pois al\u00e9m de\u00a0 ser confort\u00e1vel, ele tamb\u00e9m serva para ajudar com o espa\u00e7o que n\u00e3o temos, como, por exemplo, um quarto a mais!<\/p>\n<p>E a\u00ed, gostou das dicas do artigo? Ent\u00e3o deslize a tela para baixo e confira <strong><a href=\"https:\/\/www.aarquiteta.com.br\">mais dicas<\/a><\/strong>, al\u00e9m dos nossos <strong><a href=\"http:\/\/www.aarquiteta.com.br\">Cursos e Treinamentos<\/a><\/strong>\u00a0e n\u00e3o se esque\u00e7a de compartilhar com os amigos!<\/p>\n<p>Quer receber conte\u00fados exclusivos sobre <strong>casa, jardim, decora\u00e7\u00e3o, arquitetura, educa\u00e7\u00e3o financeira e muito mais<\/strong>? Ent\u00e3o, inscreva-se agora mesmo no nosso <strong><a href=\"https:\/\/t.me\/aarquitetablog\" target=\"_blank\" rel=\"noopener\">Canal do Telegram<\/a>!<\/strong> \ud83e\udd29\ud83d\udc68\u200d\ud83d\udc69\u200d\ud83d\udc67\u200d\ud83d\udc66<\/p>\n<p>Aqui, voc\u00ea ter\u00e1 acesso a artigos, dicas e inspira\u00e7\u00f5es para <strong>transformar sua casa em um lar dos sonhos<\/strong>, cuidar do seu jardim com carinho, aprender sobre finan\u00e7as pessoais e muito mais. \ud83d\udcda\ud83d\udcb0<\/p>\n<p>N\u00e3o perca mais tempo e junte-se a n\u00f3s para receber conte\u00fados exclusivos e se manter sempre atualizado! \ud83d\udce2\ud83c\udfe0\ud83c\udf3f\ud83c\udfe6. Ingresse <strong><a href=\"https:\/\/t.me\/aarquitetablog\" target=\"_blank\" rel=\"noopener\">aqui<\/a> <\/strong>no Canal da <strong>Arquiteta Blog por Luciana Paix\u00e3o!<\/strong> \ud83d\udc95<\/p>\n","protected":false},"excerpt":{"rendered":"<p>Sof\u00e1-cama: uma combina\u00e7\u00e3o de design contempor\u00e2neo e conforto! Confira v\u00e1rios modelos de sof\u00e1-cama para voc\u00ea fazer bonito com as visitas! Hoje em dia o sof\u00e1-cama praticamente \u00e9 uma pe\u00e7a fundamental para a nossa casa! Os sof\u00e1s-cama modernos de hoje mudaram muito em termos de design e adicionaram um toque extremamente moderno \u00e0 decora\u00e7\u00e3o. Por: PinterestEsses [&hellip;]<\/p>\n","protected":false},"author":102,"featured_media":61530,"comment_status":"closed","ping_status":"closed","sticky":false,"template":"","format":"standard","meta":{"footnotes":""},"categories":[35385,20341,18766],"tags":[24007,24016,24015,24013,24010,24011,24014,24008,24012,23995,23994,23999,23997,19803,23996,23998,24002,24003,24006,24001,24000,24004,24005,19802,24009,19801],"class_list":["post-61447","post","type-post","status-publish","format-standard","has-post-thumbnail","category-camas-e-cabeceiras","category-moveis","category-produtos","tag-futon-sofa-bed","tag-o-que-e-sofa-chaise","tag-o-que-e-sofa-com-chaise","tag-qual-sofa-comprar","tag-qual-sofa-mais-confortavel","tag-quando-o-casal-dorme-separado","tag-quem-criou-o-sofa","tag-quem-inventou-o-sofa","tag-sofa-bed-ikea","tag-sofa-cama-com-bau","tag-sofa-cama-de-canto","tag-sofa-cama-diva","tag-sofa-cama-futon","tag-sofa-cama-moderno","tag-sofa-cama-poltrona","tag-sofa-cama-tradicional","tag-sofa-camas-baratos","tag-sofa-camas-baratos-magazine-luiza","tag-sofa-camas-baratos-mercado-livre","tag-sofa-camas-casal-2-lugares","tag-sofa-camas-casal-3-lugares","tag-sofa-camas-casal-ortobom","tag-sofa-camas-etna","tag-sofa-dobravel","tag-sofa-onde-comprar","tag-sofa-cama"],"_wp_attached_file":null,"_wp_attachment_metadata":null,"_wp_attachment_context":null,"_wp_attachment_is_custom_header":null,"geo_longitude":null,"geo_public":null,"geo_latitude":null,"_publicize_done_external":null,"_wpas_done_3897181":null,"publicize_twitter_user":null,"_wpas_done_3897175":null,"_wpas_skip_3897181":null,"_wpas_skip_3897175":null,"_wpas_skip_3924723":null,"_wpas_mess":null,"_wpas_done_3924723":null,"wps_subtitle":"Confira v\u00e1rios modelos de sof\u00e1-cama para voc\u00ea fazer bonito com as visitas!","_links":{"self":[{"href":"https:\/\/www.aarquiteta.com.br\/blog\/wp-json\/wp\/v2\/posts\/61447","targetHints":{"allow":["GET"]}}],"collection":[{"href":"https:\/\/www.aarquiteta.com.br\/blog\/wp-json\/wp\/v2\/posts"}],"about":[{"href":"https:\/\/www.aarquiteta.com.br\/blog\/wp-json\/wp\/v2\/types\/post"}],"author":[{"embeddable":true,"href":"https:\/\/www.aarquiteta.com.br\/blog\/wp-json\/wp\/v2\/users\/102"}],"replies":[{"embeddable":true,"href":"https:\/\/www.aarquiteta.com.br\/blog\/wp-json\/wp\/v2\/comments?post=61447"}],"version-history":[{"count":0,"href":"https:\/\/www.aarquiteta.com.br\/blog\/wp-json\/wp\/v2\/posts\/61447\/revisions"}],"wp:featuredmedia":[{"embeddable":true,"href":"https:\/\/www.aarquiteta.com.br\/blog\/wp-json\/wp\/v2\/media\/61530"}],"wp:attachment":[{"href":"https:\/\/www.aarquiteta.com.br\/blog\/wp-json\/wp\/v2\/media?parent=61447"}],"wp:term":[{"taxonomy":"category","embeddable":true,"href":"https:\/\/www.aarquiteta.com.br\/blog\/wp-json\/wp\/v2\/categories?post=61447"},{"taxonomy":"post_tag","embeddable":true,"href":"https:\/\/www.aarquiteta.com.br\/blog\/wp-json\/wp\/v2\/tags?post=61447"}],"curies":[{"name":"wp","href":"https:\/\/api.w.org\/{rel}","templated":true}]}}