{"id":60541,"date":"2022-06-28T11:15:34","date_gmt":"2022-06-28T14:15:34","guid":{"rendered":"http:\/\/aarquiteta.com.br\/?p=60541"},"modified":"2024-07-03T14:23:58","modified_gmt":"2024-07-03T17:23:58","slug":"quadro-para-quarto","status":"publish","type":"post","link":"https:\/\/www.aarquiteta.com.br\/blog\/quadro-para-quarto\/","title":{"rendered":"Quadro para quarto &#8211; Confira o ideal para seu aconchego!"},"content":{"rendered":"<figure id=\"attachment_60637\" aria-describedby=\"caption-attachment-60637\" style=\"width: 720px\" class=\"wp-caption alignnone\"><img decoding=\"async\" class=\"wp-image-60637\" src=\"https:\/\/www.aarquiteta.com.br\/blog\/wp-content\/uploads\/2022\/06\/Quadro-para-quarto-300x300.jpg\" alt=\"Quadro para quarto\" width=\"720\" height=\"720\" title=\"\"><figcaption id=\"caption-attachment-60637\" class=\"wp-caption-text\">Por: Casa Colorida<\/figcaption><\/figure>\n<p>Seu quarto \u00e9 morada onde voc\u00ea relaxa e descansa ap\u00f3s um dia corrido e nada melhor do que vermos Quadro para quarto &#8211; Confira o ideal para seu aconchego.<\/p>\n<p>O seu quarto deve ser confort\u00e1vel e elegante ao mesmo tempo, mas\u00a0 falta de ideias?<\/p>\n<p>Combine\u00a0 id\u00e9ias de decora\u00e7\u00e3o de parede do quarto com seu gosto pessoal!<\/p>\n<p>Uma parede \u00e9 como uma tela em branco, esperando que a cor e o design ganhem vida.<\/p>\n<p>Use qualquer ideia maravilhosa de decora\u00e7\u00e3o de parede para seu quarto.<\/p>\n<h3>1 \u2014 Madeira em formato de letra:<\/h3>\n<p>Madeira natural e letras com acabamento em a\u00e7o galvanizado tornam esta decora\u00e7\u00e3o de parede perfeita para um quarto r\u00fastico.<\/p>\n<p>Ideal para enfeitar quartos infantis com letras coloridas e com luzes de led.<\/p>\n<figure id=\"attachment_60596\" aria-describedby=\"caption-attachment-60596\" style=\"width: 720px\" class=\"wp-caption alignnone\"><img decoding=\"async\" class=\"wp-image-60596\" src=\"https:\/\/www.aarquiteta.com.br\/blog\/wp-content\/uploads\/2022\/06\/Madeira-em-formato-de-letra-300x225.jpg\" alt=\"Madeira em formato de letra\" width=\"720\" height=\"540\" title=\"\"><figcaption id=\"caption-attachment-60596\" class=\"wp-caption-text\">Por: News 24<\/figcaption><\/figure>\n<figure id=\"attachment_60599\" aria-describedby=\"caption-attachment-60599\" style=\"width: 720px\" class=\"wp-caption alignnone\"><img decoding=\"async\" class=\"wp-image-60599\" src=\"https:\/\/www.aarquiteta.com.br\/blog\/wp-content\/uploads\/2022\/06\/Madeira-em-formato-de-letra1-1-300x199.jpg\" alt=\"Madeira em formato de letra1\" width=\"720\" height=\"478\" title=\"\"><figcaption id=\"caption-attachment-60599\" class=\"wp-caption-text\">Por: Doce Obra<\/figcaption><\/figure>\n<figure id=\"attachment_60600\" aria-describedby=\"caption-attachment-60600\" style=\"width: 480px\" class=\"wp-caption alignnone\"><img decoding=\"async\" class=\"wp-image-60600\" src=\"https:\/\/www.aarquiteta.com.br\/blog\/wp-content\/uploads\/2022\/06\/Madeira-em-formato-de-letra2-200x300.jpg\" alt=\"Madeira em formato de letra2\" width=\"480\" height=\"720\" title=\"\"><figcaption id=\"caption-attachment-60600\" class=\"wp-caption-text\">Por: B log da Fabiana<\/figcaption><\/figure>\n<h3>2 \u2014 Sua foto no quadro ou personagens:<\/h3>\n<p>Um jeito diferente e bem descontra\u00eddo \u00e9 colocando sua foto ou foto de personagens conhecidos na parede.<\/p>\n<p>Com isso a vis\u00e3o que tem \u00e9 de um quarto de uma pessoa totalmente feliz e gosta da fam\u00edlia ou de m\u00fasica\/arte.<\/p>\n<p>Voc\u00ea pode colocar em qualquer parte do seu quarto!<\/p>\n<figure id=\"attachment_60603\" aria-describedby=\"caption-attachment-60603\" style=\"width: 720px\" class=\"wp-caption alignnone\"><img decoding=\"async\" class=\"wp-image-60603\" src=\"https:\/\/www.aarquiteta.com.br\/blog\/wp-content\/uploads\/2022\/06\/Sua-foto-no-quadro-300x200.jpg\" alt=\"Sua foto no quadro\" width=\"720\" height=\"480\" title=\"\"><figcaption id=\"caption-attachment-60603\" class=\"wp-caption-text\">Por: Fanfoto<\/figcaption><\/figure>\n<figure id=\"attachment_60607\" aria-describedby=\"caption-attachment-60607\" style=\"width: 493px\" class=\"wp-caption alignnone\"><img decoding=\"async\" class=\"wp-image-60607\" src=\"https:\/\/www.aarquiteta.com.br\/blog\/wp-content\/uploads\/2022\/06\/Sua-foto-no-quadro1-206x300.jpg\" alt=\"Sua foto no quadro1\" width=\"493\" height=\"720\" title=\"\"><figcaption id=\"caption-attachment-60607\" class=\"wp-caption-text\">Por: Id\u00e9ias Decor<\/figcaption><\/figure>\n<figure id=\"attachment_60610\" aria-describedby=\"caption-attachment-60610\" style=\"width: 720px\" class=\"wp-caption alignnone\"><img decoding=\"async\" class=\"wp-image-60610\" src=\"https:\/\/www.aarquiteta.com.br\/blog\/wp-content\/uploads\/2022\/06\/Sua-foto-no-quadro2-300x300.webp\" alt=\"Sua foto no quadro2\" width=\"720\" height=\"720\" title=\"\"><figcaption id=\"caption-attachment-60610\" class=\"wp-caption-text\">Por: Decor Online<\/figcaption><\/figure>\n<figure id=\"attachment_60611\" aria-describedby=\"caption-attachment-60611\" style=\"width: 720px\" class=\"wp-caption alignnone\"><img decoding=\"async\" class=\"wp-image-60611\" src=\"https:\/\/www.aarquiteta.com.br\/blog\/wp-content\/uploads\/2022\/06\/Sua-foto-no-quadro3-300x187.webp\" alt=\"Sua foto no quadro3\" width=\"720\" height=\"449\" title=\"\"><figcaption id=\"caption-attachment-60611\" class=\"wp-caption-text\">Por: Capricho<\/figcaption><\/figure>\n<h3>3 \u2014 Senhor e Senhora:<\/h3>\n<p>Uma das melhores maneiras de decorar um quarto principal do que declarando que voc\u00ea mora l\u00e1?<\/p>\n<p>Temos alguns exemplos de quadros com fotos de casais rec\u00e9m-casados, e de namorados morando junto.<\/p>\n<p>Esse tipo de quadro est\u00e1 ganhando cada vez mais espa\u00e7o nos dormit\u00f3rios pois mostra a felicidade dos casais.<\/p>\n<p>Tipo de quadro que realmente marca territ\u00f3rio!<\/p>\n<figure id=\"attachment_60619\" aria-describedby=\"caption-attachment-60619\" style=\"width: 720px\" class=\"wp-caption alignnone\"><img decoding=\"async\" class=\"wp-image-60619\" src=\"https:\/\/www.aarquiteta.com.br\/blog\/wp-content\/uploads\/2022\/06\/Senhor-e-Senhora-300x209.jpg\" alt=\"Senhor e Senhora\" width=\"720\" height=\"503\" title=\"\"><figcaption id=\"caption-attachment-60619\" class=\"wp-caption-text\">Por: ML<\/figcaption><\/figure>\n<figure id=\"attachment_60621\" aria-describedby=\"caption-attachment-60621\" style=\"width: 720px\" class=\"wp-caption alignnone\"><img decoding=\"async\" class=\"wp-image-60621\" src=\"https:\/\/www.aarquiteta.com.br\/blog\/wp-content\/uploads\/2022\/06\/Senhor-e-Senhora1-300x300.jpg\" alt=\"Senhor e Senhora1\" width=\"720\" height=\"720\" title=\"\"><figcaption id=\"caption-attachment-60621\" class=\"wp-caption-text\">Por: Shopee<\/figcaption><\/figure>\n<figure id=\"attachment_60624\" aria-describedby=\"caption-attachment-60624\" style=\"width: 720px\" class=\"wp-caption alignnone\"><img decoding=\"async\" class=\"wp-image-60624\" src=\"https:\/\/www.aarquiteta.com.br\/blog\/wp-content\/uploads\/2022\/06\/Senhor-e-Senhora2-300x300.webp\" alt=\"Senhor e Senhora2\" width=\"720\" height=\"720\" title=\"\"><figcaption id=\"caption-attachment-60624\" class=\"wp-caption-text\">Por: Decora Online<\/figcaption><\/figure>\n<h3>4 \u2014 Frases:<\/h3>\n<figure id=\"attachment_60630\" aria-describedby=\"caption-attachment-60630\" style=\"width: 720px\" class=\"wp-caption alignnone\"><img decoding=\"async\" class=\"wp-image-60630\" src=\"https:\/\/www.aarquiteta.com.br\/blog\/wp-content\/uploads\/2022\/06\/frases-300x300.webp\" alt=\"frases\" width=\"720\" height=\"720\" title=\"\"><figcaption id=\"caption-attachment-60630\" class=\"wp-caption-text\">Por: CB<\/figcaption><\/figure>\n<figure id=\"attachment_60632\" aria-describedby=\"caption-attachment-60632\" style=\"width: 720px\" class=\"wp-caption alignnone\"><img decoding=\"async\" class=\"wp-image-60632\" src=\"https:\/\/www.aarquiteta.com.br\/blog\/wp-content\/uploads\/2022\/06\/frases2-300x300.jpg\" alt=\"frases2\" width=\"720\" height=\"720\" title=\"\"><figcaption id=\"caption-attachment-60632\" class=\"wp-caption-text\">Por: Quadros Mais<\/figcaption><\/figure>\n<figure id=\"attachment_60633\" aria-describedby=\"caption-attachment-60633\" style=\"width: 720px\" class=\"wp-caption alignnone\"><img decoding=\"async\" class=\"wp-image-60633\" src=\"https:\/\/www.aarquiteta.com.br\/blog\/wp-content\/uploads\/2022\/06\/frases3-300x300.png\" alt=\"frases3\" width=\"720\" height=\"720\" title=\"\"><figcaption id=\"caption-attachment-60633\" class=\"wp-caption-text\">Por: Casa do Arquiteto<\/figcaption><\/figure>\n<p>Estas placas de\u00a0 tem tudo: textura, cores harmoniosas, apelo gr\u00e1fico inteligente e uma mensagem sincera.<\/p>\n<p>Esses quadros geralmente s\u00e3o uma combina\u00e7\u00e3o de 2 ou 3, o suficiente para combinar com uma parede, com mensagens\u00a0 de amor e sinceridade dando um toque a mais no ambiente!<\/p>\n<p>Por fim, se voc\u00ea deseja destacar seu quarto, inspire-se nestes designs arrojados.<\/p>\n<p>Paredes mais escuras criam uma atmosfera edificante.<br \/>\nDecorar paredes em branco \u00e9 bem simples e obt\u00e9m um chique sofisticado.<\/p>\n<h2>E a\u00ed, gostou do artigo sobre Quadro para quarto &#8211; Confira o ideal para seu aconchego!?<\/h2>\n<p>Ent\u00e3o deslize a tela para baixo e<a href=\"https:\/\/br.pinterest.com\/aarquitetapinterest\/_created\/\" target=\"_blank\" rel=\"noopener\"> confira mais dicas<\/a> como esta e n\u00e3o se esque\u00e7a de compartilhar com os amigos!<\/p>\n<p>Quer mais dicas sobre o mundo da Arquitetura e Decora\u00e7\u00e3o, ent\u00e3o confira alguns dos nossos artigos em:<\/p>\n<ul>\n<li><a href=\"https:\/\/www.aarquiteta.com.br\/blog\/paisagismo\/\" target=\"_blank\" rel=\"noopener\">Casa e Jardim<\/a><\/li>\n<li><a href=\"https:\/\/www.aarquiteta.com.br\/blog\/arquitetura\/mundo-arquitetura\/\" target=\"_blank\" rel=\"noopener\">Mundo Arquitetura<\/a><\/li>\n<li><a href=\"https:\/\/www.aarquiteta.com.br\/decoracao\/\" target=\"_blank\" rel=\"noopener\">Decora\u00e7\u00e3o<br \/>\n<\/a><\/li>\n<\/ul>\n<p>&nbsp;<\/p>\n","protected":false},"excerpt":{"rendered":"<p>Seu quarto \u00e9 morada onde voc\u00ea relaxa e descansa ap\u00f3s um dia corrido e nada melhor do que vermos Quadro para quarto &#8211; Confira o ideal para seu aconchego. O seu quarto deve ser confort\u00e1vel e elegante ao mesmo tempo, mas\u00a0 falta de ideias? Combine\u00a0 id\u00e9ias de decora\u00e7\u00e3o de parede do quarto com seu gosto [&hellip;]<\/p>\n","protected":false},"author":102,"featured_media":60637,"comment_status":"open","ping_status":"closed","sticky":false,"template":"","format":"standard","meta":{"footnotes":""},"categories":[35414,10005,20353,18766,35420,35399],"tags":[19747,19748,19749],"class_list":["post-60541","post","type-post","status-publish","format-standard","has-post-thumbnail","category-acessorios-para-decoracao","category-casa-e-jardim","category-home-decor","category-produtos","category-quadros-e-posteres-acessorios-para-decoracao","category-quadros-e-posteres","tag-quadro-para-quarto-confira-o-ideal-para-seu-aconchego","tag-quadro-para-quarto-de-casal","tag-quadros-para-quartos-diferentes"],"_wp_attached_file":null,"_wp_attachment_metadata":null,"_wp_attachment_context":null,"_wp_attachment_is_custom_header":null,"geo_longitude":null,"geo_public":null,"geo_latitude":null,"_publicize_done_external":null,"_wpas_done_3897181":null,"publicize_twitter_user":null,"_wpas_done_3897175":null,"_wpas_skip_3897181":null,"_wpas_skip_3897175":null,"_wpas_skip_3924723":null,"_wpas_mess":null,"_wpas_done_3924723":null,"wps_subtitle":"Quadros ideal para seu quarto, confira!","_links":{"self":[{"href":"https:\/\/www.aarquiteta.com.br\/blog\/wp-json\/wp\/v2\/posts\/60541","targetHints":{"allow":["GET"]}}],"collection":[{"href":"https:\/\/www.aarquiteta.com.br\/blog\/wp-json\/wp\/v2\/posts"}],"about":[{"href":"https:\/\/www.aarquiteta.com.br\/blog\/wp-json\/wp\/v2\/types\/post"}],"author":[{"embeddable":true,"href":"https:\/\/www.aarquiteta.com.br\/blog\/wp-json\/wp\/v2\/users\/102"}],"replies":[{"embeddable":true,"href":"https:\/\/www.aarquiteta.com.br\/blog\/wp-json\/wp\/v2\/comments?post=60541"}],"version-history":[{"count":0,"href":"https:\/\/www.aarquiteta.com.br\/blog\/wp-json\/wp\/v2\/posts\/60541\/revisions"}],"wp:featuredmedia":[{"embeddable":true,"href":"https:\/\/www.aarquiteta.com.br\/blog\/wp-json\/wp\/v2\/media\/60637"}],"wp:attachment":[{"href":"https:\/\/www.aarquiteta.com.br\/blog\/wp-json\/wp\/v2\/media?parent=60541"}],"wp:term":[{"taxonomy":"category","embeddable":true,"href":"https:\/\/www.aarquiteta.com.br\/blog\/wp-json\/wp\/v2\/categories?post=60541"},{"taxonomy":"post_tag","embeddable":true,"href":"https:\/\/www.aarquiteta.com.br\/blog\/wp-json\/wp\/v2\/tags?post=60541"}],"curies":[{"name":"wp","href":"https:\/\/api.w.org\/{rel}","templated":true}]}}