{"id":59867,"date":"2022-06-25T11:00:31","date_gmt":"2022-06-25T14:00:31","guid":{"rendered":"http:\/\/aarquiteta.com.br\/?p=59867"},"modified":"2024-07-02T10:55:12","modified_gmt":"2024-07-02T13:55:12","slug":"banheiro-rustico-moderno","status":"publish","type":"post","link":"https:\/\/www.aarquiteta.com.br\/blog\/banheiro-rustico-moderno\/","title":{"rendered":"Banheiro R\u00fastico Moderno"},"content":{"rendered":"<p>Como nada al\u00e9m de azulejos brilhantes podem ser vistos em um Banheiro R\u00fastico Moderno, adicionar uma prateleira feita de madeira de celeiro ou uma escada de pomar antiga usada como toalheiro o torna um ponto certeiro.<\/p>\n<p>N\u00e3o tenha medo de combinar estilo r\u00fastico com elementos de design modernos; vigas decorativas, paredes de madeira recuperada ou ferragens de ferro forjado podem transformar seu banheiro em um ref\u00fagio.<\/p>\n<p>Tamb\u00e9m ficar de olho na ilumina\u00e7\u00e3o em seu banheiro.<\/p>\n<p>A textura mais \u00e1spera dos materiais naturais n\u00e3o reflete a luz, assim como superf\u00edcies polidas como azulejos, o que pode deixar um ambiente escuro.<\/p>\n<p>Confira outras 5 lindas id\u00e9ias de design de banheiro r\u00fastico agora, vamos come\u00e7ar!<\/p>\n<h3>1 \u2014 Espelho r\u00fastico misturado com moderno:<\/h3>\n<p>Combinar os dois elementos fica espetacular e muito sofisticado!<\/p>\n<p>Este recurso de espelho adiciona um charme robusto a este banheiro moderno e novo.<\/p>\n<p>A ilumina\u00e7\u00e3o da fazenda e as bancadas de laje conectam ainda mais essa sensa\u00e7\u00e3o r\u00fastica de uma maneira moderna.<\/p>\n<h3>2 \u2014 Prateleira de escada de madeira para banheiro:<\/h3>\n<p>Esta prateleira de escada de madeira \u00e9 uma \u00f3tima maneira de organizar e organizar algumas decora\u00e7\u00f5es divertidas no seu espa\u00e7o de banheiro.<\/p>\n<p>Uma prateleira pode ser um suporte de rolo sobressalente de f\u00e1cil acesso, tornando a troca de rolos de papel higi\u00eanico mais f\u00e1cil do que nunca.<\/p>\n<p>Velas perfumadas s\u00e3o outro ocupante perfeito para esta prateleira. Voc\u00ea n\u00e3o pode errar com uma pequena planta de casa que funciona como uma parte bacana e um sistema de purifica\u00e7\u00e3o de ar.<\/p>\n<p>Dobre algumas toalhas de m\u00e3o e adicione alguns potes de vidro decorativos para guardar os itens essenciais do banheiro.<\/p>\n<figure id=\"attachment_59872\" aria-describedby=\"caption-attachment-59872\" style=\"width: 700px\" class=\"wp-caption alignnone\"><img decoding=\"async\" class=\"wp-image-59872 size-full\" src=\"https:\/\/www.aarquiteta.com.br\/blog\/wp-content\/uploads\/2022\/06\/madeira3.jpg\" alt=\"madeira3\" width=\"700\" height=\"700\" title=\"\" srcset=\"https:\/\/www.aarquiteta.com.br\/blog\/wp-content\/uploads\/2022\/06\/madeira3.jpg 700w, https:\/\/www.aarquiteta.com.br\/blog\/wp-content\/uploads\/2022\/06\/madeira3-696x696.jpg 696w, https:\/\/www.aarquiteta.com.br\/blog\/wp-content\/uploads\/2022\/06\/madeira3-96x96.jpg 96w, https:\/\/www.aarquiteta.com.br\/blog\/wp-content\/uploads\/2022\/06\/madeira3-150x150.jpg 150w\" sizes=\"(max-width: 700px) 100vw, 700px\" \/><figcaption id=\"caption-attachment-59872\" class=\"wp-caption-text\">Por: Assim que Faz<\/figcaption><\/figure>\n<h3>3 \u2014 Banheiro de charme r\u00fastico em madeira e branco:<\/h3>\n<p>Quer uma dica de modernismo com cl\u00e1ssico?<\/p>\n<p>Pain\u00e9is de madeira rasgados e resistentes combinam-se para criar uma maneira divertida e \u00fanica de mostrar seu espelho simples.<\/p>\n<p>Contra paredes brancas s\u00f3lidas, o marrom desgastado adiciona muito car\u00e1ter ao local.<\/p>\n<p>Esta apar\u00eancia de madeira robusta \u00e9 transportada para todos os objetos ao redor.<\/p>\n<p>Elementos naturais, como galhos de ervas, adicionam uma sensa\u00e7\u00e3o aconchegante e caseira, enquanto a caixa de armazenamento de lata mant\u00e9m a vibe r\u00fastica.<\/p>\n<h3>4 \u2014 Fa\u00e7a maravilhas neste banheiro r\u00fastico:<\/h3>\n<p>Usar prateleiras de madeira iguais para organizar o espa\u00e7o do banheiro \u00e9 uma maneira inteligente de fazer tudo funcionar em conjunto para uma apar\u00eancia de designer personalizada.<\/p>\n<p>Da moldura do espelho da pia \u00e0s prateleiras flutuantes, a madeira r\u00fastica adiciona um elemento terroso ao ambiente.<\/p>\n<p>As prateleiras d emadeiras iguais proporcionam o espa\u00e7o perfeito para guardar algumas das suas necessidades di\u00e1rias e algumas decora\u00e7\u00f5es.<\/p>\n<h3>5 \u2014 Bandeja de caf\u00e9 da manh\u00e3 no banheiro:<\/h3>\n<figure id=\"attachment_59879\" aria-describedby=\"caption-attachment-59879\" style=\"width: 700px\" class=\"wp-caption alignnone\"><img decoding=\"async\" class=\"wp-image-59879\" src=\"https:\/\/www.aarquiteta.com.br\/blog\/wp-content\/uploads\/2022\/06\/madeira9.jpg\" alt=\"madeira9\" width=\"700\" height=\"525\" title=\"\" srcset=\"https:\/\/www.aarquiteta.com.br\/blog\/wp-content\/uploads\/2022\/06\/madeira9.jpg 736w, https:\/\/www.aarquiteta.com.br\/blog\/wp-content\/uploads\/2022\/06\/madeira9-696x522.jpg 696w, https:\/\/www.aarquiteta.com.br\/blog\/wp-content\/uploads\/2022\/06\/madeira9-150x113.jpg 150w\" sizes=\"(max-width: 700px) 100vw, 700px\" \/><figcaption id=\"caption-attachment-59879\" class=\"wp-caption-text\">Pinterest<\/figcaption><\/figure>\n<p>Esque\u00e7a a bagun\u00e7a deixada na cozinha ap\u00f3s o caf\u00e9 da manh\u00e3 na cama e recoloque a bandeja no espa\u00e7o da bancada do banheiro principal.<\/p>\n<p>Esta bandeja pode servir a muitos prop\u00f3sitos, como uma base elegante para todos os seus objetos e pertences de banheiro.<\/p>\n<p>Arranje com papel, toalhas brancas e\u00a0 coloque um pequeno vaso verde com plantas!<\/p>\n<p>Contudo vimos que o r\u00fastico sim \u00e9 bem-vindo ao nosso banheiro, al\u00e9m de dar um toque essencial, moderno e charmoso.<\/p>\n<p>N\u00e3o deixe de fora do seu banheiro essa linda decora\u00e7\u00e3o rustica!<\/p>\n<p>&nbsp;<\/p>\n<p>&nbsp;<\/p>\n","protected":false},"excerpt":{"rendered":"<p>Como nada al\u00e9m de azulejos brilhantes podem ser vistos em um Banheiro R\u00fastico Moderno, adicionar uma prateleira feita de madeira de celeiro ou uma escada de pomar antiga usada como toalheiro o torna um ponto certeiro. N\u00e3o tenha medo de combinar estilo r\u00fastico com elementos de design modernos; vigas decorativas, paredes de madeira recuperada ou [&hellip;]<\/p>\n","protected":false},"author":102,"featured_media":59876,"comment_status":"closed","ping_status":"closed","sticky":false,"template":"","format":"standard","meta":{"footnotes":""},"categories":[1484,18760,35366,35364,18798],"tags":[19706,19707],"class_list":["post-59867","post","type-post","status-publish","format-standard","has-post-thumbnail","category-decoracao","category-decoracao-de-banheiro","category-estilo-rustico-na-decoracao-de-interiores","category-estilos-de-decoracao-de-interiores","category-projetos-de-casas-de-campo","tag-banheiro-rustico-moderno","tag-decoracao-de-banheiro-rustico"],"_wp_attached_file":null,"_wp_attachment_metadata":null,"_wp_attachment_context":null,"_wp_attachment_is_custom_header":null,"geo_longitude":null,"geo_public":null,"geo_latitude":null,"_publicize_done_external":null,"_wpas_done_3897181":null,"publicize_twitter_user":null,"_wpas_done_3897175":null,"_wpas_skip_3897181":null,"_wpas_skip_3897175":null,"_wpas_skip_3924723":null,"_wpas_mess":null,"_wpas_done_3924723":null,"wps_subtitle":"5 ideias para deixar seu banheiro charmoso com o r\u00fastico!","_links":{"self":[{"href":"https:\/\/www.aarquiteta.com.br\/blog\/wp-json\/wp\/v2\/posts\/59867","targetHints":{"allow":["GET"]}}],"collection":[{"href":"https:\/\/www.aarquiteta.com.br\/blog\/wp-json\/wp\/v2\/posts"}],"about":[{"href":"https:\/\/www.aarquiteta.com.br\/blog\/wp-json\/wp\/v2\/types\/post"}],"author":[{"embeddable":true,"href":"https:\/\/www.aarquiteta.com.br\/blog\/wp-json\/wp\/v2\/users\/102"}],"replies":[{"embeddable":true,"href":"https:\/\/www.aarquiteta.com.br\/blog\/wp-json\/wp\/v2\/comments?post=59867"}],"version-history":[{"count":0,"href":"https:\/\/www.aarquiteta.com.br\/blog\/wp-json\/wp\/v2\/posts\/59867\/revisions"}],"wp:featuredmedia":[{"embeddable":true,"href":"https:\/\/www.aarquiteta.com.br\/blog\/wp-json\/wp\/v2\/media\/59876"}],"wp:attachment":[{"href":"https:\/\/www.aarquiteta.com.br\/blog\/wp-json\/wp\/v2\/media?parent=59867"}],"wp:term":[{"taxonomy":"category","embeddable":true,"href":"https:\/\/www.aarquiteta.com.br\/blog\/wp-json\/wp\/v2\/categories?post=59867"},{"taxonomy":"post_tag","embeddable":true,"href":"https:\/\/www.aarquiteta.com.br\/blog\/wp-json\/wp\/v2\/tags?post=59867"}],"curies":[{"name":"wp","href":"https:\/\/api.w.org\/{rel}","templated":true}]}}