{"id":56167,"date":"2022-05-26T19:00:09","date_gmt":"2022-05-26T22:00:09","guid":{"rendered":"http:\/\/aarquiteta.com.br\/?p=56167"},"modified":"2022-07-22T09:18:41","modified_gmt":"2022-07-22T12:18:41","slug":"boas-maneiras-de-organizar-seu-banheiro","status":"publish","type":"post","link":"https:\/\/www.aarquiteta.com.br\/blog\/boas-maneiras-de-organizar-seu-banheiro\/","title":{"rendered":"Boas maneiras de organizar seu banheiro"},"content":{"rendered":"<figure id=\"attachment_56174\" aria-describedby=\"caption-attachment-56174\" style=\"width: 700px\" class=\"wp-caption alignnone\"><img decoding=\"async\" class=\"wp-image-56174 size-full\" src=\"https:\/\/www.aarquiteta.com.br\/blog\/wp-content\/uploads\/2022\/05\/dec-banheiro-6.jpg\" alt=\"dec banheiro 6\" width=\"700\" height=\"846\" title=\"\" srcset=\"https:\/\/www.aarquiteta.com.br\/blog\/wp-content\/uploads\/2022\/05\/dec-banheiro-6.jpg 700w, https:\/\/www.aarquiteta.com.br\/blog\/wp-content\/uploads\/2022\/05\/dec-banheiro-6-696x841.jpg 696w, https:\/\/www.aarquiteta.com.br\/blog\/wp-content\/uploads\/2022\/05\/dec-banheiro-6-150x181.jpg 150w\" sizes=\"(max-width: 700px) 100vw, 700px\" \/><figcaption id=\"caption-attachment-56174\" class=\"wp-caption-text\">Por: Decora\u00e7\u00e3o Biz<\/figcaption><\/figure>\n<p>Neste artigo, voc\u00ea aprender\u00e1 a organizar seu banheiro \u2013 os c\u00f4modos de nossas casas geralmente s\u00e3o muito pequenos, por isso contem pouco espa\u00e7o, ent\u00e3o veja a seguir Boas maneiras de organizar seu banheiro!<\/p>\n<figure id=\"attachment_56168\" aria-describedby=\"caption-attachment-56168\" style=\"width: 550px\" class=\"wp-caption alignnone\"><img decoding=\"async\" class=\"wp-image-56168 size-full\" src=\"https:\/\/www.aarquiteta.com.br\/blog\/wp-content\/uploads\/2022\/05\/dec-banheiro.jpg\" alt=\"dec banheiro\" width=\"550\" height=\"734\" title=\"\" srcset=\"https:\/\/www.aarquiteta.com.br\/blog\/wp-content\/uploads\/2022\/05\/dec-banheiro.jpg 550w, https:\/\/www.aarquiteta.com.br\/blog\/wp-content\/uploads\/2022\/05\/dec-banheiro-150x200.jpg 150w\" sizes=\"(max-width: 550px) 100vw, 550px\" \/><figcaption id=\"caption-attachment-56168\" class=\"wp-caption-text\">Pinterest<\/figcaption><\/figure>\n<p>Guardamos tantas coisas no banheiro, algumas por necessidade, outras por puro gosto.<\/p>\n<p>Portanto, devemos pensar adequadamente em como coloc\u00e1-los e distribu\u00ed-los.<\/p>\n<p>Hora de aprender a organizar seu banheiro!<\/p>\n<p>Felizmente, para isso acontecer, temos um n\u00famero quase infinito de arm\u00e1rios, pias, prateleiras, gavetas e cestos para organizar esse c\u00f4modo da casa.<\/p>\n<p>Caber no espa\u00e7o dispon\u00edvel \u00e9 muito importante.<\/p>\n<p>Voc\u00ea precisa utilizar cada canto e cada parte da sala.<\/p>\n<p>Voc\u00ea precisa escolher todos os organizadores ao seu gosto para que eles tamb\u00e9m fa\u00e7am parte da decora\u00e7\u00e3o.<\/p>\n<h3>Tipos de arm\u00e1rios para organizar bem seu banheiro:<\/h3>\n<p>Para desfrutar de um ambiente organizado, \u00e9 preciso considerar a quantidade de itens que voc\u00ea precisa em diferentes arm\u00e1rios, bem como sua fun\u00e7\u00e3o e espa\u00e7o dispon\u00edvel.<\/p>\n<p>Toalhas, pentes, secadores de cabelo, cosm\u00e9ticos\u2026 voc\u00ea precisa manter muitos itens diferentes no banheiro.<\/p>\n<p>Isto \u00e9 especialmente verdadeiro para pessoas com diferentes necessidades compartilhando banheiros.<\/p>\n<p>Neste caso, os arm\u00e1rios s\u00e3o uma solu\u00e7\u00e3o muito eficaz para o ajudar a separar as \u00e1reas individualmente e a acomodar tudo.<\/p>\n<h3>Op\u00e7\u00f5es:<\/h3>\n<figure id=\"attachment_56169\" aria-describedby=\"caption-attachment-56169\" style=\"width: 600px\" class=\"wp-caption alignnone\"><img decoding=\"async\" class=\"wp-image-56169 size-full\" src=\"https:\/\/www.aarquiteta.com.br\/blog\/wp-content\/uploads\/2022\/05\/dec-banheiro-1.webp\" alt=\"dec banheiro 1\" width=\"600\" height=\"400\" title=\"\" srcset=\"https:\/\/www.aarquiteta.com.br\/blog\/wp-content\/uploads\/2022\/05\/dec-banheiro-1.webp 600w, https:\/\/www.aarquiteta.com.br\/blog\/wp-content\/uploads\/2022\/05\/dec-banheiro-1-150x100.webp 150w\" sizes=\"(max-width: 600px) 100vw, 600px\" \/><figcaption id=\"caption-attachment-56169\" class=\"wp-caption-text\">Por: Metr\u00f3polis<\/figcaption><\/figure>\n<p>N\u00e3o h\u00e1 d\u00favida de que os arm\u00e1rios para pia s\u00e3o uma op\u00e7\u00e3o para economizar espa\u00e7o, embora algumas prateleiras simples tamb\u00e9m possam ser usadas para organizar bem o espa\u00e7o.<\/p>\n<p>As unidades de plano aberto s\u00e3o especialmente adequadas para banheiros pequenos devido ao seu efeito visualmente calmante.<\/p>\n<p>Voc\u00ea tamb\u00e9m pode combinar portas de fechamento em alguns arm\u00e1rios e combinar portas com prateleiras abertas no resto.<\/p>\n<p>No entanto, estes est\u00e3o dispon\u00edveis apenas para um determinado comprimento de bancadas.<\/p>\n<p>Dessa forma, voc\u00ea mant\u00e9m as vantagens de fechar a porta, o que \u00e9 mais pr\u00e1tico para guardar toalhas, por exemplo, sem destruir o efeito visualmente agrad\u00e1vel criado pela \u00e1rea aberta.<\/p>\n<h3>Acabamento est\u00e9tico:<\/h3>\n<figure id=\"attachment_56171\" aria-describedby=\"caption-attachment-56171\" style=\"width: 1024px\" class=\"wp-caption alignnone\"><img decoding=\"async\" class=\"wp-image-56171 size-full\" src=\"https:\/\/www.aarquiteta.com.br\/blog\/wp-content\/uploads\/2022\/05\/dec-banheiro-3.jpg\" alt=\"dec banheiro 3\" width=\"1024\" height=\"654\" title=\"\" srcset=\"https:\/\/www.aarquiteta.com.br\/blog\/wp-content\/uploads\/2022\/05\/dec-banheiro-3.jpg 1024w, https:\/\/www.aarquiteta.com.br\/blog\/wp-content\/uploads\/2022\/05\/dec-banheiro-3-696x445.jpg 696w, https:\/\/www.aarquiteta.com.br\/blog\/wp-content\/uploads\/2022\/05\/dec-banheiro-3-150x96.jpg 150w\" sizes=\"(max-width: 1024px) 100vw, 1024px\" \/><figcaption id=\"caption-attachment-56171\" class=\"wp-caption-text\">Por: Faz F\u00e1cil<\/figcaption><\/figure>\n<p>Voc\u00ea deve considerar que o acabamento do seu arm\u00e1rio de pia estilizar\u00e1 toda a \u00e1rea ao seu redor.<\/p>\n<p>Por esse motivo, voc\u00ea precisa combin\u00e1-lo com outras decora\u00e7\u00f5es.<\/p>\n<p>Uma boa op\u00e7\u00e3o \u00e9 usar madeira ou combinar v\u00e1rios materiais, como a\u00e7o e vidro, produzindo um efeito esteticamente muito agrad\u00e1vel.<\/p>\n<h3>Tend\u00eancias atuais na arruma\u00e7\u00e3o do banheiro:<\/h3>\n<figure id=\"attachment_56172\" aria-describedby=\"caption-attachment-56172\" style=\"width: 1080px\" class=\"wp-caption alignnone\"><img decoding=\"async\" class=\"wp-image-56172 size-full\" src=\"https:\/\/www.aarquiteta.com.br\/blog\/wp-content\/uploads\/2022\/05\/dec-banheiro-4.jpg\" alt=\"dec banheiro 3\" width=\"1080\" height=\"1349\" title=\"\" srcset=\"https:\/\/www.aarquiteta.com.br\/blog\/wp-content\/uploads\/2022\/05\/dec-banheiro-4.jpg 1080w, https:\/\/www.aarquiteta.com.br\/blog\/wp-content\/uploads\/2022\/05\/dec-banheiro-4-1024x1279.jpg 1024w, https:\/\/www.aarquiteta.com.br\/blog\/wp-content\/uploads\/2022\/05\/dec-banheiro-4-696x869.jpg 696w, https:\/\/www.aarquiteta.com.br\/blog\/wp-content\/uploads\/2022\/05\/dec-banheiro-4-150x187.jpg 150w\" sizes=\"(max-width: 1080px) 100vw, 1080px\" \/><figcaption id=\"caption-attachment-56172\" class=\"wp-caption-text\">Pinterest<\/figcaption><\/figure>\n<p>As novas tend\u00eancias em m\u00f3veis de banheiro se concentram em designs leves e minimalistas.<\/p>\n<p>O conceito primordial era obter um sistema de armazenamento organizado e organizado, garantindo ao mesmo tempo que parecesse o mais espa\u00e7oso poss\u00edvel.<\/p>\n<p>A mais inovadora delas \u00e9 a instala\u00e7\u00e3o suspensa, de linhas retas e delicadas, feita de madeiras como teca e iroko.<\/p>\n<p>Outra ideia muito est\u00e9tica \u00e9 usar modelos pintados de branco ou com frentes de vidro.<\/p>\n<h3>Alternativas \u00e0s unidades tradicionais:<\/h3>\n<figure id=\"attachment_56173\" aria-describedby=\"caption-attachment-56173\" style=\"width: 1080px\" class=\"wp-caption alignnone\"><img decoding=\"async\" class=\"wp-image-56173 size-full\" src=\"https:\/\/www.aarquiteta.com.br\/blog\/wp-content\/uploads\/2022\/05\/dec-banheiro-5.jpg\" alt=\"dec banheiro 5\" width=\"1080\" height=\"1350\" title=\"\" srcset=\"https:\/\/www.aarquiteta.com.br\/blog\/wp-content\/uploads\/2022\/05\/dec-banheiro-5.jpg 1080w, https:\/\/www.aarquiteta.com.br\/blog\/wp-content\/uploads\/2022\/05\/dec-banheiro-5-1024x1280.jpg 1024w, https:\/\/www.aarquiteta.com.br\/blog\/wp-content\/uploads\/2022\/05\/dec-banheiro-5-696x870.jpg 696w, https:\/\/www.aarquiteta.com.br\/blog\/wp-content\/uploads\/2022\/05\/dec-banheiro-5-150x188.jpg 150w\" sizes=\"(max-width: 1080px) 100vw, 1080px\" \/><figcaption id=\"caption-attachment-56173\" class=\"wp-caption-text\">Pinterest<\/figcaption><\/figure>\n<p>Daremos uma olhada em cinco maneiras muito \u00fateis e inteligentes de organizar seu banheiro:<\/p>\n<ul>\n<li><em><strong>Gaveta: <\/strong><\/em>unidades com gavetas s\u00e3o \u00f3timas para guardar pequenos itens. Para organizar e aproveitar ao m\u00e1ximo o espa\u00e7o e garantir total visibilidade do conte\u00fado, recomendamos o uso de gavetas com divis\u00f3rias.<\/li>\n<li><em><strong>Prateleiras:<\/strong><\/em> as estantes abertas s\u00e3o a solu\u00e7\u00e3o ideal para dar mais espa\u00e7o a uma divis\u00e3o pequena. As unidades de canto s\u00e3o comuns porque s\u00e3o \u00f3timas e permitem que voc\u00ea mantenha itens do dia a dia, como sprays, perfumes e maquiagem, ao seu alcance.<\/li>\n<li><em><strong>Pequenas lacunas:<\/strong><\/em> h\u00e1 uma tend\u00eancia de aproveitar at\u00e9 mesmo os menores v\u00e3os, como os normalmente deixados entre o chuveiro e a parede. Nesses lugares, voc\u00ea pode colocar pequenas prateleiras para xampu, cremes, g\u00e9is, etc. Recomendamos o uso de prateleiras de vidro ou a\u00e7o, pois estas entrar\u00e3o em contato direto com a \u00e1gua.<\/li>\n<li><em><strong>Carrinhos e unidades com rodas:<\/strong><\/em> estas s\u00e3o as solu\u00e7\u00f5es mais simples e tradicionais porque s\u00e3o f\u00e1ceis de mover. Eles podem ser usados \u200b\u200bpara guardar roupas, sabonetes, papel higi\u00eanico e muito mais. Eles podem ser feitos de v\u00e1rios materiais, como vime ou lona, \u200b\u200bou podem ser divididos.<\/li>\n<li><em><strong>Bolsa de pano:<\/strong><\/em> estes s\u00e3o muito pr\u00e1ticos, pois podem ser colocados em qualquer lugar do banheiro. Alguns deles t\u00eam bolsos que permitem ver o conte\u00fado.<\/li>\n<\/ul>\n<p>Como voc\u00ea pode ver, um banheiro precisa de um bom armazenamento para aproveitar ao m\u00e1ximo o espa\u00e7o.<\/p>\n<p>Voc\u00ea est\u00e1 pronto para organizar seu banheiro agora?<\/p>\n<h3><strong>E a\u00ed, gostou do artigo sobre \u00d3tima maneira de organizar seu banheiro?<\/strong><\/h3>\n<p>Ent\u00e3o, veja este v\u00eddeo abaixo sobre o que voc\u00ea deve evitar ao m\u00e1ximo quando o assunto \u00e9 decorar corretamente:<\/p>\n<div class=\"code-block code-block-4\" data-ai=\"WzQsMCwiQ29udGV1ZG8gNCIsIiIsMl0=\">\n<div id=\"div-gpt-ad-1606164528444-0\" data-google-query-id=\"CPuR1cjp7fYCFbUAuQYdw2gJrw\">\n<div id=\"google_ads_iframe_\/22106840220,22681662263\/aarquiteta.com.br\/aarquiteta.com.br_mw_content4_09022022_0__container__\">\n<div class=\"youtube-embed\" data-video_id=\"Q4PUm6-3L-0\"><iframe title=\"Decore f\u00e1cil \u2014 10 coisas que voc\u00ea deve evitar ao m\u00e1ximo na decora\u00e7\u00e3o da sua casa!\" width=\"696\" height=\"392\" src=\"https:\/\/www.youtube.com\/embed\/Q4PUm6-3L-0?feature=oembed&#038;enablejsapi=1\" frameborder=\"0\" allow=\"accelerometer; autoplay; clipboard-write; encrypted-media; gyroscope; picture-in-picture; web-share\" allowfullscreen><\/iframe><\/div>\n<\/div>\n<\/div>\n<\/div>\n<p>Deslize a tela para baixo e<a href=\"https:\/\/br.pinterest.com\/aarquitetapinterest\/_created\/\" target=\"_blank\" rel=\"noopener\"> confira mais dicas<\/a> como esta e n\u00e3o se esque\u00e7a de compartilhar com os amigos!<\/p>\n<p>Quer mais dicas sobre o mundo da Arquitetura e Decora\u00e7\u00e3o, ent\u00e3o confira alguns dos nossos artigos em:<\/p>\n<ul>\n<li><a href=\"https:\/\/www.aarquiteta.com.br\/blog\/paisagismo\/\" target=\"_blank\" rel=\"noopener\">Casa e Jardim<\/a><\/li>\n<li><a href=\"https:\/\/www.aarquiteta.com.br\/blog\/arquitetura\/mundo-arquitetura\/\" target=\"_blank\" rel=\"noopener\">Mundo Arquitetura<\/a><\/li>\n<li><a href=\"https:\/\/www.aarquiteta.com.br\/decoracao\/\" target=\"_blank\" rel=\"noopener\">Decora\u00e7\u00e3o<\/a><\/li>\n<\/ul>\n<p>&nbsp;<\/p>\n","protected":false},"excerpt":{"rendered":"<p>Neste artigo, voc\u00ea aprender\u00e1 a organizar seu banheiro \u2013 os c\u00f4modos de nossas casas geralmente s\u00e3o muito pequenos, por isso contem pouco espa\u00e7o, ent\u00e3o veja a seguir Boas maneiras de organizar seu banheiro! Guardamos tantas coisas no banheiro, algumas por necessidade, outras por puro gosto. Portanto, devemos pensar adequadamente em como coloc\u00e1-los e distribu\u00ed-los. Hora [&hellip;]<\/p>\n","protected":false},"author":102,"featured_media":56174,"comment_status":"open","ping_status":"closed","sticky":false,"template":"","format":"standard","meta":{"footnotes":""},"categories":[10005,19106],"tags":[18843,18842,18841],"class_list":["post-56167","post","type-post","status-publish","format-standard","has-post-thumbnail","category-casa-e-jardim","category-organizacao-e-armazenamento","tag-algumas-maneiras-de-decorar-seu-banheiro","tag-boas-maneiras-de-organizar-seu-banheiro","tag-otima-maneira-de-organizar-seu-banheiro"],"_wp_attached_file":null,"_wp_attachment_metadata":null,"_wp_attachment_context":null,"_wp_attachment_is_custom_header":null,"geo_longitude":null,"geo_public":null,"geo_latitude":null,"_publicize_done_external":null,"_wpas_done_3897181":null,"publicize_twitter_user":null,"_wpas_done_3897175":null,"_wpas_skip_3897181":null,"_wpas_skip_3897175":null,"_wpas_skip_3924723":null,"_wpas_mess":null,"_wpas_done_3924723":null,"wps_subtitle":"Veja a seguir algumas maneiras de organizar seu pequeno banheiro!","_links":{"self":[{"href":"https:\/\/www.aarquiteta.com.br\/blog\/wp-json\/wp\/v2\/posts\/56167","targetHints":{"allow":["GET"]}}],"collection":[{"href":"https:\/\/www.aarquiteta.com.br\/blog\/wp-json\/wp\/v2\/posts"}],"about":[{"href":"https:\/\/www.aarquiteta.com.br\/blog\/wp-json\/wp\/v2\/types\/post"}],"author":[{"embeddable":true,"href":"https:\/\/www.aarquiteta.com.br\/blog\/wp-json\/wp\/v2\/users\/102"}],"replies":[{"embeddable":true,"href":"https:\/\/www.aarquiteta.com.br\/blog\/wp-json\/wp\/v2\/comments?post=56167"}],"version-history":[{"count":0,"href":"https:\/\/www.aarquiteta.com.br\/blog\/wp-json\/wp\/v2\/posts\/56167\/revisions"}],"wp:featuredmedia":[{"embeddable":true,"href":"https:\/\/www.aarquiteta.com.br\/blog\/wp-json\/wp\/v2\/media\/56174"}],"wp:attachment":[{"href":"https:\/\/www.aarquiteta.com.br\/blog\/wp-json\/wp\/v2\/media?parent=56167"}],"wp:term":[{"taxonomy":"category","embeddable":true,"href":"https:\/\/www.aarquiteta.com.br\/blog\/wp-json\/wp\/v2\/categories?post=56167"},{"taxonomy":"post_tag","embeddable":true,"href":"https:\/\/www.aarquiteta.com.br\/blog\/wp-json\/wp\/v2\/tags?post=56167"}],"curies":[{"name":"wp","href":"https:\/\/api.w.org\/{rel}","templated":true}]}}