{"id":55794,"date":"2022-05-22T19:00:57","date_gmt":"2022-05-22T22:00:57","guid":{"rendered":"http:\/\/aarquiteta.com.br\/?p=55794"},"modified":"2023-07-10T15:50:52","modified_gmt":"2023-07-10T18:50:52","slug":"micro-ondas-na-cozinha","status":"publish","type":"post","link":"https:\/\/www.aarquiteta.com.br\/blog\/micro-ondas-na-cozinha\/","title":{"rendered":"Micro-ondas na cozinha: 6 ideias de posicionamento!"},"content":{"rendered":"<p>Micro-ondas na cozinha: 6 ideias de posicionamento! Se existe um eletrodom\u00e9stico que revolucionou como preparamos refei\u00e7\u00f5es r\u00e1pidas e aquecemos alimentos, esse \u00e9 o micro-ondas.<\/p>\n<p>Com sua praticidade e efici\u00eancia, ele se tornou um item indispens\u00e1vel em praticamente todas as cozinhas. Seja para descongelar alimentos, aquecer sobras ou preparar uma refei\u00e7\u00e3o completa em minutos, o micro-ondas facilita a nossa vida di\u00e1ria de maneira surpreendente.<\/p>\n<p><img decoding=\"async\" class=\"alignnone wp-image-55795 size-full\" style=\"text-align: center;\" title=\"Micro-ondas na cozinha: 6 ideias de posicionamento!\" src=\"https:\/\/www.aarquiteta.com.br\/blog\/wp-content\/uploads\/2022\/05\/microondas.jpg\" alt=\"Micro-ondas na cozinha: 6 ideias de posicionamento!\" width=\"564\" height=\"543\" srcset=\"https:\/\/www.aarquiteta.com.br\/blog\/wp-content\/uploads\/2022\/05\/microondas.jpg 564w, https:\/\/www.aarquiteta.com.br\/blog\/wp-content\/uploads\/2022\/05\/microondas-150x144.jpg 150w\" sizes=\"(max-width: 564px) 100vw, 564px\" \/><\/p>\n<p>Por: Casa MelhorNeste artigo, exploraremos tudo o que voc\u00ea precisa saber sobre esse incr\u00edvel aparelho, desde suas funcionalidades at\u00e9 dicas para escolher o modelo perfeito para a sua cozinha. Prepare-se para descobrir como o micro-ondas pode tornar suas tarefas culin\u00e1rias muito mais simples e pr\u00e1ticas. Proponho come\u00e7armos!<\/p>\n<p>Onde voc\u00ea deve colocar seu micro-ondas na cozinha?\u00a0Na bancada, no arm\u00e1rio, alto ou baixo? Oferecemos uma escolha de seis locais perfeitos.\u00a0Embora a escolha de um lugar na cozinha para um micro-ondas possa parecer f\u00e1cil, n\u00e3o \u00e9.<\/p>\n<figure id=\"attachment_55800\" aria-describedby=\"caption-attachment-55800\" style=\"width: 584px\" class=\"wp-caption alignnone\"><img decoding=\"async\" class=\"wp-image-55800 size-full\" title=\"Micro-ondas na cozinha: 6 ideias de posicionamento!\" src=\"https:\/\/www.aarquiteta.com.br\/blog\/wp-content\/uploads\/2022\/05\/microondas-5.webp\" alt=\"Micro-ondas na cozinha: 6 ideias de posicionamento!\" width=\"584\" height=\"438\" srcset=\"https:\/\/www.aarquiteta.com.br\/blog\/wp-content\/uploads\/2022\/05\/microondas-5.webp 584w, https:\/\/www.aarquiteta.com.br\/blog\/wp-content\/uploads\/2022\/05\/microondas-5-150x113.webp 150w\" sizes=\"(max-width: 584px) 100vw, 584px\" \/><figcaption id=\"caption-attachment-55800\" class=\"wp-caption-text\">Por: Viajando no Ap\u00ea<\/figcaption><\/figure>\n<p>\u00c9 necess\u00e1rio considerar a condi\u00e7\u00e3o dos equipamentos de decora\u00e7\u00e3o, conforto e manuten\u00e7\u00e3o.\u00a0Especialmente se voc\u00ea foi al\u00e9m de seu uso tradicional e preparou pratos diferentes.\u00a0Ent\u00e3o, se voc\u00ea ainda n\u00e3o encontrou aquele lugar especial e necess\u00e1rio, temos seis ideias para voc\u00ea considerar.<\/p>\n<p>Apresentaremos Micro-ondas na cozinha: 6 ideias de posicionamento, para ajud\u00e1-lo a decidir onde colocar-lo.<\/p>\n<p>Eles variam de espa\u00e7os tradicionais a alguns espa\u00e7os mais confort\u00e1veis \u200b\u200bpara se adequar ao seu espa\u00e7o de cozinha, n\u00e3o importa qu\u00e3o grande ou pequeno.<\/p>\n[amazon table=&#8221;83096&#8243;]\n<p>Lembre-se de que o local escolhido deve garantir que a porta esteja bem fechada durante o uso.<\/p>\n<p>Considerando que a Organiza\u00e7\u00e3o Mundial da Sa\u00fade (OMS) alerta que um dos perigos desse tipo de forno \u00e9 que ele pode ser aberto, fazendo com que o micro-ondas vaze, resultando em queimaduras.<\/p>\n<h3>1. Micro-ondas no arm\u00e1rio ou paralelo ao forno:<\/h3>\n<p><img decoding=\"async\" class=\"alignnone wp-image-55796 size-full\" style=\"font-weight: bold; background-color: transparent; font-size: 16px;\" title=\"Micro-ondas na cozinha: 6 ideias de posicionamento!\" src=\"https:\/\/www.aarquiteta.com.br\/blog\/wp-content\/uploads\/2022\/05\/microondas-1.jpg\" alt=\"Micro-ondas na cozinha: 6 ideias de posicionamento!\" width=\"1024\" height=\"621\" srcset=\"https:\/\/www.aarquiteta.com.br\/blog\/wp-content\/uploads\/2022\/05\/microondas-1.jpg 1024w, https:\/\/www.aarquiteta.com.br\/blog\/wp-content\/uploads\/2022\/05\/microondas-1-696x422.jpg 696w, https:\/\/www.aarquiteta.com.br\/blog\/wp-content\/uploads\/2022\/05\/microondas-1-150x91.jpg 150w\" sizes=\"(max-width: 1024px) 100vw, 1024px\" \/><\/p>\n<p>Por: MAXDMColoc\u00e1-lo em uma coluna de arm\u00e1rio ou paralelo ao forno \u00e9 uma das posi\u00e7\u00f5es mais populares e pr\u00e1ticas para o micro-ondas, desde que voc\u00ea mantenha uma altura precisa, nem muito alta, nem muito baixa.<\/p>\n<p>Esse local pode ser na parede ao lado da geladeira ou de frente para ela.\u00a0Tudo depende do espa\u00e7o que voc\u00ea tem dispon\u00edvel na cozinha.<\/p>\n<h3>2. Em arm\u00e1rios baixos ou altos:<\/h3>\n<figure id=\"attachment_55797\" aria-describedby=\"caption-attachment-55797\" style=\"width: 564px\" class=\"wp-caption alignnone\"><img decoding=\"async\" class=\"wp-image-55797 size-full\" src=\"https:\/\/www.aarquiteta.com.br\/blog\/wp-content\/uploads\/2022\/05\/microondas-2.jpg\" alt=\"microondas 2\" width=\"564\" height=\"846\" title=\"\" srcset=\"https:\/\/www.aarquiteta.com.br\/blog\/wp-content\/uploads\/2022\/05\/microondas-2.jpg 564w, https:\/\/www.aarquiteta.com.br\/blog\/wp-content\/uploads\/2022\/05\/microondas-2-150x225.jpg 150w\" sizes=\"(max-width: 564px) 100vw, 564px\" \/><figcaption id=\"caption-attachment-55797\" class=\"wp-caption-text\">Pinterest<\/figcaption><\/figure>\n<p>Arm\u00e1rios baixos geralmente t\u00eam espa\u00e7o livre porque, como voc\u00ea sabe, esse \u00e9 um local desconfort\u00e1vel e impratic\u00e1vel.<\/p>\n<p>Mesmo assim, se voc\u00ea n\u00e3o tiver outro lugar na cozinha para um micro-ondas, pode aproveitar o espa\u00e7o, principalmente se for uma ilha.<\/p>\n<p>O contr\u00e1rio acontece quando falamos de m\u00f3veis altos, que na altura certa nos permitem manobr\u00e1-los melhor.<\/p>\n<h3>3. No balc\u00e3o:<\/h3>\n<figure id=\"attachment_55798\" aria-describedby=\"caption-attachment-55798\" style=\"width: 450px\" class=\"wp-caption alignnone\"><img decoding=\"async\" class=\"wp-image-55798 size-full\" src=\"https:\/\/www.aarquiteta.com.br\/blog\/wp-content\/uploads\/2022\/05\/microondas-3.webp\" alt=\"microondas 3\" width=\"450\" height=\"300\" title=\"\" srcset=\"https:\/\/www.aarquiteta.com.br\/blog\/wp-content\/uploads\/2022\/05\/microondas-3.webp 450w, https:\/\/www.aarquiteta.com.br\/blog\/wp-content\/uploads\/2022\/05\/microondas-3-150x100.webp 150w\" sizes=\"(max-width: 450px) 100vw, 450px\" \/><figcaption id=\"caption-attachment-55798\" class=\"wp-caption-text\">Pinterest<\/figcaption><\/figure>\n<p>Se voc\u00ea n\u00e3o tem problemas em manter os acess\u00f3rios de cozinha no balc\u00e3o, este \u00e9 um \u00f3timo lugar para um micro-ondas.<\/p>\n<p>L\u00e1, n\u00f3s o teremos para sempre, e se for um micro-ondas pequeno, n\u00e3o h\u00e1 nada para se preocupar.<\/p>\n<p>A \u00fanica coisa que voc\u00ea deve ter em mente \u00e9 que a unidade precisa de uma base para mant\u00ea-la elevada com op\u00e7\u00f5es de ventila\u00e7\u00e3o enquanto est\u00e1 dissipando o calor.<\/p>\n<p>Na verdade, existem bases projetadas especificamente para fornos de micro-ondas.<\/p>\n<p>Agora, voc\u00ea tamb\u00e9m pode deix\u00e1-lo na bancada, mas escond\u00ea-lo de lado ou embuti-lo em um m\u00f3vel que tenha l\u00e1.<\/p>\n[amazon table=&#8221;83039&#8243;]\n<h3>4. No balc\u00e3o de caf\u00e9:<\/h3>\n<p>Se voc\u00ea tiver uma esta\u00e7\u00e3o de caf\u00e9, pode abrir espa\u00e7o para o micro-ondas l\u00e1.\u00a0Pode ser uma esta\u00e7\u00e3o simples ou complexa.<\/p>\n<p>Por n\u00e3o ocupar muito espa\u00e7o, este \u00e9 um dispositivo que voc\u00ea pode acomodar sem grandes problemas.<\/p>\n<p>Al\u00e9m disso, voc\u00ea pode aproveitar esta oportunidade para aquecer alguns bolos ou comida para acompanhar com uma boa x\u00edcara de caf\u00e9.<\/p>\n<h3>5. Em um m\u00f3vel ou mesa lateral:<\/h3>\n<p>Se voc\u00ea n\u00e3o tem espa\u00e7o para um micro-ondas nos m\u00f3veis que j\u00e1 tem na sua cozinha, n\u00e3o fique nervoso! Voc\u00ea pode usar um arm\u00e1rio ou mesa lateral.<\/p>\n<p>Este conselho \u00e9 especialmente \u00fatil se voc\u00ea mora em um espa\u00e7o pequeno ou tem uma cozinha pequena.<\/p>\n<h3>6. Acima do fog\u00e3o:<\/h3>\n<figure id=\"attachment_55799\" aria-describedby=\"caption-attachment-55799\" style=\"width: 600px\" class=\"wp-caption alignnone\"><img decoding=\"async\" class=\"wp-image-55799 size-full\" src=\"https:\/\/www.aarquiteta.com.br\/blog\/wp-content\/uploads\/2022\/05\/microondas-4.jpg\" alt=\"microondas 4\" width=\"600\" height=\"399\" title=\"\" srcset=\"https:\/\/www.aarquiteta.com.br\/blog\/wp-content\/uploads\/2022\/05\/microondas-4.jpg 600w, https:\/\/www.aarquiteta.com.br\/blog\/wp-content\/uploads\/2022\/05\/microondas-4-150x100.jpg 150w\" sizes=\"(max-width: 600px) 100vw, 600px\" \/><figcaption id=\"caption-attachment-55799\" class=\"wp-caption-text\">Por: Decora\u00e7\u00e3o Ideal<\/figcaption><\/figure>\n<p>Como uma das op\u00e7\u00f5es mais populares, voc\u00ea pode colocar o micro-ondas no fog\u00e3o.\u00a0Dessa forma, o cooktop e o micro-ondas s\u00e3o integrados visualmente.<\/p>\n<p>Considere a altura; isso pode nem sempre ser confort\u00e1vel, pois voc\u00ea precisa levantar a placa sobre a cabe\u00e7a.<\/p>\n<p>N\u00e3o se esque\u00e7a que voc\u00ea deve manter seu micro-ondas limpo, pois libera o vapor de cozimento todos os dias.\u00a0Na verdade, acima do cooktop \u00e9 um bom local para um micro-ondas de a\u00e7o inoxid\u00e1vel porque ajuda a manter a gordura fora.<\/p>\n<p>Onde voc\u00ea colocaria seu micro-ondas na cozinha?\u00a0Damos-lhe seis dicas para o ajudar a escolher o melhor espa\u00e7o da sua cozinha para instalar o seu micro-ondas.<\/p>\n<p>Considere a localiza\u00e7\u00e3o de outros aparelhos e priorize seu uso.\u00a0Se voc\u00ea mal usa o micro-ondas, n\u00e3o ocupe espa\u00e7o no balc\u00e3o.<\/p>\n<p>E a\u00ed, gostou das dicas do artigo? Ent\u00e3o deslize a tela para baixo e confira <strong><a href=\"https:\/\/www.aarquiteta.com.br\">mais dicas<\/a><\/strong>, al\u00e9m dos nossos <strong><a href=\"http:\/\/www.aarquiteta.com.br\">Cursos e Treinamentos<\/a><\/strong>\u00a0e n\u00e3o se esque\u00e7a de compartilhar com os amigos!<\/p>\n<p>Quer receber conte\u00fados exclusivos sobre <strong>casa, jardim, decora\u00e7\u00e3o, arquitetura, educa\u00e7\u00e3o financeira e muito mais<\/strong>? Ent\u00e3o, inscreva-se agora mesmo no nosso <strong><a href=\"https:\/\/t.me\/aarquitetablog\" target=\"_blank\" rel=\"noopener\">Canal do Telegram<\/a>!<\/strong> \ud83e\udd29\ud83d\udc68\u200d\ud83d\udc69\u200d\ud83d\udc67\u200d\ud83d\udc66<\/p>\n<p>Aqui, voc\u00ea ter\u00e1 acesso a artigos, dicas e inspira\u00e7\u00f5es para <strong>transformar sua casa em um lar dos sonhos<\/strong>, cuidar do seu jardim com carinho, aprender sobre finan\u00e7as pessoais e muito mais. \ud83d\udcda\ud83d\udcb0<\/p>\n<p>N\u00e3o perca mais tempo e junte-se a n\u00f3s para receber conte\u00fados exclusivos e se manter sempre atualizado! \ud83d\udce2\ud83c\udfe0\ud83c\udf3f\ud83c\udfe6. Ingresse <strong><a href=\"https:\/\/t.me\/aarquitetablog\" target=\"_blank\" rel=\"noopener\">aqui<\/a> <\/strong>no Canal da <strong>Arquiteta Blog por Luciana Paix\u00e3o!<\/strong> \ud83d\udc95<\/p>\n","protected":false},"excerpt":{"rendered":"<p>Micro-ondas na cozinha: 6 ideias de posicionamento! Se existe um eletrodom\u00e9stico que revolucionou como preparamos refei\u00e7\u00f5es r\u00e1pidas e aquecemos alimentos, esse \u00e9 o micro-ondas. Com sua praticidade e efici\u00eancia, ele se tornou um item indispens\u00e1vel em praticamente todas as cozinhas. Seja para descongelar alimentos, aquecer sobras ou preparar uma refei\u00e7\u00e3o completa em minutos, o micro-ondas [&hellip;]<\/p>\n","protected":false},"author":102,"featured_media":55795,"comment_status":"closed","ping_status":"closed","sticky":false,"template":"","format":"standard","meta":{"footnotes":""},"categories":[18767],"tags":[18702,18703,18704],"class_list":["post-55794","post","type-post","status-publish","format-standard","has-post-thumbnail","category-eletrodomesticos","tag-micro-ondas-na-cozinha-6-ideias-de-posicionamento","tag-onde-devo-colocar-meu-micro-ondas","tag-qual-o-lugar-ideal-para-o-micro-ondas"],"_wp_attached_file":null,"_wp_attachment_metadata":null,"_wp_attachment_context":null,"_wp_attachment_is_custom_header":null,"geo_longitude":null,"geo_public":null,"geo_latitude":null,"_publicize_done_external":null,"_wpas_done_3897181":null,"publicize_twitter_user":null,"_wpas_done_3897175":null,"_wpas_skip_3897181":null,"_wpas_skip_3897175":null,"_wpas_skip_3924723":null,"_wpas_mess":null,"_wpas_done_3924723":null,"wps_subtitle":"Com sua praticidade e efici\u00eancia, ele se tornou um item indispens\u00e1vel em praticamente todas as cozinhas. Seja para descongelar alimentos, aquecer sobras ou preparar uma refei\u00e7\u00e3o completa em minutos, o micro-ondas facilita a nossa vida di\u00e1ria de maneira surpreendente.","_links":{"self":[{"href":"https:\/\/www.aarquiteta.com.br\/blog\/wp-json\/wp\/v2\/posts\/55794","targetHints":{"allow":["GET"]}}],"collection":[{"href":"https:\/\/www.aarquiteta.com.br\/blog\/wp-json\/wp\/v2\/posts"}],"about":[{"href":"https:\/\/www.aarquiteta.com.br\/blog\/wp-json\/wp\/v2\/types\/post"}],"author":[{"embeddable":true,"href":"https:\/\/www.aarquiteta.com.br\/blog\/wp-json\/wp\/v2\/users\/102"}],"replies":[{"embeddable":true,"href":"https:\/\/www.aarquiteta.com.br\/blog\/wp-json\/wp\/v2\/comments?post=55794"}],"version-history":[{"count":0,"href":"https:\/\/www.aarquiteta.com.br\/blog\/wp-json\/wp\/v2\/posts\/55794\/revisions"}],"wp:featuredmedia":[{"embeddable":true,"href":"https:\/\/www.aarquiteta.com.br\/blog\/wp-json\/wp\/v2\/media\/55795"}],"wp:attachment":[{"href":"https:\/\/www.aarquiteta.com.br\/blog\/wp-json\/wp\/v2\/media?parent=55794"}],"wp:term":[{"taxonomy":"category","embeddable":true,"href":"https:\/\/www.aarquiteta.com.br\/blog\/wp-json\/wp\/v2\/categories?post=55794"},{"taxonomy":"post_tag","embeddable":true,"href":"https:\/\/www.aarquiteta.com.br\/blog\/wp-json\/wp\/v2\/tags?post=55794"}],"curies":[{"name":"wp","href":"https:\/\/api.w.org\/{rel}","templated":true}]}}