{"id":55329,"date":"2022-07-06T09:00:26","date_gmt":"2022-07-06T12:00:26","guid":{"rendered":"http:\/\/aarquiteta.com.br\/?p=55329"},"modified":"2023-07-10T15:10:38","modified_gmt":"2023-07-10T18:10:38","slug":"como-organizar-quartos-pequenos","status":"publish","type":"post","link":"https:\/\/www.aarquiteta.com.br\/blog\/como-organizar-quartos-pequenos\/","title":{"rendered":"Como Organizar Quartos Pequenos &#8211; Ganhe qualidade de vida!"},"content":{"rendered":"<p>Como Organizar Quartos Pequenos &#8211; Ganhe qualidade de vida! Cansado da desordem? Ent\u00e3o confira neste artigo como organizar quartos pequenos e aumente sua qualidade de vida! D\u00favida?<\/p>\n<p>Embora seja verdade que um guarda-roupa \u00e9 uma parte fundamental de qualquer quarto, muitas vezes n\u00e3o \u00e9 suficiente.\u00a0Conhe\u00e7a as Solu\u00e7\u00f5es de armazenamento para quartos pequenos e aumente o seu espa\u00e7o.<\/p>\n<figure id=\"attachment_55331\" aria-describedby=\"caption-attachment-55331\" style=\"width: 600px\" class=\"wp-caption alignnone\"><img decoding=\"async\" class=\"wp-image-55331 size-full\" title=\"Como Organizar Quartos Pequenos - Ganhe qualidade de vida!\" src=\"https:\/\/www.aarquiteta.com.br\/blog\/wp-content\/uploads\/2022\/05\/comoda-1.jpg\" alt=\"Como Organizar Quartos Pequenos - Ganhe qualidade de vida!\" width=\"600\" height=\"400\" srcset=\"https:\/\/www.aarquiteta.com.br\/blog\/wp-content\/uploads\/2022\/05\/comoda-1.jpg 600w, https:\/\/www.aarquiteta.com.br\/blog\/wp-content\/uploads\/2022\/05\/comoda-1-150x100.jpg 150w\" sizes=\"(max-width: 600px) 100vw, 600px\" \/><figcaption id=\"caption-attachment-55331\" class=\"wp-caption-text\">Por: Decora\u00e7\u00e3o Ideal<\/figcaption><\/figure>\n<p>Pode ser muito dif\u00edcil manter todas as suas coisas organizadas, especialmente quando voc\u00ea n\u00e3o tem espa\u00e7o suficiente.<\/p>\n<p>Desta vez, estamos trazendo a voc\u00ea algumas \u00f3timas solu\u00e7\u00f5es de armazenamento para quartos pequenos.<\/p>\n<p>Um guarda-roupa nem sempre \u00e9 suficiente porque voc\u00ea precisa organizar seu quarto e tamb\u00e9m quer criar um espa\u00e7o bonito e harmonioso.<\/p>\n<h2>Como Organizar Quartos Pequenos \u2014 Comece arrumando!<\/h2>\n<p>O arm\u00e1rio \u00e9 sempre a \u00e1rea que lhe d\u00e1 mais capacidade de armazenamento, ent\u00e3o, se voc\u00ea n\u00e3o tem muito espa\u00e7o no seu quarto, voc\u00ea deve planejar bem.<\/p>\n<p>Aproveite ao m\u00e1ximo este espa\u00e7o e certifique-se de que atende a todas as suas necessidades.<\/p>\n<p>Um truque \u00e9 estender seu guarda-roupa at\u00e9 o teto. Ele lhe dar\u00e1 espa\u00e7o extra!<\/p>\n[amazon table=&#8221;83066&#8243;]\n<p>Para quartos pequenos, um truque para dar amplitude visual \u00e9 usar portas espelhadas ou pint\u00e1-las da mesma cor das paredes.<\/p>\n<p>Embora seja verdade que um guarda-roupa \u00e9 uma parte fundamental de qualquer quarto, muitas vezes n\u00e3o \u00e9 suficiente.<\/p>\n<p>Ent\u00e3o, veremos como adicionar espa\u00e7o muito necess\u00e1rio.<\/p>\n<h2>Como Organizar Quartos Pequenos \u2014 Organiza\u00e7\u00e3o de objetos:<\/h2>\n<h3>1 \u2014 <a href=\"https:\/\/amzn.to\/3uojoMa\" target=\"_blank\" rel=\"noopener\">Tenha uma comoda!<\/a><\/h3>\n<figure id=\"attachment_55330\" aria-describedby=\"caption-attachment-55330\" style=\"width: 550px\" class=\"wp-caption alignnone\"><a href=\"https:\/\/amzn.to\/3uojoMa\" target=\"_blank\" rel=\"noopener\"><img decoding=\"async\" class=\"wp-image-55330 size-full\" style=\"font-weight: bold; background-color: initial; color: #767676;\" title=\"Como Organizar Quartos Pequenos - Ganhe qualidade de vida!\" src=\"https:\/\/www.aarquiteta.com.br\/blog\/wp-content\/uploads\/2022\/05\/comoda.jpg\" alt=\"Como Organizar Quartos Pequenos - Ganhe qualidade de vida!\" width=\"550\" height=\"550\" srcset=\"https:\/\/www.aarquiteta.com.br\/blog\/wp-content\/uploads\/2022\/05\/comoda.jpg 550w, https:\/\/www.aarquiteta.com.br\/blog\/wp-content\/uploads\/2022\/05\/comoda-96x96.jpg 96w, https:\/\/www.aarquiteta.com.br\/blog\/wp-content\/uploads\/2022\/05\/comoda-150x150.jpg 150w\" sizes=\"(max-width: 550px) 100vw, 550px\" \/><\/a><figcaption id=\"caption-attachment-55330\" class=\"wp-caption-text\">Pinterest : <a href=\"https:\/\/amzn.to\/3uojoMa\" target=\"_blank\" rel=\"noopener\">C\u00f4moda Retr\u00f4!\u00a0 Sugest\u00e3o!<\/a><\/figcaption><\/figure>\n<p><iframe style=\"width: 120px; height: 240px;\" src=\"\/\/ws-na.amazon-adsystem.com\/widgets\/q?ServiceVersion=20070822&amp;OneJS=1&amp;Operation=GetAdHtml&amp;MarketPlace=BR&amp;source=ss&amp;ref=as_ss_li_til&amp;ad_type=product_link&amp;tracking_id=aarquiteta-20&amp;language=pt_BR&amp;marketplace=amazon&amp;region=BR&amp;placement=B08RK2M5LP&amp;asins=B08RK2M5LP&amp;linkId=d657b75079b485b5f59d0104e5ef46e9&amp;show_border=true&amp;link_opens_in_new_window=true\" frameborder=\"0\" marginwidth=\"0\" marginheight=\"0\" scrolling=\"no\" sandbox=\"allow-popups allow-scripts allow-modals allow-forms allow-same-origin\"><\/iframe><\/p>\n<p>N\u00e3o podemos pensar em uma pe\u00e7a de mobili\u00e1rio mais capaz do que uma c\u00f4moda.<\/p>\n<p>S\u00e3o simples e decorativos, e suas gavetas permitem organizar tudo em um espa\u00e7o pequeno.<\/p>\n<p>Dependendo de suas necessidades, considere o n\u00famero de gavetas que voc\u00ea precisa e o formato desejado.<\/p>\n<p><iframe style=\"width: 120px; height: 240px;\" src=\"\/\/ws-na.amazon-adsystem.com\/widgets\/q?ServiceVersion=20070822&amp;OneJS=1&amp;Operation=GetAdHtml&amp;MarketPlace=BR&amp;source=ss&amp;ref=as_ss_li_til&amp;ad_type=product_link&amp;tracking_id=aarquiteta-20&amp;language=pt_BR&amp;marketplace=amazon&amp;region=BR&amp;placement=B082QZYD1Q&amp;asins=B082QZYD1Q&amp;linkId=73c0c33d5b7990578b02e7cebcf1e8a2&amp;show_border=true&amp;link_opens_in_new_window=true\" frameborder=\"0\" marginwidth=\"0\" marginheight=\"0\" scrolling=\"no\" sandbox=\"allow-popups allow-scripts allow-modals allow-forms allow-same-origin\"><\/iframe><\/p>\n<p>Eles s\u00e3o o complemento perfeito para o seu quarto, pois a c\u00f4moda permite dobrar suas roupas e liberar espa\u00e7o no arm\u00e1rio para as roupas que voc\u00ea precisa pendurar.<\/p>\n<h3>2 \u2014 <a href=\"https:\/\/amzn.to\/3abBien\" target=\"_blank\" rel=\"noopener\">Compre organizadores<\/a>:<\/h3>\n<p><img decoding=\"async\" class=\"aligncenter wp-image-41853 size-full\" src=\"https:\/\/www.aarquiteta.com.br\/blog\/wp-content\/uploads\/2022\/01\/5-useful-tips-to-organize-your-2.jpg\" alt=\"dicas uteis para organizar a sua casa\" width=\"500\" height=\"334\" title=\"\" srcset=\"https:\/\/www.aarquiteta.com.br\/blog\/wp-content\/uploads\/2022\/01\/5-useful-tips-to-organize-your-2.jpg 500w, https:\/\/www.aarquiteta.com.br\/blog\/wp-content\/uploads\/2022\/01\/5-useful-tips-to-organize-your-2-150x100.jpg 150w\" sizes=\"(max-width: 500px) 100vw, 500px\" \/><\/p>\n<p><iframe style=\"width: 120px; height: 240px;\" src=\"\/\/ws-na.amazon-adsystem.com\/widgets\/q?ServiceVersion=20070822&amp;OneJS=1&amp;Operation=GetAdHtml&amp;MarketPlace=BR&amp;source=ss&amp;ref=as_ss_li_til&amp;ad_type=product_link&amp;tracking_id=aarquiteta-20&amp;language=pt_BR&amp;marketplace=amazon&amp;region=BR&amp;placement=B096QW2ZPJ&amp;asins=B096QW2ZPJ&amp;linkId=94a50d27e8443dda089feaae1ff5c65c&amp;show_border=true&amp;link_opens_in_new_window=true\" frameborder=\"0\" marginwidth=\"0\" marginheight=\"0\" scrolling=\"no\" sandbox=\"allow-popups allow-scripts allow-modals allow-forms allow-same-origin\"><\/iframe><\/p>\n<p>Os organizadores conseguem transformar qualquer arm\u00e1rio ou guarda-roupas!<\/p>\n<p>Por isso, s\u00e3o uma \u00f3tima ideia para dar um toque pessoal ao seu quarto ou pelo banheiro pode adicionar espa\u00e7o extra para organizar seus pertences.<\/p>\n<p>Se voc\u00ea adicionar organizadores estrat\u00e9gicos pelo quarto, voc\u00ea ter\u00e1 uma arruma\u00e7\u00e3o pr\u00e1tica para sapatos, livros e at\u00e9 roupas. O bom \u00e9 que voc\u00ea pode ter mais de um!<\/p>\n<p><img decoding=\"async\" class=\"alignnone wp-image-54879 size-full\" src=\"https:\/\/www.aarquiteta.com.br\/blog\/wp-content\/uploads\/2022\/05\/organizar-banheiro-5.webp\" alt=\"organizar banheiro 5\" width=\"564\" height=\"564\" title=\"\" srcset=\"https:\/\/www.aarquiteta.com.br\/blog\/wp-content\/uploads\/2022\/05\/organizar-banheiro-5.webp 564w, https:\/\/www.aarquiteta.com.br\/blog\/wp-content\/uploads\/2022\/05\/organizar-banheiro-5-96x96.webp 96w, https:\/\/www.aarquiteta.com.br\/blog\/wp-content\/uploads\/2022\/05\/organizar-banheiro-5-150x150.webp 150w\" sizes=\"(max-width: 564px) 100vw, 564px\" \/><\/p>\n<p><iframe style=\"width: 120px; height: 240px;\" src=\"\/\/ws-na.amazon-adsystem.com\/widgets\/q?ServiceVersion=20070822&amp;OneJS=1&amp;Operation=GetAdHtml&amp;MarketPlace=BR&amp;source=ss&amp;ref=as_ss_li_til&amp;ad_type=product_link&amp;tracking_id=aarquiteta-20&amp;language=pt_BR&amp;marketplace=amazon&amp;region=BR&amp;placement=B09HL6LTBX&amp;asins=B09HL6LTBX&amp;linkId=b6366037b5db7b5d8867cfefc9f875de&amp;show_border=true&amp;link_opens_in_new_window=true\" frameborder=\"0\" marginwidth=\"0\" marginheight=\"0\" scrolling=\"no\" sandbox=\"allow-popups allow-scripts allow-modals allow-forms allow-same-origin\"><\/iframe><\/p>\n<p>Voc\u00ea esta cansada de tentar organizar a casa, mas n\u00e3o conseguir? Quer organizar definitivamente e eficiente, e acabar de vez com a bagun\u00e7a?<\/p>\n<p>Pois \u00e9, com as <a href=\"https:\/\/go.hotmart.com\/L72308754E?dp=1\" target=\"_blank\" rel=\"noopener\">t\u00e9cnicas certas de organiza\u00e7\u00e3o<\/a> voc\u00ea consegue organizar sua casa de uma vez por todas e ter tempo para o que realmente importa!<\/p>\n<p>Se eu te disser que isso \u00e9 poss\u00edvel voc\u00ea acredita? Quer saber mais? Vem comigo, que <a href=\"https:\/\/go.hotmart.com\/L72308754E?dp=1\" target=\"_blank\" rel=\"noopener\">eu te mostro!\u00a0<\/a><\/p>\n<figure id=\"attachment_60332\" aria-describedby=\"caption-attachment-60332\" style=\"width: 700px\" class=\"wp-caption aligncenter\"><a href=\"https:\/\/go.hotmart.com\/L72308754E?dp=1\" target=\"_blank\" rel=\"noopener\"><img decoding=\"async\" class=\"wp-image-60332 size-full\" src=\"https:\/\/www.aarquiteta.com.br\/blog\/wp-content\/uploads\/2022\/06\/curso-de-organizacao-residencial.jpg\" alt=\"curso de organiza\u00e7\u00e3o residencial\" width=\"700\" height=\"400\" title=\"\" srcset=\"https:\/\/www.aarquiteta.com.br\/blog\/wp-content\/uploads\/2022\/06\/curso-de-organizacao-residencial.jpg 700w, https:\/\/www.aarquiteta.com.br\/blog\/wp-content\/uploads\/2022\/06\/curso-de-organizacao-residencial-696x398.jpg 696w, https:\/\/www.aarquiteta.com.br\/blog\/wp-content\/uploads\/2022\/06\/curso-de-organizacao-residencial-150x86.jpg 150w\" sizes=\"(max-width: 700px) 100vw, 700px\" \/><\/a><figcaption id=\"caption-attachment-60332\" class=\"wp-caption-text\"><a href=\"https:\/\/go.hotmart.com\/L72308754E?dp=1\" target=\"_blank\" rel=\"noopener\">Curso de organiza\u00e7\u00e3o residencial para todos por Gabi de Santi &#8211; Personal Organizer<\/a><\/figcaption><\/figure>\n<p>&nbsp;<\/p>\n<h3>3 \u2014 <a href=\"https:\/\/amzn.to\/3ahjoXt\" target=\"_blank\" rel=\"noopener\">Organizador para cama<\/a>:<\/h3>\n<p>&nbsp;<\/p>\n<figure id=\"attachment_55333\" aria-describedby=\"caption-attachment-55333\" style=\"width: 564px\" class=\"wp-caption aligncenter\"><a href=\"https:\/\/amzn.to\/3ahjoXt\" target=\"_blank\" rel=\"noopener\"><img decoding=\"async\" class=\"wp-image-55333 size-full\" src=\"https:\/\/www.aarquiteta.com.br\/blog\/wp-content\/uploads\/2022\/05\/comoda-3.webp\" alt=\"comoda 3\" width=\"564\" height=\"846\" title=\"\" srcset=\"https:\/\/www.aarquiteta.com.br\/blog\/wp-content\/uploads\/2022\/05\/comoda-3.webp 564w, https:\/\/www.aarquiteta.com.br\/blog\/wp-content\/uploads\/2022\/05\/comoda-3-150x225.webp 150w\" sizes=\"(max-width: 564px) 100vw, 564px\" \/><\/a><figcaption id=\"caption-attachment-55333\" class=\"wp-caption-text\">Pinterest &#8211; <a href=\"https:\/\/amzn.to\/3ahjoXt\" target=\"_blank\" rel=\"noopener\">Sugest\u00e3o de organizador para cama box<\/a><\/figcaption><\/figure>\n<p>&nbsp;<\/p>\n<p><iframe style=\"width: 120px; height: 240px;\" src=\"\/\/ws-na.amazon-adsystem.com\/widgets\/q?ServiceVersion=20070822&amp;OneJS=1&amp;Operation=GetAdHtml&amp;MarketPlace=BR&amp;source=ss&amp;ref=as_ss_li_til&amp;ad_type=product_link&amp;tracking_id=aarquiteta-20&amp;language=pt_BR&amp;marketplace=amazon&amp;region=BR&amp;placement=B079BJGGWJ&amp;asins=B079BJGGWJ&amp;linkId=1657060a552d1bd654716ea1095ce02d&amp;show_border=true&amp;link_opens_in_new_window=true\" frameborder=\"0\" marginwidth=\"0\" marginheight=\"0\" scrolling=\"no\" sandbox=\"allow-popups allow-scripts allow-modals allow-forms allow-same-origin\"><\/iframe><\/p>\n<p>Se voc\u00ea precisa de espa\u00e7o para criar ordem, as paredes da cabeceira e as pr\u00f3prias cabeceiras fornecer\u00e3o a oportunidade perfeita.<\/p>\n<figure id=\"attachment_54303\" aria-describedby=\"caption-attachment-54303\" style=\"width: 540px\" class=\"wp-caption aligncenter\"><a href=\"https:\/\/amzn.to\/3nEp3Kk\" target=\"_blank\" rel=\"noopener\"><img decoding=\"async\" class=\"wp-image-54303 size-full\" src=\"https:\/\/www.aarquiteta.com.br\/blog\/wp-content\/uploads\/2022\/05\/cabeceira-pinterest.jpg\" alt=\"cabeceira pinterest\" width=\"540\" height=\"516\" title=\"\" srcset=\"https:\/\/www.aarquiteta.com.br\/blog\/wp-content\/uploads\/2022\/05\/cabeceira-pinterest.jpg 540w, https:\/\/www.aarquiteta.com.br\/blog\/wp-content\/uploads\/2022\/05\/cabeceira-pinterest-150x143.jpg 150w\" sizes=\"(max-width: 540px) 100vw, 540px\" \/><\/a><figcaption id=\"caption-attachment-54303\" class=\"wp-caption-text\"><a href=\"https:\/\/amzn.to\/3nEp3Kk\" target=\"_blank\" rel=\"noopener\">Sugest\u00e3o: Organizador para cama box.<\/a><\/figcaption><\/figure>\n<p>Por um lado, voc\u00ea pode instalar uma estante para ajud\u00e1-lo a manter seus livros arrumados.<\/p>\n<p>Por outro lado, existem cabeceiras dispon\u00edveis que j\u00e1 incluem armazenamento.<\/p>\n<p><iframe style=\"width: 120px; height: 240px;\" src=\"\/\/ws-na.amazon-adsystem.com\/widgets\/q?ServiceVersion=20070822&amp;OneJS=1&amp;Operation=GetAdHtml&amp;MarketPlace=BR&amp;source=ss&amp;ref=as_ss_li_til&amp;ad_type=product_link&amp;tracking_id=aarquiteta-20&amp;language=pt_BR&amp;marketplace=amazon&amp;region=BR&amp;placement=B09LLTGM6R&amp;asins=B09LLTGM6R&amp;linkId=0b4389a6092b45bdd5346a2cc0d94453&amp;show_border=true&amp;link_opens_in_new_window=true\" frameborder=\"0\" marginwidth=\"0\" marginheight=\"0\" scrolling=\"no\" sandbox=\"allow-popups allow-scripts allow-modals allow-forms allow-same-origin\"><\/iframe><\/p>\n<h3>4 \u2014 <a href=\"https:\/\/amzn.to\/3OYLaXu\" target=\"_blank\" rel=\"noopener\">Cama-ba\u00fa<\/a>:<\/h3>\n<figure id=\"attachment_55334\" aria-describedby=\"caption-attachment-55334\" style=\"width: 590px\" class=\"wp-caption alignnone\"><img decoding=\"async\" class=\"wp-image-55334 size-full\" style=\"font-weight: bold; background-color: initial; color: #767676;\" src=\"https:\/\/www.aarquiteta.com.br\/blog\/wp-content\/uploads\/2022\/05\/comoda-4.jpg\" alt=\"comoda 4\" width=\"590\" height=\"443\" title=\"\" srcset=\"https:\/\/www.aarquiteta.com.br\/blog\/wp-content\/uploads\/2022\/05\/comoda-4.jpg 590w, https:\/\/www.aarquiteta.com.br\/blog\/wp-content\/uploads\/2022\/05\/comoda-4-150x113.jpg 150w\" sizes=\"(max-width: 590px) 100vw, 590px\" \/><figcaption id=\"caption-attachment-55334\" class=\"wp-caption-text\">Por: Vai com Tudo &#8211; Sugest\u00e3o de organizador para cama box<\/figcaption><\/figure>\n<p>\u00d3timo para quartos pequenos, as camas ba\u00fa, mesinhas de cabeceira, ou camas com gavetas embaixo da cama s\u00e3o \u00f3timas para guardar objetos mais pesados e que nunca temos espa\u00e7o para eles.<\/p>\n<p>Eles oferecem muito espa\u00e7o de armazenamento, por exemplo, para suas malas, bolsas, sapatos, em especial os acess\u00f3rios de inverno que costumam ocupar muito espa\u00e7o no nosso guarda-roupa.<\/p>\n<p><iframe style=\"width: 120px; height: 240px;\" src=\"\/\/ws-na.amazon-adsystem.com\/widgets\/q?ServiceVersion=20070822&amp;OneJS=1&amp;Operation=GetAdHtml&amp;MarketPlace=BR&amp;source=ss&amp;ref=as_ss_li_til&amp;ad_type=product_link&amp;tracking_id=aarquiteta-20&amp;language=pt_BR&amp;marketplace=amazon&amp;region=BR&amp;placement=B086WW2HRJ&amp;asins=B086WW2HRJ&amp;linkId=9087f0343b72ab8f1ce7e3c3e3d168d9&amp;show_border=true&amp;link_opens_in_new_window=true\" frameborder=\"0\" marginwidth=\"0\" marginheight=\"0\" scrolling=\"no\" sandbox=\"allow-popups allow-scripts allow-modals allow-forms allow-same-origin\"><\/iframe><\/p>\n<p>Lembre-se que voc\u00ea precisa deixar um pouco de espa\u00e7o ao redor para poder acess\u00e1-lo confort\u00e1vel e principalmente para que o ar circule entre as pe\u00e7as.<\/p>\n<p>Existem muitos modelos que podem ser adaptados \u00e0s suas necessidades espec\u00edficas.<\/p>\n<h3>Dicas extras sobre Como Organizar Quartos Pequenos &#8211; Ganhe qualidade de vida:<\/h3>\n<h3><a href=\"https:\/\/amzn.to\/3af0hNC\" target=\"_blank\" rel=\"noopener\">Tenha uma sapateira:<\/a><\/h3>\n<p>Se voc\u00ea n\u00e3o quiser substituir sua cabeceira por uma que inclua armazenamento, adicione algumas prateleiras e ganchos. Poder\u00e1 guardar os seus acess\u00f3rios l\u00e1.<\/p>\n<p>O mesmo vale para as camas: se a sua n\u00e3o tem formato adequado e voc\u00ea n\u00e3o planeja troc\u00e1-la, voc\u00ea pode colocar caixas embaixo dela para guardar len\u00e7\u00f3is, edredons ou roupas raras.<\/p>\n<p><a style=\"font-weight: bold; background-color: initial;\" href=\"https:\/\/amzn.to\/3af0hNC\" target=\"_blank\" rel=\"noopener\"><img decoding=\"async\" class=\"wp-image-59979 size-full\" src=\"https:\/\/www.aarquiteta.com.br\/blog\/wp-content\/uploads\/2022\/06\/sapateira-banco4.webp\" alt=\"sapateira banco4\" width=\"1164\" height=\"796\" title=\"\" srcset=\"https:\/\/www.aarquiteta.com.br\/blog\/wp-content\/uploads\/2022\/06\/sapateira-banco4.webp 1164w, https:\/\/www.aarquiteta.com.br\/blog\/wp-content\/uploads\/2022\/06\/sapateira-banco4-1024x700.webp 1024w, https:\/\/www.aarquiteta.com.br\/blog\/wp-content\/uploads\/2022\/06\/sapateira-banco4-696x476.webp 696w, https:\/\/www.aarquiteta.com.br\/blog\/wp-content\/uploads\/2022\/06\/sapateira-banco4-150x103.webp 150w\" sizes=\"(max-width: 1164px) 100vw, 1164px\" \/><\/a><\/p>\n<p><a href=\"https:\/\/amzn.to\/3af0hNC\" target=\"_blank\" rel=\"noopener\">Sugest\u00e3o de organizador sapateira!<\/a>Um banco tamb\u00e9m \u00e9 muito \u00fatil para proporcionar mais espa\u00e7o. Se eles tamb\u00e9m tiverem prateleiras, adicione algumas cestas de fibra natural ou tecido para guardar pequenos itens ou mesmo sapatos!<\/p>\n<p><iframe style=\"width: 120px; height: 240px;\" src=\"\/\/ws-na.amazon-adsystem.com\/widgets\/q?ServiceVersion=20070822&amp;OneJS=1&amp;Operation=GetAdHtml&amp;MarketPlace=BR&amp;source=ss&amp;ref=as_ss_li_til&amp;ad_type=product_link&amp;tracking_id=aarquiteta-20&amp;language=pt_BR&amp;marketplace=amazon&amp;region=BR&amp;placement=B08NDWP14Q&amp;asins=B08NDWP14Q&amp;linkId=62cc4dac3aeaca2ad3f2d05254dd1117&amp;show_border=true&amp;link_opens_in_new_window=true\" frameborder=\"0\" marginwidth=\"0\" marginheight=\"0\" scrolling=\"no\" sandbox=\"allow-popups allow-scripts allow-modals allow-forms allow-same-origin\"><\/iframe><\/p>\n<p>Como voc\u00ea j\u00e1 viu, quartos pequenos t\u00eam muitas op\u00e7\u00f5es de armazenamento.\u00a0Todas essas ideias ir\u00e3o ajud\u00e1-lo a manter a ordem e dar ao seu espa\u00e7o.<\/p>\n<p>Certifique-se de que o espa\u00e7o de armazenamento escolhido se encaixa em sua decora\u00e7\u00e3o.!<\/p>\n<p>Adicione itens decorativos e aposte em tons neutros ou cores suaves para evitar a satura\u00e7\u00e3o e tenha um quarto sempre organizado com tudo o que voc\u00ea precisa mesmo sendo ele um quarto pequeno.<\/p>\n<h3>Cansado da desordem nos arm\u00e1rios? <a href=\"https:\/\/go.hotmart.com\/L71606651A?dp=1\" target=\"_blank\" rel=\"noopener\">Que tal organizar<\/a>?<\/h3>\n<p>Com este <a href=\"https:\/\/go.hotmart.com\/L71606651A?dp=1\" target=\"_blank\" rel=\"noopener\">passo a passo<\/a> voc\u00ea conseguir\u00e1 organizar o seu ambiente eficazmente, otimizando e deixando os espa\u00e7os funcionais.<\/p>\n<p>Aprender\u00e1 desde o in\u00edcio do processo da organiza\u00e7\u00e3o, passando pela (auto) an\u00e1lise, at\u00e9 o que se deve guardar em gavetas, o que pendurar em cabides, <a href=\"https:\/\/go.hotmart.com\/L71606651A?dp=1\" target=\"_blank\" rel=\"noopener\">como organizar os diversos acess\u00f3rios<\/a>, entre outros.<\/p>\n<p><a style=\"font-weight: bold; background-color: initial;\" href=\"https:\/\/go.hotmart.com\/L71606651A?dp=1\" target=\"_blank\" rel=\"noopener\"><img decoding=\"async\" class=\"wp-image-60349 size-full\" src=\"https:\/\/www.aarquiteta.com.br\/blog\/wp-content\/uploads\/2022\/06\/curso-de-organizacao-closet.jpg\" alt=\"curso de organiza\u00e7\u00e3o closet\" width=\"700\" height=\"400\" title=\"\" srcset=\"https:\/\/www.aarquiteta.com.br\/blog\/wp-content\/uploads\/2022\/06\/curso-de-organizacao-closet.jpg 700w, https:\/\/www.aarquiteta.com.br\/blog\/wp-content\/uploads\/2022\/06\/curso-de-organizacao-closet-696x398.jpg 696w, https:\/\/www.aarquiteta.com.br\/blog\/wp-content\/uploads\/2022\/06\/curso-de-organizacao-closet-150x86.jpg 150w\" sizes=\"(max-width: 700px) 100vw, 700px\" \/><\/a><\/p>\n<p><a href=\"https:\/\/go.hotmart.com\/L71606651A?dp=1\" target=\"_blank\" rel=\"noopener\">Curso de organiza\u00e7\u00e3o closet\u00a0 por HARMONIZATTA<\/a><\/p>\n<p>Inclu\u00edmos fotos para te ajudar em todo o processo da organiza\u00e7\u00e3o, com o uso de organizadores pr\u00f3prios, pois al\u00e9m de deixar tudo em ordem, eles trazem facilidade e otimiza\u00e7\u00e3o para os espa\u00e7os.<\/p>\n<p><a href=\"https:\/\/go.hotmart.com\/L71606651A?dp=1\" target=\"_blank\" rel=\"noopener\">ORGANIZA\u00c7\u00c3O<\/a> n\u00e3o \u00e9 luxo e sim QUALIDADE DE VIDA!<\/p>\n<p>E a\u00ed, gostou das dicas do artigo? Ent\u00e3o deslize a tela para baixo e confira <strong><a href=\"https:\/\/www.aarquiteta.com.br\">mais dicas<\/a><\/strong>, al\u00e9m dos nossos <strong><a href=\"http:\/\/www.aarquiteta.com.br\">Cursos e Treinamentos<\/a><\/strong>\u00a0e n\u00e3o se esque\u00e7a de compartilhar com os amigos!<\/p>\n<p>Quer receber conte\u00fados exclusivos sobre <strong>casa, jardim, decora\u00e7\u00e3o, arquitetura, educa\u00e7\u00e3o financeira e muito mais<\/strong>? Ent\u00e3o, inscreva-se agora mesmo no nosso <strong><a href=\"https:\/\/t.me\/aarquitetablog\" target=\"_blank\" rel=\"noopener\">Canal do Telegram<\/a>!<\/strong> \ud83e\udd29\ud83d\udc68\u200d\ud83d\udc69\u200d\ud83d\udc67\u200d\ud83d\udc66<\/p>\n<p>Aqui, voc\u00ea ter\u00e1 acesso a artigos, dicas e inspira\u00e7\u00f5es para <strong>transformar sua casa em um lar dos sonhos<\/strong>, cuidar do seu jardim com carinho, aprender sobre finan\u00e7as pessoais e muito mais. \ud83d\udcda\ud83d\udcb0<\/p>\n<p>N\u00e3o perca mais tempo e junte-se a n\u00f3s para receber conte\u00fados exclusivos e se manter sempre atualizado! \ud83d\udce2\ud83c\udfe0\ud83c\udf3f\ud83c\udfe6. Ingresse <strong><a href=\"https:\/\/t.me\/aarquitetablog\" target=\"_blank\" rel=\"noopener\">aqui<\/a> <\/strong>no Canal da <strong>Arquiteta Blog por Luciana Paix\u00e3o!<\/strong> \ud83d\udc95<\/p>\n","protected":false},"excerpt":{"rendered":"<p>Como Organizar Quartos Pequenos &#8211; Ganhe qualidade de vida! Cansado da desordem? Ent\u00e3o confira neste artigo como organizar quartos pequenos e aumente sua qualidade de vida! D\u00favida? Embora seja verdade que um guarda-roupa \u00e9 uma parte fundamental de qualquer quarto, muitas vezes n\u00e3o \u00e9 suficiente.\u00a0Conhe\u00e7a as Solu\u00e7\u00f5es de armazenamento para quartos pequenos e aumente o [&hellip;]<\/p>\n","protected":false},"author":102,"featured_media":55332,"comment_status":"closed","ping_status":"closed","sticky":false,"template":"","format":"standard","meta":{"footnotes":""},"categories":[19106,18766],"tags":[18525,18526,18524],"class_list":["post-55329","post","type-post","status-publish","format-standard","has-post-thumbnail","category-organizacao-e-armazenamento","category-produtos","tag-armazenar-suas-coisas-em-espacos-pequenos","tag-como-guardar-e-organizar-em-espacos-pequenos","tag-solucoes-de-armazenamento-para-quartos-pequenos"],"_wp_attached_file":null,"_wp_attachment_metadata":null,"_wp_attachment_context":null,"_wp_attachment_is_custom_header":null,"geo_longitude":null,"geo_public":null,"geo_latitude":null,"_publicize_done_external":null,"_wpas_done_3897181":null,"publicize_twitter_user":null,"_wpas_done_3897175":null,"_wpas_skip_3897181":null,"_wpas_skip_3897175":null,"_wpas_skip_3924723":null,"_wpas_mess":null,"_wpas_done_3924723":null,"wps_subtitle":"Cansado da desordem? Ent\u00e3o confira neste artigo como organizar quartos pequenos e aumente sua qualidade de vida! D\u00favida?","_links":{"self":[{"href":"https:\/\/www.aarquiteta.com.br\/blog\/wp-json\/wp\/v2\/posts\/55329","targetHints":{"allow":["GET"]}}],"collection":[{"href":"https:\/\/www.aarquiteta.com.br\/blog\/wp-json\/wp\/v2\/posts"}],"about":[{"href":"https:\/\/www.aarquiteta.com.br\/blog\/wp-json\/wp\/v2\/types\/post"}],"author":[{"embeddable":true,"href":"https:\/\/www.aarquiteta.com.br\/blog\/wp-json\/wp\/v2\/users\/102"}],"replies":[{"embeddable":true,"href":"https:\/\/www.aarquiteta.com.br\/blog\/wp-json\/wp\/v2\/comments?post=55329"}],"version-history":[{"count":0,"href":"https:\/\/www.aarquiteta.com.br\/blog\/wp-json\/wp\/v2\/posts\/55329\/revisions"}],"wp:featuredmedia":[{"embeddable":true,"href":"https:\/\/www.aarquiteta.com.br\/blog\/wp-json\/wp\/v2\/media\/55332"}],"wp:attachment":[{"href":"https:\/\/www.aarquiteta.com.br\/blog\/wp-json\/wp\/v2\/media?parent=55329"}],"wp:term":[{"taxonomy":"category","embeddable":true,"href":"https:\/\/www.aarquiteta.com.br\/blog\/wp-json\/wp\/v2\/categories?post=55329"},{"taxonomy":"post_tag","embeddable":true,"href":"https:\/\/www.aarquiteta.com.br\/blog\/wp-json\/wp\/v2\/tags?post=55329"}],"curies":[{"name":"wp","href":"https:\/\/api.w.org\/{rel}","templated":true}]}}