{"id":54935,"date":"2022-05-08T21:25:25","date_gmt":"2022-05-09T00:25:25","guid":{"rendered":"http:\/\/aarquiteta.com.br\/?p=54935"},"modified":"2024-07-01T10:07:06","modified_gmt":"2024-07-01T13:07:06","slug":"alguns-lugares-bem-sujos-de-uma-cozinha","status":"publish","type":"post","link":"https:\/\/www.aarquiteta.com.br\/blog\/alguns-lugares-bem-sujos-de-uma-cozinha\/","title":{"rendered":"Saiba quais s\u00e3o os lugares mais sujos de uma cozinha"},"content":{"rendered":"<p>A cozinha cont\u00e9m alguns dos lugares mais sujos da sua casa.\u00a0Explicaremos o que s\u00e3o e com que frequ\u00eancia voc\u00ea deve limp\u00e1-los.<\/p>\n<p>Para muitas fam\u00edlias, a cozinha \u00e9 o melhor espa\u00e7o da casa.\u00a0Os pratos mais requintados s\u00e3o feitos e inventados aqui, e o t\u00edtulo de &#8220;cora\u00e7\u00e3o da casa&#8221; n\u00e3o \u00e9 sem raz\u00e3o, voc\u00ea concorda?<\/p>\n<figure id=\"attachment_54936\" aria-describedby=\"caption-attachment-54936\" style=\"width: 600px\" class=\"wp-caption alignnone\"><img decoding=\"async\" class=\"wp-image-54936 size-full\" src=\"https:\/\/www.aarquiteta.com.br\/blog\/wp-content\/uploads\/2022\/05\/cozinha-suja1.png\" alt=\"cozinha suja1\" width=\"600\" height=\"399\" title=\"\" srcset=\"https:\/\/www.aarquiteta.com.br\/blog\/wp-content\/uploads\/2022\/05\/cozinha-suja1.png 600w, https:\/\/www.aarquiteta.com.br\/blog\/wp-content\/uploads\/2022\/05\/cozinha-suja1-150x100.png 150w\" sizes=\"(max-width: 600px) 100vw, 600px\" \/><figcaption id=\"caption-attachment-54936\" class=\"wp-caption-text\">Por: Decora\u00e7\u00e3o Ideal<\/figcaption><\/figure>\n<p>Voc\u00ea provavelmente tamb\u00e9m sabe que a cozinha \u00e9 um dos lugares mais sujos da sua casa.\u00a0Sempre h\u00e1 derramamento de l\u00edquido, os pisos geralmente ficam pegajosos e os alimentos crus caem em bancadas ou prateleiras.<\/p>\n<p>E mesmo que voc\u00ea limpe a cozinha ap\u00f3s cozinhar, pode esquecer de limpar alguns pontos escondidos, para se tornarem os lugares mais sujos da cozinha.<\/p>\n<p>Mostraremos onde est\u00e3o algumas dessas \u00e1reas.<\/p>\n<h3>Bot\u00f5es el\u00e9tricos, bot\u00f5es e bot\u00f5es t\u00e1teis:<\/h3>\n<figure id=\"attachment_54937\" aria-describedby=\"caption-attachment-54937\" style=\"width: 1280px\" class=\"wp-caption alignnone\"><img decoding=\"async\" class=\"wp-image-54937 size-full\" src=\"https:\/\/www.aarquiteta.com.br\/blog\/wp-content\/uploads\/2022\/05\/cozinha-suja-2.png\" alt=\"cozinha suja 2\" width=\"1280\" height=\"740\" title=\"\" srcset=\"https:\/\/www.aarquiteta.com.br\/blog\/wp-content\/uploads\/2022\/05\/cozinha-suja-2.png 1280w, https:\/\/www.aarquiteta.com.br\/blog\/wp-content\/uploads\/2022\/05\/cozinha-suja-2-1024x592.png 1024w, https:\/\/www.aarquiteta.com.br\/blog\/wp-content\/uploads\/2022\/05\/cozinha-suja-2-696x402.png 696w, https:\/\/www.aarquiteta.com.br\/blog\/wp-content\/uploads\/2022\/05\/cozinha-suja-2-150x87.png 150w\" sizes=\"(max-width: 1280px) 100vw, 1280px\" \/><figcaption id=\"caption-attachment-54937\" class=\"wp-caption-text\">Por: Guararapes<\/figcaption><\/figure>\n<p>Se voc\u00ea tem adolescentes em casa, \u00e9 comum que eles abram a geladeira com as m\u00e3os sujas.<\/p>\n<p>Um caso em quest\u00e3o \u00e9 quando suas m\u00e3os j\u00e1 est\u00e3o cobertas de molho, eles v\u00e3o \u00e0 procura de mais molho para adicionar a um sandu\u00edche.<\/p>\n<p>Acontece at\u00e9 com voc\u00ea!<\/p>\n<p>Talvez voc\u00ea tenha esquecido um ingrediente na geladeira enquanto preparava a comida.<\/p>\n<p>N\u00e3o importa o quanto voc\u00ea tente tocar a al\u00e7a com os dedos limpos, voc\u00ea acabar\u00e1 com manchas na al\u00e7a.<\/p>\n<p>O mesmo vale para outros eletrodom\u00e9sticos da casa, como fornos de micro-ondas.<\/p>\n<p>Para evitar que esses aparelhos se tornem um habitat para microorganismos e sujeiras, recomenda-se limp\u00e1-los diariamente com uma toalha e um desinfetante.<\/p>\n<h3>O lugar mais sujo da cozinha: o ralo da pia.<\/h3>\n<p>Voc\u00ea pode estar se perguntando como sua pia pode ser um dos lugares mais sujos da cozinha?<\/p>\n<p>Pois, bem! A verdade \u00e9 que, apesar de muito fluxo de \u00e1gua, os alimentos ainda tendem a ficar presos ao redor do ralo (jun\u00e7\u00e3o da pia e do balc\u00e3o) e da tampa do triturador de lixo.<\/p>\n<p>Torneiras e ma\u00e7anetas s\u00e3o outros locais onde a sujeira pode se acumular.<\/p>\n<p>Tente higienizar essa \u00e1rea toda vez que preparar refei\u00e7\u00f5es e lavar a lou\u00e7a.<\/p>\n<p>Se voc\u00ea n\u00e3o tiver tempo, voc\u00ea deve torn\u00e1-lo parte de sua rotina di\u00e1ria e faz\u00ea-lo uma vez por dia.<\/p>\n<h3>Trapos e esponjas:<\/h3>\n<figure id=\"attachment_54938\" aria-describedby=\"caption-attachment-54938\" style=\"width: 600px\" class=\"wp-caption alignnone\"><img decoding=\"async\" class=\"wp-image-54938 size-full\" src=\"https:\/\/www.aarquiteta.com.br\/blog\/wp-content\/uploads\/2022\/05\/cozinha-suja-3.webp\" alt=\"cozinha suja 3\" width=\"600\" height=\"400\" title=\"\" srcset=\"https:\/\/www.aarquiteta.com.br\/blog\/wp-content\/uploads\/2022\/05\/cozinha-suja-3.webp 600w, https:\/\/www.aarquiteta.com.br\/blog\/wp-content\/uploads\/2022\/05\/cozinha-suja-3-150x100.webp 150w\" sizes=\"(max-width: 600px) 100vw, 600px\" \/><figcaption id=\"caption-attachment-54938\" class=\"wp-caption-text\">Por: Deposiphotos<\/figcaption><\/figure>\n<p>Voc\u00ea j\u00e1 reparou que as part\u00edculas de comida s\u00e3o frequentemente deixadas na esponja?<\/p>\n<p>Embora mantenha pratos, copos e outros utens\u00edlios limpos, certos tipos de bact\u00e9rias tendem a viver nas esponjas.<\/p>\n<p>Portanto, voc\u00ea deve substitu\u00ed-lo de tempos em tempos ou jog\u00e1-lo fora assim que ultrapassar sua vida \u00fatil.<\/p>\n<p>A mesma coisa acontece com as toalhas de cozinha.<\/p>\n<p>\u00c9 com eles que podemos limpar derramamentos e sujeira de bancadas e pisos.<\/p>\n<p>Uma boa pr\u00e1tica \u00e9 lavar essas toalhas ou panos de cozinha regularmente em \u00e1gua quente.<\/p>\n<p>Apenas lav\u00e1-los com \u00e1gua e sab\u00e3o n\u00e3o \u00e9 suficiente.<\/p>\n<h2>A geladeira:<\/h2>\n<p>Desta vez, vamos al\u00e9m da simples al\u00e7a que continua sujando.<\/p>\n<p>A verdade \u00e9 que os v\u00e1rios alimentos armazenados na geladeira podem abrigar bact\u00e9rias perigosas na geladeira.<\/p>\n<p>Apesar de ser um lugar frio, voc\u00ea pode n\u00e3o perceber que pode ser um habitat para bact\u00e9rias.<\/p>\n<p>De pegar um jarro de leite com as m\u00e3os sujas, a carne que faz o l\u00edquido escorrer enquanto descongela.<\/p>\n<p>Quando estiver pronto para limpar sua geladeira (o que a maioria das pessoas faz todos os meses), n\u00e3o se esque\u00e7a de limpar a tampa da ventila\u00e7\u00e3o e todos os recipientes na geladeira.<\/p>\n<h3>T\u00e1bua de cortar:<\/h3>\n<figure id=\"attachment_54939\" aria-describedby=\"caption-attachment-54939\" style=\"width: 500px\" class=\"wp-caption alignnone\"><img decoding=\"async\" class=\"wp-image-54939 size-full\" src=\"https:\/\/www.aarquiteta.com.br\/blog\/wp-content\/uploads\/2022\/05\/cozinha-suja-4.webp\" alt=\"cozinha suja 4\" width=\"500\" height=\"281\" title=\"\" srcset=\"https:\/\/www.aarquiteta.com.br\/blog\/wp-content\/uploads\/2022\/05\/cozinha-suja-4.webp 500w, https:\/\/www.aarquiteta.com.br\/blog\/wp-content\/uploads\/2022\/05\/cozinha-suja-4-150x84.webp 150w\" sizes=\"(max-width: 500px) 100vw, 500px\" \/><figcaption id=\"caption-attachment-54939\" class=\"wp-caption-text\">Pinterest<\/figcaption><\/figure>\n<p>O uso constante de t\u00e1buas de corte cria rachaduras que as bact\u00e9rias usam para habitar e viver.<\/p>\n<p>Por esta raz\u00e3o, \u00e9 melhor ter duas t\u00e1buas de corte; uma para carne e outra para legumes raz\u00e3o?<\/p>\n<p>Isso minimiza o potencial de contamina\u00e7\u00e3o cruzada.<\/p>\n<p>Quanto \u00e0 limpeza da t\u00e1bua de corte, ela deve ser lavada com \u00e1gua morna e sab\u00e3o.<\/p>\n<p>Outro aspecto que voc\u00ea deve ter em mente \u00e9 n\u00e3o deix\u00e1-los secar sozinhos.<\/p>\n<p>Em vez disso, use uma toalha de cozinha para sec\u00e1-los, pois se acredita que as bact\u00e9rias preferem condi\u00e7\u00f5es quentes e \u00famidas.<\/p>\n<h3>Lancheiras, vasilhas, potes e garrafas reutiliz\u00e1veis:<\/h3>\n<p>A lancheira deve ser limpa ap\u00f3s cada uso.<\/p>\n<p>Mesmo que voc\u00ea armazene alimentos sem derramar, \u00e9 poss\u00edvel que as bact\u00e9rias cres\u00e7am neles.<\/p>\n<p>Portanto, deve ser lavado com um pano, \u00e1gua morna e sab\u00e3o imediatamente ap\u00f3s o uso.<\/p>\n<p>Por outro lado, n\u00e3o confie em garrafas reutiliz\u00e1veis \u200b\u200bque n\u00e3o lavam ap\u00f3s o uso.<\/p>\n<p>Apesar de apenas fornecer \u00e1gua e n\u00e3o compartilh\u00e1-la com mais ningu\u00e9m, as bact\u00e9rias podem se acumular no bico.<\/p>\n<p>Assim, sem exce\u00e7\u00e3o, ap\u00f3s cada uso, lave com \u00e1gua morna, bastante sab\u00e3o e limpe bem a garrafa, at\u00e9 as \u00e1reas que n\u00e3o podem ser alcan\u00e7adas pela esponja.<\/p>\n<h3>Cafeteiras e liquidificadores:<\/h3>\n<figure id=\"attachment_54940\" aria-describedby=\"caption-attachment-54940\" style=\"width: 393px\" class=\"wp-caption alignnone\"><img decoding=\"async\" class=\"wp-image-54940 size-full\" src=\"https:\/\/www.aarquiteta.com.br\/blog\/wp-content\/uploads\/2022\/05\/cozinha-suja-5.png\" alt=\"cozinha suja 5\" width=\"393\" height=\"300\" title=\"\" srcset=\"https:\/\/www.aarquiteta.com.br\/blog\/wp-content\/uploads\/2022\/05\/cozinha-suja-5.png 393w, https:\/\/www.aarquiteta.com.br\/blog\/wp-content\/uploads\/2022\/05\/cozinha-suja-5-150x115.png 150w\" sizes=\"(max-width: 393px) 100vw, 393px\" \/><figcaption id=\"caption-attachment-54940\" class=\"wp-caption-text\">Por: LaMarcon<\/figcaption><\/figure>\n<p>Derramar acidentalmente um pouco de caf\u00e9 ou suco \u00e9 inevit\u00e1vel, e mesmo se voc\u00ea estiver apenas limpando esses aparelhos da superf\u00edcie, voc\u00ea deve limpar profundamente pelo menos duas vezes por semana.<\/p>\n<p>N\u00e3o se esque\u00e7a do abridor de latas e do copo medidor.<\/p>\n<h3>Bancadas:<\/h3>\n<figure id=\"attachment_54941\" aria-describedby=\"caption-attachment-54941\" style=\"width: 563px\" class=\"wp-caption alignnone\"><img decoding=\"async\" class=\"wp-image-54941 size-full\" src=\"https:\/\/www.aarquiteta.com.br\/blog\/wp-content\/uploads\/2022\/05\/cozinha-pequena-8-1.jpg\" alt=\"cozinha-pequena-8-1\" width=\"563\" height=\"646\" title=\"\" srcset=\"https:\/\/www.aarquiteta.com.br\/blog\/wp-content\/uploads\/2022\/05\/cozinha-pequena-8-1.jpg 563w, https:\/\/www.aarquiteta.com.br\/blog\/wp-content\/uploads\/2022\/05\/cozinha-pequena-8-1-150x172.jpg 150w\" sizes=\"(max-width: 563px) 100vw, 563px\" \/><figcaption id=\"caption-attachment-54941\" class=\"wp-caption-text\">Por: Fashion Bubbles<\/figcaption><\/figure>\n<p>Adquira o h\u00e1bito de limpar um pano limpo na bancada com um desinfetante antes de colocar comida sobre ela ou come\u00e7ar a prepar\u00e1-la.<\/p>\n<p>Esta \u00e9 uma das \u00e1reas onde costumamos colocar nossas malas, equipamentos eletr\u00f4nicos e jornais.<\/p>\n<p>Limpe profundamente suas bancadas semanalmente para garantir que voc\u00ea chegue a todos os cantos e evite o crescimento de bact\u00e9rias.<\/p>\n<p>Lembre-se, \u00e9 aqui que voc\u00ea prepara a comida que voc\u00ea e sua fam\u00edlia come.<\/p>\n<h3>Pimenta e saleiro:<\/h3>\n<figure id=\"attachment_54942\" aria-describedby=\"caption-attachment-54942\" style=\"width: 1280px\" class=\"wp-caption alignnone\"><img decoding=\"async\" class=\"wp-image-54942 size-full\" src=\"https:\/\/www.aarquiteta.com.br\/blog\/wp-content\/uploads\/2022\/05\/Pimenta-e-saleiro.jpg\" alt=\"Pimenta e saleiro\" width=\"1280\" height=\"1280\" title=\"\" srcset=\"https:\/\/www.aarquiteta.com.br\/blog\/wp-content\/uploads\/2022\/05\/Pimenta-e-saleiro.jpg 1280w, https:\/\/www.aarquiteta.com.br\/blog\/wp-content\/uploads\/2022\/05\/Pimenta-e-saleiro-1024x1024.jpg 1024w, https:\/\/www.aarquiteta.com.br\/blog\/wp-content\/uploads\/2022\/05\/Pimenta-e-saleiro-696x696.jpg 696w, https:\/\/www.aarquiteta.com.br\/blog\/wp-content\/uploads\/2022\/05\/Pimenta-e-saleiro-96x96.jpg 96w, https:\/\/www.aarquiteta.com.br\/blog\/wp-content\/uploads\/2022\/05\/Pimenta-e-saleiro-150x150.jpg 150w\" sizes=\"(max-width: 1280px) 100vw, 1280px\" \/><figcaption id=\"caption-attachment-54942\" class=\"wp-caption-text\">Por: Promotop<\/figcaption><\/figure>\n<p>Quando voc\u00ea est\u00e1 preparando uma refei\u00e7\u00e3o ou comendo, com que frequ\u00eancia voc\u00ea pega um saleiro ou pimenteiro sem lavar as m\u00e3os?<\/p>\n<p>Lembre-se de limpar a superf\u00edcie com um pano \u00famido ap\u00f3s preparar o prato.<\/p>\n<p>Quando terminar com o conte\u00fado do recipiente e adicionar mais, lave-o completamente e seque com um pano.<\/p>\n<h3>As bact\u00e9rias amam sua cozinha!<\/h3>\n<p>Sua cozinha \u00e9 onde a comida \u00e9 encontrada e onde todos os membros da fam\u00edlia v\u00eam buscar lanches, ent\u00e3o \u00e9 compreens\u00edvel que seja um dos lugares mais sujos.<\/p>\n<p>Para evitar o crescimento bacteriano, voc\u00ea deve ter uma rotina de limpeza, principalmente para \u00e1reas que muitas vezes s\u00e3o esquecidas e usadas com frequ\u00eancia.<\/p>\n<h3><strong>E a\u00ed, gostou do artigo sobre Alguns lugares bem sujos de uma cozinha?<\/strong><\/h3>\n<p>Ent\u00e3o, veja este v\u00eddeo abaixo sobre o que voc\u00ea deve evitar ao m\u00e1ximo quando o assunto \u00e9 decorar corretamente:<\/p>\n<div class=\"code-block code-block-4\" data-ai=\"WzQsMCwiQ29udGV1ZG8gNCIsIiIsMl0=\">\n<div id=\"div-gpt-ad-1606164528444-0\" data-google-query-id=\"CPuR1cjp7fYCFbUAuQYdw2gJrw\">\n<div id=\"google_ads_iframe_\/22106840220,22681662263\/aarquiteta.com.br\/aarquiteta.com.br_mw_content4_09022022_0__container__\">\n<div class=\"youtube-embed\" data-video_id=\"Q4PUm6-3L-0\"><iframe title=\"Decore f\u00e1cil \u2014 10 coisas que voc\u00ea deve evitar ao m\u00e1ximo na decora\u00e7\u00e3o da sua casa!\" width=\"696\" height=\"392\" src=\"https:\/\/www.youtube.com\/embed\/Q4PUm6-3L-0?feature=oembed&#038;enablejsapi=1\" frameborder=\"0\" allow=\"accelerometer; autoplay; clipboard-write; encrypted-media; gyroscope; picture-in-picture; web-share\" referrerpolicy=\"strict-origin-when-cross-origin\" allowfullscreen><\/iframe><\/div>\n<\/div>\n<\/div>\n<\/div>\n<p>&nbsp;<\/p>\n","protected":false},"excerpt":{"rendered":"<p>A cozinha cont\u00e9m alguns dos lugares mais sujos da sua casa.\u00a0Explicaremos o que s\u00e3o e com que frequ\u00eancia voc\u00ea deve limp\u00e1-los. Para muitas fam\u00edlias, a cozinha \u00e9 o melhor espa\u00e7o da casa.\u00a0Os pratos mais requintados s\u00e3o feitos e inventados aqui, e o t\u00edtulo de &#8220;cora\u00e7\u00e3o da casa&#8221; n\u00e3o \u00e9 sem raz\u00e3o, voc\u00ea concorda? Voc\u00ea provavelmente [&hellip;]<\/p>\n","protected":false},"author":102,"featured_media":54943,"comment_status":"closed","ping_status":"closed","sticky":false,"template":"","format":"standard","meta":{"footnotes":""},"categories":[18754,19107],"tags":[18289,18291,18290],"class_list":["post-54935","post","type-post","status-publish","format-standard","has-post-thumbnail","category-decoracao-de-cozinha","category-produtos-para-limpeza","tag-alguns-lugares-bem-sujos-de-uma-cozinha","tag-lugares-aonde-se-encontram-mais-bacterias-em-sua-cozinha","tag-lugares-mais-sujos-da-cozinha"],"_wp_attached_file":null,"_wp_attachment_metadata":null,"_wp_attachment_context":null,"_wp_attachment_is_custom_header":null,"geo_longitude":null,"geo_public":null,"geo_latitude":null,"_publicize_done_external":null,"_wpas_done_3897181":null,"publicize_twitter_user":null,"_wpas_done_3897175":null,"_wpas_skip_3897181":null,"_wpas_skip_3897175":null,"_wpas_skip_3924723":null,"_wpas_mess":null,"_wpas_done_3924723":null,"wps_subtitle":"Confira alguns lugares mais sujos de sua cozinha!","_links":{"self":[{"href":"https:\/\/www.aarquiteta.com.br\/blog\/wp-json\/wp\/v2\/posts\/54935","targetHints":{"allow":["GET"]}}],"collection":[{"href":"https:\/\/www.aarquiteta.com.br\/blog\/wp-json\/wp\/v2\/posts"}],"about":[{"href":"https:\/\/www.aarquiteta.com.br\/blog\/wp-json\/wp\/v2\/types\/post"}],"author":[{"embeddable":true,"href":"https:\/\/www.aarquiteta.com.br\/blog\/wp-json\/wp\/v2\/users\/102"}],"replies":[{"embeddable":true,"href":"https:\/\/www.aarquiteta.com.br\/blog\/wp-json\/wp\/v2\/comments?post=54935"}],"version-history":[{"count":0,"href":"https:\/\/www.aarquiteta.com.br\/blog\/wp-json\/wp\/v2\/posts\/54935\/revisions"}],"wp:featuredmedia":[{"embeddable":true,"href":"https:\/\/www.aarquiteta.com.br\/blog\/wp-json\/wp\/v2\/media\/54943"}],"wp:attachment":[{"href":"https:\/\/www.aarquiteta.com.br\/blog\/wp-json\/wp\/v2\/media?parent=54935"}],"wp:term":[{"taxonomy":"category","embeddable":true,"href":"https:\/\/www.aarquiteta.com.br\/blog\/wp-json\/wp\/v2\/categories?post=54935"},{"taxonomy":"post_tag","embeddable":true,"href":"https:\/\/www.aarquiteta.com.br\/blog\/wp-json\/wp\/v2\/tags?post=54935"}],"curies":[{"name":"wp","href":"https:\/\/api.w.org\/{rel}","templated":true}]}}