{"id":54676,"date":"2022-05-17T17:00:49","date_gmt":"2022-05-17T20:00:49","guid":{"rendered":"http:\/\/aarquiteta.com.br\/?p=54676"},"modified":"2024-10-11T14:32:37","modified_gmt":"2024-10-11T17:32:37","slug":"mesas-de-centro-e-laterais","status":"publish","type":"post","link":"https:\/\/www.aarquiteta.com.br\/blog\/mesas-de-centro-e-laterais\/","title":{"rendered":"Mesas de Centro e Laterais &#8211; 10 modelos Lindos e Funcionais!"},"content":{"rendered":"<p><img decoding=\"async\" class=\"alignnone wp-image-54692 size-full\" title=\"Mesas de Centro e Laterais - 10 modelos Lindos e Funcionais!\" src=\"https:\/\/www.aarquiteta.com.br\/blog\/wp-content\/uploads\/2022\/05\/tema-centro.jpg\" alt=\"Mesas de Centro e Laterais - 10 modelos Lindos e Funcionais!\" width=\"640\" height=\"445\" srcset=\"https:\/\/www.aarquiteta.com.br\/blog\/wp-content\/uploads\/2022\/05\/tema-centro.jpg 640w, https:\/\/www.aarquiteta.com.br\/blog\/wp-content\/uploads\/2022\/05\/tema-centro-150x104.jpg 150w\" sizes=\"(max-width: 640px) 100vw, 640px\" \/><\/p><p><a href=\"https:\/\/www.amazon.com.br\/s?k=mesas+de+apoio&amp;crid=15HOPLG0NNKDW&amp;sprefix=mesas+de+a%2Caps%2C262&amp;ref=nb_sb_ss_ts-doa-p_1_10\" target=\"_blank\" rel=\"noopener\">Mesas de Centro e Laterais &#8211; 10 modelos Lindos e Funcionais!<\/a><\/p><p>Entre os muitos tipos de mesas laterais que voc\u00ea pode escolher para complementar a decora\u00e7\u00e3o da sua casa, selecionamos dez estilos que voc\u00ea adorar\u00e1.<\/p><figure id=\"attachment_54691\" aria-describedby=\"caption-attachment-54691\" style=\"width: 640px\" class=\"wp-caption alignnone\"><img decoding=\"async\" class=\"wp-image-54691 size-large\" title=\"Mesas de Centro e Laterais - 10 modelos Lindos e Funcionais!\" src=\"https:\/\/www.aarquiteta.com.br\/blog\/wp-content\/uploads\/2022\/05\/mesa-de-centro-sala-1024x682.jpg\" alt=\"Mesas de Centro e Laterais - 10 modelos Lindos e Funcionais!\" width=\"640\" height=\"426\" srcset=\"https:\/\/www.aarquiteta.com.br\/blog\/wp-content\/uploads\/2022\/05\/mesa-de-centro-sala-1024x682.jpg 1024w, https:\/\/www.aarquiteta.com.br\/blog\/wp-content\/uploads\/2022\/05\/mesa-de-centro-sala-696x464.jpg 696w, https:\/\/www.aarquiteta.com.br\/blog\/wp-content\/uploads\/2022\/05\/mesa-de-centro-sala-150x100.jpg 150w, https:\/\/www.aarquiteta.com.br\/blog\/wp-content\/uploads\/2022\/05\/mesa-de-centro-sala.jpg 2000w\" sizes=\"(max-width: 640px) 100vw, 640px\" \/><figcaption id=\"caption-attachment-54691\" class=\"wp-caption-text\">Mesas de Centro e Laterais &#8211; 10 modelos Lindos e Funcionais!<\/figcaption><\/figure><p><iframe style=\"width: 120px; height: 240px;\" src=\"\/\/ws-na.amazon-adsystem.com\/widgets\/q?ServiceVersion=20070822&amp;OneJS=1&amp;Operation=GetAdHtml&amp;MarketPlace=BR&amp;source=ss&amp;ref=as_ss_li_til&amp;ad_type=product_link&amp;tracking_id=aarquiteta-20&amp;language=pt_BR&amp;marketplace=amazon&amp;region=BR&amp;placement=B09ZDD6T2Z&amp;asins=B09ZDD6T2Z&amp;linkId=c74a120fe05b314bb166ff0141714b10&amp;show_border=true&amp;link_opens_in_new_window=true\" frameborder=\"0\" marginwidth=\"0\" marginheight=\"0\" scrolling=\"no\" sandbox=\"allow-popups allow-scripts allow-modals allow-forms allow-same-origin\"><\/iframe><\/p><p>Existem tantos tipos e estilos diferentes de mesas laterais que \u00e9 dif\u00edcil mencionar apenas um.<\/p><p>Al\u00e9m de seu estilo, voc\u00ea tamb\u00e9m deve considerar sua finalidade e forma ao escolher qual se adapta \u00e0s suas necessidades.<\/p><p>Isso serve para redimensionar com outros m\u00f3veis e espa\u00e7os que voc\u00ea j\u00e1 possui.<\/p><p>Ent\u00e3o, para te ajudar, reunimos dez estilos lindos e diferentes para voc\u00ea escolher.<\/p><h3><a href=\"https:\/\/www.amazon.com.br\/s?k=mesas+de+apoio&amp;crid=15HOPLG0NNKDW&amp;sprefix=mesas+de+a%2Caps%2C262&amp;ref=nb_sb_ss_ts-doa-p_1_10\" target=\"_blank\" rel=\"noopener\">Mesas de Centro e Laterais \u2014 10 modelos Lindos e Funcionais!<\/a><\/h3><h3>O que voc\u00ea pode fazer com uma mesa lateral e de centro?<\/h3><figure id=\"attachment_54690\" aria-describedby=\"caption-attachment-54690\" style=\"width: 420px\" class=\"wp-caption alignnone\"><img decoding=\"async\" class=\"wp-image-54690 size-full\" title=\"Mesas de Centro e Laterais - 10 modelos Lindos e Funcionais!\" src=\"https:\/\/www.aarquiteta.com.br\/blog\/wp-content\/uploads\/2022\/05\/lateral-e-centro.webp\" alt=\"Mesas de Centro e Laterais - 10 modelos Lindos e Funcionais!\" width=\"420\" height=\"420\" srcset=\"https:\/\/www.aarquiteta.com.br\/blog\/wp-content\/uploads\/2022\/05\/lateral-e-centro.webp 420w, https:\/\/www.aarquiteta.com.br\/blog\/wp-content\/uploads\/2022\/05\/lateral-e-centro-96x96.webp 96w, https:\/\/www.aarquiteta.com.br\/blog\/wp-content\/uploads\/2022\/05\/lateral-e-centro-150x150.webp 150w\" sizes=\"(max-width: 420px) 100vw, 420px\" \/><figcaption id=\"caption-attachment-54690\" class=\"wp-caption-text\">Mesas de Centro e Laterais &#8211; 10 modelos Lindos e Funcionais! Por: Mpozenato<\/figcaption><\/figure><p><iframe style=\"width: 120px; height: 240px;\" src=\"\/\/ws-na.amazon-adsystem.com\/widgets\/q?ServiceVersion=20070822&amp;OneJS=1&amp;Operation=GetAdHtml&amp;MarketPlace=BR&amp;source=ss&amp;ref=as_ss_li_til&amp;ad_type=product_link&amp;tracking_id=aarquiteta-20&amp;language=pt_BR&amp;marketplace=amazon&amp;region=BR&amp;placement=B07XDZRHT7&amp;asins=B07XDZRHT7&amp;linkId=1fe50696de41e23f3d794f6499529c15&amp;show_border=true&amp;link_opens_in_new_window=true\" frameborder=\"0\" marginwidth=\"0\" marginheight=\"0\" scrolling=\"no\" sandbox=\"allow-popups allow-scripts allow-modals allow-forms allow-same-origin\"><\/iframe><\/p><p>As mesas laterais n\u00e3o s\u00e3o o mesmo que as mesas de centro, embora tamb\u00e9m possam ser usadas para esse fim.<\/p><p>Al\u00e9m de bonitos, eles t\u00eam muitos usos em casa.<\/p><p>Voc\u00ea pode us\u00e1-los como bases para vasos ou vasos de flores.<\/p><p>Voc\u00ea tamb\u00e9m pode colocar seu telefone fixo e um caderno l\u00e1 para anotar dados importantes.<\/p><p>A coloca\u00e7\u00e3o mais comum \u00e9 no canto da sala.<\/p><p>Seja um <a href=\"https:\/\/www.aarquiteta.com.br\/blog\/?s=quarto\">quarto<\/a>, uma sala de estar ou uma sala de jantar, voc\u00ea pode coloc\u00e1-los na lateral de um sof\u00e1 ou poltrona.<\/p><p>Se necess\u00e1rio, sua fam\u00edlia ou visitantes podem colocar bebidas l\u00e1, \u00e9 assim que as mesas laterais s\u00e3o mais utilizadas, especialmente aquelas com bandejas.<\/p><p>Entre outros usos para mesas laterais, voc\u00ea pode considerar o seguinte:<\/p><ul><li>Como estante;<\/li><li>Para equilibrar a sala;<\/li><li>Como complemento da secret\u00e1ria;<\/li><li>Substitua a mesa de cabeceira.<\/li><\/ul><h3><a href=\"https:\/\/www.amazon.com.br\/s?k=mesas+de+apoio&amp;crid=15HOPLG0NNKDW&amp;sprefix=mesas+de+a%2Caps%2C262&amp;ref=nb_sb_ss_ts-doa-p_1_10\" target=\"_blank\" rel=\"noopener\">Mesas de Centro e Laterais &#8211; 10 modelos Lindos e Funcionais!<\/a><\/h3><p>Estas dez mesas laterais s\u00e3o mais que apenas visualmente atraentes.<\/p><p>Use-os para exibir decora\u00e7\u00f5es, vasos de plantas, velas decorativas e muito mais, ou apenas os use para complementar o resto dos seus m\u00f3veis.<\/p><h3 id=\"1-round\" class=\"jsx-3692753319 jsx-2566528898 c--main-600 mt--x-big pt--normal\">1. Redondas:<\/h3><figure id=\"attachment_54686\" aria-describedby=\"caption-attachment-54686\" style=\"width: 522px\" class=\"wp-caption alignnone\"><img decoding=\"async\" class=\"wp-image-54686 size-full\" title=\"Mesas de Centro e Laterais - 10 modelos Lindos e Funcionais!\" src=\"https:\/\/www.aarquiteta.com.br\/blog\/wp-content\/uploads\/2022\/05\/mesa-redonda-de-centro.jpg\" alt=\"Mesas de Centro e Laterais - 10 modelos Lindos e Funcionais!\" width=\"522\" height=\"391\" srcset=\"https:\/\/www.aarquiteta.com.br\/blog\/wp-content\/uploads\/2022\/05\/mesa-redonda-de-centro.jpg 522w, https:\/\/www.aarquiteta.com.br\/blog\/wp-content\/uploads\/2022\/05\/mesa-redonda-de-centro-150x112.jpg 150w\" sizes=\"(max-width: 522px) 100vw, 522px\" \/><figcaption id=\"caption-attachment-54686\" class=\"wp-caption-text\">Mesas de Centro e Laterais &#8211; 10 modelos Lindos e Funcionais!<\/figcaption><\/figure><p>As mesas redondas s\u00e3o as mais comuns.<\/p><p><iframe style=\"width: 120px; height: 240px;\" src=\"\/\/ws-na.amazon-adsystem.com\/widgets\/q?ServiceVersion=20070822&amp;OneJS=1&amp;Operation=GetAdHtml&amp;MarketPlace=BR&amp;source=ss&amp;ref=as_ss_li_til&amp;ad_type=product_link&amp;tracking_id=aarquiteta-20&amp;language=pt_BR&amp;marketplace=amazon&amp;region=BR&amp;placement=B09F9TTYPW&amp;asins=B09F9TTYPW&amp;linkId=2ef35d18eedb4ef16d296abb7720283a&amp;show_border=true&amp;link_opens_in_new_window=true\" frameborder=\"0\" marginwidth=\"0\" marginheight=\"0\" scrolling=\"no\" sandbox=\"allow-popups allow-scripts allow-modals allow-forms allow-same-origin\"><\/iframe><\/p><p>Tamb\u00e9m dispon\u00edvel em diferentes materiais, como <a href=\"https:\/\/www.aarquiteta.com.br\/blog\/?s=MADEIRA\">madeira<\/a>, acr\u00edlico, vidro ou metal, com hastes para suporte.<\/p><p>Estas mesas redondas, especialmente as mini, s\u00e3o perfeitas para candeeiros de mesa ou outras decora\u00e7\u00f5es.<\/p><p>Eles s\u00e3o perfeitos para colocar ao lado do <a href=\"https:\/\/www.aarquiteta.com.br\/blog\/?s=SOFA\">sof\u00e1<\/a> ou ao lado da cama.<\/p><p>Eles tamb\u00e9m s\u00e3o perfeitos para os cantos da sala.<\/p><h3>2. Quadrada:<\/h3><p><img decoding=\"async\" class=\"alignnone wp-image-66569 size-full\" src=\"https:\/\/www.aarquiteta.com.br\/blog\/wp-content\/uploads\/2022\/05\/mesa-de-centro-quadrada.jpg\" alt=\"\" width=\"1500\" height=\"1500\" title=\"\" srcset=\"https:\/\/www.aarquiteta.com.br\/blog\/wp-content\/uploads\/2022\/05\/mesa-de-centro-quadrada.jpg 1500w, https:\/\/www.aarquiteta.com.br\/blog\/wp-content\/uploads\/2022\/05\/mesa-de-centro-quadrada-1024x1024.jpg 1024w, https:\/\/www.aarquiteta.com.br\/blog\/wp-content\/uploads\/2022\/05\/mesa-de-centro-quadrada-696x696.jpg 696w, https:\/\/www.aarquiteta.com.br\/blog\/wp-content\/uploads\/2022\/05\/mesa-de-centro-quadrada-96x96.jpg 96w, https:\/\/www.aarquiteta.com.br\/blog\/wp-content\/uploads\/2022\/05\/mesa-de-centro-quadrada-150x150.jpg 150w\" sizes=\"(max-width: 1500px) 100vw, 1500px\" \/><\/p><p><iframe style=\"width: 120px; height: 240px;\" src=\"\/\/ws-na.amazon-adsystem.com\/widgets\/q?ServiceVersion=20070822&amp;OneJS=1&amp;Operation=GetAdHtml&amp;MarketPlace=BR&amp;source=ss&amp;ref=as_ss_li_til&amp;ad_type=product_link&amp;tracking_id=aarquiteta-20&amp;language=pt_BR&amp;marketplace=amazon&amp;region=BR&amp;placement=B07HZ29XM2&amp;asins=B07HZ29XM2&amp;linkId=c9a447e8ffae7623d3bee29c608953ff&amp;show_border=true&amp;link_opens_in_new_window=true\" frameborder=\"0\" marginwidth=\"0\" marginheight=\"0\" scrolling=\"no\" sandbox=\"allow-popups allow-scripts allow-modals allow-forms allow-same-origin\"><\/iframe><\/p><p>Se voc\u00ea tem dois sof\u00e1s, pode ter algumas vagas para preencher.<\/p><p>Uma mesa de centro fez seu trabalho, mas muitas vezes n\u00e3o o suficiente.<\/p><p>Coloque uma mesa lateral quadrada em um espa\u00e7o aberto, ajustando o tamanho e a altura de acordo com o espa\u00e7o dispon\u00edvel.<\/p><p>Por exemplo, na parte superior da mesa, voc\u00ea pode colocar revistas ou velas perfumadas, e um lindo vaso na parte inferior para adicionar energia e frescor ao seu quarto.<\/p><p>Agora, se voc\u00ea tem uma pequena mesa de centro quadrada que acha ter muito espa\u00e7o vazio, por que n\u00e3o complement\u00e1-la com algumas mesas laterais quadradas?<\/p><h3>3. Mesa baixa:<\/h3><p><img decoding=\"async\" class=\"alignnone wp-image-66577 size-full\" src=\"https:\/\/www.aarquiteta.com.br\/blog\/wp-content\/uploads\/2022\/05\/mesa-de-centro-baixa-quadrada.jpg\" alt=\"\" width=\"1000\" height=\"1000\" title=\"\" srcset=\"https:\/\/www.aarquiteta.com.br\/blog\/wp-content\/uploads\/2022\/05\/mesa-de-centro-baixa-quadrada.jpg 1000w, https:\/\/www.aarquiteta.com.br\/blog\/wp-content\/uploads\/2022\/05\/mesa-de-centro-baixa-quadrada-696x696.jpg 696w, https:\/\/www.aarquiteta.com.br\/blog\/wp-content\/uploads\/2022\/05\/mesa-de-centro-baixa-quadrada-96x96.jpg 96w, https:\/\/www.aarquiteta.com.br\/blog\/wp-content\/uploads\/2022\/05\/mesa-de-centro-baixa-quadrada-150x150.jpg 150w\" sizes=\"(max-width: 1000px) 100vw, 1000px\" \/><\/p><p>Voc\u00ea pode encontrar mesas laterais baixas redondas e quadradas em uma variedade de materiais.<\/p><p>Geralmente, eles s\u00e3o inspirados em designs marroquinos.<\/p><p><iframe style=\"width: 120px; height: 240px;\" src=\"\/\/ws-na.amazon-adsystem.com\/widgets\/q?ServiceVersion=20070822&amp;OneJS=1&amp;Operation=GetAdHtml&amp;MarketPlace=BR&amp;source=ss&amp;ref=as_ss_li_til&amp;ad_type=product_link&amp;tracking_id=aarquiteta-20&amp;language=pt_BR&amp;marketplace=amazon&amp;region=BR&amp;placement=B07HZY5B43&amp;asins=B07HZY5B43&amp;linkId=d9cbeb18034333388a1cd4032e0d0533&amp;show_border=true&amp;link_opens_in_new_window=true\" frameborder=\"0\" marginwidth=\"0\" marginheight=\"0\" scrolling=\"no\" sandbox=\"allow-popups allow-scripts allow-modals allow-forms allow-same-origin\"><\/iframe><\/p><p>Eles s\u00e3o usados \u200b\u200bpara decorar espa\u00e7os de medita\u00e7\u00e3o ou espa\u00e7os onde voc\u00ea pode sentar no ch\u00e3o.<\/p><p>Al\u00e9m disso, s\u00e3o usados \u200b\u200bpara colocar objetos altos e objetos como vasos, vasos de flores ou lumin\u00e1rias.<\/p><p>Voc\u00ea pode at\u00e9 us\u00e1-los para guardar revistas ou livros de diferentes alturas.<\/p><p>N\u00e3o guarde estas mesas apenas para o seu espa\u00e7o interior!<\/p><p>Os feitos de vime, madeiras ex\u00f3ticas s\u00e3o perfeitos para jardins, p\u00e1tios, piscinas, p\u00e1tios ou varandas.<\/p><h3>4. Materiais:<\/h3><p><img decoding=\"async\" class=\"alignnone wp-image-66572 size-full\" src=\"https:\/\/www.aarquiteta.com.br\/blog\/wp-content\/uploads\/2022\/05\/mesa-lateral-alta.jpg\" alt=\"\" width=\"1000\" height=\"1000\" title=\"\" srcset=\"https:\/\/www.aarquiteta.com.br\/blog\/wp-content\/uploads\/2022\/05\/mesa-lateral-alta.jpg 1000w, https:\/\/www.aarquiteta.com.br\/blog\/wp-content\/uploads\/2022\/05\/mesa-lateral-alta-696x696.jpg 696w, https:\/\/www.aarquiteta.com.br\/blog\/wp-content\/uploads\/2022\/05\/mesa-lateral-alta-96x96.jpg 96w, https:\/\/www.aarquiteta.com.br\/blog\/wp-content\/uploads\/2022\/05\/mesa-lateral-alta-150x150.jpg 150w\" sizes=\"(max-width: 1000px) 100vw, 1000px\" \/><\/p><p>As mesas laterais altas tamb\u00e9m variam em forma e material.<\/p><p>Se voc\u00ea tiver um espa\u00e7o grande, escolha uma mesa alta que fique ao lado do apoio de bra\u00e7o da cadeira.<\/p><p>Tente colocar objetos e itens atraentes em cima, como arranjos de flores ou lumin\u00e1rias que complementem seu design.<\/p><p><iframe style=\"width: 120px; height: 240px;\" src=\"\/\/ws-na.amazon-adsystem.com\/widgets\/q?ServiceVersion=20070822&amp;OneJS=1&amp;Operation=GetAdHtml&amp;MarketPlace=BR&amp;source=ss&amp;ref=as_ss_li_til&amp;ad_type=product_link&amp;tracking_id=aarquiteta-20&amp;language=pt_BR&amp;marketplace=amazon&amp;region=BR&amp;placement=B09P1Y2FLB&amp;asins=B09P1Y2FLB&amp;linkId=0a05c14e0cf8d76169a5101116f4fdf8&amp;show_border=true&amp;link_opens_in_new_window=true\" frameborder=\"0\" marginwidth=\"0\" marginheight=\"0\" scrolling=\"no\" sandbox=\"allow-popups allow-scripts allow-modals allow-forms allow-same-origin\"><\/iframe><\/p><p>Eles tamb\u00e9m ficam \u00f3timos em cantos, se no quarto ou no <a href=\"https:\/\/www.aarquiteta.com.br\/blog\/?s=CORREDOR\">corredor<\/a>, ao lado da cama, e em arranjos de flores (sint\u00e9ticos ou naturais).<\/p><h3>5. Combine n\u00edvel e altura:<\/h3><p><img decoding=\"async\" class=\"alignnone wp-image-66574 size-full\" src=\"https:\/\/www.aarquiteta.com.br\/blog\/wp-content\/uploads\/2022\/05\/mesa-de-centro-tabela-alinhadas.jpg\" alt=\"\" width=\"1100\" height=\"1000\" title=\"\" srcset=\"https:\/\/www.aarquiteta.com.br\/blog\/wp-content\/uploads\/2022\/05\/mesa-de-centro-tabela-alinhadas.jpg 1100w, https:\/\/www.aarquiteta.com.br\/blog\/wp-content\/uploads\/2022\/05\/mesa-de-centro-tabela-alinhadas-1024x931.jpg 1024w, https:\/\/www.aarquiteta.com.br\/blog\/wp-content\/uploads\/2022\/05\/mesa-de-centro-tabela-alinhadas-696x633.jpg 696w, https:\/\/www.aarquiteta.com.br\/blog\/wp-content\/uploads\/2022\/05\/mesa-de-centro-tabela-alinhadas-150x136.jpg 150w\" sizes=\"(max-width: 1100px) 100vw, 1100px\" \/><\/p><p>Este \u00e9 um dos mais belos tipos de mesas laterais, quer escolha uma mesa redonda ou quadrada, de madeira ou vidro.<\/p><p>Voc\u00ea pode encontrar esse tipo de unifica\u00e7\u00e3o ou separa\u00e7\u00e3o.<\/p><p>Normalmente, s\u00e3o duas ou tr\u00eas mesas com o mesmo estilo, mas com n\u00edveis diferentes.<\/p><p>Voc\u00ea pode us\u00e1-los como n\u00facleos, pois far\u00e3o isso perfeitamente.<\/p><p><iframe style=\"width: 120px; height: 240px;\" src=\"\/\/ws-na.amazon-adsystem.com\/widgets\/q?ServiceVersion=20070822&amp;OneJS=1&amp;Operation=GetAdHtml&amp;MarketPlace=BR&amp;source=ss&amp;ref=as_ss_li_til&amp;ad_type=product_link&amp;tracking_id=aarquiteta-20&amp;language=pt_BR&amp;marketplace=amazon&amp;region=BR&amp;placement=B091D8RZKW&amp;asins=B091D8RZKW&amp;linkId=d11c2c6710d68966d7207e6e38b14692&amp;show_border=true&amp;link_opens_in_new_window=true\" frameborder=\"0\" marginwidth=\"0\" marginheight=\"0\" scrolling=\"no\" sandbox=\"allow-popups allow-scripts allow-modals allow-forms allow-same-origin\"><\/iframe><\/p><p>Eles s\u00e3o frequentemente usados \u200b\u200bpara decorar <a href=\"https:\/\/www.aarquiteta.com.br\/blog\/?s=ESCRITORIO\">escrit\u00f3rios<\/a> ou grandes espa\u00e7os.<\/p><p>Voc\u00ea pode us\u00e1-los juntos ou individualmente, conforme necess\u00e1rio, tudo depende do que funciona melhor para suas necessidades e espa\u00e7o.<\/p><h3>6. Madeira:<\/h3><p><img decoding=\"async\" class=\"alignnone wp-image-66578 size-full\" src=\"https:\/\/www.aarquiteta.com.br\/blog\/wp-content\/uploads\/2022\/05\/mesa-de-centro-madeira.jpg\" alt=\"\" width=\"1000\" height=\"800\" title=\"\" srcset=\"https:\/\/www.aarquiteta.com.br\/blog\/wp-content\/uploads\/2022\/05\/mesa-de-centro-madeira.jpg 1000w, https:\/\/www.aarquiteta.com.br\/blog\/wp-content\/uploads\/2022\/05\/mesa-de-centro-madeira-696x557.jpg 696w, https:\/\/www.aarquiteta.com.br\/blog\/wp-content\/uploads\/2022\/05\/mesa-de-centro-madeira-150x120.jpg 150w\" sizes=\"(max-width: 1000px) 100vw, 1000px\" \/><\/p><p>As mesas de madeira s\u00e3o outro tipo e estilo muito populares.<\/p><p>Voc\u00ea pode escolher entre madeira maci\u00e7a, pernas finas ou uma \u00fanica base com contornos, tamb\u00e9m conhecida como base.<\/p><p><iframe style=\"width: 120px; height: 240px;\" src=\"\/\/ws-na.amazon-adsystem.com\/widgets\/q?ServiceVersion=20070822&amp;OneJS=1&amp;Operation=GetAdHtml&amp;MarketPlace=BR&amp;source=ss&amp;ref=as_ss_li_til&amp;ad_type=product_link&amp;tracking_id=aarquiteta-20&amp;language=pt_BR&amp;marketplace=amazon&amp;region=BR&amp;placement=B09TL3TJM7&amp;asins=B09TL3TJM7&amp;linkId=e62cc328082d3ee7567fcc99cbe73727&amp;show_border=true&amp;link_opens_in_new_window=true\" frameborder=\"0\" marginwidth=\"0\" marginheight=\"0\" scrolling=\"no\" sandbox=\"allow-popups allow-scripts allow-modals allow-forms allow-same-origin\"><\/iframe><\/p><p>Este \u00faltimo \u00e9 \u00f3timo ao lado de uma poltrona ou cama.<\/p><p>Por exemplo, no p\u00e1tio, voc\u00ea pode colocar v\u00e1rias mesas de madeira em ambos os lados.<\/p><p>N\u00e3o ocupa muito espa\u00e7o e \u00e9 muito \u00fatil.<\/p><p>\u00c9 um material elegante e vers\u00e1til, pelo que ocasionalmente poder\u00e1 encontrar mesas com designs surpreendentes.<\/p><p>Grava\u00e7\u00e3o, corte e n\u00fameros diferentes.<\/p><p>Eles podem at\u00e9 ser encontrados misturados com outros materiais. Imagine uma mesa de madeira, mas com p\u00e9s de metal!<\/p><h3>7. Estilo industrial:<\/h3><p><img decoding=\"async\" class=\"alignnone wp-image-66573 size-full\" src=\"https:\/\/www.aarquiteta.com.br\/blog\/wp-content\/uploads\/2022\/05\/mesa-de-centro-estilo-indusrial.jpg\" alt=\"\" width=\"1000\" height=\"1000\" title=\"\" srcset=\"https:\/\/www.aarquiteta.com.br\/blog\/wp-content\/uploads\/2022\/05\/mesa-de-centro-estilo-indusrial.jpg 1000w, https:\/\/www.aarquiteta.com.br\/blog\/wp-content\/uploads\/2022\/05\/mesa-de-centro-estilo-indusrial-696x696.jpg 696w, https:\/\/www.aarquiteta.com.br\/blog\/wp-content\/uploads\/2022\/05\/mesa-de-centro-estilo-indusrial-96x96.jpg 96w, https:\/\/www.aarquiteta.com.br\/blog\/wp-content\/uploads\/2022\/05\/mesa-de-centro-estilo-indusrial-150x150.jpg 150w\" sizes=\"(max-width: 1000px) 100vw, 1000px\" \/><\/p><p>As mesas laterais de inspira\u00e7\u00e3o industrial s\u00e3o mesas laterais com bases quadradas e met\u00e1licas.<\/p><p>A base pode ser feita do mesmo material, madeira ou vidro, ou at\u00e9 mesmo outros materiais como o tijolinho.<\/p><p><iframe style=\"width: 120px; height: 240px;\" src=\"\/\/ws-na.amazon-adsystem.com\/widgets\/q?ServiceVersion=20070822&amp;OneJS=1&amp;Operation=GetAdHtml&amp;MarketPlace=BR&amp;source=ss&amp;ref=as_ss_li_til&amp;ad_type=product_link&amp;tracking_id=aarquiteta-20&amp;language=pt_BR&amp;marketplace=amazon&amp;region=BR&amp;placement=B08DJ9CJ1W&amp;asins=B08DJ9CJ1W&amp;linkId=aa9141b9625f78b0c694ab102d9f9fb0&amp;show_border=true&amp;link_opens_in_new_window=true\" frameborder=\"0\" marginwidth=\"0\" marginheight=\"0\" scrolling=\"no\" sandbox=\"allow-popups allow-scripts allow-modals allow-forms allow-same-origin\"><\/iframe><\/p><p>Essas mesas d\u00e3o um visual moderno muito bonito, s\u00e3o leves e dur\u00e1veis.<\/p><p>Voc\u00ea pode coloc\u00e1-los ao lado de um sof\u00e1, us\u00e1-los como pe\u00e7as centrais ou coloc\u00e1-los ao p\u00e9 de uma cama.<\/p><h3>8. Tabelas aninhadas:<\/h3><p><img decoding=\"async\" class=\"alignnone wp-image-66579 size-full\" src=\"https:\/\/www.aarquiteta.com.br\/blog\/wp-content\/uploads\/2022\/05\/mesa-de-centro-redonda-de-encaixar.jpg\" alt=\"\" width=\"1500\" height=\"1500\" title=\"\" srcset=\"https:\/\/www.aarquiteta.com.br\/blog\/wp-content\/uploads\/2022\/05\/mesa-de-centro-redonda-de-encaixar.jpg 1500w, https:\/\/www.aarquiteta.com.br\/blog\/wp-content\/uploads\/2022\/05\/mesa-de-centro-redonda-de-encaixar-1024x1024.jpg 1024w, https:\/\/www.aarquiteta.com.br\/blog\/wp-content\/uploads\/2022\/05\/mesa-de-centro-redonda-de-encaixar-696x696.jpg 696w, https:\/\/www.aarquiteta.com.br\/blog\/wp-content\/uploads\/2022\/05\/mesa-de-centro-redonda-de-encaixar-96x96.jpg 96w, https:\/\/www.aarquiteta.com.br\/blog\/wp-content\/uploads\/2022\/05\/mesa-de-centro-redonda-de-encaixar-150x150.jpg 150w\" sizes=\"(max-width: 1500px) 100vw, 1500px\" \/><\/p><p>As mesas laterais aninhadas v\u00eam em diferentes alturas para poderem ser escondidas sob a maior mesa lateral quando armazenadas.<\/p><p>Isso \u00e9 muito \u00fatil, pois se adaptam a diferentes espa\u00e7os.<\/p><p><iframe style=\"width: 120px; height: 240px;\" src=\"\/\/ws-na.amazon-adsystem.com\/widgets\/q?ServiceVersion=20070822&amp;OneJS=1&amp;Operation=GetAdHtml&amp;MarketPlace=BR&amp;source=ss&amp;ref=as_ss_li_til&amp;ad_type=product_link&amp;tracking_id=aarquiteta-20&amp;language=pt_BR&amp;marketplace=amazon&amp;region=BR&amp;placement=B09CGZ3NC6&amp;asins=B09CGZ3NC6&amp;linkId=5ff4ef1e95e2b4756fd74ac416e131dc&amp;show_border=true&amp;link_opens_in_new_window=true\" frameborder=\"0\" marginwidth=\"0\" marginheight=\"0\" scrolling=\"no\" sandbox=\"allow-popups allow-scripts allow-modals allow-forms allow-same-origin\"><\/iframe><\/p><p>Normalmente, eles est\u00e3o em conjuntos de duas ou tr\u00eas mesas, para voc\u00ea poder us\u00e1-los no mesmo local ou distribu\u00ed-los como achar melhor.<\/p><h3>9. Vidro:<\/h3><p><img decoding=\"async\" class=\"alignnone wp-image-66575 size-full\" src=\"https:\/\/www.aarquiteta.com.br\/blog\/wp-content\/uploads\/2022\/05\/mesa-de-centro-de-vidro-redonda.jpg\" alt=\"\" width=\"1280\" height=\"1024\" title=\"\" srcset=\"https:\/\/www.aarquiteta.com.br\/blog\/wp-content\/uploads\/2022\/05\/mesa-de-centro-de-vidro-redonda.jpg 1280w, https:\/\/www.aarquiteta.com.br\/blog\/wp-content\/uploads\/2022\/05\/mesa-de-centro-de-vidro-redonda-1024x819.jpg 1024w, https:\/\/www.aarquiteta.com.br\/blog\/wp-content\/uploads\/2022\/05\/mesa-de-centro-de-vidro-redonda-696x557.jpg 696w, https:\/\/www.aarquiteta.com.br\/blog\/wp-content\/uploads\/2022\/05\/mesa-de-centro-de-vidro-redonda-150x120.jpg 150w\" sizes=\"(max-width: 1280px) 100vw, 1280px\" \/><\/p><p>As mesas de vidro s\u00e3o muito elegantes, ent\u00e3o voc\u00ea precisa coloc\u00e1-las de forma atraente.<\/p><p>Voc\u00ea tamb\u00e9m pode encontr\u00e1-los em diferentes tamanhos e formas.<\/p><p>H\u00e1 tamb\u00e9m mesas com bases de vidro e p\u00e9s de madeira ou metal.<\/p><p><iframe style=\"width: 120px; height: 240px;\" src=\"\/\/ws-na.amazon-adsystem.com\/widgets\/q?ServiceVersion=20070822&amp;OneJS=1&amp;Operation=GetAdHtml&amp;MarketPlace=BR&amp;source=ss&amp;ref=as_ss_li_til&amp;ad_type=product_link&amp;tracking_id=aarquiteta-20&amp;language=pt_BR&amp;marketplace=amazon&amp;region=BR&amp;placement=B094DQP6W8&amp;asins=B094DQP6W8&amp;linkId=f18f3eb5b3b644ceeb6b665a2b7a70e5&amp;show_border=true&amp;link_opens_in_new_window=true\" frameborder=\"0\" marginwidth=\"0\" marginheight=\"0\" scrolling=\"no\" sandbox=\"allow-popups allow-scripts allow-modals allow-forms allow-same-origin\"><\/iframe><\/p><p>Estes s\u00e3o \u00f3timos na lateral do sof\u00e1.<\/p><p>Eles tamb\u00e9m complementam as mesas de centro e ficam \u00f3timos por fora, especialmente se tiverem pernas de metal.<\/p><h3>10. Fa\u00e7a uma declara\u00e7\u00e3o ousada:<\/h3><p><img decoding=\"async\" class=\"alignnone wp-image-66576 size-full\" src=\"https:\/\/www.aarquiteta.com.br\/blog\/wp-content\/uploads\/2022\/05\/mesa-lateral-rendonda.jpg\" alt=\"\" width=\"1200\" height=\"1200\" title=\"\" srcset=\"https:\/\/www.aarquiteta.com.br\/blog\/wp-content\/uploads\/2022\/05\/mesa-lateral-rendonda.jpg 1200w, https:\/\/www.aarquiteta.com.br\/blog\/wp-content\/uploads\/2022\/05\/mesa-lateral-rendonda-1024x1024.jpg 1024w, https:\/\/www.aarquiteta.com.br\/blog\/wp-content\/uploads\/2022\/05\/mesa-lateral-rendonda-696x696.jpg 696w, https:\/\/www.aarquiteta.com.br\/blog\/wp-content\/uploads\/2022\/05\/mesa-lateral-rendonda-96x96.jpg 96w, https:\/\/www.aarquiteta.com.br\/blog\/wp-content\/uploads\/2022\/05\/mesa-lateral-rendonda-150x150.jpg 150w\" sizes=\"(max-width: 1200px) 100vw, 1200px\" \/><\/p><p>Por fim, discutiremos os tipos de mesas laterais que cont\u00eam diferentes formas.<\/p><p>Sim, isso mesmo, uma base redonda com pernas quadradas e vice-versa.<\/p><p>Voc\u00ea encontrar\u00e1 at\u00e9 mesas quadradas e redondas, mas com gr\u00e1ficos irregulares ou alongados.<\/p><p><iframe style=\"width: 120px; height: 240px;\" src=\"\/\/ws-na.amazon-adsystem.com\/widgets\/q?ServiceVersion=20070822&amp;OneJS=1&amp;Operation=GetAdHtml&amp;MarketPlace=BR&amp;source=ss&amp;ref=as_ss_li_til&amp;ad_type=product_link&amp;tracking_id=aarquiteta-20&amp;language=pt_BR&amp;marketplace=amazon&amp;region=BR&amp;placement=B09QZXCRH5&amp;asins=B09QZXCRH5&amp;linkId=e4379a0e7871d7403d157e8a48627624&amp;show_border=true&amp;link_opens_in_new_window=true\" frameborder=\"0\" marginwidth=\"0\" marginheight=\"0\" scrolling=\"no\" sandbox=\"allow-popups allow-scripts allow-modals allow-forms allow-same-origin\"><\/iframe><\/p><p>Assim como mesas de madeira completamente irregulares, feitas de troncos ou metais conectados.<\/p><p>Essa \u00e9 uma \u00f3tima op\u00e7\u00e3o se voc\u00ea quer ser mais ousado e criativo com os elementos decorativos da sua casa.<\/p><h2>Que tipo de mesa voc\u00ea escolheria?<\/h2><p><img decoding=\"async\" class=\"alignnone wp-image-66581 size-full\" src=\"https:\/\/www.aarquiteta.com.br\/blog\/wp-content\/uploads\/2022\/05\/mesa-de-centro-oval.jpg\" alt=\"\" width=\"1000\" height=\"800\" title=\"\" srcset=\"https:\/\/www.aarquiteta.com.br\/blog\/wp-content\/uploads\/2022\/05\/mesa-de-centro-oval.jpg 1000w, https:\/\/www.aarquiteta.com.br\/blog\/wp-content\/uploads\/2022\/05\/mesa-de-centro-oval-696x557.jpg 696w, https:\/\/www.aarquiteta.com.br\/blog\/wp-content\/uploads\/2022\/05\/mesa-de-centro-oval-150x120.jpg 150w\" sizes=\"(max-width: 1000px) 100vw, 1000px\" \/><\/p><p>Como voc\u00ea pode ver, as mesas laterais v\u00eam em muitos tipos e usos m\u00faltiplos.<\/p><p>Dependendo do espa\u00e7o dispon\u00edvel em sua casa, voc\u00ea pode optar por misturar estilos diferentes.<\/p><p>Lembre-se, eles n\u00e3o precisam ser do mesmo tipo!<\/p><p><iframe style=\"width: 120px; height: 240px;\" src=\"\/\/ws-na.amazon-adsystem.com\/widgets\/q?ServiceVersion=20070822&amp;OneJS=1&amp;Operation=GetAdHtml&amp;MarketPlace=BR&amp;source=ss&amp;ref=as_ss_li_til&amp;ad_type=product_link&amp;tracking_id=aarquiteta-20&amp;language=pt_BR&amp;marketplace=amazon&amp;region=BR&amp;placement=B09RX1PNR2&amp;asins=B09RX1PNR2&amp;linkId=92fc25ba3c57843da3a9fed38aaf5dbb&amp;show_border=true&amp;link_opens_in_new_window=true\" frameborder=\"0\" marginwidth=\"0\" marginheight=\"0\" scrolling=\"no\" sandbox=\"allow-popups allow-scripts allow-modals allow-forms allow-same-origin\"><\/iframe><\/p><p>Para recapitular, uma mesa redonda de madeira com formato curvo pode complementar uma mesa de centro quadrada de vidro, e diferentes alturas podem criar harmonia.<\/p><p>As op\u00e7\u00f5es e combina\u00e7\u00f5es s\u00e3o enormes!<\/p><p>Por isso, escolha uma mesa lateral ou aquela que melhor se adapte \u00e0 sua decora\u00e7\u00e3o atual.<\/p><p>Em seguida, combine tamanho e forma para adicionar energia ao seu espa\u00e7o.<\/p><h3><a href=\"https:\/\/www.amazon.com.br\/s?k=mesas+de+apoio&amp;crid=15HOPLG0NNKDW&amp;sprefix=mesas+de+a%2Caps%2C262&amp;ref=nb_sb_ss_ts-doa-p_1_10\" target=\"_blank\" rel=\"noopener\"><strong>E a\u00ed, gostou do artigo sobre 10 Mesas de Centro e Laterais Lindas e Pr\u00e1ticas?<\/strong><\/a><\/h3><p>Ent\u00e3o, veja este v\u00eddeo abaixo sobre o que voc\u00ea deve evitar ao m\u00e1ximo quando o assunto \u00e9 decorar corretamente:<\/p><div class=\"code-block code-block-4\" data-ai=\"WzQsMCwiQ29udGV1ZG8gNCIsIiIsMl0=\"><div id=\"div-gpt-ad-1606164528444-0\" data-google-query-id=\"CPuR1cjp7fYCFbUAuQYdw2gJrw\"><div id=\"google_ads_iframe_\/22106840220,22681662263\/aarquiteta.com.br\/aarquiteta.com.br_mw_content4_09022022_0__container__\"><iframe class=\"perfmatters-lazy loaded\" title=\"Decore f\u00e1cil: O que \u00e9 decora\u00e7\u00e3o de ambientes?\" src=\"https:\/\/www.youtube.com\/embed\/9PjhGXgCGLU?start=14&amp;feature=oembed\" width=\"640\" height=\"360\" frameborder=\"0\" allowfullscreen=\"allowfullscreen\" data-src=\"https:\/\/www.youtube.com\/embed\/9PjhGXgCGLU?start=14&amp;feature=oembed\" data-was-processed=\"true\" data-mce-fragment=\"1\"><\/iframe><\/div><\/div><\/div><p>Deslize a tela para baixo e<a href=\"https:\/\/br.pinterest.com\/aarquitetapinterest\/_created\/\" target=\"_blank\" rel=\"noopener\"> confira mais dicas<\/a> como esta e n\u00e3o se esque\u00e7a de compartilhar com os amigos!<\/p><p>Quer mais dicas sobre o mundo da Arquitetura e Decora\u00e7\u00e3o, ent\u00e3o confira alguns dos nossos artigos em:<\/p><ul><li><a href=\"https:\/\/www.aarquiteta.com.br\/blog\/paisagismo\/\" target=\"_blank\" rel=\"noopener\">Casa e Jardim<\/a><\/li><li><a href=\"https:\/\/www.aarquiteta.com.br\/blog\/arquitetura\/mundo-arquitetura\/\" target=\"_blank\" rel=\"noopener\">Mundo Arquitetura<\/a><\/li><li><a href=\"https:\/\/www.aarquiteta.com.br\/decoracao\/\" target=\"_blank\" rel=\"noopener\">Decora\u00e7\u00e3o<\/a><\/li><\/ul>","protected":false},"excerpt":{"rendered":"<p>Mesas de Centro e Laterais &#8211; 10 modelos Lindos e Funcionais!Entre os muitos tipos de mesas laterais que voc\u00ea pode escolher para complementar a decora\u00e7\u00e3o da sua casa, selecionamos dez estilos que voc\u00ea adorar\u00e1.Existem tantos tipos e estilos diferentes de mesas laterais que \u00e9 dif\u00edcil mencionar apenas um.Al\u00e9m de seu estilo, voc\u00ea tamb\u00e9m deve considerar [&hellip;]<\/p>\n","protected":false},"author":102,"featured_media":54692,"comment_status":"open","ping_status":"closed","sticky":false,"template":"","format":"standard","meta":{"footnotes":""},"categories":[1484,18751],"tags":[18139,18138,18137],"class_list":["post-54676","post","type-post","status-publish","format-standard","has-post-thumbnail","category-decoracao","category-decoracao-sala-de-estar","tag-10-mesas-de-centro-e-laterais-lindas-e-praticas","tag-10-mesas-de-centro-lindas-e-praticas","tag-10-mesas-laterais-lindas-e-praticas"],"_wp_attached_file":null,"_wp_attachment_metadata":null,"_wp_attachment_context":null,"_wp_attachment_is_custom_header":null,"geo_longitude":null,"geo_public":null,"geo_latitude":null,"_publicize_done_external":null,"_wpas_done_3897181":null,"publicize_twitter_user":null,"_wpas_done_3897175":null,"_wpas_skip_3897181":null,"_wpas_skip_3897175":null,"_wpas_skip_3924723":null,"_wpas_mess":null,"_wpas_done_3924723":null,"wps_subtitle":"Confira comigo essas 10 mesas de centro ou laterais que combinam perfeitamente coma sua sala!","_links":{"self":[{"href":"https:\/\/www.aarquiteta.com.br\/blog\/wp-json\/wp\/v2\/posts\/54676","targetHints":{"allow":["GET"]}}],"collection":[{"href":"https:\/\/www.aarquiteta.com.br\/blog\/wp-json\/wp\/v2\/posts"}],"about":[{"href":"https:\/\/www.aarquiteta.com.br\/blog\/wp-json\/wp\/v2\/types\/post"}],"author":[{"embeddable":true,"href":"https:\/\/www.aarquiteta.com.br\/blog\/wp-json\/wp\/v2\/users\/102"}],"replies":[{"embeddable":true,"href":"https:\/\/www.aarquiteta.com.br\/blog\/wp-json\/wp\/v2\/comments?post=54676"}],"version-history":[{"count":0,"href":"https:\/\/www.aarquiteta.com.br\/blog\/wp-json\/wp\/v2\/posts\/54676\/revisions"}],"wp:featuredmedia":[{"embeddable":true,"href":"https:\/\/www.aarquiteta.com.br\/blog\/wp-json\/wp\/v2\/media\/54692"}],"wp:attachment":[{"href":"https:\/\/www.aarquiteta.com.br\/blog\/wp-json\/wp\/v2\/media?parent=54676"}],"wp:term":[{"taxonomy":"category","embeddable":true,"href":"https:\/\/www.aarquiteta.com.br\/blog\/wp-json\/wp\/v2\/categories?post=54676"},{"taxonomy":"post_tag","embeddable":true,"href":"https:\/\/www.aarquiteta.com.br\/blog\/wp-json\/wp\/v2\/tags?post=54676"}],"curies":[{"name":"wp","href":"https:\/\/api.w.org\/{rel}","templated":true}]}}