{"id":54059,"date":"2022-06-10T11:00:23","date_gmt":"2022-06-10T14:00:23","guid":{"rendered":"http:\/\/aarquiteta.com.br\/?p=54059"},"modified":"2024-09-15T08:47:42","modified_gmt":"2024-09-15T11:47:42","slug":"cabeceira-de-cama","status":"publish","type":"post","link":"https:\/\/www.aarquiteta.com.br\/blog\/cabeceira-de-cama\/","title":{"rendered":"Cabeceira de Cama &#8211; 20 modelos para seu quarto!"},"content":{"rendered":"<p>Cabeceira de Cama &#8211; 20 modelos para seu <a href=\"https:\/\/www.aarquiteta.com.br\/blog\/?s=quarto\">quarto<\/a>!<br \/>Na <a href=\"https:\/\/www.aarquiteta.com.br\/blog\/quarto-pequeno-como-fazer-ele-parecer-maior\/\" target=\"_blank\" rel=\"noopener\">decora\u00e7\u00e3o do quarto<\/a>, cada detalhe faz a diferen\u00e7a, por isso, uma das formas de trazer estilo, beleza e conforto ao seu quarto \u00e9 investir em uma cabeceira.<\/p><p>Veja aqui, o melhor modelo para voc\u00ea, considere algo que combine com o \u2018<a href=\"https:\/\/www.aarquiteta.com.br\/blog\/dicas-de-como-decorar-meu-quarto\/\" target=\"_blank\" rel=\"noopener\">design\u2019 do seu quarto<\/a> e primeiro, traga conforto ao espa\u00e7o.<\/p><p>Pois, bem! Neste post apresentamos alguns modelos para voc\u00ea se inspirar e investir na decora\u00e7\u00e3o do quarto. Confira abaixo:<\/p><p><img decoding=\"async\" class=\"alignnone wp-image-43623 size-full\" title=\"Cabeceira de Cama - 3 modelos para seu quarto!\" src=\"https:\/\/www.aarquiteta.com.br\/blog\/wp-content\/uploads\/2022\/02\/Dicas-de-modelos-de-cabeceira-para-cama-box.jpg\" alt=\"Cabeceira de Cama - 3 modelos para seu quarto!\" width=\"700\" height=\"400\" srcset=\"https:\/\/www.aarquiteta.com.br\/blog\/wp-content\/uploads\/2022\/02\/Dicas-de-modelos-de-cabeceira-para-cama-box.jpg 700w, https:\/\/www.aarquiteta.com.br\/blog\/wp-content\/uploads\/2022\/02\/Dicas-de-modelos-de-cabeceira-para-cama-box-696x398.jpg 696w, https:\/\/www.aarquiteta.com.br\/blog\/wp-content\/uploads\/2022\/02\/Dicas-de-modelos-de-cabeceira-para-cama-box-150x86.jpg 150w\" sizes=\"(max-width: 700px) 100vw, 700px\" \/><\/p><h2>Cabeceira de Cama \u2014 20 modelos para seu quarto!<\/h2><h3>1 \u2014 Cabeceira em madeira:<\/h3><p>A cabeceira de <a href=\"https:\/\/www.aarquiteta.com.br\/blog\/?s=MADEIRA\">madeira<\/a> tem a vantagem de ser um isolante t\u00e9rmico.<\/p><p>Al\u00e9m disso, ela se adapta de maneira f\u00e1cil em diferentes estilos de <a href=\"https:\/\/www.aarquiteta.com.br\/blog\/como-escolher-guarda-roupa\/\" target=\"_blank\" rel=\"noopener\">decora\u00e7\u00e3o<\/a> e pode ser encontrada em diversos \u2018designs\u2019 e acabamentos.<\/p><figure id=\"attachment_43624\" aria-describedby=\"caption-attachment-43624\" style=\"width: 700px\" class=\"wp-caption aligncenter\"><img decoding=\"async\" class=\"wp-image-43624 size-full\" title=\"Cabeceira de Cama - 3 modelos para seu quarto!\" src=\"https:\/\/www.aarquiteta.com.br\/blog\/wp-content\/uploads\/2022\/02\/Dicas-de-modelos-de-cabeceira-para-cama-box2.jpg\" alt=\"Cabeceira de Cama - 3 modelos para seu quarto!\" width=\"700\" height=\"400\" srcset=\"https:\/\/www.aarquiteta.com.br\/blog\/wp-content\/uploads\/2022\/02\/Dicas-de-modelos-de-cabeceira-para-cama-box2.jpg 700w, https:\/\/www.aarquiteta.com.br\/blog\/wp-content\/uploads\/2022\/02\/Dicas-de-modelos-de-cabeceira-para-cama-box2-696x398.jpg 696w, https:\/\/www.aarquiteta.com.br\/blog\/wp-content\/uploads\/2022\/02\/Dicas-de-modelos-de-cabeceira-para-cama-box2-150x86.jpg 150w\" sizes=\"(max-width: 700px) 100vw, 700px\" \/><figcaption id=\"caption-attachment-43624\" class=\"wp-caption-text\">Cabeceira de Cama &#8211; 3 modelos para seu quarto!<\/figcaption><\/figure><h3>2 \u2014 Cabeceira estofada:<\/h3><p>A cabeceira estofada \u00e9 um dos modelos mais utilizados, pois, garante muito conforto, al\u00e9m de uma grande variedade de modelos com materiais, <a href=\"https:\/\/www.aarquiteta.com.br\/blog\/?s=CORES\">cores<\/a> e desenhos.<\/p><p>Ela \u00e9 uma \u00f3tima op\u00e7\u00e3o especialmente para quem gosta de sentar na cama e ler ou assistir TV no quarto.<\/p><p><img decoding=\"async\" class=\"aligncenter wp-image-43625 size-full\" title=\"Cabeceira de Cama - 3 modelos para seu quarto!\" src=\"https:\/\/www.aarquiteta.com.br\/blog\/wp-content\/uploads\/2022\/02\/Dicas-de-modelos-de-cabeceira-para-cama-box3.jpg\" alt=\"Cabeceira de Cama - 3 modelos para seu quarto!\" width=\"700\" height=\"400\" srcset=\"https:\/\/www.aarquiteta.com.br\/blog\/wp-content\/uploads\/2022\/02\/Dicas-de-modelos-de-cabeceira-para-cama-box3.jpg 700w, https:\/\/www.aarquiteta.com.br\/blog\/wp-content\/uploads\/2022\/02\/Dicas-de-modelos-de-cabeceira-para-cama-box3-696x398.jpg 696w, https:\/\/www.aarquiteta.com.br\/blog\/wp-content\/uploads\/2022\/02\/Dicas-de-modelos-de-cabeceira-para-cama-box3-150x86.jpg 150w\" sizes=\"(max-width: 700px) 100vw, 700px\" \/><\/p><h3>3 \u2014 Cabeceira planejada de fora-a-fora.<\/h3><p>A cabeceira planejada \u00e9 um modelo elaborada sob medida, para se encaixar perfeitamente no quarto, vai de <a href=\"https:\/\/www.aarquiteta.com.br\/blog\/?s=PAREDE\">parede<\/a> a parede, ela fica muito bonita no quarto e d\u00e1 destaque a parede, al\u00e9m disso, voc\u00ea pode colocar at\u00e9 o teto, ou mesmo dividir essa cabeceira com um papel de parede, fica perfeito.<\/p><p>Sendo assim, pode ser uma cabeceira de tamanhos Queen, king,\u00a0 solteiro ou casal. Ela pode ser elaborada com o material e acabamento que voc\u00ea quiser e gostar.<\/p><p><img decoding=\"async\" class=\"aligncenter wp-image-43626 size-full\" title=\"Cabeceira de Cama - 3 modelos para seu quarto!\" src=\"https:\/\/www.aarquiteta.com.br\/blog\/wp-content\/uploads\/2022\/02\/Dicas-de-modelos-de-cabeceira-para-cama-box4.jpg\" alt=\"Cabeceira de Cama - 3 modelos para seu quarto!\" width=\"700\" height=\"400\" srcset=\"https:\/\/www.aarquiteta.com.br\/blog\/wp-content\/uploads\/2022\/02\/Dicas-de-modelos-de-cabeceira-para-cama-box4.jpg 700w, https:\/\/www.aarquiteta.com.br\/blog\/wp-content\/uploads\/2022\/02\/Dicas-de-modelos-de-cabeceira-para-cama-box4-696x398.jpg 696w, https:\/\/www.aarquiteta.com.br\/blog\/wp-content\/uploads\/2022\/02\/Dicas-de-modelos-de-cabeceira-para-cama-box4-150x86.jpg 150w\" sizes=\"(max-width: 700px) 100vw, 700px\" \/><\/p><h3>Cabeceira de Cama \u2014 20 modelos para seu quarto!<\/h3><p>Confira a seguir projetos de <a href=\"https:\/\/www.aarquiteta.com.br\/blog\/cursos-de-arquitetura-e-decoracao\/curso-de-design-de-interiores\/\">Design de Interiores<\/a> com modelos de Dormit\u00f3rios com cama box para voc\u00ea se inspirar e escolher o modelo de cabeceira de cama apropriado para o seu quarto.<\/p><p><img decoding=\"async\" class=\"aligncenter wp-image-43219 size-full\" title=\"Cabeceira de Cama - 3 modelos para seu quarto!\" src=\"https:\/\/www.aarquiteta.com.br\/blog\/wp-content\/uploads\/2021\/10\/cama-flutuante.jpg\" alt=\"Cabeceira de Cama - 3 modelos para seu quarto!\" width=\"730\" height=\"549\" srcset=\"https:\/\/www.aarquiteta.com.br\/blog\/wp-content\/uploads\/2021\/10\/cama-flutuante.jpg 730w, https:\/\/www.aarquiteta.com.br\/blog\/wp-content\/uploads\/2021\/10\/cama-flutuante-696x523.jpg 696w, https:\/\/www.aarquiteta.com.br\/blog\/wp-content\/uploads\/2021\/10\/cama-flutuante-150x113.jpg 150w\" sizes=\"(max-width: 730px) 100vw, 730px\" \/><\/p><p><img decoding=\"async\" class=\"aligncenter wp-image-43218 size-full\" src=\"https:\/\/www.aarquiteta.com.br\/blog\/wp-content\/uploads\/2021\/10\/cama-flutuante-com-led.jpg\" alt=\"\" width=\"700\" height=\"520\" title=\"\" srcset=\"https:\/\/www.aarquiteta.com.br\/blog\/wp-content\/uploads\/2021\/10\/cama-flutuante-com-led.jpg 700w, https:\/\/www.aarquiteta.com.br\/blog\/wp-content\/uploads\/2021\/10\/cama-flutuante-com-led-696x517.jpg 696w, https:\/\/www.aarquiteta.com.br\/blog\/wp-content\/uploads\/2021\/10\/cama-flutuante-com-led-150x111.jpg 150w\" sizes=\"(max-width: 700px) 100vw, 700px\" \/><\/p>[amazon table=&#8221;83091&#8243;]<p><img decoding=\"async\" class=\"aligncenter wp-image-43216 size-full\" src=\"https:\/\/www.aarquiteta.com.br\/blog\/wp-content\/uploads\/2021\/10\/cama-de-casal-flutuante.jpg\" alt=\"\" width=\"800\" height=\"451\" title=\"\" srcset=\"https:\/\/www.aarquiteta.com.br\/blog\/wp-content\/uploads\/2021\/10\/cama-de-casal-flutuante.jpg 800w, https:\/\/www.aarquiteta.com.br\/blog\/wp-content\/uploads\/2021\/10\/cama-de-casal-flutuante-696x392.jpg 696w, https:\/\/www.aarquiteta.com.br\/blog\/wp-content\/uploads\/2021\/10\/cama-de-casal-flutuante-150x85.jpg 150w\" sizes=\"(max-width: 800px) 100vw, 800px\" \/><\/p><p><img decoding=\"async\" class=\"aligncenter wp-image-43215 size-full\" src=\"https:\/\/www.aarquiteta.com.br\/blog\/wp-content\/uploads\/2021\/10\/cama-flutuante-voadora.jpg\" alt=\"\" width=\"678\" height=\"1000\" title=\"\" srcset=\"https:\/\/www.aarquiteta.com.br\/blog\/wp-content\/uploads\/2021\/10\/cama-flutuante-voadora.jpg 678w, https:\/\/www.aarquiteta.com.br\/blog\/wp-content\/uploads\/2021\/10\/cama-flutuante-voadora-150x221.jpg 150w\" sizes=\"(max-width: 678px) 100vw, 678px\" \/><\/p><h4><a href=\"https:\/\/go.hotmart.com\/L72308754E?dp=1\" target=\"_blank\" rel=\"noopener\">Organiza\u00e7\u00e3o Residencial<\/a>: organize sua casa voc\u00ea mesma!<\/h4><p>Voc\u00ea esta cansada de tentar organizar a casa, mas n\u00e3o conseguir? Quer organizar definitivamente e eficiente, e acabar de vez com a bagun\u00e7a?<\/p><p>Pois \u00e9, com as <a href=\"https:\/\/go.hotmart.com\/L72308754E?dp=1\" target=\"_blank\" rel=\"noopener\">t\u00e9cnicas certas de organiza\u00e7\u00e3o<\/a> voc\u00ea consegue organizar sua casa de uma vez por todas e ter tempo para o que realmente importa!<\/p><p>Se eu te disser que isso \u00e9 poss\u00edvel voc\u00ea acredita? Quer saber mais? Vem comigo, que <a href=\"https:\/\/go.hotmart.com\/L72308754E?dp=1\" target=\"_blank\" rel=\"noopener\">eu te mostro!\u00a0<\/a><\/p><figure id=\"attachment_60332\" aria-describedby=\"caption-attachment-60332\" style=\"width: 700px\" class=\"wp-caption aligncenter\"><a href=\"https:\/\/go.hotmart.com\/L72308754E?dp=1\" target=\"_blank\" rel=\"noopener\"><img decoding=\"async\" class=\"wp-image-60332 size-full\" src=\"https:\/\/www.aarquiteta.com.br\/blog\/wp-content\/uploads\/2022\/06\/curso-de-organizacao-residencial.jpg\" alt=\"curso de organiza\u00e7\u00e3o residencial\" width=\"700\" height=\"400\" title=\"\" srcset=\"https:\/\/www.aarquiteta.com.br\/blog\/wp-content\/uploads\/2022\/06\/curso-de-organizacao-residencial.jpg 700w, https:\/\/www.aarquiteta.com.br\/blog\/wp-content\/uploads\/2022\/06\/curso-de-organizacao-residencial-696x398.jpg 696w, https:\/\/www.aarquiteta.com.br\/blog\/wp-content\/uploads\/2022\/06\/curso-de-organizacao-residencial-150x86.jpg 150w\" sizes=\"(max-width: 700px) 100vw, 700px\" \/><\/a><figcaption id=\"caption-attachment-60332\" class=\"wp-caption-text\"><a href=\"https:\/\/go.hotmart.com\/L72308754E?dp=1\" target=\"_blank\" rel=\"noopener\">Curso de organiza\u00e7\u00e3o residencial para todos por Gabi de Santi &#8211; Personal Organizer<\/a><\/figcaption><\/figure><p>&nbsp;<\/p><p><img decoding=\"async\" class=\"aligncenter wp-image-41407 size-full\" src=\"https:\/\/www.aarquiteta.com.br\/blog\/wp-content\/uploads\/2022\/01\/Como-deixar-o-quarto-mais-aconchegante3.jpeg\" alt=\"Roupa de cama\" width=\"700\" height=\"400\" title=\"\"><\/p><p><img decoding=\"async\" class=\"aligncenter wp-image-32811 size-full\" src=\"https:\/\/www.aarquiteta.com.br\/blog\/wp-content\/uploads\/2020\/03\/Cama_de_solteiro_com_quadro_colorido_na_parede.jpg\" alt=\"\" width=\"730\" height=\"515\" title=\"\" srcset=\"https:\/\/www.aarquiteta.com.br\/blog\/wp-content\/uploads\/2020\/03\/Cama_de_solteiro_com_quadro_colorido_na_parede.jpg 730w, https:\/\/www.aarquiteta.com.br\/blog\/wp-content\/uploads\/2020\/03\/Cama_de_solteiro_com_quadro_colorido_na_parede-696x491.jpg 696w, https:\/\/www.aarquiteta.com.br\/blog\/wp-content\/uploads\/2020\/03\/Cama_de_solteiro_com_quadro_colorido_na_parede-150x106.jpg 150w\" sizes=\"(max-width: 730px) 100vw, 730px\" \/><\/p><p><img decoding=\"async\" class=\"aligncenter wp-image-32809 size-full\" src=\"https:\/\/www.aarquiteta.com.br\/blog\/wp-content\/uploads\/2020\/03\/Cama_de_casal_com_cabeceira_em_tons_marron_e_cinza-.jpg\" alt=\"\" width=\"730\" height=\"515\" title=\"\" srcset=\"https:\/\/www.aarquiteta.com.br\/blog\/wp-content\/uploads\/2020\/03\/Cama_de_casal_com_cabeceira_em_tons_marron_e_cinza-.jpg 730w, https:\/\/www.aarquiteta.com.br\/blog\/wp-content\/uploads\/2020\/03\/Cama_de_casal_com_cabeceira_em_tons_marron_e_cinza--696x491.jpg 696w, https:\/\/www.aarquiteta.com.br\/blog\/wp-content\/uploads\/2020\/03\/Cama_de_casal_com_cabeceira_em_tons_marron_e_cinza--150x106.jpg 150w\" sizes=\"(max-width: 730px) 100vw, 730px\" \/><\/p>[amazon table=&#8221;82489&#8243;]<p><img decoding=\"async\" class=\"aligncenter wp-image-32808 size-full\" src=\"https:\/\/www.aarquiteta.com.br\/blog\/wp-content\/uploads\/2020\/03\/cama_com_cobertas_listrada_branca_e_amarelo_escuro.jpg\" alt=\"\" width=\"730\" height=\"515\" title=\"\" srcset=\"https:\/\/www.aarquiteta.com.br\/blog\/wp-content\/uploads\/2020\/03\/cama_com_cobertas_listrada_branca_e_amarelo_escuro.jpg 730w, https:\/\/www.aarquiteta.com.br\/blog\/wp-content\/uploads\/2020\/03\/cama_com_cobertas_listrada_branca_e_amarelo_escuro-696x491.jpg 696w, https:\/\/www.aarquiteta.com.br\/blog\/wp-content\/uploads\/2020\/03\/cama_com_cobertas_listrada_branca_e_amarelo_escuro-150x106.jpg 150w\" sizes=\"(max-width: 730px) 100vw, 730px\" \/><\/p><p><img decoding=\"async\" class=\"aligncenter wp-image-32601 size-full\" src=\"https:\/\/www.aarquiteta.com.br\/blog\/wp-content\/uploads\/2020\/02\/Cama_branca_com_pet_em_cima.jpeg\" alt=\"\" width=\"682\" height=\"1024\" title=\"\" srcset=\"https:\/\/www.aarquiteta.com.br\/blog\/wp-content\/uploads\/2020\/02\/Cama_branca_com_pet_em_cima.jpeg 682w, https:\/\/www.aarquiteta.com.br\/blog\/wp-content\/uploads\/2020\/02\/Cama_branca_com_pet_em_cima-150x225.jpeg 150w\" sizes=\"(max-width: 682px) 100vw, 682px\" \/><\/p><p><img decoding=\"async\" class=\"aligncenter wp-image-31749 size-full\" src=\"https:\/\/www.aarquiteta.com.br\/blog\/wp-content\/uploads\/2019\/10\/quarto_de_casal_com_cama_branca_e_carpete_estampado.jpg\" alt=\"\" width=\"800\" height=\"534\" title=\"\" srcset=\"https:\/\/www.aarquiteta.com.br\/blog\/wp-content\/uploads\/2019\/10\/quarto_de_casal_com_cama_branca_e_carpete_estampado.jpg 800w, https:\/\/www.aarquiteta.com.br\/blog\/wp-content\/uploads\/2019\/10\/quarto_de_casal_com_cama_branca_e_carpete_estampado-696x465.jpg 696w, https:\/\/www.aarquiteta.com.br\/blog\/wp-content\/uploads\/2019\/10\/quarto_de_casal_com_cama_branca_e_carpete_estampado-150x100.jpg 150w\" sizes=\"(max-width: 800px) 100vw, 800px\" \/><\/p><h3>Cansado da desordem nos arm\u00e1rios? <a href=\"https:\/\/go.hotmart.com\/L71606651A?dp=1\" target=\"_blank\" rel=\"noopener\">Que tal organizar<\/a>?<\/h3><p>Com este <a href=\"https:\/\/go.hotmart.com\/L71606651A?dp=1\" target=\"_blank\" rel=\"noopener\">passo a passo<\/a> voc\u00ea conseguir\u00e1 organizar o seu ambiente eficazmente, otimizando e deixando os espa\u00e7os funcionais.<\/p><p>Aprender\u00e1 desde o in\u00edcio do processo da organiza\u00e7\u00e3o, passando pela (auto) an\u00e1lise, at\u00e9 o que se deve guardar em gavetas, o que pendurar em cabides, <a href=\"https:\/\/go.hotmart.com\/L71606651A?dp=1\" target=\"_blank\" rel=\"noopener\">como organizar os diversos acess\u00f3rios<\/a>, entre outros.<\/p><p><a style=\"font-weight: bold; background-color: initial;\" href=\"https:\/\/go.hotmart.com\/L71606651A?dp=1\" target=\"_blank\" rel=\"noopener\"><img decoding=\"async\" class=\"wp-image-60349 size-full\" src=\"https:\/\/www.aarquiteta.com.br\/blog\/wp-content\/uploads\/2022\/06\/curso-de-organizacao-closet.jpg\" alt=\"curso de organiza\u00e7\u00e3o closet\" width=\"700\" height=\"400\" title=\"\" srcset=\"https:\/\/www.aarquiteta.com.br\/blog\/wp-content\/uploads\/2022\/06\/curso-de-organizacao-closet.jpg 700w, https:\/\/www.aarquiteta.com.br\/blog\/wp-content\/uploads\/2022\/06\/curso-de-organizacao-closet-696x398.jpg 696w, https:\/\/www.aarquiteta.com.br\/blog\/wp-content\/uploads\/2022\/06\/curso-de-organizacao-closet-150x86.jpg 150w\" sizes=\"(max-width: 700px) 100vw, 700px\" \/><\/a><\/p><p><a href=\"https:\/\/go.hotmart.com\/L71606651A?dp=1\" target=\"_blank\" rel=\"noopener\">Curso de organiza\u00e7\u00e3o closet\u00a0 por HARMONIZATTA<\/a><\/p><p>Inclu\u00edmos fotos para te ajudar em todo o processo da organiza\u00e7\u00e3o, com o uso de organizadores pr\u00f3prios, pois al\u00e9m de deixar tudo em ordem, eles trazem facilidade e otimiza\u00e7\u00e3o para os espa\u00e7os.<\/p><p><a href=\"https:\/\/go.hotmart.com\/L71606651A?dp=1\" target=\"_blank\" rel=\"noopener\">ORGANIZA\u00c7\u00c3O<\/a> n\u00e3o \u00e9 luxo e sim QUALIDADE DE VIDA!<\/p><p><img decoding=\"async\" class=\"aligncenter wp-image-31372 size-full\" src=\"https:\/\/www.aarquiteta.com.br\/blog\/wp-content\/uploads\/2019\/09\/quarto_com_cama_cinza_e_colcha_azul_capa.jpg\" alt=\"\" width=\"730\" height=\"515\" title=\"\" srcset=\"https:\/\/www.aarquiteta.com.br\/blog\/wp-content\/uploads\/2019\/09\/quarto_com_cama_cinza_e_colcha_azul_capa.jpg 730w, https:\/\/www.aarquiteta.com.br\/blog\/wp-content\/uploads\/2019\/09\/quarto_com_cama_cinza_e_colcha_azul_capa-696x491.jpg 696w, https:\/\/www.aarquiteta.com.br\/blog\/wp-content\/uploads\/2019\/09\/quarto_com_cama_cinza_e_colcha_azul_capa-150x106.jpg 150w\" sizes=\"(max-width: 730px) 100vw, 730px\" \/><\/p><p><img decoding=\"async\" class=\"aligncenter wp-image-31596 size-full\" src=\"https:\/\/www.aarquiteta.com.br\/blog\/wp-content\/uploads\/2019\/09\/quarto_com_cama_cinza_e_parede_de_fundo_com_textura_de_madeira.jpg\" alt=\"\" width=\"1000\" height=\"750\" title=\"\" srcset=\"https:\/\/www.aarquiteta.com.br\/blog\/wp-content\/uploads\/2019\/09\/quarto_com_cama_cinza_e_parede_de_fundo_com_textura_de_madeira.jpg 1000w, https:\/\/www.aarquiteta.com.br\/blog\/wp-content\/uploads\/2019\/09\/quarto_com_cama_cinza_e_parede_de_fundo_com_textura_de_madeira-696x522.jpg 696w, https:\/\/www.aarquiteta.com.br\/blog\/wp-content\/uploads\/2019\/09\/quarto_com_cama_cinza_e_parede_de_fundo_com_textura_de_madeira-150x113.jpg 150w\" sizes=\"(max-width: 1000px) 100vw, 1000px\" \/><\/p>[amazon table=&#8221;82941&#8243;]<img decoding=\"async\" class=\"aligncenter wp-image-26953 size-full\" src=\"https:\/\/www.aarquiteta.com.br\/blog\/wp-content\/uploads\/2019\/08\/cama_de_casal_com_manta.jpg\" alt=\"\" width=\"1515\" height=\"600\" title=\"\" srcset=\"https:\/\/www.aarquiteta.com.br\/blog\/wp-content\/uploads\/2019\/08\/cama_de_casal_com_manta.jpg 1515w, https:\/\/www.aarquiteta.com.br\/blog\/wp-content\/uploads\/2019\/08\/cama_de_casal_com_manta-1024x406.jpg 1024w, https:\/\/www.aarquiteta.com.br\/blog\/wp-content\/uploads\/2019\/08\/cama_de_casal_com_manta-696x276.jpg 696w, https:\/\/www.aarquiteta.com.br\/blog\/wp-content\/uploads\/2019\/08\/cama_de_casal_com_manta-150x59.jpg 150w\" sizes=\"(max-width: 1515px) 100vw, 1515px\" \/><\/p><p><img decoding=\"async\" class=\"aligncenter wp-image-4408 size-full\" src=\"https:\/\/www.aarquiteta.com.br\/blog\/wp-content\/uploads\/2014\/12\/Render-Painel-Cama.jpg\" alt=\"\" width=\"2000\" height=\"1000\" title=\"\" srcset=\"https:\/\/www.aarquiteta.com.br\/blog\/wp-content\/uploads\/2014\/12\/Render-Painel-Cama.jpg 2000w, https:\/\/www.aarquiteta.com.br\/blog\/wp-content\/uploads\/2014\/12\/Render-Painel-Cama-1024x512.jpg 1024w, https:\/\/www.aarquiteta.com.br\/blog\/wp-content\/uploads\/2014\/12\/Render-Painel-Cama-696x348.jpg 696w, https:\/\/www.aarquiteta.com.br\/blog\/wp-content\/uploads\/2014\/12\/Render-Painel-Cama-150x75.jpg 150w\" sizes=\"(max-width: 2000px) 100vw, 2000px\" \/><\/p><h3><a href=\"https:\/\/hotmart.com\/pt-br\/marketplace\/produtos\/almofadas-em-patchwork-moderno\/F46516531Q?ref=J71648205N\" target=\"_blank\" rel=\"noopener\">Quer aprender a criar Almofadas em Patchwork Moderno?<\/a><\/h3><p>Aprenda <a href=\"https:\/\/hotmart.com\/pt-br\/marketplace\/produtos\/almofadas-em-patchwork-moderno\/F46516531Q?ref=J71648205N\" target=\"_blank\" rel=\"noopener\">10 projetos diferentes<\/a> repletos de t\u00e9cnicas e dicas para confeccionar almofadas modernas e super comerciais.<\/p><p>Linguagem simples, gr\u00e1ficos de apoio, aula em v\u00eddeo e sugest\u00f5es de finaliza\u00e7\u00e3o. Voc\u00ea amar\u00e1 cada projeto!<\/p><p>As 10 aulas est\u00e3o divididas em 5 m\u00f3dulos.\u00a0Voc\u00ea receber\u00e1:<\/p><ol><li><strong>\u00a010 v\u00eddeos.<\/strong><\/li><li><strong>\u00a010 projetos em PDF.<\/strong><\/li><li><strong>B\u00f4nus:<\/strong><\/li><li><strong>\u00a0Webnair: Aprenda a escolher tecidos como um PRO.<\/strong><\/li><li><strong>\u00a0V\u00eddeo: Como finalizar as suas almofadas.<\/strong><\/li><\/ol><p><a style=\"font-weight: bold; background-color: initial;\" href=\"https:\/\/hotmart.com\/pt-br\/marketplace\/produtos\/almofadas-em-patchwork-moderno\/F46516531Q?ref=J71648205N\" target=\"_blank\" rel=\"noopener\"><img decoding=\"async\" class=\"wp-image-60206 size-full\" title=\"Almofadas em Patchwork Moderno\" src=\"https:\/\/www.aarquiteta.com.br\/blog\/wp-content\/uploads\/2022\/02\/336.png\" alt=\"Almofadas em Patchwork Moderno\" width=\"336\" height=\"280\" srcset=\"https:\/\/www.aarquiteta.com.br\/blog\/wp-content\/uploads\/2022\/02\/336.png 336w, https:\/\/www.aarquiteta.com.br\/blog\/wp-content\/uploads\/2022\/02\/336-150x125.png 150w\" sizes=\"(max-width: 336px) 100vw, 336px\" \/> <\/a><br \/><img decoding=\"async\" class=\"aligncenter wp-image-31119 size-full\" src=\"https:\/\/www.aarquiteta.com.br\/blog\/wp-content\/uploads\/2019\/08\/cama_com_len\u00e7\u00f3is_rosa_e_lil\u00e1s.jpg\" alt=\"\" width=\"600\" height=\"900\" title=\"\" srcset=\"https:\/\/www.aarquiteta.com.br\/blog\/wp-content\/uploads\/2019\/08\/cama_com_len\u00e7\u00f3is_rosa_e_lil\u00e1s.jpg 600w, https:\/\/www.aarquiteta.com.br\/blog\/wp-content\/uploads\/2019\/08\/cama_com_len\u00e7\u00f3is_rosa_e_lil\u00e1s-150x225.jpg 150w\" sizes=\"(max-width: 600px) 100vw, 600px\" \/><\/p><p><img decoding=\"async\" class=\"aligncenter wp-image-31134 size-full\" src=\"https:\/\/www.aarquiteta.com.br\/blog\/wp-content\/uploads\/2019\/08\/cama_com_luminarias_laterais.jpg\" alt=\"\" width=\"1915\" height=\"1436\" title=\"\" srcset=\"https:\/\/www.aarquiteta.com.br\/blog\/wp-content\/uploads\/2019\/08\/cama_com_luminarias_laterais.jpg 1915w, https:\/\/www.aarquiteta.com.br\/blog\/wp-content\/uploads\/2019\/08\/cama_com_luminarias_laterais-1024x768.jpg 1024w, https:\/\/www.aarquiteta.com.br\/blog\/wp-content\/uploads\/2019\/08\/cama_com_luminarias_laterais-696x522.jpg 696w, https:\/\/www.aarquiteta.com.br\/blog\/wp-content\/uploads\/2019\/08\/cama_com_luminarias_laterais-150x112.jpg 150w\" sizes=\"(max-width: 1915px) 100vw, 1915px\" \/><\/p><p>E a\u00ed, gostou das dicas do artigo? Ent\u00e3o deslize a tela para baixo e confira <strong><a href=\"https:\/\/www.aarquiteta.com.br\">mais dicas<\/a><\/strong>, al\u00e9m dos nossos <strong><a href=\"http:\/\/www.aarquiteta.com.br\">Cursos e Treinamentos<\/a><\/strong>\u00a0e n\u00e3o se esque\u00e7a de compartilhar com os amigos!<\/p><p>Quer receber conte\u00fados exclusivos sobre <strong>casa, jardim, decora\u00e7\u00e3o, arquitetura, educa\u00e7\u00e3o financeira e muito mais<\/strong>? Ent\u00e3o, inscreva-se agora mesmo no nosso <strong><a href=\"https:\/\/t.me\/aarquitetablog\" target=\"_blank\" rel=\"noopener\">Canal do Telegram<\/a>!<\/strong> \ud83e\udd29\ud83d\udc68\u200d\ud83d\udc69\u200d\ud83d\udc67\u200d\ud83d\udc66<\/p><p>Aqui, voc\u00ea ter\u00e1 acesso a artigos, dicas e inspira\u00e7\u00f5es para <strong>transformar sua casa em um lar dos sonhos<\/strong>, cuidar do seu jardim com carinho, aprender sobre finan\u00e7as pessoais e muito mais. \ud83d\udcda\ud83d\udcb0<\/p><p>N\u00e3o perca mais tempo e junte-se a n\u00f3s para receber conte\u00fados exclusivos e se manter sempre atualizado! \ud83d\udce2\ud83c\udfe0\ud83c\udf3f\ud83c\udfe6. Ingresse <strong><a href=\"https:\/\/t.me\/aarquitetablog\" target=\"_blank\" rel=\"noopener\">aqui<\/a> <\/strong>no Canal da <strong>Arquiteta Blog por Luciana Paix\u00e3o!<\/strong> \ud83d\udc95<\/p>","protected":false},"excerpt":{"rendered":"<p>Cabeceira de Cama &#8211; 20 modelos para seu quarto!Na decora\u00e7\u00e3o do quarto, cada detalhe faz a diferen\u00e7a, por isso, uma das formas de trazer estilo, beleza e conforto ao seu quarto \u00e9 investir em uma cabeceira.Veja aqui, o melhor modelo para voc\u00ea, considere algo que combine com o \u2018design\u2019 do seu quarto e primeiro, traga [&hellip;]<\/p>\n","protected":false},"author":102,"featured_media":43623,"comment_status":"closed","ping_status":"closed","sticky":false,"template":"","format":"standard","meta":{"footnotes":""},"categories":[35385,20341,18766],"tags":[13430,13428,13429],"class_list":["post-54059","post","type-post","status-publish","format-standard","has-post-thumbnail","category-camas-e-cabeceiras","category-moveis","category-produtos","tag-cabeceira-para-cama-box","tag-dicas-de-modelos-de-cabeceira-para-cama-box","tag-modelos-de-cabeceira-para-cama-box"],"_wp_attached_file":null,"_wp_attachment_metadata":null,"_wp_attachment_context":null,"_wp_attachment_is_custom_header":null,"geo_longitude":null,"geo_public":null,"geo_latitude":null,"_publicize_done_external":null,"_wpas_done_3897181":null,"publicize_twitter_user":null,"_wpas_done_3897175":null,"_wpas_skip_3897181":null,"_wpas_skip_3897175":null,"_wpas_skip_3924723":null,"_wpas_mess":null,"_wpas_done_3924723":null,"wps_subtitle":"Pensando em comprar uma cama box? N\u00e3o se esque\u00e7a da Cabeceira de cama! Confira neste artigo como escolher o modelo para seu quarto!","_links":{"self":[{"href":"https:\/\/www.aarquiteta.com.br\/blog\/wp-json\/wp\/v2\/posts\/54059","targetHints":{"allow":["GET"]}}],"collection":[{"href":"https:\/\/www.aarquiteta.com.br\/blog\/wp-json\/wp\/v2\/posts"}],"about":[{"href":"https:\/\/www.aarquiteta.com.br\/blog\/wp-json\/wp\/v2\/types\/post"}],"author":[{"embeddable":true,"href":"https:\/\/www.aarquiteta.com.br\/blog\/wp-json\/wp\/v2\/users\/102"}],"replies":[{"embeddable":true,"href":"https:\/\/www.aarquiteta.com.br\/blog\/wp-json\/wp\/v2\/comments?post=54059"}],"version-history":[{"count":0,"href":"https:\/\/www.aarquiteta.com.br\/blog\/wp-json\/wp\/v2\/posts\/54059\/revisions"}],"wp:featuredmedia":[{"embeddable":true,"href":"https:\/\/www.aarquiteta.com.br\/blog\/wp-json\/wp\/v2\/media\/43623"}],"wp:attachment":[{"href":"https:\/\/www.aarquiteta.com.br\/blog\/wp-json\/wp\/v2\/media?parent=54059"}],"wp:term":[{"taxonomy":"category","embeddable":true,"href":"https:\/\/www.aarquiteta.com.br\/blog\/wp-json\/wp\/v2\/categories?post=54059"},{"taxonomy":"post_tag","embeddable":true,"href":"https:\/\/www.aarquiteta.com.br\/blog\/wp-json\/wp\/v2\/tags?post=54059"}],"curies":[{"name":"wp","href":"https:\/\/api.w.org\/{rel}","templated":true}]}}