{"id":532,"date":"2022-01-14T10:00:45","date_gmt":"2022-01-14T13:00:45","guid":{"rendered":"http:\/\/aarquitetadicas.wordpress.com\/?p=532"},"modified":"2024-09-04T17:13:21","modified_gmt":"2024-09-04T20:13:21","slug":"projeto-aprovado-na-prefeitura","status":"publish","type":"post","link":"https:\/\/www.aarquiteta.com.br\/blog\/projeto-aprovado-na-prefeitura\/","title":{"rendered":"Projeto Aprovado &#8211; O que \u00e9 um Projeto de Prefeitura?"},"content":{"rendered":"<p><img decoding=\"async\" class=\"aligncenter wp-image-58664 size-full\" title=\"Projeto Aprovado - O que \u00e9 um Projeto de Prefeitura?\" src=\"https:\/\/www.aarquiteta.com.br\/blog\/wp-content\/uploads\/2022\/01\/projeto-aprovado.jpg\" alt=\"Projeto Aprovado - O que \u00e9 um Projeto de Prefeitura?\" width=\"1200\" height=\"800\" srcset=\"https:\/\/www.aarquiteta.com.br\/blog\/wp-content\/uploads\/2022\/01\/projeto-aprovado.jpg 1200w, https:\/\/www.aarquiteta.com.br\/blog\/wp-content\/uploads\/2022\/01\/projeto-aprovado-1024x683.jpg 1024w, https:\/\/www.aarquiteta.com.br\/blog\/wp-content\/uploads\/2022\/01\/projeto-aprovado-696x464.jpg 696w, https:\/\/www.aarquiteta.com.br\/blog\/wp-content\/uploads\/2022\/01\/projeto-aprovado-150x100.jpg 150w\" sizes=\"(max-width: 1200px) 100vw, 1200px\" \/><\/p><p><a href=\"https:\/\/www.aarquiteta.com.br\/blog\/?s=PROJETO\">Projeto<\/a> Aprovado \u2014 O que \u00e9 um Projeto de Prefeitura?<\/p><p style=\"text-align: justify;\">Estou aqui hoje para mais um post sobre o que \u00e9 um <a href=\"https:\/\/amzn.to\/3t5eMtT\" target=\"_blank\" rel=\"noopener\"><strong>projeto de prefeitura<\/strong><\/a>!<\/p><p style=\"text-align: justify;\">Fora da sala de aula, um novo universo de projetos de <a href=\"https:\/\/www.aarquiteta.com.br\/blog\/?s=ARQUITETURA\">arquitetura<\/a> se apresenta na vida do profissional da constru\u00e7\u00e3o.<\/p><p style=\"text-align: justify;\">Na faculdade aprendemos a projetar.\u00a0E projetamos diversas arquiteturas!<\/p><p style=\"text-align: justify;\">Na vida profissional, al\u00e9m de projetar, devemos regulamentar esses projetos, colocando na pr\u00e1tica legal toda a inspira\u00e7\u00e3o aprendida.<\/p><p style=\"text-align: justify;\">No post de hoje explicar-vos-ei as defini\u00e7\u00f5es b\u00e1sicas dos termos.<\/p><p style=\"text-align: justify;\">O que \u00e9 um projeto de prefeitura e quais s\u00e3o os projetos que fazem parte dos projetos de<a href=\"http:\/\/www.osasco.sp.gov.br\/\" target=\"_blank\" rel=\"noopener\"> prefeitura<\/a>?<\/p><h2>Projeto Aprovado &#8211; O que \u00e9 um Projeto de Prefeitura?<\/h2><p style=\"text-align: justify;\">\u00c9 um documento legal que, quando aprovado pela prefeitura, tem valor jur\u00eddico sendo sujeito \u00e0s sans\u00f5es legais, onde constam os par\u00e2metros de uma constru\u00e7\u00e3o, seja ela uma edifica\u00e7\u00e3o residencial, comercial, industrial, galp\u00e3o ou outros.<\/p><p style=\"text-align: justify;\">Graficamente falando, basicamente \u00e9 uma prancha com desenhos de <a href=\"https:\/\/www.aarquiteta.com.br\/blog\/?s=PLANTA+BAIXA\">planta baixa<\/a> dos pavimentos da edifica\u00e7\u00e3o, com os cortes transversais e longitudinais desta planta baixa.<\/p><p style=\"text-align: justify;\">Incluindo a representa\u00e7\u00e3o da fachada principal (tamb\u00e9m chamada eleva\u00e7\u00e3o) e\/ou ainda fachada lateral, planta de cobertura, <a href=\"https:\/\/www.aarquiteta.com.br\/blog\/como-calcular-taxa-de-ocupacao\/\" target=\"_blank\" rel=\"noopener\">quadros t\u00e9cnicos<\/a> com <a href=\"https:\/\/www.aarquiteta.com.br\/blog\/como-calcular-o-quadro-de-iluminacao-e-ventilacao\" target=\"_blank\" rel=\"noopener\">c\u00e1lculo de ilumina\u00e7\u00e3o e ventila\u00e7\u00e3o<\/a>, notas de projeto, algum detalhe.<\/p><p style=\"text-align: justify;\">Al\u00e9m do tradicional selo de prefeitura onde constar\u00e3o as informa\u00e7\u00f5es de localiza\u00e7\u00e3o da edifica\u00e7\u00e3o a ser constru\u00edda que, estando sob este formato de projeto de prefeitura, estar\u00e1 atendendo automaticamente as normas t\u00e9cnicas do c\u00f3digo de <a href=\"https:\/\/www.aarquiteta.com.br\/blog\/cursos-de-arquitetura-e-decoracao\/curso-de-gerenciamento-de-obras\">obras<\/a> e do plano diretor.<\/p><p><a href=\"https:\/\/www.aarquiteta.com.br\/livro-aprovacao-projetos-de-prefeitura\/?utm_source=blog&amp;utm_medium=img-artigo-o-q-e-projetos-prefeitura&amp;utm_campaign=livro-projetos-de-prefeitura\" target=\"_blank\" rel=\"noopener\"><img decoding=\"async\" class=\"aligncenter wp-image-7901\" title=\"livro O pequeno grande guia de aprova\u00e7\u00e3o de projetos de prefeitura\" src=\"https:\/\/www.aarquiteta.com.br\/blog\/wp-content\/uploads\/2016\/06\/livro-guia-de-aprovacao-de-projetos-de-prefeitura.png\" alt=\"\" width=\"800\" height=\"564\"><\/a><\/p><p style=\"text-align: center;\"><a href=\"https:\/\/amzn.to\/3t5eMtT\" target=\"_blank\" rel=\"noopener\">Livro O pequeno grande guia de Aprova\u00e7\u00e3o de Projetos de Prefeitura<\/a> da Prof. Luciana Paix\u00e3o<\/p><h3><iframe style=\"width: 120px; height: 240px;\" src=\"\/\/ws-na.amazon-adsystem.com\/widgets\/q?ServiceVersion=20070822&amp;OneJS=1&amp;Operation=GetAdHtml&amp;MarketPlace=BR&amp;source=ss&amp;ref=as_ss_li_til&amp;ad_type=product_link&amp;tracking_id=aarquiteta-20&amp;language=pt_BR&amp;marketplace=amazon&amp;region=BR&amp;placement=8561453443&amp;asins=8561453443&amp;linkId=270820f75c42ca0a4acd8d41c495df99&amp;show_border=true&amp;link_opens_in_new_window=true\" frameborder=\"0\" marginwidth=\"0\" marginheight=\"0\" scrolling=\"no\" sandbox=\"allow-popups allow-scripts allow-modals allow-forms allow-same-origin\"><\/iframe><\/h3><h3 style=\"text-align: justify;\"><a href=\"https:\/\/www.aarquiteta.com.br\/curso-de-arquitetura\/\" target=\"_blank\" rel=\"noopener\">Lembrando:<\/a><\/h3><h4 style=\"text-align: justify;\">O C\u00f3digo de Obras e Edifica\u00e7\u00f5es \u2013 COE:<\/h4><p style=\"text-align: justify;\">Regimento onde se disp\u00f5e sobre as regras gerais e espec\u00edficas a serem obedecidas no projeto, licenciamento, execu\u00e7\u00e3o e manuten\u00e7\u00e3o das edifica\u00e7\u00f5es (Prefeitura de S\u00e3o Paulo).<\/p><h4 style=\"text-align: justify;\">E do plano diretor:<\/h4><p style=\"text-align: justify;\">Plano Diretor \u00e9 o instrumento b\u00e1sico de um processo de planejamento municipal para a implanta\u00e7\u00e3o da pol\u00edtica de desenvolvimento urbano, norteando a a\u00e7\u00e3o dos agentes p\u00fablicos e privados (ABNT, 1991).<\/p><p style=\"text-align: justify;\">Exemplo de desenhos de Projetos de Prefeitura para Constru\u00e7\u00e3o de <a href=\"https:\/\/www.aarquiteta.com.br\/blog\/cursos-de-arquitetura-e-decoracao\/curso-de-gerenciamento-de-obras\">Obra<\/a> Nova<\/p><p>&nbsp;<\/p><figure id=\"attachment_270\" aria-describedby=\"caption-attachment-270\" style=\"width: 800px\" class=\"wp-caption aligncenter\"><a href=\"https:\/\/www.aarquiteta.com.br\/blog\/wp-content\/uploads\/2013\/06\/pref-2.jpg\"><img decoding=\"async\" class=\"wp-image-270\" title=\"O que \u00e9 um Projeto de Prefeitura? Dicas de como elaborar o seu!a\" src=\"https:\/\/www.aarquiteta.com.br\/blog\/wp-content\/uploads\/2013\/06\/pref-2.jpg\" alt=\"desenhos-projetos-prefeitura\" width=\"800\" height=\"449\" srcset=\"https:\/\/www.aarquiteta.com.br\/blog\/wp-content\/uploads\/2013\/06\/pref-2.jpg 1280w, https:\/\/www.aarquiteta.com.br\/blog\/wp-content\/uploads\/2013\/06\/pref-2-1024x574.jpg 1024w, https:\/\/www.aarquiteta.com.br\/blog\/wp-content\/uploads\/2013\/06\/pref-2-696x390.jpg 696w, https:\/\/www.aarquiteta.com.br\/blog\/wp-content\/uploads\/2013\/06\/pref-2-150x84.jpg 150w\" sizes=\"(max-width: 800px) 100vw, 800px\" \/><\/a><figcaption id=\"caption-attachment-270\" class=\"wp-caption-text\"><a href=\"https:\/\/amzn.to\/3t5eMtT\" target=\"_blank\" rel=\"noopener\">O que \u00e9 um Projeto de Prefeitura? Dicas de como elaborar o seu!<\/a><\/figcaption><\/figure><p>&nbsp;<\/p><figure id=\"attachment_535\" aria-describedby=\"caption-attachment-535\" style=\"width: 800px\" class=\"wp-caption aligncenter\"><a href=\"https:\/\/www.aarquiteta.com.br\/blog\/wp-content\/uploads\/2013\/07\/pref-1.jpg\"><img decoding=\"async\" class=\"wp-image-535\" title=\"projeto de prefeitura\" src=\"https:\/\/www.aarquiteta.com.br\/blog\/wp-content\/uploads\/2013\/07\/pref-1.jpg\" alt=\"O que \u00e9 um Projeto de Prefeitura? Dicas de como elaborar o seu!\" width=\"800\" height=\"516\" srcset=\"https:\/\/www.aarquiteta.com.br\/blog\/wp-content\/uploads\/2013\/07\/pref-1.jpg 1280w, https:\/\/www.aarquiteta.com.br\/blog\/wp-content\/uploads\/2013\/07\/pref-1-1024x661.jpg 1024w, https:\/\/www.aarquiteta.com.br\/blog\/wp-content\/uploads\/2013\/07\/pref-1-696x449.jpg 696w, https:\/\/www.aarquiteta.com.br\/blog\/wp-content\/uploads\/2013\/07\/pref-1-150x97.jpg 150w\" sizes=\"(max-width: 800px) 100vw, 800px\" \/><\/a><figcaption id=\"caption-attachment-535\" class=\"wp-caption-text\"><a href=\"https:\/\/amzn.to\/3t5eMtT\" target=\"_blank\" rel=\"noopener\">O que \u00e9 um Projeto de Prefeitura? Dicas de como elaborar o seu!<\/a><\/figcaption><\/figure><p>&nbsp;<\/p><figure id=\"attachment_536\" aria-describedby=\"caption-attachment-536\" style=\"width: 800px\" class=\"wp-caption aligncenter\"><a href=\"https:\/\/www.aarquiteta.com.br\/blog\/wp-content\/uploads\/2013\/07\/pref3.jpg\"><img decoding=\"async\" class=\"wp-image-536\" title=\"projetos de prefeitura\" src=\"https:\/\/www.aarquiteta.com.br\/blog\/wp-content\/uploads\/2013\/07\/pref3.jpg\" alt=\"pref3\" width=\"800\" height=\"528\" srcset=\"https:\/\/www.aarquiteta.com.br\/blog\/wp-content\/uploads\/2013\/07\/pref3.jpg 960w, https:\/\/www.aarquiteta.com.br\/blog\/wp-content\/uploads\/2013\/07\/pref3-696x459.jpg 696w, https:\/\/www.aarquiteta.com.br\/blog\/wp-content\/uploads\/2013\/07\/pref3-150x99.jpg 150w\" sizes=\"(max-width: 800px) 100vw, 800px\" \/><\/a><figcaption id=\"caption-attachment-536\" class=\"wp-caption-text\"><a href=\"https:\/\/amzn.to\/3t5eMtT\" target=\"_blank\" rel=\"noopener\">O que \u00e9 um Projeto de Prefeitura? Dicas de como elaborar o seu!<\/a><\/figcaption><\/figure><p>&nbsp;<\/p><p style=\"text-align: justify;\">Note que, apesar de serem parecidas entre si, nenhuma \u00e9 exatamente igual \u00e0 outra, por\u00e9m os elementos gr\u00e1ficos e as informa\u00e7\u00f5es s\u00e3o comuns em todas elas, s\u00e3o as variantes das diferentes prefeituras.<\/p><p style=\"text-align: justify;\">Cada cidade tem suas notas de projetos pr\u00f3prias, por exemplo: outra cidade pode pedir um corte e ainda uma fachada a mais que o rotineiro.<\/p><h2 style=\"text-align: justify;\" align=\"center\">Quais s\u00e3o os projetos que fazem parte dos Projetos de Prefeitura?<\/h2><p>&nbsp;<\/p><p><iframe src=\"https:\/\/www.youtube.com\/embed\/gYl6bPqn3y4\" width=\"560\" height=\"315\" frameborder=\"0\" allowfullscreen=\"allowfullscreen\"><\/iframe><\/p><p style=\"text-align: justify;\">Muita gente pensa que um projeto de prefeitura \u00e9 somente o projeto onde aprovamos uma constru\u00e7\u00e3o nova, como foi descrita no item anterior.<\/p><p style=\"text-align: justify;\">Contudo, os projetos de prefeitura podem contar ainda com outros projetos complementares que far\u00e3o parte de um conjunto de projetos de um mesmo protocolo de entrada de processo na prefeitura.<\/p><h2>O que \u00e9 um Projeto de Prefeitura \u2014 Quais s\u00e3o os projetos de prefeitura?<\/h2><p style=\"text-align: justify;\">Al\u00e9m destes, existem ainda os\u00a0<b>projetos de unifica\u00e7\u00e3o de lotes\u00a0<\/b>(ou fus\u00e3o)\u00a0<b>e desmembramento de lotes<\/b> (ou desdobro), os projetos onde se representam a configura\u00e7\u00e3o das dimens\u00f5es oficiais de um lote conforme as informa\u00e7\u00f5es de dimens\u00f5es que constam na matr\u00edcula do registro de im\u00f3veis desse lote.<\/p><p style=\"text-align: justify;\">Local este onde a edifica\u00e7\u00e3o ser\u00e1 constru\u00edda e estar\u00e3o sob o mesmo regimento de normas, apenas com altera\u00e7\u00e3o de seus t\u00edtulos e finalidade, como, por exemplo: <b>projeto de regulariza\u00e7\u00e3o de obra<\/b>\u00a0existente (que pode ser com acr\u00e9scimo de \u00e1rea ou n\u00e3o),\u00a0<b>projeto de anistia e projeto de demoli\u00e7\u00e3o. <\/b>S\u00e3o todos projetos de prefeitura.<\/p><p style=\"text-align: justify;\">No <a href=\"https:\/\/amzn.to\/3t5eMtT\" target=\"_blank\" rel=\"noopener\">e-book<\/a> voc\u00ea ver\u00e1 em cap\u00edtulo espec\u00edfico com maiores detalhes sobre estas plantas.<\/p><p>&nbsp;<\/p>","protected":false},"excerpt":{"rendered":"<p>Projeto Aprovado \u2014 O que \u00e9 um Projeto de Prefeitura?Estou aqui hoje para mais um post sobre o que \u00e9 um projeto de prefeitura!Fora da sala de aula, um novo universo de projetos de arquitetura se apresenta na vida do profissional da constru\u00e7\u00e3o.Na faculdade aprendemos a projetar.\u00a0E projetamos diversas arquiteturas!Na vida profissional, al\u00e9m de projetar, [&hellip;]<\/p>\n","protected":false},"author":102,"featured_media":58664,"comment_status":"closed","ping_status":"closed","sticky":false,"template":"","format":"standard","meta":{"footnotes":""},"categories":[6,16],"tags":[9211,10905,9197,965],"class_list":["post-532","post","type-post","status-publish","format-standard","has-post-thumbnail","category-carreira-de-arquitetura","category-projetos-de-prefeitura-arquitetura-como-fazer","tag-aprovacao-de-projetos","tag-como-fazer-um-projeto-de-prefeituras","tag-projeto-legal","tag-projetos-de-prefeitura"],"_wp_attached_file":null,"_wp_attachment_metadata":null,"_wp_attachment_context":null,"_wp_attachment_is_custom_header":null,"geo_longitude":null,"geo_public":"0","geo_latitude":null,"_publicize_done_external":{"facebook":{"758048921":true}},"_wpas_done_3897181":"1","publicize_twitter_user":"A_Arquiteta","_wpas_done_3897175":"1","_wpas_skip_3897181":"1","_wpas_skip_3897175":"1","_wpas_skip_3924723":"1","_wpas_mess":null,"_wpas_done_3924723":"1","wps_subtitle":"Pensando em construir? Ent\u00e3o descubra o que \u00e9 um projeto de prefeitura. Confira as dicas de como ter seu projeto aprovado sem delongas!","_links":{"self":[{"href":"https:\/\/www.aarquiteta.com.br\/blog\/wp-json\/wp\/v2\/posts\/532","targetHints":{"allow":["GET"]}}],"collection":[{"href":"https:\/\/www.aarquiteta.com.br\/blog\/wp-json\/wp\/v2\/posts"}],"about":[{"href":"https:\/\/www.aarquiteta.com.br\/blog\/wp-json\/wp\/v2\/types\/post"}],"author":[{"embeddable":true,"href":"https:\/\/www.aarquiteta.com.br\/blog\/wp-json\/wp\/v2\/users\/102"}],"replies":[{"embeddable":true,"href":"https:\/\/www.aarquiteta.com.br\/blog\/wp-json\/wp\/v2\/comments?post=532"}],"version-history":[{"count":0,"href":"https:\/\/www.aarquiteta.com.br\/blog\/wp-json\/wp\/v2\/posts\/532\/revisions"}],"wp:featuredmedia":[{"embeddable":true,"href":"https:\/\/www.aarquiteta.com.br\/blog\/wp-json\/wp\/v2\/media\/58664"}],"wp:attachment":[{"href":"https:\/\/www.aarquiteta.com.br\/blog\/wp-json\/wp\/v2\/media?parent=532"}],"wp:term":[{"taxonomy":"category","embeddable":true,"href":"https:\/\/www.aarquiteta.com.br\/blog\/wp-json\/wp\/v2\/categories?post=532"},{"taxonomy":"post_tag","embeddable":true,"href":"https:\/\/www.aarquiteta.com.br\/blog\/wp-json\/wp\/v2\/tags?post=532"}],"curies":[{"name":"wp","href":"https:\/\/api.w.org\/{rel}","templated":true}]}}