{"id":51716,"date":"2022-04-13T17:00:42","date_gmt":"2022-04-13T20:00:42","guid":{"rendered":"http:\/\/aarquiteta.com.br\/?p=51716"},"modified":"2023-07-18T14:24:24","modified_gmt":"2023-07-18T17:24:24","slug":"como-escolher-cortina-ou-persiana","status":"publish","type":"post","link":"https:\/\/www.aarquiteta.com.br\/blog\/como-escolher-cortina-ou-persiana\/","title":{"rendered":"Como escolher cortina ou persiana?"},"content":{"rendered":"<p><img decoding=\"async\" class=\"alignnone wp-image-51717 size-full\" title=\"Como escolher cortina ou persiana?\" src=\"https:\/\/www.aarquiteta.com.br\/blog\/wp-content\/uploads\/2022\/04\/Como-escolher-cortina-ou-persiana.png\" alt=\"Como escolher cortina ou persiana?\" width=\"700\" height=\"409\" srcset=\"https:\/\/www.aarquiteta.com.br\/blog\/wp-content\/uploads\/2022\/04\/Como-escolher-cortina-ou-persiana.png 700w, https:\/\/www.aarquiteta.com.br\/blog\/wp-content\/uploads\/2022\/04\/Como-escolher-cortina-ou-persiana-696x407.png 696w, https:\/\/www.aarquiteta.com.br\/blog\/wp-content\/uploads\/2022\/04\/Como-escolher-cortina-ou-persiana-150x88.png 150w\" sizes=\"(max-width: 700px) 100vw, 700px\" \/><\/p>\n<p>Como escolher cortina ou persiana?<\/p>\n<p>Est\u00e1 terminando sua casa e tem d\u00favidas na hora de decidir o que usar nas suas janelas: cortinas ou persianas?<\/p>\n<p>No entanto, n\u00e3o h\u00e1 uma resposta \u00fanica, pois cada op\u00e7\u00e3o tem vantagens, como variedade de padr\u00f5es ou menos ac\u00famulo de poeira, bem como desvantagens, como custos de manuten\u00e7\u00e3o mais altos e modelos limitados.<\/p>\n<p>Como escolher cortina ou persiana? Separamos nesse posts tudo que voc\u00ea precisa saber sobre tend\u00eancias desse tema. Confira.<\/p>\n<p><strong>Ah, voc\u00ea gosta de decora\u00e7\u00e3o e quer umas dicas extras sobre o tema? Ent\u00e3o assista este v\u00eddeo abaixo:<\/strong><\/p>\n<div class=\"youtube-embed\" data-video_id=\"Q4PUm6-3L-0\"><iframe title=\"Decore f\u00e1cil \u2014 10 coisas que voc\u00ea deve evitar ao m\u00e1ximo na decora\u00e7\u00e3o da sua casa!\" width=\"696\" height=\"392\" src=\"https:\/\/www.youtube.com\/embed\/Q4PUm6-3L-0?feature=oembed&#038;enablejsapi=1\" frameborder=\"0\" allow=\"accelerometer; autoplay; clipboard-write; encrypted-media; gyroscope; picture-in-picture; web-share\" allowfullscreen><\/iframe><\/div>\n<h3>Como escolher cortina ou persiana?<\/h3>\n<p>Cortinas simples, como cortinas de voil, s\u00e3o mais baratas do que persianas.<\/p>\n<p>Os pre\u00e7os podem subir conforme voc\u00ea personaliza.<\/p>\n<p>Mas \u00e9 uma op\u00e7\u00e3o mais acess\u00edvel.<\/p>\n<p>O pre\u00e7o tamb\u00e9m \u00e9 um bom motivo para considerar a limpeza das cortinas, pois elas podem ser lavadas na m\u00e1quina em casa;<\/p>\n<p>Se voc\u00ea tiver uma janela muito grande, como uma varanda, pode ser necess\u00e1rio usar cortinas, pois usar uma (ou mais) persiana pode ser complicado.<\/p>\n<p>As persiana deixam o ambiente mais moderno.<\/p>\n<p>As vers\u00f5es em metal, PVC ou madeira s\u00f3 podem ser limpas com um pano seco.<\/p>\n<p>S\u00e3o \u00f3timos para espa\u00e7os pequenos, pois s\u00e3o menos volumosos.<\/p>\n<p>Prote\u00e7\u00e3o ideal para pacientes com alergias ou doen\u00e7as respirat\u00f3rias.<\/p>\n<p>A verdade \u00e9 que voc\u00ea precisa ver o que te agrada mais pois ambas tem seus pontos fortes.<\/p>\n<h3>Como escolher persiana\u00a0romana<\/h3>\n<p><img decoding=\"async\" class=\"alignnone wp-image-43528 size-full\" title=\"Modelos de persiana para sala\" src=\"https:\/\/www.aarquiteta.com.br\/blog\/wp-content\/uploads\/2022\/02\/Dicas-de-modelos-de-persiana-para-sala-3.jpg\" alt=\"Modelos de persiana para sala\" width=\"700\" height=\"400\" srcset=\"https:\/\/www.aarquiteta.com.br\/blog\/wp-content\/uploads\/2022\/02\/Dicas-de-modelos-de-persiana-para-sala-3.jpg 700w, https:\/\/www.aarquiteta.com.br\/blog\/wp-content\/uploads\/2022\/02\/Dicas-de-modelos-de-persiana-para-sala-3-696x398.jpg 696w, https:\/\/www.aarquiteta.com.br\/blog\/wp-content\/uploads\/2022\/02\/Dicas-de-modelos-de-persiana-para-sala-3-150x86.jpg 150w\" sizes=\"(max-width: 700px) 100vw, 700px\" \/><\/p>\n<p>A persiana romana est\u00e1 sempre em alta, pois \u00e9 uma op\u00e7\u00e3o linda, uma das mais bonitas, pois fica linda em qualquer ambiente.<\/p>\n<p>Este modelo \u00e9 feito de tecido, pode ser utilizado linho, blackout ou mesmos o tecido de screen solar.<\/p>\n<p>Al\u00e9m disso, \u00e9 uma op\u00e7\u00e3o muito utilizada para decorar salas e quartos, proporcionando mais aconchego ao espa\u00e7o.<\/p>\n<h3>Persiana Hotizontal<\/h3>\n<p><img decoding=\"async\" class=\"alignnone wp-image-43529 size-full\" title=\"Persiana Hotizontal\" src=\"https:\/\/www.aarquiteta.com.br\/blog\/wp-content\/uploads\/2022\/02\/Dicas-de-modelos-de-persiana-para-sala-1.jpg\" alt=\"Persiana Hotizontal\" width=\"700\" height=\"400\" srcset=\"https:\/\/www.aarquiteta.com.br\/blog\/wp-content\/uploads\/2022\/02\/Dicas-de-modelos-de-persiana-para-sala-1.jpg 700w, https:\/\/www.aarquiteta.com.br\/blog\/wp-content\/uploads\/2022\/02\/Dicas-de-modelos-de-persiana-para-sala-1-696x398.jpg 696w, https:\/\/www.aarquiteta.com.br\/blog\/wp-content\/uploads\/2022\/02\/Dicas-de-modelos-de-persiana-para-sala-1-150x86.jpg 150w\" sizes=\"(max-width: 700px) 100vw, 700px\" \/><\/p>\n<p>Voc\u00ea pode encontrar este modelo feito de madeira, metal e at\u00e9 l\u00e2minas de pl\u00e1stico.<\/p>\n<p>Al\u00e9m disso, \u00e9 um modelo muito cl\u00e1ssico e comum entre todos os outros modelos, tamb\u00e9m pode ser utilizada em qualquer ambiente, mas lembre-se de combianar com o restante do ambiente.<\/p>\n<h3>Modelo Vertical<\/h3>\n<p><img decoding=\"async\" class=\"alignnone wp-image-43530 size-full\" title=\"Modelo Vertical\" src=\"https:\/\/www.aarquiteta.com.br\/blog\/wp-content\/uploads\/2022\/02\/Dicas-de-modelos-de-persiana-para-sala-0.jpg\" alt=\"Modelo Vertical\" width=\"700\" height=\"400\" srcset=\"https:\/\/www.aarquiteta.com.br\/blog\/wp-content\/uploads\/2022\/02\/Dicas-de-modelos-de-persiana-para-sala-0.jpg 700w, https:\/\/www.aarquiteta.com.br\/blog\/wp-content\/uploads\/2022\/02\/Dicas-de-modelos-de-persiana-para-sala-0-696x398.jpg 696w, https:\/\/www.aarquiteta.com.br\/blog\/wp-content\/uploads\/2022\/02\/Dicas-de-modelos-de-persiana-para-sala-0-150x86.jpg 150w\" sizes=\"(max-width: 700px) 100vw, 700px\" \/><\/p>\n<p>Por fim, voc\u00ea pode escolher o modelo vertical de persianas, onde as l\u00e2minas s\u00e3o verticais, feitas de madeira, tecido ou alum\u00ednio.<\/p>\n<p>Pode ter retra\u00e7\u00e3o bilateral ou fixa, com apenas um mecanismo de rota\u00e7\u00e3o da l\u00e2mina para ajustar a luz que entra no espa\u00e7o.<\/p>\n<p>Al\u00e9m disso, \u00e9 um modelo muito utilizado em escrit\u00f3rios, \u00e9 um modelo mais antigo, mas dependendo do tecido escolhido pode ficar lind\u00edssima no seu ambiente.<\/p>\n<h3>Como escolher cortina?\u00a0voil para decorar<\/h3>\n<p><img decoding=\"async\" class=\"alignnone wp-image-40801 size-full\" title=\"Cortina branca voil para decorar\" src=\"https:\/\/www.aarquiteta.com.br\/blog\/wp-content\/uploads\/2022\/01\/Dicas-de-tipos-de-cortina-branca-para-decorar-2.jpg\" alt=\"Cortina branca voil para decorar\" width=\"701\" height=\"401\" srcset=\"https:\/\/www.aarquiteta.com.br\/blog\/wp-content\/uploads\/2022\/01\/Dicas-de-tipos-de-cortina-branca-para-decorar-2.jpg 701w, https:\/\/www.aarquiteta.com.br\/blog\/wp-content\/uploads\/2022\/01\/Dicas-de-tipos-de-cortina-branca-para-decorar-2-696x398.jpg 696w, https:\/\/www.aarquiteta.com.br\/blog\/wp-content\/uploads\/2022\/01\/Dicas-de-tipos-de-cortina-branca-para-decorar-2-150x86.jpg 150w\" sizes=\"(max-width: 701px) 100vw, 701px\" \/><\/p>\n<p>O voil \u00e9 um tecido leve que permite a entrada de luz no ambiente. Ent\u00e3o, por ser um tecido fino, voc\u00ea pode colocar um peda\u00e7o de tecido por baixo do voil para ter um pouco de camadas nas cortinas.<\/p>\n<p>No entanto, as cortinas de voil branco se destacam mais em espa\u00e7os como salas e salas de estar que precisam ser mais claros durante o dia.<\/p>\n<h3>Cortina blackout branca para decorar<\/h3>\n<p><img decoding=\"async\" class=\"alignnone wp-image-40782 size-full\" title=\"Cortina blackout branca para decorar\" src=\"https:\/\/www.aarquiteta.com.br\/blog\/wp-content\/uploads\/2022\/01\/Dicas-de-tipos-de-cortina-branca-para-decorar-4.jpg\" alt=\"Cortina blackout branca para decorar\" width=\"701\" height=\"401\" srcset=\"https:\/\/www.aarquiteta.com.br\/blog\/wp-content\/uploads\/2022\/01\/Dicas-de-tipos-de-cortina-branca-para-decorar-4.jpg 701w, https:\/\/www.aarquiteta.com.br\/blog\/wp-content\/uploads\/2022\/01\/Dicas-de-tipos-de-cortina-branca-para-decorar-4-696x398.jpg 696w, https:\/\/www.aarquiteta.com.br\/blog\/wp-content\/uploads\/2022\/01\/Dicas-de-tipos-de-cortina-branca-para-decorar-4-150x86.jpg 150w\" sizes=\"(max-width: 701px) 100vw, 701px\" \/><\/p>\n<p>Cortinas blackout bloqueiam a entrada de luz no quarto.<\/p>\n<p>Mesmo em um dia ensolarado, o quarto estava escuro devido ao tecido pesado do blackout.<\/p>\n<p>Por isso, voc\u00ea deve investir nessa cortina para colocar nos c\u00f4modos da casa que queira que ao fechar, tenha essa op\u00e7\u00e3o. Dessa forma, voc\u00ea pode tornar o espa\u00e7o muito relaxante e confort\u00e1vel para voc\u00ea poder descansar.<\/p>\n<h2>Como escolher cortina ou persiana?<\/h2>\n<p>Ent\u00e3o, veja este v\u00eddeo abaixo sobre o que voc\u00ea deve evitar ao m\u00e1ximo quando o assunto \u00e9 decorar corretamente:<\/p>\n<div class=\"youtube-embed\" data-video_id=\"9PjhGXgCGLU\"><iframe title=\"Decore f\u00e1cil: O que \u00e9 decora\u00e7\u00e3o de ambientes?\" width=\"696\" height=\"392\" src=\"https:\/\/www.youtube.com\/embed\/9PjhGXgCGLU?start=14&#038;feature=oembed\" frameborder=\"0\" allow=\"accelerometer; autoplay; clipboard-write; encrypted-media; gyroscope; picture-in-picture; web-share\" allowfullscreen><\/iframe><\/div>\n<p>Ent\u00e3o, n\u00e3o deixe de acompanhar nosso blog, muitas dicas incr\u00edveis diariamente.<\/p>\n<p>Separamos as melhores dicas e tend\u00eancias do momento para sua casa ficar linda!<\/p>\n<p>Esperamos que essas dicas sejam muito \u00fateis e utilizem muito essas ideias preciosas.<\/p>\n","protected":false},"excerpt":{"rendered":"<p>Como escolher cortina ou persiana? Est\u00e1 terminando sua casa e tem d\u00favidas na hora de decidir o que usar nas suas janelas: cortinas ou persianas? No entanto, n\u00e3o h\u00e1 uma resposta \u00fanica, pois cada op\u00e7\u00e3o tem vantagens, como variedade de padr\u00f5es ou menos ac\u00famulo de poeira, bem como desvantagens, como custos de manuten\u00e7\u00e3o mais altos [&hellip;]<\/p>\n","protected":false},"author":102,"featured_media":51717,"comment_status":"open","ping_status":"closed","sticky":false,"template":"","format":"standard","meta":{"footnotes":""},"categories":[10005],"tags":[17031,17032,17033],"class_list":["post-51716","post","type-post","status-publish","format-standard","has-post-thumbnail","category-casa-e-jardim","tag-como-escolher-cortina-ou-persiana","tag-cortina-ou-persiana","tag-escolher-cortina-ou-persiana"],"_wp_attached_file":null,"_wp_attachment_metadata":null,"_wp_attachment_context":null,"_wp_attachment_is_custom_header":null,"geo_longitude":null,"geo_public":null,"geo_latitude":null,"_publicize_done_external":null,"_wpas_done_3897181":null,"publicize_twitter_user":null,"_wpas_done_3897175":null,"_wpas_skip_3897181":null,"_wpas_skip_3897175":null,"_wpas_skip_3924723":null,"_wpas_mess":null,"_wpas_done_3924723":null,"wps_subtitle":"Como escolher cortina ou persiana? Separamos nesse posts tudo que voc\u00ea precisa saber sobre tend\u00eancias desse tema. Confira.","_links":{"self":[{"href":"https:\/\/www.aarquiteta.com.br\/blog\/wp-json\/wp\/v2\/posts\/51716","targetHints":{"allow":["GET"]}}],"collection":[{"href":"https:\/\/www.aarquiteta.com.br\/blog\/wp-json\/wp\/v2\/posts"}],"about":[{"href":"https:\/\/www.aarquiteta.com.br\/blog\/wp-json\/wp\/v2\/types\/post"}],"author":[{"embeddable":true,"href":"https:\/\/www.aarquiteta.com.br\/blog\/wp-json\/wp\/v2\/users\/102"}],"replies":[{"embeddable":true,"href":"https:\/\/www.aarquiteta.com.br\/blog\/wp-json\/wp\/v2\/comments?post=51716"}],"version-history":[{"count":0,"href":"https:\/\/www.aarquiteta.com.br\/blog\/wp-json\/wp\/v2\/posts\/51716\/revisions"}],"wp:featuredmedia":[{"embeddable":true,"href":"https:\/\/www.aarquiteta.com.br\/blog\/wp-json\/wp\/v2\/media\/51717"}],"wp:attachment":[{"href":"https:\/\/www.aarquiteta.com.br\/blog\/wp-json\/wp\/v2\/media?parent=51716"}],"wp:term":[{"taxonomy":"category","embeddable":true,"href":"https:\/\/www.aarquiteta.com.br\/blog\/wp-json\/wp\/v2\/categories?post=51716"},{"taxonomy":"post_tag","embeddable":true,"href":"https:\/\/www.aarquiteta.com.br\/blog\/wp-json\/wp\/v2\/tags?post=51716"}],"curies":[{"name":"wp","href":"https:\/\/api.w.org\/{rel}","templated":true}]}}