{"id":51709,"date":"2022-04-12T13:00:52","date_gmt":"2022-04-12T16:00:52","guid":{"rendered":"http:\/\/aarquiteta.com.br\/?p=51709"},"modified":"2023-07-18T14:24:27","modified_gmt":"2023-07-18T17:24:27","slug":"como-escolher-ventilador-de-coluna","status":"publish","type":"post","link":"https:\/\/www.aarquiteta.com.br\/blog\/como-escolher-ventilador-de-coluna\/","title":{"rendered":"Por que o ventilador de coluna \u00e9 mais vantajoso?"},"content":{"rendered":"<p>Saiba porque o ventilador de coluna \u00e9 mais vantajoso. Separamos as melhores tend\u00eancias, dicas e ideias. Saiba porque o ventilador de coluna \u00e9 mais vantajoso. Nos dias quentes de ver\u00e3o, ter um ambiente fresco e agrad\u00e1vel \u00e9 essencial para o nosso conforto. E quando se trata de circula\u00e7\u00e3o de ar, um item que se destaca \u00e9 o ventilador de coluna.<\/p>\n<p>Com seu design pr\u00e1tico e eficiente, ele se tornou um aliado indispens\u00e1vel para refrescar qualquer ambiente da nossa casa ou escrit\u00f3rio. Al\u00e9m de proporcionar um al\u00edvio imediato nos dias mais quentes, o ventilador de coluna tamb\u00e9m pode agregar estilo e funcionalidade ao ambiente.<\/p>\n<p><img decoding=\"async\" class=\"alignnone wp-image-51760 size-full\" title=\"Saiba porque o ventilador de coluna \u00e9 mais vantajoso \" src=\"https:\/\/www.aarquiteta.com.br\/blog\/wp-content\/uploads\/2022\/04\/Saiba-porque-o-ventilador-de-coluna-e-mais-vantajoso-1.jpg\" alt=\"Saiba porque o ventilador de coluna \u00e9 mais vantajoso \" width=\"700\" height=\"400\" srcset=\"https:\/\/www.aarquiteta.com.br\/blog\/wp-content\/uploads\/2022\/04\/Saiba-porque-o-ventilador-de-coluna-e-mais-vantajoso-1.jpg 700w, https:\/\/www.aarquiteta.com.br\/blog\/wp-content\/uploads\/2022\/04\/Saiba-porque-o-ventilador-de-coluna-e-mais-vantajoso-1-696x398.jpg 696w, https:\/\/www.aarquiteta.com.br\/blog\/wp-content\/uploads\/2022\/04\/Saiba-porque-o-ventilador-de-coluna-e-mais-vantajoso-1-150x86.jpg 150w\" sizes=\"(max-width: 700px) 100vw, 700px\" \/><\/p>\n<p>Quando se trata de se refrescar nos dias quentes de ver\u00e3o, um ventilador \u00e9 uma op\u00e7\u00e3o acess\u00edvel e eficiente. Entre os diversos tipos dispon\u00edveis, o ventilador de coluna se destaca por oferecer uma s\u00e9rie de vantagens. Neste artigo, exploraremos as raz\u00f5es pelas quais o ventilador de coluna \u00e9 uma escolha vantajosa para muitas pessoas.<\/p>\n<h2><strong>O que \u00e9 um ventilador de coluna?<\/strong><\/h2>\n<p>Antes de analisarmos as vantagens, \u00e9 importante compreender o que \u00e9 exatamente um ventilador de coluna. Esse tipo de ventilador, tamb\u00e9m conhecido como ventilador de pedestal, consiste em uma base est\u00e1vel com uma coluna vertical ajust\u00e1vel, que suporta a h\u00e9lice e o motor respons\u00e1veis pela circula\u00e7\u00e3o do ar.<\/p>\n<h3><strong>Caracter\u00edsticas principais<\/strong><\/h3>\n<p>Os ventiladores de coluna possuem caracter\u00edsticas distintas que os tornam populares entre os consumidores. Eles geralmente apresentam um design elegante, com h\u00e9lices grandes e poderosas que garantem uma boa circula\u00e7\u00e3o de ar em ambientes amplos.<\/p>\n<h2><strong>Vantagens do ventilador de coluna<\/strong><\/h2>\n<h3><strong>Maior alcance de ventila\u00e7\u00e3o<\/strong><\/h3>\n<p><img decoding=\"async\" class=\"alignnone wp-image-51761 size-full\" title=\"Por que escolher um ventilador de coluna?\" src=\"https:\/\/www.aarquiteta.com.br\/blog\/wp-content\/uploads\/2022\/04\/Saiba-porque-o-ventilador-de-coluna-e-mais-vantajoso-2.jpg\" alt=\"Por que escolher um ventilador de coluna?\" width=\"700\" height=\"400\" srcset=\"https:\/\/www.aarquiteta.com.br\/blog\/wp-content\/uploads\/2022\/04\/Saiba-porque-o-ventilador-de-coluna-e-mais-vantajoso-2.jpg 700w, https:\/\/www.aarquiteta.com.br\/blog\/wp-content\/uploads\/2022\/04\/Saiba-porque-o-ventilador-de-coluna-e-mais-vantajoso-2-696x398.jpg 696w, https:\/\/www.aarquiteta.com.br\/blog\/wp-content\/uploads\/2022\/04\/Saiba-porque-o-ventilador-de-coluna-e-mais-vantajoso-2-150x86.jpg 150w\" sizes=\"(max-width: 700px) 100vw, 700px\" \/><\/p>\n<p>Uma das principais vantagens do ventilador de coluna \u00e9 o seu maior alcance de ventila\u00e7\u00e3o. Devido \u00e0 altura ajust\u00e1vel da coluna e ao tamanho das h\u00e9lices, esse tipo de ventilador \u00e9 capaz de alcan\u00e7ar uma \u00e1rea maior, proporcionando uma ventila\u00e7\u00e3o eficiente em c\u00f4modos amplos.<\/p>\n<h3><strong>Melhor distribui\u00e7\u00e3o do ar<\/strong><\/h3>\n<p>O ventilador de coluna tamb\u00e9m se destaca pela sua capacidade de distribui\u00e7\u00e3o do ar de forma mais abrangente. Gra\u00e7as ao movimento oscilante da h\u00e9lice e \u00e0 possibilidade de ajustar o \u00e2ngulo do ventilador, \u00e9 poss\u00edvel direcionar o fluxo de ar para diferentes \u00e1reas, garantindo uma sensa\u00e7\u00e3o de frescor em todo o ambiente.<\/p>\n[amazon table=&#8221;83108&#8243;]\n<h3><strong>Ajuste da altura e \u00e2ngulo<\/strong><\/h3>\n<p>Outra vantagem \u00e9 a possibilidade de ajustar a altura e o \u00e2ngulo do ventilador de coluna. Isso permite que voc\u00ea direcione o fluxo de ar de acordo com as suas prefer\u00eancias e necessidades, garantindo um maior conforto durante o uso.<\/p>\n<h3><strong>Portabilidade e praticidade<\/strong><\/h3>\n<p>Os ventiladores de coluna s\u00e3o geralmente leves e f\u00e1ceis de mover. Muitos modelos possuem rodinhas na base, o que facilita o deslocamento de um ambiente para outro. Essa portabilidade torna o ventilador de coluna uma op\u00e7\u00e3o pr\u00e1tica, permitindo que voc\u00ea o utilize em diferentes c\u00f4modos da casa ou at\u00e9 mesmo em ambientes externos, como varandas ou \u00e1reas de lazer.<\/p>\n<h3><strong>Op\u00e7\u00f5es de velocidade e modos<\/strong><\/h3>\n<p><img decoding=\"async\" class=\"alignnone wp-image-51762 size-full\" title=\"O que observar em um ventilador de coluna\" src=\"https:\/\/www.aarquiteta.com.br\/blog\/wp-content\/uploads\/2022\/04\/Saiba-porque-o-ventilador-de-coluna-e-mais-vantajoso-3.jpg\" alt=\"O que observar em um ventilador de coluna\" width=\"700\" height=\"400\" srcset=\"https:\/\/www.aarquiteta.com.br\/blog\/wp-content\/uploads\/2022\/04\/Saiba-porque-o-ventilador-de-coluna-e-mais-vantajoso-3.jpg 700w, https:\/\/www.aarquiteta.com.br\/blog\/wp-content\/uploads\/2022\/04\/Saiba-porque-o-ventilador-de-coluna-e-mais-vantajoso-3-696x398.jpg 696w, https:\/\/www.aarquiteta.com.br\/blog\/wp-content\/uploads\/2022\/04\/Saiba-porque-o-ventilador-de-coluna-e-mais-vantajoso-3-150x86.jpg 150w\" sizes=\"(max-width: 700px) 100vw, 700px\" \/><\/p>\n<p>Os ventiladores de coluna oferecem diversas op\u00e7\u00f5es de velocidade e modos de ventila\u00e7\u00e3o. Com diferentes n\u00edveis de intensidade, voc\u00ea pode escolher a configura\u00e7\u00e3o mais adequada para cada situa\u00e7\u00e3o, seja para refrescar o ambiente rapidamente ou criar uma brisa suave durante o sono.<\/p>\n<h2><strong>Economia de energia<\/strong><\/h2>\n<h3><strong>Consumo reduzido de energia<\/strong><\/h3>\n<p>Al\u00e9m de serem eficientes em fornecer uma ventila\u00e7\u00e3o adequada, os ventiladores de coluna tamb\u00e9m se destacam pela economia de energia. Em compara\u00e7\u00e3o com outros dispositivos de resfriamento, como aparelhos de ar condicionado, o consumo energ\u00e9tico de um ventilador de coluna \u00e9 significativamente menor, o que se reflete em uma conta de eletricidade mais econ\u00f4mica.<\/p>\n<div>\n<p><img decoding=\"async\" class=\"alignnone wp-image-51763 size-full\" title=\"Afinal porque escolher esse tipo de ventilador e n\u00e3o os outros?\" src=\"https:\/\/www.aarquiteta.com.br\/blog\/wp-content\/uploads\/2022\/04\/Saiba-porque-o-ventilador-de-coluna-e-mais-vantajoso-4.jpg\" alt=\"Afinal porque escolher esse tipo de ventilador e n\u00e3o os outros?\" width=\"700\" height=\"400\" srcset=\"https:\/\/www.aarquiteta.com.br\/blog\/wp-content\/uploads\/2022\/04\/Saiba-porque-o-ventilador-de-coluna-e-mais-vantajoso-4.jpg 700w, https:\/\/www.aarquiteta.com.br\/blog\/wp-content\/uploads\/2022\/04\/Saiba-porque-o-ventilador-de-coluna-e-mais-vantajoso-4-696x398.jpg 696w, https:\/\/www.aarquiteta.com.br\/blog\/wp-content\/uploads\/2022\/04\/Saiba-porque-o-ventilador-de-coluna-e-mais-vantajoso-4-150x86.jpg 150w\" sizes=\"(max-width: 700px) 100vw, 700px\" \/><\/p>\n<h3><strong>Efici\u00eancia no uso do ar condicionado<\/strong><\/h3>\n<p>Outra forma de economia \u00e9 o uso combinado do ventilador de coluna com o ar condicionado. Ao posicionar o ventilador pr\u00f3ximo ao ar condicionado, ele ajuda a circular o ar frio pelo ambiente de forma mais eficiente, permitindo que voc\u00ea ajuste a temperatura do ar condicionado para um n\u00edvel mais baixo, economizando energia sem perder o conforto t\u00e9rmico.<\/p>\n<h2><strong>Design e estilo<\/strong><\/h2>\n<p>Al\u00e9m de suas funcionalidades, o ventilador de coluna tamb\u00e9m \u00e9 apreciado por seu design moderno e elegante. Com op\u00e7\u00f5es de cores e acabamentos variados, \u00e9 poss\u00edvel encontrar um modelo que se harmonize com a decora\u00e7\u00e3o do ambiente, agregando estilo e sofistica\u00e7\u00e3o.<\/p>\n<h2><strong>Baixo ru\u00eddo e sil\u00eancio<\/strong><\/h2>\n<p>Os ventiladores de coluna modernos s\u00e3o projetados para operar com baixo n\u00edvel de ru\u00eddo. Isso garante um ambiente tranquilo e silencioso, especialmente durante a noite, permitindo uma noite de sono mais confort\u00e1vel sem perturba\u00e7\u00f5es sonoras.<\/p>\n<p>Em resumo, o ventilador de coluna oferece uma s\u00e9rie de vantagens em rela\u00e7\u00e3o a outros tipos de ventiladores. Sua capacidade de ventila\u00e7\u00e3o em ambientes amplos, combinada com a possibilidade de ajuste de altura e \u00e2ngulo, torna-o uma op\u00e7\u00e3o vers\u00e1til e eficiente para proporcionar conforto t\u00e9rmico em diferentes situa\u00e7\u00f5es. Al\u00e9m disso, a economia de energia, o design atrativo e a baixa emiss\u00e3o de ru\u00eddo s\u00e3o aspectos que contribuem para sua popularidade. Portanto, se voc\u00ea busca uma solu\u00e7\u00e3o pr\u00e1tica, econ\u00f4mica e estilosa para se refrescar nos dias quentes, o ventilador de coluna \u00e9 uma escolha vantajosa.<\/p>\n<h2><strong>Curiosidade!<\/strong><\/h2>\n<p><strong>Sabia que o primeiro ventilador el\u00e9trico foi patenteado em 1882 por Philip H. Diehl? <\/strong><\/p>\n<p>Desde ent\u00e3o, os ventiladores evolu\u00edram muito, e o modelo de coluna se tornou uma op\u00e7\u00e3o cada vez mais popular devido \u00e0s suas vantagens e praticidade.<\/p>\n<h2><strong>Frequentemente Perguntas<\/strong><\/h2>\n<p><strong>1. Como escolher um ventilador de coluna?<\/strong> Para escolher um ventilador de coluna, \u00e9 importante considerar o tamanho do ambiente, a pot\u00eancia do ventilador, as op\u00e7\u00f5es de velocidade e os recursos adicionais, como timer e controle remoto. Tamb\u00e9m verifique a reputa\u00e7\u00e3o da marca e leia avalia\u00e7\u00f5es de outros consumidores.<\/p>\n<p><strong>2. O ventilador de coluna \u00e9 seguro para crian\u00e7as?<\/strong> Sim, os ventiladores de coluna s\u00e3o geralmente seguros para crian\u00e7as, desde que utilizados corretamente. No entanto, \u00e9 importante tomar precau\u00e7\u00f5es, como posicionar o ventilador em locais seguros e fora do alcance das crian\u00e7as e nunca deix\u00e1-las sozinhas com o ventilador ligado.<\/p>\n<p><strong>3. Posso utilizar um ventilador de coluna em ambientes externos?<\/strong> Sim, muitos modelos de ventiladores de coluna s\u00e3o adequados para uso em ambientes externos, desde que sejam especificamente projetados para isso. Verifique as informa\u00e7\u00f5es do fabricante para garantir que o ventilador seja resistente \u00e0s condi\u00e7\u00f5es clim\u00e1ticas externas.<\/p>\n<p><strong>4. Qual \u00e9 a durabilidade de um ventilador de coluna?<\/strong> A durabilidade de um ventilador de coluna pode variar dependendo da qualidade do produto e do uso adequado. Em geral, ventiladores de coluna de boa qualidade podem durar v\u00e1rios anos. Certifique-se de seguir as instru\u00e7\u00f5es de uso e manuten\u00e7\u00e3o fornecidas pelo fabricante.<\/p>\n<p><strong>5. Como limpar um ventilador de coluna?<\/strong> Para limpar um ventilador de coluna, desligue-o da energia e remova as grades e h\u00e9lices com cuidado. Use um pano \u00famido e suave para limpar as superf\u00edcies e remova o ac\u00famulo de poeira. Certifique-se de secar completamente antes de montar novamente.<\/p>\n<p><strong>6. Posso utilizar um ventilador de coluna durante a noite?<\/strong> Sim, muitas pessoas utilizam ventiladores de coluna durante a noite para obter uma sensa\u00e7\u00e3o de frescor enquanto dormem. Certifique-se de escolher uma velocidade e configura\u00e7\u00e3o adequadas para n\u00e3o causar desconforto durante o sono.<\/p>\n<p><strong>7. \u00c9 poss\u00edvel programar um ventilador de coluna?<\/strong> Alguns modelos avan\u00e7ados de ventiladores de coluna oferecem recursos de programa\u00e7\u00e3o, como timer, que permitem que voc\u00ea programe o ventilador para ligar ou desligar automaticamente em determinados hor\u00e1rios. Verifique as especifica\u00e7\u00f5es do produto para saber se ele possui essa fun\u00e7\u00e3o.<\/p>\n<p>E a\u00ed, gostou das dicas do artigo? Ent\u00e3o deslize a tela para baixo e confira <strong><a href=\"https:\/\/www.aarquiteta.com.br\">mais dicas<\/a><\/strong>, al\u00e9m dos nossos <strong><a href=\"http:\/\/www.aarquiteta.com.br\">Cursos e Treinamentos<\/a><\/strong>\u00a0e n\u00e3o se esque\u00e7a de compartilhar com os amigos!<\/p>\n<p>Quer receber conte\u00fados exclusivos sobre <strong>casa, jardim, decora\u00e7\u00e3o, arquitetura, educa\u00e7\u00e3o financeira e muito mais<\/strong>? Ent\u00e3o, inscreva-se agora mesmo no nosso <strong><a href=\"https:\/\/t.me\/aarquitetablog\" target=\"_blank\" rel=\"noopener\">Canal do Telegram<\/a>!<\/strong> \ud83e\udd29\ud83d\udc68\u200d\ud83d\udc69\u200d\ud83d\udc67\u200d\ud83d\udc66<\/p>\n<p>Aqui, voc\u00ea ter\u00e1 acesso a artigos, dicas e inspira\u00e7\u00f5es para <strong>transformar sua casa em um lar dos sonhos<\/strong>, cuidar do seu jardim com carinho, aprender sobre finan\u00e7as pessoais e muito mais. \ud83d\udcda\ud83d\udcb0<\/p>\n<p>N\u00e3o perca mais tempo e junte-se a n\u00f3s para receber conte\u00fados exclusivos e se manter sempre atualizado! \ud83d\udce2\ud83c\udfe0\ud83c\udf3f\ud83c\udfe6. Ingresse <strong><a href=\"https:\/\/t.me\/aarquitetablog\" target=\"_blank\" rel=\"noopener\">aqui<\/a> <\/strong>no Canal da <strong>Arquiteta Blog por Luciana Paix\u00e3o!<\/strong> \ud83d\udc95<\/p>\n<\/div>\n","protected":false},"excerpt":{"rendered":"<p>Saiba porque o ventilador de coluna \u00e9 mais vantajoso. Separamos as melhores tend\u00eancias, dicas e ideias. Saiba porque o ventilador de coluna \u00e9 mais vantajoso. Nos dias quentes de ver\u00e3o, ter um ambiente fresco e agrad\u00e1vel \u00e9 essencial para o nosso conforto. E quando se trata de circula\u00e7\u00e3o de ar, um item que se destaca [&hellip;]<\/p>\n","protected":false},"author":102,"featured_media":51760,"comment_status":"closed","ping_status":"closed","sticky":false,"template":"","format":"standard","meta":{"footnotes":""},"categories":[18767],"tags":[17026,17024,17025],"class_list":["post-51709","post","type-post","status-publish","format-standard","has-post-thumbnail","category-eletrodomesticos","tag-porque-o-ventilador-de-coluna-e-mais-vantajoso","tag-saiba-porque-o-ventilador-de-coluna-e-mais-vantajoso","tag-ventilador-de-coluna"],"_wp_attached_file":null,"_wp_attachment_metadata":null,"_wp_attachment_context":null,"_wp_attachment_is_custom_header":null,"geo_longitude":null,"geo_public":null,"geo_latitude":null,"_publicize_done_external":null,"_wpas_done_3897181":null,"publicize_twitter_user":null,"_wpas_done_3897175":null,"_wpas_skip_3897181":null,"_wpas_skip_3897175":null,"_wpas_skip_3924723":null,"_wpas_mess":null,"_wpas_done_3924723":null,"wps_subtitle":"Separamos as melhores tend\u00eancias, dicas e ideias. Saiba porque o ventilador de coluna \u00e9 mais vantajoso. Confira no post!","_links":{"self":[{"href":"https:\/\/www.aarquiteta.com.br\/blog\/wp-json\/wp\/v2\/posts\/51709","targetHints":{"allow":["GET"]}}],"collection":[{"href":"https:\/\/www.aarquiteta.com.br\/blog\/wp-json\/wp\/v2\/posts"}],"about":[{"href":"https:\/\/www.aarquiteta.com.br\/blog\/wp-json\/wp\/v2\/types\/post"}],"author":[{"embeddable":true,"href":"https:\/\/www.aarquiteta.com.br\/blog\/wp-json\/wp\/v2\/users\/102"}],"replies":[{"embeddable":true,"href":"https:\/\/www.aarquiteta.com.br\/blog\/wp-json\/wp\/v2\/comments?post=51709"}],"version-history":[{"count":0,"href":"https:\/\/www.aarquiteta.com.br\/blog\/wp-json\/wp\/v2\/posts\/51709\/revisions"}],"wp:featuredmedia":[{"embeddable":true,"href":"https:\/\/www.aarquiteta.com.br\/blog\/wp-json\/wp\/v2\/media\/51760"}],"wp:attachment":[{"href":"https:\/\/www.aarquiteta.com.br\/blog\/wp-json\/wp\/v2\/media?parent=51709"}],"wp:term":[{"taxonomy":"category","embeddable":true,"href":"https:\/\/www.aarquiteta.com.br\/blog\/wp-json\/wp\/v2\/categories?post=51709"},{"taxonomy":"post_tag","embeddable":true,"href":"https:\/\/www.aarquiteta.com.br\/blog\/wp-json\/wp\/v2\/tags?post=51709"}],"curies":[{"name":"wp","href":"https:\/\/api.w.org\/{rel}","templated":true}]}}