{"id":51243,"date":"2022-04-06T14:00:35","date_gmt":"2022-04-06T17:00:35","guid":{"rendered":"http:\/\/aarquiteta.com.br\/?p=51243"},"modified":"2024-09-13T17:21:58","modified_gmt":"2024-09-13T20:21:58","slug":"cozinha-moderna-pequena","status":"publish","type":"post","link":"https:\/\/www.aarquiteta.com.br\/blog\/cozinha-moderna-pequena\/","title":{"rendered":"Cozinha Moderna pequena -10 dicas para fazer a sua!"},"content":{"rendered":"<p><a href=\"https:\/\/www.aarquiteta.com.br\/blog\/wp-content\/uploads\/2021\/10\/16-ambientes-com-piso-de-cimento-queimado.jpg\"><img decoding=\"async\" class=\"wp-image-34751 size-full\" title=\"Cozinha Moderna -10 dicas essenciais para fazer a sua!\" src=\"https:\/\/www.aarquiteta.com.br\/blog\/wp-content\/uploads\/2021\/10\/16-ambientes-com-piso-de-cimento-queimado.jpg\" alt=\"Cozinha Moderna -10 dicas essenciais para fazer a sua! Imagem cozinha: PINTEREST\" width=\"680\" height=\"453\" srcset=\"https:\/\/www.aarquiteta.com.br\/blog\/wp-content\/uploads\/2021\/10\/16-ambientes-com-piso-de-cimento-queimado.jpg 680w, https:\/\/www.aarquiteta.com.br\/blog\/wp-content\/uploads\/2021\/10\/16-ambientes-com-piso-de-cimento-queimado-150x100.jpg 150w\" sizes=\"(max-width: 680px) 100vw, 680px\" \/><\/a><\/p><p>Uma <a href=\"https:\/\/www.aarquiteta.com.br\/blog\/decoracao\/ambientes-na-decoracao\/decoracao-de-cozinha\/\">cozinha<\/a> moderna pequena possui linhas fortes, (decora\u00e7\u00e3o) muito sutil, simplicidade e eleg\u00e2ncia \u2014 tudo isso descreve uma cozinha de estilo moderno.<\/p><p>Se alguma dessas descri\u00e7\u00f5es despertar seu interesse, continue lendo nossas 10 dicas b\u00e1sicas para projetar sua pr\u00f3pria cozinha de estilo moderno.<\/p><h2>Cozinha moderna pequena ou contempor\u00e2nea.<\/h2><p>Moderno e contempor\u00e2neo s\u00e3o coisas diferentes.<\/p><p>A primeira coisa: qual \u00e9 a diferen\u00e7a entre moderno e contempor\u00e2neo?<\/p><p>Os dois estilos s\u00e3o suficientemente semelhantes que pode ser confuso distingui-los.<\/p><p>O principal ponto a lembrar \u00e9 que o estilo moderno geralmente se refere a \u201cmoderno de meados do s\u00e9culo\u201d.<\/p><p>Diferente do contempor\u00e2neo mais evolucion\u00e1rio e moderno, o \u201cestilo moderno\u201d est\u00e1 bloqueado em um intervalo de tempo espec\u00edfico, com forte \u00eanfase em interiores limpos e simples.<\/p><p>O design contempor\u00e2neo est\u00e1 mais &#8220;no momento&#8221; e se baseia em muitos outros estilos de design.<\/p><p>Desse modo, pode-se dizer que os tempos modernos s\u00e3o mais \u201cpuros\u201d do que os contempor\u00e2neos.<\/p><h2>Dicas para projetar uma cozinha moderna pequena.<\/h2><h3>Preste aten\u00e7\u00e3o \u00e0s linhas horizontais.<\/h3><figure id=\"attachment_34754\" aria-describedby=\"caption-attachment-34754\" style=\"width: 728px\" class=\"wp-caption alignnone\"><a href=\"https:\/\/www.aarquiteta.com.br\/blog\/wp-content\/uploads\/2021\/10\/Cozinha-Completa-Madesa-Vicenza-com-Armario-e-Balcao-Sem-Tampo-e-Pia.jpg\"><img decoding=\"async\" class=\"wp-image-34754 size-full\" title=\"Imagem cozinha: PINTEREST\" src=\"https:\/\/www.aarquiteta.com.br\/blog\/wp-content\/uploads\/2021\/10\/Cozinha-Completa-Madesa-Vicenza-com-Armario-e-Balcao-Sem-Tampo-e-Pia.jpg\" alt=\"Imagem cozinha: PINTEREST\" width=\"728\" height=\"728\" srcset=\"https:\/\/www.aarquiteta.com.br\/blog\/wp-content\/uploads\/2021\/10\/Cozinha-Completa-Madesa-Vicenza-com-Armario-e-Balcao-Sem-Tampo-e-Pia.jpg 728w, https:\/\/www.aarquiteta.com.br\/blog\/wp-content\/uploads\/2021\/10\/Cozinha-Completa-Madesa-Vicenza-com-Armario-e-Balcao-Sem-Tampo-e-Pia-696x696.jpg 696w, https:\/\/www.aarquiteta.com.br\/blog\/wp-content\/uploads\/2021\/10\/Cozinha-Completa-Madesa-Vicenza-com-Armario-e-Balcao-Sem-Tampo-e-Pia-96x96.jpg 96w, https:\/\/www.aarquiteta.com.br\/blog\/wp-content\/uploads\/2021\/10\/Cozinha-Completa-Madesa-Vicenza-com-Armario-e-Balcao-Sem-Tampo-e-Pia-150x150.jpg 150w\" sizes=\"(max-width: 728px) 100vw, 728px\" \/><\/a><figcaption id=\"caption-attachment-34754\" class=\"wp-caption-text\">Imagem cozinha: PINTEREST &#8211; Revestimento para cozinha!<\/figcaption><\/figure><p>Se h\u00e1 elementos que realmente representam o estilo de uma cozinha moderna, \u00e9 uma prefer\u00eancia \u00f3bvia por linhas horizontais fortes.<\/p><p>De gavetas e arm\u00e1rios bem organizados as ferragens horizontais simples, destacando suas linhas verticais sutis, isso pode ser visto claramente.<\/p><h3>Use portas planas para permanecer elegante:<\/h3><p>Um dos elementos ic\u00f4nicos do design moderno de cozinha \u00e9 o uso de portas planas ou portas planas.<\/p><figure id=\"attachment_34758\" aria-describedby=\"caption-attachment-34758\" style=\"width: 399px\" class=\"wp-caption alignnone\"><a href=\"https:\/\/www.aarquiteta.com.br\/blog\/wp-content\/uploads\/2021\/10\/Custom-Kitchen-Cabinet-Gallery-_-Kitchen-Galleries-_-Mouser-Cabinetry.png\"><img decoding=\"async\" class=\"wp-image-34758 size-full\" title=\"Imagem cozinha: PINTEREST\" src=\"https:\/\/www.aarquiteta.com.br\/blog\/wp-content\/uploads\/2021\/10\/Custom-Kitchen-Cabinet-Gallery-_-Kitchen-Galleries-_-Mouser-Cabinetry.png\" alt=\"Imagem cozinha: PINTEREST\" width=\"399\" height=\"600\" srcset=\"https:\/\/www.aarquiteta.com.br\/blog\/wp-content\/uploads\/2021\/10\/Custom-Kitchen-Cabinet-Gallery-_-Kitchen-Galleries-_-Mouser-Cabinetry.png 399w, https:\/\/www.aarquiteta.com.br\/blog\/wp-content\/uploads\/2021\/10\/Custom-Kitchen-Cabinet-Gallery-_-Kitchen-Galleries-_-Mouser-Cabinetry-150x226.png 150w\" sizes=\"(max-width: 399px) 100vw, 399px\" \/><\/a><figcaption id=\"caption-attachment-34758\" class=\"wp-caption-text\">Imagem cozinha: PINTEREST &#8211; Fog\u00e3o ou Forno? Confira como saber escolher!<\/figcaption><\/figure><p>Essas portas planas resistentes n\u00e3o t\u00eam moldura ou pain\u00e9is e s\u00e3o muito adequadas para um estilo moderno minimalista e elegante.<\/p><h3>Cozinha moderna usa arm\u00e1rios sem moldura:<\/h3><p>Usando arm\u00e1rios totalmente cobertos e sem moldura \u00e9 outra maneira de obter uma apar\u00eancia suave de superf\u00edcies de cozinha modernas.<\/p><figure id=\"attachment_34759\" aria-describedby=\"caption-attachment-34759\" style=\"width: 683px\" class=\"wp-caption alignnone\"><a href=\"https:\/\/www.aarquiteta.com.br\/blog\/wp-content\/uploads\/2021\/10\/Carapajo-\u2013-70m\u00b2-scaled.jpg\"><img decoding=\"async\" class=\"wp-image-34759 size-large\" title=\"Imagem cozinha: PINTEREST\" src=\"https:\/\/www.aarquiteta.com.br\/blog\/wp-content\/uploads\/2021\/10\/Carapajo-\u2013-70m\u00b2-683x1024.jpg\" alt=\"Imagem cozinha: PINTEREST\" width=\"683\" height=\"1024\" \/><\/a><figcaption id=\"caption-attachment-34759\" class=\"wp-caption-text\">Imagem cozinha: PINTEREST &#8211; Como decorar uma cozinha pequena?<\/figcaption><\/figure><p>Procurando por gabinetes sem molduras reais, o espa\u00e7amento entre todas as portas e gavetas \u00e9 o mesmo.<\/p><h3>Decorar seus arm\u00e1rios com arm\u00e1rios de vidro:<\/h3><p>S\u00e3o uma \u00f3tima maneira de exibir quaisquer itens colecion\u00e1veis \u200b\u200be outros acess\u00f3rios de cozinha, permitindo que voc\u00ea encontre tudo o que precisa de forma r\u00e1pida e f\u00e1cil.<\/p><figure id=\"attachment_34755\" aria-describedby=\"caption-attachment-34755\" style=\"width: 720px\" class=\"wp-caption alignnone\"><a href=\"https:\/\/www.aarquiteta.com.br\/blog\/wp-content\/uploads\/2021\/10\/cozinha-porta-viro.jpg\"><img decoding=\"async\" class=\"wp-image-34755 size-full\" title=\"Imagem cozinha: PINTEREST\" src=\"https:\/\/www.aarquiteta.com.br\/blog\/wp-content\/uploads\/2021\/10\/cozinha-porta-viro.jpg\" alt=\"Imagem cozinha: PINTEREST\" width=\"720\" height=\"708\" srcset=\"https:\/\/www.aarquiteta.com.br\/blog\/wp-content\/uploads\/2021\/10\/cozinha-porta-viro.jpg 720w, https:\/\/www.aarquiteta.com.br\/blog\/wp-content\/uploads\/2021\/10\/cozinha-porta-viro-696x684.jpg 696w, https:\/\/www.aarquiteta.com.br\/blog\/wp-content\/uploads\/2021\/10\/cozinha-porta-viro-150x148.jpg 150w\" sizes=\"(max-width: 720px) 100vw, 720px\" \/><\/a><figcaption id=\"caption-attachment-34755\" class=\"wp-caption-text\">Imagem cozinha: PINTEREST &#8211; Como aplicar revestimento na cozinha?<\/figcaption><\/figure><p>O vidro tamb\u00e9m \u00e9 um elemento muito not\u00e1vel no design moderno em meados deste s\u00e9culo, o que \u00e9 muito adequado para cozinhas modernas.<\/p><h3>Mantenha as ferragens da cozinha moderna simples e elegante:<\/h3><p><a href=\"https:\/\/www.aarquiteta.com.br\/blog\/wp-content\/uploads\/2021\/10\/17-Smart-Kitchen-Storage-Ideas-Youll-Want-to-Try-ASAP.jpg\"><img decoding=\"async\" class=\"alignnone wp-image-34753\" src=\"https:\/\/www.aarquiteta.com.br\/blog\/wp-content\/uploads\/2021\/10\/17-Smart-Kitchen-Storage-Ideas-Youll-Want-to-Try-ASAP.jpg\" alt=\"\" width=\"469\" height=\"701\" title=\"\" srcset=\"https:\/\/www.aarquiteta.com.br\/blog\/wp-content\/uploads\/2021\/10\/17-Smart-Kitchen-Storage-Ideas-Youll-Want-to-Try-ASAP.jpg 236w, https:\/\/www.aarquiteta.com.br\/blog\/wp-content\/uploads\/2021\/10\/17-Smart-Kitchen-Storage-Ideas-Youll-Want-to-Try-ASAP-150x224.jpg 150w\" sizes=\"(max-width: 469px) 100vw, 469px\" \/><\/a><\/p><p>As ferragens s\u00e3o o produto principal dos arm\u00e1rios de cozinha modernos.<\/p><p>Os cabos lineares tubulares ou planos tornam a combina\u00e7\u00e3o mais perfeita. Como os arm\u00e1rios das cozinhas modernas t\u00eam linhas horizontais fortes, eles s\u00e3o geralmente projetados por ferragens que passam por gavetas e portas.<\/p><h3>Pule a decora\u00e7\u00e3o!<\/h3><figure id=\"attachment_34749\" aria-describedby=\"caption-attachment-34749\" style=\"width: 497px\" class=\"wp-caption alignnone\"><a href=\"https:\/\/www.aarquiteta.com.br\/blog\/wp-content\/uploads\/2021\/10\/KS-Kitchen.jpg\"><img decoding=\"async\" class=\"wp-image-34749\" title=\"Imagem cozinha: PINTEREST\" src=\"https:\/\/www.aarquiteta.com.br\/blog\/wp-content\/uploads\/2021\/10\/KS-Kitchen.jpg\" alt=\"Cozinha moderna\" width=\"497\" height=\"710\" srcset=\"https:\/\/www.aarquiteta.com.br\/blog\/wp-content\/uploads\/2021\/10\/KS-Kitchen.jpg 236w, https:\/\/www.aarquiteta.com.br\/blog\/wp-content\/uploads\/2021\/10\/KS-Kitchen-150x214.jpg 150w\" sizes=\"(max-width: 497px) 100vw, 497px\" \/><\/a><figcaption id=\"caption-attachment-34749\" class=\"wp-caption-text\">Imagem cozinha: PINTEREST<\/figcaption><\/figure><p>Esta \u00e9 uma das maiores diferen\u00e7as entre uma cozinha moderna. As cozinhas tradicionais s\u00e3o obcecadas por algumas decora\u00e7\u00f5es, e as cozinhas modernas as evitam quase completamente.<\/p><p>Quaisquer decora\u00e7\u00f5es restantes s\u00e3o mantidas simples, como um backsplash de vidro de altura total e bancadas sem padr\u00e3o.<\/p><h3>Aumente o estilo das pranchas de madeira:<\/h3><figure id=\"attachment_34752\" aria-describedby=\"caption-attachment-34752\" style=\"width: 563px\" class=\"wp-caption alignnone\"><a href=\"https:\/\/www.aarquiteta.com.br\/blog\/wp-content\/uploads\/2021\/10\/100-Kitchen-Design-Remodeling-Ideas.jpg\"><img decoding=\"async\" class=\"wp-image-34752 size-full\" title=\"Imagem cozinha: PINTEREST\" src=\"https:\/\/www.aarquiteta.com.br\/blog\/wp-content\/uploads\/2021\/10\/100-Kitchen-Design-Remodeling-Ideas.jpg\" alt=\"Imagem cozinha: PINTEREST\" width=\"563\" height=\"818\" srcset=\"https:\/\/www.aarquiteta.com.br\/blog\/wp-content\/uploads\/2021\/10\/100-Kitchen-Design-Remodeling-Ideas.jpg 563w, https:\/\/www.aarquiteta.com.br\/blog\/wp-content\/uploads\/2021\/10\/100-Kitchen-Design-Remodeling-Ideas-150x218.jpg 150w\" sizes=\"(max-width: 563px) 100vw, 563px\" \/><\/a><figcaption id=\"caption-attachment-34752\" class=\"wp-caption-text\">Imagem cozinha: PINTEREST &#8211; Como escolher banquetas? Dicas para escolher o modelo ideal para sua casa!<\/figcaption><\/figure><p>Pain\u00e9is de <a href=\"https:\/\/www.aarquiteta.com.br\/blog\/?s=PAREDE\">parede<\/a> e arm\u00e1rios adicionam um estilo visual simples e r\u00fastico ao design distinto e altamente linear das cozinhas modernas.<\/p><p>Se a madeira maci\u00e7a n\u00e3o estiver dentro do seu or\u00e7amento, voc\u00ea pode usar folheados de madeira mais baratos, que v\u00eam em uma variedade de tipos e cores de madeira.<\/p><p>Ao colocar o gr\u00e3o para nivel\u00e1-lo, voc\u00ea pode real\u00e7ar ainda mais as linhas fortes de uma cozinha moderna.<\/p><h3>Quebre a monotonia com a pedra natural:<\/h3><figure id=\"attachment_34757\" aria-describedby=\"caption-attachment-34757\" style=\"width: 683px\" class=\"wp-caption alignnone\"><a href=\"https:\/\/www.aarquiteta.com.br\/blog\/wp-content\/uploads\/2021\/10\/Marble-effect-kitchen-tops.jpg\"><img decoding=\"async\" class=\"wp-image-34757 size-large\" title=\"Imagem cozinha: PINTEREST\" src=\"https:\/\/www.aarquiteta.com.br\/blog\/wp-content\/uploads\/2021\/10\/Marble-effect-kitchen-tops-683x1024.jpg\" alt=\"Imagem cozinha: PINTEREST\" width=\"683\" height=\"1024\" \/><\/a><figcaption id=\"caption-attachment-34757\" class=\"wp-caption-text\">Imagem cozinha: PINTEREST<\/figcaption><\/figure><p>A beleza natural e a textura do m\u00e1rmore complementam a simplicidade e a perfei\u00e7\u00e3o do estilo de cozinha moderna.<\/p><p>Use-o em combina\u00e7\u00e3o com madeira para criar texturas interessantes em sua cozinha sem sacrificar as linhas fortes do estilo moderno.<\/p><h3>Use elementos industriais simples:<\/h3><figure id=\"attachment_34751\" aria-describedby=\"caption-attachment-34751\" style=\"width: 680px\" class=\"wp-caption alignnone\"><a href=\"https:\/\/www.aarquiteta.com.br\/blog\/wp-content\/uploads\/2021\/10\/16-ambientes-com-piso-de-cimento-queimado.jpg\"><img decoding=\"async\" class=\"wp-image-34751 size-full\" title=\"Imagem cozinha: PINTEREST\" src=\"https:\/\/www.aarquiteta.com.br\/blog\/wp-content\/uploads\/2021\/10\/16-ambientes-com-piso-de-cimento-queimado.jpg\" alt=\"Imagem cozinha: PINTEREST\" width=\"680\" height=\"453\" srcset=\"https:\/\/www.aarquiteta.com.br\/blog\/wp-content\/uploads\/2021\/10\/16-ambientes-com-piso-de-cimento-queimado.jpg 680w, https:\/\/www.aarquiteta.com.br\/blog\/wp-content\/uploads\/2021\/10\/16-ambientes-com-piso-de-cimento-queimado-150x100.jpg 150w\" sizes=\"(max-width: 680px) 100vw, 680px\" \/><\/a><figcaption id=\"caption-attachment-34751\" class=\"wp-caption-text\">Imagem cozinha: PINTEREST &#8211; Como decorar em estilo industrial?<\/figcaption><\/figure><p><img decoding=\"async\" class=\"alignnone wp-image-61400 size-full\" src=\"https:\/\/www.aarquiteta.com.br\/blog\/wp-content\/uploads\/2022\/06\/Cozinha-Rustica.jpg\" alt=\"Cozinha R\u00fastica\" width=\"870\" height=\"490\" title=\"\" srcset=\"https:\/\/www.aarquiteta.com.br\/blog\/wp-content\/uploads\/2022\/06\/Cozinha-Rustica.jpg 870w, https:\/\/www.aarquiteta.com.br\/blog\/wp-content\/uploads\/2022\/06\/Cozinha-Rustica-696x392.jpg 696w, https:\/\/www.aarquiteta.com.br\/blog\/wp-content\/uploads\/2022\/06\/Cozinha-Rustica-150x84.jpg 150w\" sizes=\"(max-width: 870px) 100vw, 870px\" \/><\/p><p>Em uma cozinha moderna, <a href=\"https:\/\/www.aarquiteta.com.br\/blog\/?s=PAREDE\">paredes<\/a> de concreto natural e sem tratamento podem criar tanta divers\u00e3o quanto qualquer outro papel de parede com padr\u00e3o ousado de estilo de design.<\/p><p>Esses elementos industriais expostos podem adicionar um \u201ctoque moderno\u201d a qualquer espa\u00e7o.<\/p><h3>Decore sua cozinha moderna com cores neutras.<\/h3><figure id=\"attachment_34750\" aria-describedby=\"caption-attachment-34750\" style=\"width: 697px\" class=\"wp-caption alignnone\"><a href=\"https:\/\/www.aarquiteta.com.br\/blog\/wp-content\/uploads\/2021\/10\/\u276430-hermosas-y-frescas-ideas-de-diseno-de-cocinas-pequenas-para-obtener-un-aspecto-unico___.jpg\"><img decoding=\"async\" class=\"wp-image-34750 size-full\" title=\"Imagem cozinha: PINTEREST\" src=\"https:\/\/www.aarquiteta.com.br\/blog\/wp-content\/uploads\/2021\/10\/\u276430-hermosas-y-frescas-ideas-de-diseno-de-cocinas-pequenas-para-obtener-un-aspecto-unico___.jpg\" alt=\"Imagem cozinha: PINTEREST\" width=\"697\" height=\"866\" srcset=\"https:\/\/www.aarquiteta.com.br\/blog\/wp-content\/uploads\/2021\/10\/\u276430-hermosas-y-frescas-ideas-de-diseno-de-cocinas-pequenas-para-obtener-un-aspecto-unico___.jpg 697w, https:\/\/www.aarquiteta.com.br\/blog\/wp-content\/uploads\/2021\/10\/\u276430-hermosas-y-frescas-ideas-de-diseno-de-cocinas-pequenas-para-obtener-un-aspecto-unico___-150x186.jpg 150w\" sizes=\"(max-width: 697px) 100vw, 697px\" \/><\/a><figcaption id=\"caption-attachment-34750\" class=\"wp-caption-text\">Imagem cozinha: PINTEREST &#8211; Decora\u00e7\u00e3o monocrom\u00e1tica para sua casa, confira como utilizar!<\/figcaption><\/figure><p>As cozinhas tradicionais podem variar de uma extremidade do espectro de cores para a outra, os estilos modernos tendem a estar mais pr\u00f3ximos das paletas naturais e neutras.<\/p><p>N\u00e3o confunda esquemas de cores modernos com cores frias, mas usando materiais naturais com eleg\u00e2ncia, voc\u00ea pode tornar mais quentes as linhas suaves, claras e os esquemas de cores relativamente suaves.<\/p><h2>Cozinha sob medida pequena:<\/h2><p>Para espa\u00e7os pequenos, <a href=\"https:\/\/www.aarquiteta.com.br\/blog\/como-planejar-armario-de-cozinha-moderno\/\" target=\"_blank\" rel=\"noopener\">m\u00f3veis sob medida<\/a> s\u00e3o sempre uma boa ideia, por isso, aposte em m\u00f3veis sob medida independente do espa\u00e7o que o ambiente possui.<\/p><p>Finalmente, voc\u00ea poder\u00e1 desfrutar de todos os cantos da cozinha!<\/p><p><img decoding=\"async\" class=\"alignnone wp-image-62090 size-full\" src=\"https:\/\/www.aarquiteta.com.br\/blog\/wp-content\/uploads\/2022\/07\/cozinha-americana-rustica2.jpg\" alt=\"cozinha americana rustica2\" width=\"500\" height=\"666\" title=\"\" srcset=\"https:\/\/www.aarquiteta.com.br\/blog\/wp-content\/uploads\/2022\/07\/cozinha-americana-rustica2.jpg 500w, https:\/\/www.aarquiteta.com.br\/blog\/wp-content\/uploads\/2022\/07\/cozinha-americana-rustica2-150x200.jpg 150w\" sizes=\"(max-width: 500px) 100vw, 500px\" \/><\/p><p><img decoding=\"async\" class=\"alignnone wp-image-62085 size-full\" src=\"https:\/\/www.aarquiteta.com.br\/blog\/wp-content\/uploads\/2022\/07\/cozinha-americana-simples.jpg\" alt=\"cozinha americana simples\" width=\"730\" height=\"912\" title=\"\" srcset=\"https:\/\/www.aarquiteta.com.br\/blog\/wp-content\/uploads\/2022\/07\/cozinha-americana-simples.jpg 730w, https:\/\/www.aarquiteta.com.br\/blog\/wp-content\/uploads\/2022\/07\/cozinha-americana-simples-696x870.jpg 696w, https:\/\/www.aarquiteta.com.br\/blog\/wp-content\/uploads\/2022\/07\/cozinha-americana-simples-150x187.jpg 150w\" sizes=\"(max-width: 730px) 100vw, 730px\" \/><\/p><p><img decoding=\"async\" class=\"alignnone wp-image-62075 size-full\" src=\"https:\/\/www.aarquiteta.com.br\/blog\/wp-content\/uploads\/2022\/07\/iluminacao-cozinha-americana-simples2.webp\" alt=\"ilumina\u00e7\u00e3o cozinha americana simples2\" width=\"840\" height=\"1024\" title=\"\" srcset=\"https:\/\/www.aarquiteta.com.br\/blog\/wp-content\/uploads\/2022\/07\/iluminacao-cozinha-americana-simples2.webp 840w, https:\/\/www.aarquiteta.com.br\/blog\/wp-content\/uploads\/2022\/07\/iluminacao-cozinha-americana-simples2-696x848.webp 696w, https:\/\/www.aarquiteta.com.br\/blog\/wp-content\/uploads\/2022\/07\/iluminacao-cozinha-americana-simples2-150x183.webp 150w\" sizes=\"(max-width: 840px) 100vw, 840px\" \/><\/p><p><img decoding=\"async\" class=\"alignnone wp-image-62083 size-full\" src=\"https:\/\/www.aarquiteta.com.br\/blog\/wp-content\/uploads\/2022\/07\/decoracao-de-cozinha-americana-pequena-e-simples-36.jpg\" alt=\"decoracao-de-cozinha-americana-pequena-e-simples-36\" width=\"700\" height=\"875\" title=\"\" srcset=\"https:\/\/www.aarquiteta.com.br\/blog\/wp-content\/uploads\/2022\/07\/decoracao-de-cozinha-americana-pequena-e-simples-36.jpg 700w, https:\/\/www.aarquiteta.com.br\/blog\/wp-content\/uploads\/2022\/07\/decoracao-de-cozinha-americana-pequena-e-simples-36-696x870.jpg 696w, https:\/\/www.aarquiteta.com.br\/blog\/wp-content\/uploads\/2022\/07\/decoracao-de-cozinha-americana-pequena-e-simples-36-150x188.jpg 150w\" sizes=\"(max-width: 700px) 100vw, 700px\" \/><\/p><p><img decoding=\"async\" class=\"alignnone wp-image-62084 size-full\" src=\"https:\/\/www.aarquiteta.com.br\/blog\/wp-content\/uploads\/2022\/07\/Cozinha-Americana-Simples-com-Bancada-Branca.jpg.webp\" alt=\"Cozinha-Americana-Simples-com-Bancada-Branca.jpg\" width=\"768\" height=\"887\" title=\"\" srcset=\"https:\/\/www.aarquiteta.com.br\/blog\/wp-content\/uploads\/2022\/07\/Cozinha-Americana-Simples-com-Bancada-Branca.jpg.webp 768w, https:\/\/www.aarquiteta.com.br\/blog\/wp-content\/uploads\/2022\/07\/Cozinha-Americana-Simples-com-Bancada-Branca.jpg-260x300.webp 260w, https:\/\/www.aarquiteta.com.br\/blog\/wp-content\/uploads\/2022\/07\/Cozinha-Americana-Simples-com-Bancada-Branca.jpg-10x12.webp 10w, https:\/\/www.aarquiteta.com.br\/blog\/wp-content\/uploads\/2022\/07\/Cozinha-Americana-Simples-com-Bancada-Branca.jpg-150x173.webp 150w\" sizes=\"(max-width: 768px) 100vw, 768px\" \/><\/p><h3>Cozinhas cl\u00e1ssicas:<\/h3><p>\u00c9 um estilo de cozinha muito f\u00e1cil de identificar, pois, ela nos remete \u00e0 alguns modelos de arm\u00e1rios dos anos 80\/90, no entanto, com uma releitura muito elegante!<\/p><p><img decoding=\"async\" class=\"alignnone wp-image-61995 size-full\" src=\"https:\/\/www.aarquiteta.com.br\/blog\/wp-content\/uploads\/2022\/07\/cozinha-azul.webp\" alt=\"cozinha azul\" width=\"1024\" height=\"682\" title=\"\" srcset=\"https:\/\/www.aarquiteta.com.br\/blog\/wp-content\/uploads\/2022\/07\/cozinha-azul.webp 1024w, https:\/\/www.aarquiteta.com.br\/blog\/wp-content\/uploads\/2022\/07\/cozinha-azul-696x464.webp 696w, https:\/\/www.aarquiteta.com.br\/blog\/wp-content\/uploads\/2022\/07\/cozinha-azul-150x100.webp 150w\" sizes=\"(max-width: 1024px) 100vw, 1024px\" \/><\/p><p><img decoding=\"async\" class=\"alignnone wp-image-61393 size-full\" src=\"https:\/\/www.aarquiteta.com.br\/blog\/wp-content\/uploads\/2022\/06\/Cozinha-Rustica-Branca.jpg\" alt=\"Cozinha Rustica Branca\" width=\"973\" height=\"682\" title=\"\" srcset=\"https:\/\/www.aarquiteta.com.br\/blog\/wp-content\/uploads\/2022\/06\/Cozinha-Rustica-Branca.jpg 973w, https:\/\/www.aarquiteta.com.br\/blog\/wp-content\/uploads\/2022\/06\/Cozinha-Rustica-Branca-696x488.jpg 696w, https:\/\/www.aarquiteta.com.br\/blog\/wp-content\/uploads\/2022\/06\/Cozinha-Rustica-Branca-150x105.jpg 150w\" sizes=\"(max-width: 973px) 100vw, 973px\" \/><\/p><p><img decoding=\"async\" class=\"alignnone wp-image-61394 size-full\" src=\"https:\/\/www.aarquiteta.com.br\/blog\/wp-content\/uploads\/2022\/06\/Cozinha-Rustica-Branca2.webp\" alt=\"Cozinha Rustica Branca2\" width=\"730\" height=\"673\" title=\"\" srcset=\"https:\/\/www.aarquiteta.com.br\/blog\/wp-content\/uploads\/2022\/06\/Cozinha-Rustica-Branca2.webp 730w, https:\/\/www.aarquiteta.com.br\/blog\/wp-content\/uploads\/2022\/06\/Cozinha-Rustica-Branca2-696x642.webp 696w, https:\/\/www.aarquiteta.com.br\/blog\/wp-content\/uploads\/2022\/06\/Cozinha-Rustica-Branca2-150x138.webp 150w\" sizes=\"(max-width: 730px) 100vw, 730px\" \/><\/p><p><img decoding=\"async\" class=\"alignnone wp-image-45046 size-full\" src=\"https:\/\/www.aarquiteta.com.br\/blog\/wp-content\/uploads\/2022\/03\/Dicas-de-como-decorar-uma-cozinha-monocromatica-2.jpg\" alt=\"Brinque com os tons sobre tons\" width=\"700\" height=\"400\" title=\"\" srcset=\"https:\/\/www.aarquiteta.com.br\/blog\/wp-content\/uploads\/2022\/03\/Dicas-de-como-decorar-uma-cozinha-monocromatica-2.jpg 700w, https:\/\/www.aarquiteta.com.br\/blog\/wp-content\/uploads\/2022\/03\/Dicas-de-como-decorar-uma-cozinha-monocromatica-2-696x398.jpg 696w, https:\/\/www.aarquiteta.com.br\/blog\/wp-content\/uploads\/2022\/03\/Dicas-de-como-decorar-uma-cozinha-monocromatica-2-150x86.jpg 150w\" sizes=\"(max-width: 700px) 100vw, 700px\" \/><\/p><h3>M\u00f3veis planejados cozinha americana:<\/h3><p>As cozinhas americanas s\u00e3o simples, s\u00e3o perfeitas para quem n\u00e3o quer isolado na cozinha durante os encontros com amigos e familiares.<\/p><p>Voc\u00ea pode cozinhar enquanto conversa com as visitas!<\/p><p><img decoding=\"async\" class=\"alignnone wp-image-62090 size-full\" src=\"https:\/\/www.aarquiteta.com.br\/blog\/wp-content\/uploads\/2022\/07\/cozinha-americana-rustica2.jpg\" alt=\"cozinha americana rustica2\" width=\"500\" height=\"666\" title=\"\" srcset=\"https:\/\/www.aarquiteta.com.br\/blog\/wp-content\/uploads\/2022\/07\/cozinha-americana-rustica2.jpg 500w, https:\/\/www.aarquiteta.com.br\/blog\/wp-content\/uploads\/2022\/07\/cozinha-americana-rustica2-150x200.jpg 150w\" sizes=\"(max-width: 500px) 100vw, 500px\" \/><\/p><p><img decoding=\"async\" class=\"alignnone wp-image-62094 size-full\" src=\"https:\/\/www.aarquiteta.com.br\/blog\/wp-content\/uploads\/2022\/07\/Cozinha-Americana-Simples-1.jpg\" alt=\"Cozinha Americana Simples 1\" width=\"770\" height=\"550\" title=\"\" srcset=\"https:\/\/www.aarquiteta.com.br\/blog\/wp-content\/uploads\/2022\/07\/Cozinha-Americana-Simples-1.jpg 770w, https:\/\/www.aarquiteta.com.br\/blog\/wp-content\/uploads\/2022\/07\/Cozinha-Americana-Simples-1-696x497.jpg 696w, https:\/\/www.aarquiteta.com.br\/blog\/wp-content\/uploads\/2022\/07\/Cozinha-Americana-Simples-1-150x107.jpg 150w\" sizes=\"(max-width: 770px) 100vw, 770px\" \/><\/p><p>&nbsp;<\/p><p><img decoding=\"async\" class=\"alignnone wp-image-62075 size-full\" src=\"https:\/\/www.aarquiteta.com.br\/blog\/wp-content\/uploads\/2022\/07\/iluminacao-cozinha-americana-simples2.webp\" alt=\"ilumina\u00e7\u00e3o cozinha americana simples2\" width=\"840\" height=\"1024\" title=\"\" srcset=\"https:\/\/www.aarquiteta.com.br\/blog\/wp-content\/uploads\/2022\/07\/iluminacao-cozinha-americana-simples2.webp 840w, https:\/\/www.aarquiteta.com.br\/blog\/wp-content\/uploads\/2022\/07\/iluminacao-cozinha-americana-simples2-696x848.webp 696w, https:\/\/www.aarquiteta.com.br\/blog\/wp-content\/uploads\/2022\/07\/iluminacao-cozinha-americana-simples2-150x183.webp 150w\" sizes=\"(max-width: 840px) 100vw, 840px\" \/><\/p><p><img decoding=\"async\" class=\"alignnone wp-image-49846 size-full\" src=\"https:\/\/www.aarquiteta.com.br\/blog\/wp-content\/uploads\/2022\/03\/Dicas-para-escolher-banquetas-para-sua-cozinha.7.jpg\" alt=\"Banquetas - Como utilizar no seu projeto?\" width=\"700\" height=\"400\" title=\"\" srcset=\"https:\/\/www.aarquiteta.com.br\/blog\/wp-content\/uploads\/2022\/03\/Dicas-para-escolher-banquetas-para-sua-cozinha.7.jpg 700w, https:\/\/www.aarquiteta.com.br\/blog\/wp-content\/uploads\/2022\/03\/Dicas-para-escolher-banquetas-para-sua-cozinha.7-696x398.jpg 696w, https:\/\/www.aarquiteta.com.br\/blog\/wp-content\/uploads\/2022\/03\/Dicas-para-escolher-banquetas-para-sua-cozinha.7-150x86.jpg 150w\" sizes=\"(max-width: 700px) 100vw, 700px\" \/><\/p><p><img decoding=\"async\" class=\"alignnone wp-image-49844 size-full\" src=\"https:\/\/www.aarquiteta.com.br\/blog\/wp-content\/uploads\/2022\/03\/Dicas-para-escolher-banquetas-para-sua-cozinha.4.png\" alt=\"Passo 2: Considere a fun\u00e7\u00e3o\" width=\"700\" height=\"400\" title=\"\" srcset=\"https:\/\/www.aarquiteta.com.br\/blog\/wp-content\/uploads\/2022\/03\/Dicas-para-escolher-banquetas-para-sua-cozinha.4.png 700w, https:\/\/www.aarquiteta.com.br\/blog\/wp-content\/uploads\/2022\/03\/Dicas-para-escolher-banquetas-para-sua-cozinha.4-696x398.png 696w, https:\/\/www.aarquiteta.com.br\/blog\/wp-content\/uploads\/2022\/03\/Dicas-para-escolher-banquetas-para-sua-cozinha.4-150x86.png 150w\" sizes=\"(max-width: 700px) 100vw, 700px\" \/><\/p><h2>Revestimentos modernos para cozinha:<\/h2><p>&nbsp;<\/p><figure id=\"attachment_43273\" aria-describedby=\"caption-attachment-43273\" style=\"width: 700px\" class=\"wp-caption aligncenter\"><img decoding=\"async\" class=\"wp-image-43273 size-full\" src=\"https:\/\/www.aarquiteta.com.br\/blog\/wp-content\/uploads\/2022\/02\/Dicas-de-revestimento-para-cozinha..jpg\" alt=\"Revestimento com formas geom\u00e9tricas\" width=\"700\" height=\"400\" title=\"\" srcset=\"https:\/\/www.aarquiteta.com.br\/blog\/wp-content\/uploads\/2022\/02\/Dicas-de-revestimento-para-cozinha..jpg 700w, https:\/\/www.aarquiteta.com.br\/blog\/wp-content\/uploads\/2022\/02\/Dicas-de-revestimento-para-cozinha.-696x398.jpg 696w, https:\/\/www.aarquiteta.com.br\/blog\/wp-content\/uploads\/2022\/02\/Dicas-de-revestimento-para-cozinha.-150x86.jpg 150w\" sizes=\"(max-width: 700px) 100vw, 700px\" \/><figcaption id=\"caption-attachment-43273\" class=\"wp-caption-text\">Voc\u00ea quer utilizar revestimento 3D na decora\u00e7\u00e3o, mas tem medo de errar na m\u00e3o? Confira dicas de utilizar sem pesar no visual!<\/figcaption><\/figure><p>&nbsp;<\/p><p>Atualmente est\u00e1 muito em alta utilizar revestimento 3D para decorar a cozinha, use de criatividade e deixe-se levar por este estilo de revestimento de paredes:<\/p><figure id=\"attachment_41235\" aria-describedby=\"caption-attachment-41235\" style=\"width: 700px\" class=\"wp-caption alignnone\"><img decoding=\"async\" class=\"wp-image-41235 size-full\" style=\"font-weight: bold; background-color: initial; color: #767676;\" src=\"https:\/\/www.aarquiteta.com.br\/blog\/wp-content\/uploads\/2022\/01\/decoracao-estilo-industrial3.jpg\" alt=\"Decora\u00e7\u00e3o estilo industrial: cozinha\u00a0\" width=\"700\" height=\"400\" title=\"\" srcset=\"https:\/\/www.aarquiteta.com.br\/blog\/wp-content\/uploads\/2022\/01\/decoracao-estilo-industrial3.jpg 700w, https:\/\/www.aarquiteta.com.br\/blog\/wp-content\/uploads\/2022\/01\/decoracao-estilo-industrial3-696x398.jpg 696w, https:\/\/www.aarquiteta.com.br\/blog\/wp-content\/uploads\/2022\/01\/decoracao-estilo-industrial3-150x86.jpg 150w\" sizes=\"(max-width: 700px) 100vw, 700px\" \/><figcaption id=\"caption-attachment-41235\" class=\"wp-caption-text\">Como utilizar tijolinho aparente na decora\u00e7\u00e3o da sua casa? Veja tamb\u00e9m como utilizar o tijolinho branco!<\/figcaption><\/figure><h2>Arm\u00e1rios modernos:<\/h2><p>O estilo de decora\u00e7\u00e3o moderno dos arm\u00e1rios muitas vezes tamb\u00e9m nos remete ao mobili\u00e1rio dos anos 80\/90 pois fazem parte das inspira\u00e7\u00f5es no movimento chamado modernismo que tinha como foco principal a simplicidade e funcionalidade dos espa\u00e7os.<\/p><p>Atualmente encontramos projetos com o mesmo conceito, por\u00e9m repaginados para os dias atuais.<\/p><figure id=\"attachment_40440\" aria-describedby=\"caption-attachment-40440\" style=\"width: 701px\" class=\"wp-caption alignnone\"><img decoding=\"async\" class=\"wp-image-40440 size-full\" src=\"https:\/\/www.aarquiteta.com.br\/blog\/wp-content\/uploads\/2022\/01\/1-12_2-3.jpg\" alt=\"Como ter uma cozinha luxuosa?\" width=\"701\" height=\"400\" title=\"\" srcset=\"https:\/\/www.aarquiteta.com.br\/blog\/wp-content\/uploads\/2022\/01\/1-12_2-3.jpg 701w, https:\/\/www.aarquiteta.com.br\/blog\/wp-content\/uploads\/2022\/01\/1-12_2-3-696x397.jpg 696w, https:\/\/www.aarquiteta.com.br\/blog\/wp-content\/uploads\/2022\/01\/1-12_2-3-150x86.jpg 150w\" sizes=\"(max-width: 701px) 100vw, 701px\" \/><figcaption id=\"caption-attachment-40440\" class=\"wp-caption-text\">Como escolher cadeiras e banquetas? Dicas para escolher o modelo ideal para sua casa!<\/figcaption><\/figure><p><img decoding=\"async\" class=\"alignnone wp-image-34757 size-large\" src=\"https:\/\/www.aarquiteta.com.br\/blog\/wp-content\/uploads\/2021\/10\/Marble-effect-kitchen-tops-683x1024.jpg\" alt=\"\" width=\"640\" height=\"960\" title=\"\"><\/p><figure id=\"attachment_34752-2\" aria-describedby=\"caption-attachment-34752-2\" style=\"width: 563px\" class=\"wp-caption alignnone\"><img decoding=\"async\" class=\"wp-image-34752 size-full\" src=\"https:\/\/www.aarquiteta.com.br\/blog\/wp-content\/uploads\/2021\/10\/100-Kitchen-Design-Remodeling-Ideas.jpg\" alt=\"\" width=\"563\" height=\"818\" title=\"\" srcset=\"https:\/\/www.aarquiteta.com.br\/blog\/wp-content\/uploads\/2021\/10\/100-Kitchen-Design-Remodeling-Ideas.jpg 563w, https:\/\/www.aarquiteta.com.br\/blog\/wp-content\/uploads\/2021\/10\/100-Kitchen-Design-Remodeling-Ideas-150x218.jpg 150w\" sizes=\"(max-width: 563px) 100vw, 563px\" \/><figcaption id=\"caption-attachment-34752-2\" class=\"wp-caption-text\"><a href=\"https:\/\/www.aarquiteta.com.br\/blog\/?s=ILUMINA%C3%87%C3%83O\">Ilumina\u00e7\u00e3o<\/a> para cozinha, confira os pendentes mais indicados, incluindo pendente aramado em alta no momento!<\/figcaption><\/figure><h2>Cozinhas planejadas modernas e sofisticadas:<\/h2><p>As cozinhas planejadas sofisticadas s\u00e3o as que mais chamam a aten\u00e7\u00e3o. Elas utilizam muitos elementos modernos e principalmente adotam a tecnologia e eletrodom\u00e9sticos\u00a0 de \u00faltima gera\u00e7\u00e3o.<\/p><p>Geralmente \u00e9 um estilo mais limpo, sem muitos elementos decorativos focando na decora\u00e7\u00e3o dos contrastes entre materiais como a madeira e o in\u00f3x.<\/p><figure id=\"attachment_34747\" aria-describedby=\"caption-attachment-34747\" style=\"width: 730px\" class=\"wp-caption alignnone\"><img decoding=\"async\" class=\"wp-image-34747 size-full\" src=\"https:\/\/www.aarquiteta.com.br\/blog\/wp-content\/uploads\/2021\/10\/cozinha-planejada.jpg\" alt=\"\" width=\"730\" height=\"515\" title=\"\" srcset=\"https:\/\/www.aarquiteta.com.br\/blog\/wp-content\/uploads\/2021\/10\/cozinha-planejada.jpg 730w, https:\/\/www.aarquiteta.com.br\/blog\/wp-content\/uploads\/2021\/10\/cozinha-planejada-696x491.jpg 696w, https:\/\/www.aarquiteta.com.br\/blog\/wp-content\/uploads\/2021\/10\/cozinha-planejada-150x106.jpg 150w\" sizes=\"(max-width: 730px) 100vw, 730px\" \/><figcaption id=\"caption-attachment-34747\" class=\"wp-caption-text\">Cozinha moderna com aplica\u00e7\u00f5es de texturas 3D.<\/figcaption><\/figure><figure id=\"attachment_33561\" aria-describedby=\"caption-attachment-33561\" style=\"width: 640px\" class=\"wp-caption alignnone\"><img decoding=\"async\" class=\"wp-image-33561 size-large\" src=\"https:\/\/www.aarquiteta.com.br\/blog\/wp-content\/uploads\/2020\/06\/Cozinha_moderna_com_balc\u00e3o_preto-1024x576.jpg\" alt=\"\" width=\"640\" height=\"360\" title=\"\" srcset=\"https:\/\/www.aarquiteta.com.br\/blog\/wp-content\/uploads\/2020\/06\/Cozinha_moderna_com_balc\u00e3o_preto-1024x576.jpg 1024w, https:\/\/www.aarquiteta.com.br\/blog\/wp-content\/uploads\/2020\/06\/Cozinha_moderna_com_balc\u00e3o_preto-696x392.jpg 696w, https:\/\/www.aarquiteta.com.br\/blog\/wp-content\/uploads\/2020\/06\/Cozinha_moderna_com_balc\u00e3o_preto-150x84.jpg 150w, https:\/\/www.aarquiteta.com.br\/blog\/wp-content\/uploads\/2020\/06\/Cozinha_moderna_com_balc\u00e3o_preto.jpg 1536w\" sizes=\"(max-width: 640px) 100vw, 640px\" \/><figcaption id=\"caption-attachment-33561\" class=\"wp-caption-text\">Como escolher banquetas? Dicas para escolher o modelo ideal para sua casa!<\/figcaption><\/figure><figure id=\"attachment_33559\" aria-describedby=\"caption-attachment-33559\" style=\"width: 1536px\" class=\"wp-caption alignnone\"><img decoding=\"async\" class=\"wp-image-33559 size-full\" src=\"https:\/\/www.aarquiteta.com.br\/blog\/wp-content\/uploads\/2020\/06\/Espa\u00e7o_com_dois_ambientes_sala_de_estar_e_cozinha.jpg\" alt=\"\" width=\"1536\" height=\"864\" title=\"\" srcset=\"https:\/\/www.aarquiteta.com.br\/blog\/wp-content\/uploads\/2020\/06\/Espa\u00e7o_com_dois_ambientes_sala_de_estar_e_cozinha.jpg 1536w, https:\/\/www.aarquiteta.com.br\/blog\/wp-content\/uploads\/2020\/06\/Espa\u00e7o_com_dois_ambientes_sala_de_estar_e_cozinha-1024x576.jpg 1024w, https:\/\/www.aarquiteta.com.br\/blog\/wp-content\/uploads\/2020\/06\/Espa\u00e7o_com_dois_ambientes_sala_de_estar_e_cozinha-696x392.jpg 696w, https:\/\/www.aarquiteta.com.br\/blog\/wp-content\/uploads\/2020\/06\/Espa\u00e7o_com_dois_ambientes_sala_de_estar_e_cozinha-150x84.jpg 150w\" sizes=\"(max-width: 1536px) 100vw, 1536px\" \/><figcaption id=\"caption-attachment-33559\" class=\"wp-caption-text\">Como escolher o <a href=\"https:\/\/www.aarquiteta.com.br\/blog\/?s=SOFA\">sof\u00e1<\/a> ideal para sua casa? Confira as dicas at\u00e9 para usar sof\u00e1 capiton\u00ea!<\/figcaption><\/figure><figure id=\"attachment_33125\" aria-describedby=\"caption-attachment-33125\" style=\"width: 807px\" class=\"wp-caption alignnone\"><img decoding=\"async\" class=\"wp-image-33125 size-full\" src=\"https:\/\/www.aarquiteta.com.br\/blog\/wp-content\/uploads\/2020\/04\/Espa\u00e7o_dividido_em_cozinha_banheiro_e_quarto.jpg\" alt=\"\" width=\"807\" height=\"611\" title=\"\" srcset=\"https:\/\/www.aarquiteta.com.br\/blog\/wp-content\/uploads\/2020\/04\/Espa\u00e7o_dividido_em_cozinha_banheiro_e_quarto.jpg 807w, https:\/\/www.aarquiteta.com.br\/blog\/wp-content\/uploads\/2020\/04\/Espa\u00e7o_dividido_em_cozinha_banheiro_e_quarto-696x527.jpg 696w, https:\/\/www.aarquiteta.com.br\/blog\/wp-content\/uploads\/2020\/04\/Espa\u00e7o_dividido_em_cozinha_banheiro_e_quarto-150x114.jpg 150w\" sizes=\"(max-width: 807px) 100vw, 807px\" \/><figcaption id=\"caption-attachment-33125\" class=\"wp-caption-text\">Como escolher cadeira para sua casa?<\/figcaption><\/figure><figure id=\"attachment_32974\" aria-describedby=\"caption-attachment-32974\" style=\"width: 1200px\" class=\"wp-caption alignnone\"><img decoding=\"async\" class=\"wp-image-32974 size-full\" src=\"https:\/\/www.aarquiteta.com.br\/blog\/wp-content\/uploads\/2020\/04\/Cozinha_com_uma_bancada_grande_cinza_e_tr\u00eas_lumin\u00e1rias_pretas.jpg\" alt=\"\" width=\"1200\" height=\"800\" title=\"\" srcset=\"https:\/\/www.aarquiteta.com.br\/blog\/wp-content\/uploads\/2020\/04\/Cozinha_com_uma_bancada_grande_cinza_e_tr\u00eas_lumin\u00e1rias_pretas.jpg 1200w, https:\/\/www.aarquiteta.com.br\/blog\/wp-content\/uploads\/2020\/04\/Cozinha_com_uma_bancada_grande_cinza_e_tr\u00eas_lumin\u00e1rias_pretas-1024x683.jpg 1024w, https:\/\/www.aarquiteta.com.br\/blog\/wp-content\/uploads\/2020\/04\/Cozinha_com_uma_bancada_grande_cinza_e_tr\u00eas_lumin\u00e1rias_pretas-696x464.jpg 696w, https:\/\/www.aarquiteta.com.br\/blog\/wp-content\/uploads\/2020\/04\/Cozinha_com_uma_bancada_grande_cinza_e_tr\u00eas_lumin\u00e1rias_pretas-150x100.jpg 150w\" sizes=\"(max-width: 1200px) 100vw, 1200px\" \/><figcaption id=\"caption-attachment-32974\" class=\"wp-caption-text\">Ilumina\u00e7\u00e3o para cozinha, confira os pendentes mais indicados, incluindo pendente aramado em alta no momento!<\/figcaption><\/figure><h2>Fotos de cozinhas:<\/h2><p>Confira mais alguns projetos de cozinha e inspire-se na hora de decorar a sua casa!<\/p><p><img decoding=\"async\" class=\"alignnone wp-image-26837 size-full\" src=\"https:\/\/www.aarquiteta.com.br\/blog\/wp-content\/uploads\/2019\/07\/cozinha_com_dois_lustres.jpg\" alt=\"Decora\u00e7\u00e3o de cozinhas utilizando quadro negro!\" width=\"800\" height=\"748\" title=\"\" srcset=\"https:\/\/www.aarquiteta.com.br\/blog\/wp-content\/uploads\/2019\/07\/cozinha_com_dois_lustres.jpg 800w, https:\/\/www.aarquiteta.com.br\/blog\/wp-content\/uploads\/2019\/07\/cozinha_com_dois_lustres-696x651.jpg 696w, https:\/\/www.aarquiteta.com.br\/blog\/wp-content\/uploads\/2019\/07\/cozinha_com_dois_lustres-150x140.jpg 150w\" sizes=\"(max-width: 800px) 100vw, 800px\" \/><\/p><p><img decoding=\"async\" class=\"alignnone wp-image-26796 size-full\" src=\"https:\/\/www.aarquiteta.com.br\/blog\/wp-content\/uploads\/2019\/07\/cozinha_com_destaque_de_fundo_madeira.jpg\" alt=\"\" width=\"851\" height=\"600\" title=\"\" srcset=\"https:\/\/www.aarquiteta.com.br\/blog\/wp-content\/uploads\/2019\/07\/cozinha_com_destaque_de_fundo_madeira.jpg 851w, https:\/\/www.aarquiteta.com.br\/blog\/wp-content\/uploads\/2019\/07\/cozinha_com_destaque_de_fundo_madeira-696x491.jpg 696w, https:\/\/www.aarquiteta.com.br\/blog\/wp-content\/uploads\/2019\/07\/cozinha_com_destaque_de_fundo_madeira-150x106.jpg 150w\" sizes=\"(max-width: 851px) 100vw, 851px\" \/><\/p><p><img decoding=\"async\" class=\"alignnone wp-image-26585 size-full\" src=\"https:\/\/www.aarquiteta.com.br\/blog\/wp-content\/uploads\/2019\/07\/Cozinha_moderna_bancada_na_cor_ouro.jpg\" alt=\"\" width=\"805\" height=\"603\" title=\"\" srcset=\"https:\/\/www.aarquiteta.com.br\/blog\/wp-content\/uploads\/2019\/07\/Cozinha_moderna_bancada_na_cor_ouro.jpg 805w, https:\/\/www.aarquiteta.com.br\/blog\/wp-content\/uploads\/2019\/07\/Cozinha_moderna_bancada_na_cor_ouro-696x521.jpg 696w, https:\/\/www.aarquiteta.com.br\/blog\/wp-content\/uploads\/2019\/07\/Cozinha_moderna_bancada_na_cor_ouro-150x112.jpg 150w\" sizes=\"(max-width: 805px) 100vw, 805px\" \/><\/p><p><img decoding=\"async\" class=\"alignnone wp-image-26299 size-full\" src=\"https:\/\/www.aarquiteta.com.br\/blog\/wp-content\/uploads\/2019\/06\/Cozinha_pb_piso_madeira_natural.jpg\" alt=\"\" width=\"800\" height=\"600\" title=\"\" srcset=\"https:\/\/www.aarquiteta.com.br\/blog\/wp-content\/uploads\/2019\/06\/Cozinha_pb_piso_madeira_natural.jpg 800w, https:\/\/www.aarquiteta.com.br\/blog\/wp-content\/uploads\/2019\/06\/Cozinha_pb_piso_madeira_natural-696x522.jpg 696w, https:\/\/www.aarquiteta.com.br\/blog\/wp-content\/uploads\/2019\/06\/Cozinha_pb_piso_madeira_natural-150x113.jpg 150w\" sizes=\"(max-width: 800px) 100vw, 800px\" \/><\/p><h3>Decora\u00e7\u00e3o para cozinhas:<\/h3><p>Utilizamos muito nas cozinhas elementos em palha como os cestos de palha para armazenar ou servir p\u00e3es.<\/p><figure id=\"attachment_42701\" aria-describedby=\"caption-attachment-42701\" style=\"width: 700px\" class=\"wp-caption alignnone\"><img decoding=\"async\" class=\"wp-image-42701 size-full\" src=\"https:\/\/www.aarquiteta.com.br\/blog\/wp-content\/uploads\/2022\/02\/Como-decorar-parede-cozinha-com-tijolinhos55.jpg\" alt=\"Decorar parede cozinha com tijolinhos\" width=\"700\" height=\"400\" title=\"\" srcset=\"https:\/\/www.aarquiteta.com.br\/blog\/wp-content\/uploads\/2022\/02\/Como-decorar-parede-cozinha-com-tijolinhos55.jpg 700w, https:\/\/www.aarquiteta.com.br\/blog\/wp-content\/uploads\/2022\/02\/Como-decorar-parede-cozinha-com-tijolinhos55-696x398.jpg 696w, https:\/\/www.aarquiteta.com.br\/blog\/wp-content\/uploads\/2022\/02\/Como-decorar-parede-cozinha-com-tijolinhos55-150x86.jpg 150w\" sizes=\"(max-width: 700px) 100vw, 700px\" \/><figcaption id=\"caption-attachment-42701\" class=\"wp-caption-text\">Como utilizar prateleiras para decorar e organizar uma cozinha pequena!<\/figcaption><\/figure><p>Algumas plantas para interiores ou at\u00e9 mesmo plantas artificiais r\u00fasticas tamb\u00e9m s\u00e3o utilizadas na decora\u00e7\u00e3o de cozinhas.<\/p><figure id=\"attachment_49107\" aria-describedby=\"caption-attachment-49107\" style=\"width: 700px\" class=\"wp-caption alignnone\"><img decoding=\"async\" class=\"wp-image-49107 size-full\" src=\"https:\/\/www.aarquiteta.com.br\/blog\/wp-content\/uploads\/2022\/03\/Dicas-de-modelos-de-torneira-para-cozinha..jpg\" alt=\"Dicas de modelos de torneira para cozinha.\" width=\"700\" height=\"400\" title=\"\" srcset=\"https:\/\/www.aarquiteta.com.br\/blog\/wp-content\/uploads\/2022\/03\/Dicas-de-modelos-de-torneira-para-cozinha..jpg 700w, https:\/\/www.aarquiteta.com.br\/blog\/wp-content\/uploads\/2022\/03\/Dicas-de-modelos-de-torneira-para-cozinha.-696x398.jpg 696w, https:\/\/www.aarquiteta.com.br\/blog\/wp-content\/uploads\/2022\/03\/Dicas-de-modelos-de-torneira-para-cozinha.-150x86.jpg 150w\" sizes=\"(max-width: 700px) 100vw, 700px\" \/><figcaption id=\"caption-attachment-49107\" class=\"wp-caption-text\">Plantas para interiores &#8211; confira quais s\u00e3o melhores plantas para decorar sua casa!<\/figcaption><\/figure><h3>Torneira Gourmet:<\/h3><p>As torneiras Gourmet s\u00e3o modelos de torneira mais refinadas que chamam a aten\u00e7\u00e3o por seu uso livre de movimentos, facilitando a vida das donas de casa.<\/p><p>Tem um \u2018design\u2019 mais requintado e inspira-se nas cozinhas industriais, onde a torneira necessita de ser mais regul\u00e1vel e dur\u00e1vel.<\/p><figure id=\"attachment_41660\" aria-describedby=\"caption-attachment-41660\" style=\"width: 700px\" class=\"wp-caption alignnone\"><img decoding=\"async\" class=\"wp-image-41660 size-full\" src=\"https:\/\/www.aarquiteta.com.br\/blog\/wp-content\/uploads\/2021\/11\/pias-de-cozinha.jpg\" alt=\"pias de cozinha\" width=\"700\" height=\"400\" title=\"\" srcset=\"https:\/\/www.aarquiteta.com.br\/blog\/wp-content\/uploads\/2021\/11\/pias-de-cozinha.jpg 700w, https:\/\/www.aarquiteta.com.br\/blog\/wp-content\/uploads\/2021\/11\/pias-de-cozinha-696x398.jpg 696w, https:\/\/www.aarquiteta.com.br\/blog\/wp-content\/uploads\/2021\/11\/pias-de-cozinha-150x86.jpg 150w\" sizes=\"(max-width: 700px) 100vw, 700px\" \/><figcaption id=\"caption-attachment-41660\" class=\"wp-caption-text\">Torneira Gourmet &#8211; Dicas de como usar em sua cozinha.<\/figcaption><\/figure><figure id=\"attachment_10135\" aria-describedby=\"caption-attachment-10135\" style=\"width: 998px\" class=\"wp-caption alignnone\"><img decoding=\"async\" class=\"wp-image-10135 size-full\" src=\"https:\/\/www.aarquiteta.com.br\/blog\/wp-content\/uploads\/2017\/03\/torneira-krauss.jpg\" alt=\"\" width=\"998\" height=\"715\" title=\"\" srcset=\"https:\/\/www.aarquiteta.com.br\/blog\/wp-content\/uploads\/2017\/03\/torneira-krauss.jpg 998w, https:\/\/www.aarquiteta.com.br\/blog\/wp-content\/uploads\/2017\/03\/torneira-krauss-696x499.jpg 696w, https:\/\/www.aarquiteta.com.br\/blog\/wp-content\/uploads\/2017\/03\/torneira-krauss-150x107.jpg 150w\" sizes=\"(max-width: 998px) 100vw, 998px\" \/><figcaption id=\"caption-attachment-10135\" class=\"wp-caption-text\">Torneira Gourmet &#8211; Dicas de como usar em sua cozinha.<\/figcaption><\/figure><figure id=\"attachment_7465\" aria-describedby=\"caption-attachment-7465\" style=\"width: 640px\" class=\"wp-caption alignnone\"><img decoding=\"async\" class=\"wp-image-7465 size-large\" src=\"https:\/\/www.aarquiteta.com.br\/blog\/wp-content\/uploads\/2016\/03\/torneira-gourmet-cromada-com-filtro-exemplo02-997x1024.jpg\" alt=\"\" width=\"640\" height=\"657\" title=\"\" srcset=\"https:\/\/www.aarquiteta.com.br\/blog\/wp-content\/uploads\/2016\/03\/torneira-gourmet-cromada-com-filtro-exemplo02-997x1024.jpg 997w, https:\/\/www.aarquiteta.com.br\/blog\/wp-content\/uploads\/2016\/03\/torneira-gourmet-cromada-com-filtro-exemplo02-696x715.jpg 696w, https:\/\/www.aarquiteta.com.br\/blog\/wp-content\/uploads\/2016\/03\/torneira-gourmet-cromada-com-filtro-exemplo02-150x154.jpg 150w, https:\/\/www.aarquiteta.com.br\/blog\/wp-content\/uploads\/2016\/03\/torneira-gourmet-cromada-com-filtro-exemplo02.jpg 1000w\" sizes=\"(max-width: 640px) 100vw, 640px\" \/><figcaption id=\"caption-attachment-7465\" class=\"wp-caption-text\">Torneira Gourmet &#8211; Dicas de como usar em sua cozinha.<\/figcaption><\/figure><pre>ATEN\u00c7\u00c3O: Artigo inspirado nos textos originais de Decortips e Tips.com. Imagens e Projetos n\u00e3o autorais, sendo todos os direitos reservados aos seus respectivos produtores. Sugest\u00e3o de aplica\u00e7\u00e3o e utiliza\u00e7\u00e3o dos produtos apenas por recomenda\u00e7\u00e3o por similaridade, sendo a venda e entrega dos mesmos de total responsabilidade do site distribuidor.<\/pre><h3>E a\u00ed, gostou das dicas sobre cozinha moderna?<\/h3><p>Ent\u00e3o deslize a tela para baixo e<a href=\"https:\/\/br.pinterest.com\/aarquitetapinterest\/_created\/\" target=\"_blank\" rel=\"noopener\"> confira mais dicas<\/a> como esta e n\u00e3o se esque\u00e7a de compartilhar com os amigos!<\/p><p>Quer mais dicas sobre o mundo da Arquitetura e Decora\u00e7\u00e3o, ent\u00e3o confira alguns dos nossos artigos em:<\/p><ul><li><a href=\"https:\/\/www.aarquiteta.com.br\/blog\/paisagismo\/\" target=\"_blank\" rel=\"noopener\">Casa e Jardim<\/a><\/li><li><a href=\"https:\/\/www.aarquiteta.com.br\/blog\/arquitetura\/mundo-arquitetura\/\" target=\"_blank\" rel=\"noopener\">Mundo Arquitetura<\/a><\/li><li><a href=\"https:\/\/www.aarquiteta.com.br\/decoracao\/\" target=\"_blank\" rel=\"noopener\">Decora\u00e7\u00e3o<br \/>\n<\/a><\/li><\/ul>","protected":false},"excerpt":{"rendered":"<p>Uma cozinha moderna pequena possui linhas fortes, (decora\u00e7\u00e3o) muito sutil, simplicidade e eleg\u00e2ncia \u2014 tudo isso descreve uma cozinha de estilo moderno.Se alguma dessas descri\u00e7\u00f5es despertar seu interesse, continue lendo nossas 10 dicas b\u00e1sicas para projetar sua pr\u00f3pria cozinha de estilo moderno.Cozinha moderna pequena ou contempor\u00e2nea.Moderno e contempor\u00e2neo s\u00e3o coisas diferentes.A primeira coisa: qual \u00e9 [&hellip;]<\/p>\n","protected":false},"author":102,"featured_media":34751,"comment_status":"open","ping_status":"closed","sticky":false,"template":"","format":"standard","meta":{"footnotes":""},"categories":[1484,18754],"tags":[13995,13997,13996],"class_list":["post-51243","post","type-post","status-publish","format-standard","has-post-thumbnail","category-decoracao","category-decoracao-de-cozinha","tag-como-decorar-uma-cozinha","tag-como-fazer-uma-reforma-de-cozinha","tag-decoracao-de-cozinha-moderna"],"_wp_attached_file":null,"_wp_attachment_metadata":null,"_wp_attachment_context":null,"_wp_attachment_is_custom_header":null,"geo_longitude":null,"geo_public":null,"geo_latitude":null,"_publicize_done_external":null,"_wpas_done_3897181":null,"publicize_twitter_user":null,"_wpas_done_3897175":null,"_wpas_skip_3897181":null,"_wpas_skip_3897175":null,"_wpas_skip_3924723":null,"_wpas_mess":null,"_wpas_done_3924723":null,"wps_subtitle":"Confira as melhores dicas de Decora\u00e7\u00e3o que separamos para voc\u00ea decorar sua casa e deix\u00e1-la ainda mais aconchegante!","_links":{"self":[{"href":"https:\/\/www.aarquiteta.com.br\/blog\/wp-json\/wp\/v2\/posts\/51243","targetHints":{"allow":["GET"]}}],"collection":[{"href":"https:\/\/www.aarquiteta.com.br\/blog\/wp-json\/wp\/v2\/posts"}],"about":[{"href":"https:\/\/www.aarquiteta.com.br\/blog\/wp-json\/wp\/v2\/types\/post"}],"author":[{"embeddable":true,"href":"https:\/\/www.aarquiteta.com.br\/blog\/wp-json\/wp\/v2\/users\/102"}],"replies":[{"embeddable":true,"href":"https:\/\/www.aarquiteta.com.br\/blog\/wp-json\/wp\/v2\/comments?post=51243"}],"version-history":[{"count":0,"href":"https:\/\/www.aarquiteta.com.br\/blog\/wp-json\/wp\/v2\/posts\/51243\/revisions"}],"wp:featuredmedia":[{"embeddable":true,"href":"https:\/\/www.aarquiteta.com.br\/blog\/wp-json\/wp\/v2\/media\/34751"}],"wp:attachment":[{"href":"https:\/\/www.aarquiteta.com.br\/blog\/wp-json\/wp\/v2\/media?parent=51243"}],"wp:term":[{"taxonomy":"category","embeddable":true,"href":"https:\/\/www.aarquiteta.com.br\/blog\/wp-json\/wp\/v2\/categories?post=51243"},{"taxonomy":"post_tag","embeddable":true,"href":"https:\/\/www.aarquiteta.com.br\/blog\/wp-json\/wp\/v2\/tags?post=51243"}],"curies":[{"name":"wp","href":"https:\/\/api.w.org\/{rel}","templated":true}]}}