{"id":51064,"date":"2022-04-04T13:03:50","date_gmt":"2022-04-04T16:03:50","guid":{"rendered":"http:\/\/aarquiteta.com.br\/?p=51064"},"modified":"2023-07-18T14:24:39","modified_gmt":"2023-07-18T17:24:39","slug":"a-tendencia-upcycling-na-decoracao","status":"publish","type":"post","link":"https:\/\/www.aarquiteta.com.br\/blog\/a-tendencia-upcycling-na-decoracao\/","title":{"rendered":"Voc\u00ea j\u00e1 conhece a tend\u00eancia upcycling na decora\u00e7\u00e3o?"},"content":{"rendered":"<p>&nbsp;<\/p>\n<p><img decoding=\"async\" class=\"alignnone wp-image-51066 size-full\" title=\"Voc\u00ea j\u00e1 conhece a tend\u00eancia upcycling na decora\u00e7\u00e3o?\" src=\"https:\/\/www.aarquiteta.com.br\/blog\/wp-content\/uploads\/2022\/04\/Voce-ja-conhece-a-tendencia-upcycling-na-decoracao.jpg\" alt=\"Voc\u00ea j\u00e1 conhece a tend\u00eancia upcycling na decora\u00e7\u00e3o?\" width=\"700\" height=\"400\" srcset=\"https:\/\/www.aarquiteta.com.br\/blog\/wp-content\/uploads\/2022\/04\/Voce-ja-conhece-a-tendencia-upcycling-na-decoracao.jpg 700w, https:\/\/www.aarquiteta.com.br\/blog\/wp-content\/uploads\/2022\/04\/Voce-ja-conhece-a-tendencia-upcycling-na-decoracao-696x398.jpg 696w, https:\/\/www.aarquiteta.com.br\/blog\/wp-content\/uploads\/2022\/04\/Voce-ja-conhece-a-tendencia-upcycling-na-decoracao-150x86.jpg 150w\" sizes=\"(max-width: 700px) 100vw, 700px\" \/><\/p>\n<p>Voc\u00ea j\u00e1 conhece a tend\u00eancia upcycling na decora\u00e7\u00e3o?<\/p>\n<p>A tend\u00eancia do upcycling se tornou popular tanto na moda quanto na decora\u00e7\u00e3o de interiores.<\/p>\n<p>Isso porque, h\u00e1 um interesse crescente em desenvolver estrat\u00e9gias sustent\u00e1veis \u200b\u200bque usem recursos sem gerar muito desperd\u00edcio.<\/p>\n<p>Se voc\u00ea nunca ouviu esse termo antes, com certeza j\u00e1 ouviu o termo de &#8220;reutiliza\u00e7\u00e3o criativa&#8221;.<\/p>\n<p>Agora, voc\u00ea pode definitivamente ver como essa tend\u00eancia funciona.<\/p>\n<p>Sim, esta \u00e9 uma tend\u00eancia onde a imagina\u00e7\u00e3o domina e, claro, uma medida ecol\u00f3gica.<\/p>\n<p>S\u00e3o ecologicamente sustent\u00e1veis, resultado do reaproveitamento de materiais que seriam descartados, f\u00e1ceis de serem confeccionados, garantem economia, pois voc\u00ea evita gastos com m\u00f3veis novos, pe\u00e7as personalizadas originais e al\u00e9m de, exclusivos.<\/p>\n<p>Por isso, separamos nesse post as melhores tend\u00eancias para quem quer ficar antenado, voc\u00ea j\u00e1 conhece a tend\u00eancia upcycling na decora\u00e7\u00e3o? Confira nesse post!<\/p>\n<p><strong>Ah, voc\u00ea gosta de decora\u00e7\u00e3o e quer umas dicas extras sobre o tema? Ent\u00e3o assista este v\u00eddeo abaixo:<\/strong><\/p>\n<div class=\"youtube-embed\" data-video_id=\"Q4PUm6-3L-0\"><iframe title=\"Decore f\u00e1cil \u2014 10 coisas que voc\u00ea deve evitar ao m\u00e1ximo na decora\u00e7\u00e3o da sua casa!\" width=\"696\" height=\"392\" src=\"https:\/\/www.youtube.com\/embed\/Q4PUm6-3L-0?feature=oembed&#038;enablejsapi=1\" frameborder=\"0\" allow=\"accelerometer; autoplay; clipboard-write; encrypted-media; gyroscope; picture-in-picture; web-share\" allowfullscreen><\/iframe><\/div>\n<h3><\/h3>\n<h3>Voc\u00ea j\u00e1 conhece a tend\u00eancia upcycling na decora\u00e7\u00e3o?<\/h3>\n<p><img decoding=\"async\" class=\"alignnone wp-image-51067 size-full\" title=\"Voc\u00ea j\u00e1 conhece a tend\u00eancia upcycling na decora\u00e7\u00e3o?\" src=\"https:\/\/www.aarquiteta.com.br\/blog\/wp-content\/uploads\/2022\/04\/Voce-ja-conhece-a-tendencia-upcycling-na-decoracao5.jpg\" alt=\"Voc\u00ea j\u00e1 conhece a tend\u00eancia upcycling na decora\u00e7\u00e3o?\" width=\"700\" height=\"400\" srcset=\"https:\/\/www.aarquiteta.com.br\/blog\/wp-content\/uploads\/2022\/04\/Voce-ja-conhece-a-tendencia-upcycling-na-decoracao5.jpg 700w, https:\/\/www.aarquiteta.com.br\/blog\/wp-content\/uploads\/2022\/04\/Voce-ja-conhece-a-tendencia-upcycling-na-decoracao5-696x398.jpg 696w, https:\/\/www.aarquiteta.com.br\/blog\/wp-content\/uploads\/2022\/04\/Voce-ja-conhece-a-tendencia-upcycling-na-decoracao5-150x86.jpg 150w\" sizes=\"(max-width: 700px) 100vw, 700px\" \/><\/p>\n<p>H\u00e1 v\u00e1rias linhas a seguir para reciclar um m\u00f3vel.<\/p>\n<p>Op\u00e7\u00f5es antigas s\u00e3o boas op\u00e7\u00f5es para serem renovadas, seja na estrutura em si, na pintura, entre outras caracter\u00edsticas.<\/p>\n<p>Ou seja, voc\u00ea pode moderniz\u00e1-las e ter uma pe\u00e7a exclusiva em sua casa.<\/p>\n<p>Al\u00e9m daquilo que voc\u00ea j\u00e1 tem em casa, h\u00e1 materiais descartados por ind\u00fastrias e com\u00e9rcios que tamb\u00e9m podem ser reutilizados.<\/p>\n<p>Os pallets s\u00e3o exemplos perfeitos.<\/p>\n<p>Extremamente vers\u00e1teis, s\u00e3o f\u00e1ceis de customizar e podem virar mesas, prateleiras, suportes, estrados de cama, etc.<\/p>\n<p>Do mesmo modo, h\u00e1 outras op\u00e7\u00f5es interessantes para reciclar:<\/p>\n<p>Lat\u00f5es e barris, podem virar uma mesa ap\u00f3s o processo de lixamento e pintura;<\/p>\n<p>Tubula\u00e7\u00f5es, servem como suportes para roupas, bases de lumin\u00e1rias, etc;<\/p>\n<p>T\u00e1buas de madeira, s\u00e3o materiais vers\u00e1teis que servem de base para v\u00e1rios m\u00f3veis;<\/p>\n<p>Caixotes de madeira, substituem estantes e arm\u00e1rios, sobretudo para o banheiro;<\/p>\n<p>Pneus, boa base para poltronas e mesas de centro;<\/p>\n<p>M\u00f3veis antigos, podem ser reciclados, receber uma nova pintura e outras t\u00e9cnicas de customiza\u00e7\u00e3o.<\/p>\n<h3>O que \u00e9 a tend\u00eancia de upcycling na decora\u00e7\u00e3o?<\/h3>\n<h3><img decoding=\"async\" class=\"alignnone size-full wp-image-46319\" src=\"https:\/\/www.aarquiteta.com.br\/blog\/wp-content\/uploads\/2022\/03\/Dicas-da-tendencia-upcycling-na-decoracao.3.jpg\" alt=\"Upcycling x reciclagem\" width=\"700\" height=\"400\" title=\"\" srcset=\"https:\/\/www.aarquiteta.com.br\/blog\/wp-content\/uploads\/2022\/03\/Dicas-da-tendencia-upcycling-na-decoracao.3.jpg 700w, https:\/\/www.aarquiteta.com.br\/blog\/wp-content\/uploads\/2022\/03\/Dicas-da-tendencia-upcycling-na-decoracao.3-696x398.jpg 696w, https:\/\/www.aarquiteta.com.br\/blog\/wp-content\/uploads\/2022\/03\/Dicas-da-tendencia-upcycling-na-decoracao.3-150x86.jpg 150w\" sizes=\"(max-width: 700px) 100vw, 700px\" \/><\/h3>\n<p>O que exatamente o upcycling inclui?<\/p>\n<p>Bem, trata-se de resgatar objetos ou materiais que aparentemente n\u00e3o servem mais para nada, dando-lhes novos usos com um pouco de criatividade.<\/p>\n<p>Ou, em outras palavras, envolve a convers\u00e3o de itens descartados em itens valiosos.<\/p>\n<h3>Upcycling x reciclagem<\/h3>\n<p><img decoding=\"async\" class=\"alignnone size-full wp-image-46318\" src=\"https:\/\/www.aarquiteta.com.br\/blog\/wp-content\/uploads\/2022\/03\/Dicas-da-tendencia-upcycling-na-decoracao.2.jpg\" alt=\"O que \u00e9 a tend\u00eancia upcycling na decora\u00e7\u00e3o\" width=\"700\" height=\"400\" title=\"\" srcset=\"https:\/\/www.aarquiteta.com.br\/blog\/wp-content\/uploads\/2022\/03\/Dicas-da-tendencia-upcycling-na-decoracao.2.jpg 700w, https:\/\/www.aarquiteta.com.br\/blog\/wp-content\/uploads\/2022\/03\/Dicas-da-tendencia-upcycling-na-decoracao.2-696x398.jpg 696w, https:\/\/www.aarquiteta.com.br\/blog\/wp-content\/uploads\/2022\/03\/Dicas-da-tendencia-upcycling-na-decoracao.2-150x86.jpg 150w\" sizes=\"(max-width: 700px) 100vw, 700px\" \/><\/p>\n<p>A princ\u00edpio, podemos pensar que upcycling e reciclagem s\u00e3o a mesma coisa, mas n\u00e3o s\u00e3o.<\/p>\n<p>Para diferenciar os dois conceitos, algumas nuances precisam ser esclarecidas:<\/p>\n<p>Upcycling: \u00c9 quando transformamos pallets de madeira em uma cama ou quando transformamos uma cal\u00e7a jeans em bolsa ou outro elemento fashion.<br \/>\nUpcycling n\u00e3o \u00e9 o mesmo que reciclar;<\/p>\n<p>Reciclagem: O papel usado, por meio de um processo, \u00e9 convertido em celulose para a fabrica\u00e7\u00e3o do papel kraft.<br \/>\nDurante a reciclagem, o material ou objeto original muitas vezes n\u00e3o \u00e9 t\u00e3o \u00f3bvio quanto o upcycling.<\/p>\n<h3>Upcycling em casa<\/h3>\n<p><img decoding=\"async\" class=\"alignnone size-full wp-image-46320\" src=\"https:\/\/www.aarquiteta.com.br\/blog\/wp-content\/uploads\/2022\/03\/Dicas-da-tendencia-upcycling-na-decoracao.5.jpg\" alt=\"Upcycling em casa\" width=\"700\" height=\"400\" title=\"\" srcset=\"https:\/\/www.aarquiteta.com.br\/blog\/wp-content\/uploads\/2022\/03\/Dicas-da-tendencia-upcycling-na-decoracao.5.jpg 700w, https:\/\/www.aarquiteta.com.br\/blog\/wp-content\/uploads\/2022\/03\/Dicas-da-tendencia-upcycling-na-decoracao.5-696x398.jpg 696w, https:\/\/www.aarquiteta.com.br\/blog\/wp-content\/uploads\/2022\/03\/Dicas-da-tendencia-upcycling-na-decoracao.5-150x86.jpg 150w\" sizes=\"(max-width: 700px) 100vw, 700px\" \/><\/p>\n<p>Garrafas de vidro: transforme-as em uma lumin\u00e1ria ou mesmo um pequeno vaso;<\/p>\n<p>Escada de obra: pode ser usado como estante, toalheiro, sapateira, cabide, rack de plantas, etc.<\/p>\n<p>Escadas decorativas s\u00e3o um dos itens mais populares atualmente.<\/p>\n<p>Sinta-se \u00e0 vontade para pint\u00e1-los e decor\u00e1-los de acordo com seu estilo de decora\u00e7\u00e3o;<\/p>\n<p>Caixas de frutas: transforme-as em prateleiras, mesas laterais, organizadores de cozinha, porta-revistas, c\u00f4modas infantis.<\/p>\n<p>Al\u00e9m de bandejas, eles tamb\u00e9m oferecem muitas op\u00e7\u00f5es decorativas;<\/p>\n<p>Garrafas pl\u00e1sticas: podem ser transformadas em diversos itens, como lindos vasos para jardins verticais.<\/p>\n<h2>Gostou das dicas de pr\u00f3s e contras de se ter uma m\u00e1quina lava e seca?<\/h2>\n<p>Ent\u00e3o, veja este v\u00eddeo abaixo sobre o que voc\u00ea deve evitar ao m\u00e1ximo quando o assunto \u00e9 decorar corretamente:<\/p>\n<div class=\"youtube-embed\" data-video_id=\"9PjhGXgCGLU\"><iframe title=\"Decore f\u00e1cil: O que \u00e9 decora\u00e7\u00e3o de ambientes?\" width=\"696\" height=\"392\" src=\"https:\/\/www.youtube.com\/embed\/9PjhGXgCGLU?start=14&#038;feature=oembed\" frameborder=\"0\" allow=\"accelerometer; autoplay; clipboard-write; encrypted-media; gyroscope; picture-in-picture; web-share\" allowfullscreen><\/iframe><\/div>\n<p>Ent\u00e3o, n\u00e3o deixe de acompanhar nosso blog, muitas dicas incr\u00edveis diariamente.<\/p>\n<p>Separamos as melhores dicas e tend\u00eancias do momento para sua casa ficar linda!<\/p>\n<p>Esperamos que essas dicas sejam muito \u00fateis e utilizem muito essas ideias preciosas.<\/p>\n<p>Escolha a pr\u00f3xima e boa leitura!<\/p>\n<p>&nbsp;<\/p>\n","protected":false},"excerpt":{"rendered":"<p>&nbsp; Voc\u00ea j\u00e1 conhece a tend\u00eancia upcycling na decora\u00e7\u00e3o? A tend\u00eancia do upcycling se tornou popular tanto na moda quanto na decora\u00e7\u00e3o de interiores. Isso porque, h\u00e1 um interesse crescente em desenvolver estrat\u00e9gias sustent\u00e1veis \u200b\u200bque usem recursos sem gerar muito desperd\u00edcio. Se voc\u00ea nunca ouviu esse termo antes, com certeza j\u00e1 ouviu o termo de [&hellip;]<\/p>\n","protected":false},"author":102,"featured_media":51066,"comment_status":"open","ping_status":"closed","sticky":false,"template":"","format":"standard","meta":{"footnotes":""},"categories":[971,18800],"tags":[15224,15226,15225],"class_list":["post-51064","post","type-post","status-publish","format-standard","has-post-thumbnail","category-design-de-interiores","category-estilo-vintage-na-decoracao","tag-dicas-da-tendencia-upcycling-na-decoracao","tag-tendencia-upcycling-na-decoracao","tag-upcycling-na-decoracao"],"_wp_attached_file":null,"_wp_attachment_metadata":null,"_wp_attachment_context":null,"_wp_attachment_is_custom_header":null,"geo_longitude":null,"geo_public":null,"geo_latitude":null,"_publicize_done_external":null,"_wpas_done_3897181":null,"publicize_twitter_user":null,"_wpas_done_3897175":null,"_wpas_skip_3897181":null,"_wpas_skip_3897175":null,"_wpas_skip_3924723":null,"_wpas_mess":null,"_wpas_done_3924723":null,"wps_subtitle":"Separamos nesse post as melhores tend\u00eancias para quem quer ficar antenado, voc\u00ea j\u00e1 conhece a tend\u00eancia upcycling na decora\u00e7\u00e3o? Confira nesse post!","_links":{"self":[{"href":"https:\/\/www.aarquiteta.com.br\/blog\/wp-json\/wp\/v2\/posts\/51064","targetHints":{"allow":["GET"]}}],"collection":[{"href":"https:\/\/www.aarquiteta.com.br\/blog\/wp-json\/wp\/v2\/posts"}],"about":[{"href":"https:\/\/www.aarquiteta.com.br\/blog\/wp-json\/wp\/v2\/types\/post"}],"author":[{"embeddable":true,"href":"https:\/\/www.aarquiteta.com.br\/blog\/wp-json\/wp\/v2\/users\/102"}],"replies":[{"embeddable":true,"href":"https:\/\/www.aarquiteta.com.br\/blog\/wp-json\/wp\/v2\/comments?post=51064"}],"version-history":[{"count":0,"href":"https:\/\/www.aarquiteta.com.br\/blog\/wp-json\/wp\/v2\/posts\/51064\/revisions"}],"wp:featuredmedia":[{"embeddable":true,"href":"https:\/\/www.aarquiteta.com.br\/blog\/wp-json\/wp\/v2\/media\/51066"}],"wp:attachment":[{"href":"https:\/\/www.aarquiteta.com.br\/blog\/wp-json\/wp\/v2\/media?parent=51064"}],"wp:term":[{"taxonomy":"category","embeddable":true,"href":"https:\/\/www.aarquiteta.com.br\/blog\/wp-json\/wp\/v2\/categories?post=51064"},{"taxonomy":"post_tag","embeddable":true,"href":"https:\/\/www.aarquiteta.com.br\/blog\/wp-json\/wp\/v2\/tags?post=51064"}],"curies":[{"name":"wp","href":"https:\/\/api.w.org\/{rel}","templated":true}]}}