{"id":50620,"date":"2022-04-30T15:00:52","date_gmt":"2022-04-30T18:00:52","guid":{"rendered":"http:\/\/aarquiteta.com.br\/?p=50620"},"modified":"2026-09-01T16:02:36","modified_gmt":"2026-09-01T19:02:36","slug":"como-escolher-corretamente-os-moveis-planejados-para-apartamentos","status":"publish","type":"post","link":"https:\/\/www.aarquiteta.com.br\/blog\/como-escolher-corretamente-os-moveis-planejados-para-apartamentos\/","title":{"rendered":"Como escolher corretamente os m\u00f3veis planejados para apartamentos"},"content":{"rendered":"<p><img decoding=\"async\" class=\"alignnone wp-image-26157 size-full\" title=\"moveis para apartamentos pequenos\" src=\"https:\/\/www.aarquiteta.com.br\/blog\/wp-content\/uploads\/2019\/06\/Como-aproveitar-cada-ponto-dos-microapartamentos2.jpg\" alt=\"moveis para apartamentos pequenos\" width=\"800\" height=\"541\" \/><\/p>\n<p>Em primeiro lugar, escolher m\u00f3veis sob medida para um apartamento pequeno n\u00e3o \u00e9 uma tarefa f\u00e1cil.<\/p>\n<p>Afinal, voc\u00ea precisa saber como usar corretamente cada cent\u00edmetro de espa\u00e7o dispon\u00edvel.<\/p>\n<p>Pensando nisso, confira os benef\u00edcios dos m\u00f3veis projetados para apartamentos pequenos, pois utilizar esse tipo de m\u00f3vel pode ser a melhor op\u00e7\u00e3o para esse ambiente.<\/p>\n<p>Depois de ler nosso artigo, voc\u00ea aprender\u00e1 como aproveitar ao m\u00e1ximo cada cent\u00edmetro de espa\u00e7o dispon\u00edvel e como e onde aproveit\u00e1-lo ao m\u00e1ximo.<\/p>\n<h3>O que s\u00e3o m\u00f3veis planejados?<\/h3>\n<p><img decoding=\"async\" class=\"alignnone wp-image-41922 size-full\" title=\"moveis para apartamentos pequenos\" src=\"https:\/\/www.aarquiteta.com.br\/blog\/wp-content\/uploads\/2022\/01\/Moveis-planejados-em-apartamentos-pequenos-04.jpg\" alt=\"A funcionalidade \u00e9 uma das melhores consequ\u00eancias\" width=\"700\" height=\"400\" srcset=\"https:\/\/www.aarquiteta.com.br\/blog\/wp-content\/uploads\/2022\/01\/Moveis-planejados-em-apartamentos-pequenos-04.jpg 700w, https:\/\/www.aarquiteta.com.br\/blog\/wp-content\/uploads\/2022\/01\/Moveis-planejados-em-apartamentos-pequenos-04-696x398.jpg 696w, https:\/\/www.aarquiteta.com.br\/blog\/wp-content\/uploads\/2022\/01\/Moveis-planejados-em-apartamentos-pequenos-04-150x86.jpg 150w\" sizes=\"(max-width: 700px) 100vw, 700px\" \/><\/p>\n<p>Os m\u00f3veis planejados t\u00eam esse nome porque foram planejados diretamente pelo fabricante.<\/p>\n<p>Os m\u00f3veis s\u00e3o produzidos em m\u00f3dulos fixos combinados (ou seja, padr\u00f5es predefinidos), reduzindo custos e aumentando a flexibilidade de produ\u00e7\u00e3o.<\/p>\n<p>Com m\u00f3veis planejados, os m\u00f3veis precisam se adaptar ao ambiente. Desta forma, os projetistas podem construir ambientes baseados em padr\u00f5es pr\u00e9-definidos j\u00e1 fornecidos pelos fabricantes.<\/p>\n<p>A desvantagem \u00e9 n\u00e3o conseguir atender a todos os detalhes de cada ambiente, n\u00e3o ter a liberdade de construir m\u00f3veis \u00fanicos e ambientes totalmente funcionais. Itens com m\u00f3veis planejados ser\u00e3o ancorados \u00e0 finalidade determinada pelo fabricante.<\/p>\n<h6><em>\u261e Cart\u00e3o de Cr\u00e9dito Santander SX &#8211; O cart\u00e3o do Estudante Universit\u00e1rio do Brasiiil!<\/em><\/h6>\n<p><em>Se voc\u00ea \u00e9 estudante universit\u00e1rio e est\u00e1 precisando de um <strong>cart\u00e3o de cr\u00e9dito<\/strong> voltado para as suas necessidades financeiras, <strong>sem comprova\u00e7\u00e3o de renda<\/strong> e com possibilidade de conseguir <strong>zero de taxa de anuidade<\/strong>, O Banco Santander tem o cart\u00e3o de cr\u00e9dito ideal para voc\u00ea!<\/em><\/p>\n<figure id=\"attachment_52327\" aria-describedby=\"caption-attachment-52327\" style=\"width: 1200px\" class=\"wp-caption aligncenter\"><a href=\"https:\/\/www.aarquiteta.com.br\/blog\/como-solicitar-cartao-de-credito-santander\/\" target=\"_blank\" rel=\"noopener\"><img decoding=\"async\" class=\"wp-image-52327 size-full\" title=\"Cart\u00e3o de Cr\u00e9dito Santander SX - O Cart\u00e3o do Estudante Universit\u00e1rio!\" src=\"https:\/\/www.aarquiteta.com.br\/blog\/wp-content\/uploads\/2022\/04\/cartao-de-credito-santander-sx.jpg\" alt=\"Cart\u00e3o de Cr\u00e9dito Santander SX - O Cart\u00e3o do Estudante Universit\u00e1rio!\" width=\"1200\" height=\"800\" srcset=\"https:\/\/www.aarquiteta.com.br\/blog\/wp-content\/uploads\/2022\/04\/cartao-de-credito-santander-sx.jpg 1200w, https:\/\/www.aarquiteta.com.br\/blog\/wp-content\/uploads\/2022\/04\/cartao-de-credito-santander-sx-1024x683.jpg 1024w, https:\/\/www.aarquiteta.com.br\/blog\/wp-content\/uploads\/2022\/04\/cartao-de-credito-santander-sx-696x464.jpg 696w, https:\/\/www.aarquiteta.com.br\/blog\/wp-content\/uploads\/2022\/04\/cartao-de-credito-santander-sx-150x100.jpg 150w\" sizes=\"(max-width: 1200px) 100vw, 1200px\" \/><\/a><figcaption id=\"caption-attachment-52327\" class=\"wp-caption-text\">Cart\u00e3o de Cr\u00e9dito Santander SX &#8211; O Cart\u00e3o do Estudante Universit\u00e1rio! <a href=\"https:\/\/www.aarquiteta.com.br\/blog\/como-solicitar-cartao-de-credito-santander\/\">Clique para saber mais!\u00a0<\/a> Veja como \u00e9 f\u00e1cil!<\/figcaption><\/figure>\n<p>&nbsp;<\/p>\n<p>Projetos mais elaborados s\u00f3 s\u00e3o poss\u00edveis atrav\u00e9s de m\u00f3veis planejados.<\/p>\n<h2>M\u00f3veis planejados para apartamentos pequenos<\/h2>\n<p>Ou seja, esse tipo de m\u00f3vel pode trazer praticidade para pequenos apartamentos.<\/p>\n<p>Al\u00e9m disso, permite maximizar o uso do espa\u00e7o dispon\u00edvel.<\/p>\n<p>Mas, afinal, esses benef\u00edcios valem a pena?<\/p>\n<p>Confira todos os benef\u00edcios abaixo:<\/p>\n<h3>Fun\u00e7\u00e3o<\/h3>\n<p><img decoding=\"async\" class=\"alignnone wp-image-26160 size-full\" title=\"moveis para apartamentos pequenos\" src=\"https:\/\/www.aarquiteta.com.br\/blog\/wp-content\/uploads\/2019\/06\/Como-aproveitar-cada-ponto-dos-microapartamentos5.jpg\" alt=\"moveis para apartamentos pequenos\" width=\"800\" height=\"529\" srcset=\"https:\/\/www.aarquiteta.com.br\/blog\/wp-content\/uploads\/2019\/06\/Como-aproveitar-cada-ponto-dos-microapartamentos5.jpg 800w, https:\/\/www.aarquiteta.com.br\/blog\/wp-content\/uploads\/2019\/06\/Como-aproveitar-cada-ponto-dos-microapartamentos5-696x460.jpg 696w, https:\/\/www.aarquiteta.com.br\/blog\/wp-content\/uploads\/2019\/06\/Como-aproveitar-cada-ponto-dos-microapartamentos5-150x99.jpg 150w\" sizes=\"(max-width: 800px) 100vw, 800px\" \/><\/p>\n<p>O principal benef\u00edcio da escolha desse tipo de m\u00f3vel \u00e9 a funcionalidade, pois proporcionam lidar facilmente com as rotinas di\u00e1rias.<\/p>\n<p>Portanto, evite quaisquer op\u00e7\u00f5es que n\u00e3o funcionem em tempo de execu\u00e7\u00e3o o risco de interferir\u00a0 e ocupar muito espa\u00e7o.<\/p>\n<h3>Integra\u00e7\u00e3o dos m\u00f3veis planejados para apartamentos:<\/h3>\n<p>Voc\u00ea quer dar \u00e0s pessoas uma sensa\u00e7\u00e3o de maior espa\u00e7o?<\/p>\n<p>Portanto, o ambiente integrado pode ser o melhor op\u00e7\u00e3o.<\/p>\n<p>Por exemplo, se a sala de estar e a cozinha s\u00e3o pequenas, por que n\u00e3o integr\u00e1-las?<\/p>\n<h6><em>\u261e Financiamento Imobili\u00e1rio:<\/em><\/h6>\n<p><em>Casa, apartamento, novo ou usado, a <a href=\"https:\/\/www.caixa.gov.br\/Paginas\/home-caixa.aspx\" target=\"_blank\" rel=\"noopener\">Caixa Econ\u00f4mica<\/a> tem a <strong>linha de cr\u00e9dito<\/strong> ideal para voc\u00ea!\u00a0\u00a0<\/em><em>O Sonho da casa pr\u00f3pria pode estar mais perto de se tornar realidade do que voc\u00ea imagina:<\/em><\/p>\n<figure id=\"attachment_53083\" aria-describedby=\"caption-attachment-53083\" style=\"width: 1920px\" class=\"wp-caption aligncenter\"><a href=\"https:\/\/www.aarquiteta.com.br\/blog\/financiamento-imobiliario-caixa-economica\/\" target=\"_blank\" rel=\"noopener\"><img decoding=\"async\" class=\"wp-image-53083 size-full\" title=\"Financiamento de Im\u00f3vel - Financie sua casa pela Caixa Econ\u00f4mica!\" src=\"https:\/\/www.aarquiteta.com.br\/blog\/wp-content\/uploads\/2022\/04\/financiamento-mobiliario-caixa-economica.jpg\" alt=\"Financiamento de Im\u00f3vel - Financie sua casa pela Caixa Econ\u00f4mica!\" width=\"1920\" height=\"1080\" srcset=\"https:\/\/www.aarquiteta.com.br\/blog\/wp-content\/uploads\/2022\/04\/financiamento-mobiliario-caixa-economica.jpg 1920w, https:\/\/www.aarquiteta.com.br\/blog\/wp-content\/uploads\/2022\/04\/financiamento-mobiliario-caixa-economica-1024x576.jpg 1024w, https:\/\/www.aarquiteta.com.br\/blog\/wp-content\/uploads\/2022\/04\/financiamento-mobiliario-caixa-economica-696x392.jpg 696w, https:\/\/www.aarquiteta.com.br\/blog\/wp-content\/uploads\/2022\/04\/financiamento-mobiliario-caixa-economica-150x84.jpg 150w\" sizes=\"(max-width: 1920px) 100vw, 1920px\" \/><\/a><figcaption id=\"caption-attachment-53083\" class=\"wp-caption-text\"><a href=\"https:\/\/www.aarquiteta.com.br\/blog\/financiamento-imobiliario-caixa-economica\/\" target=\"_blank\" rel=\"noopener\">Financie sua casa pela Caixa Econ\u00f4mica! Clique aqui e veja como \u00e9 f\u00e1cil!<\/a><\/figcaption><\/figure>\n<p>&nbsp;<\/p>\n<h3>Como os dois ambientes podem aproveitar melhor o espa\u00e7o?<\/h3>\n<p>Use bancos, prateleiras ou m\u00f3veis que separe as \u00e1reas de um espa\u00e7o para outro.<\/p>\n<h3>Armazenamento de m\u00f3veis planejados para apartamentos<\/h3>\n<p>Em primeiro lugar, usando o espa\u00e7o de um pequeno apartamento, a organiza\u00e7\u00e3o \u00e9 essencial.<\/p>\n<p>Portanto, prefiro m\u00f3veis que possam armazenar, organizar e ocultar objetos.<\/p>\n<p>Em um apartamento pequeno, quanto menos informa\u00e7\u00e3o visual, melhor, porque cria uma sensa\u00e7\u00e3o no ambiente parecendo maior e bem organizado.<\/p>\n<h3>Escal\u00e1vel, reclin\u00e1vel e dobr\u00e1vel<\/h3>\n<p>Outra dica \u00e9 escolher m\u00f3veis que possam ser dobrados, inclinados e guardados.<\/p>\n<p>Assim \u00e9 poss\u00edvel aproveitar melhor o espa\u00e7o do ambiente.<\/p>\n<p>A cozinha \u00e9 muito pequena? Ent\u00e3o, por exemplo, como escolher uma mesa dobr\u00e1vel?<\/p>\n<p>A vantagem \u00e9 que a mesa pode ser dobrada ou guardada quando n\u00e3o estiver em uso, libere espa\u00e7o.<\/p>\n<h3>M\u00f3veis suspensos<\/h3>\n<p>Que tal liberar espa\u00e7o para fazer a sala parecer maior?<\/p>\n<p>Um mobili\u00e1rio suspenso pode ajuda-lo.<\/p>\n<p>Al\u00e9m disso, este tipo de mobili\u00e1rio tamb\u00e9m \u00e9 conveniente para a limpeza.<\/p>\n<h3>Dicas extras para organizar m\u00f3veis em espa\u00e7os pequenos.<\/h3>\n<p><img decoding=\"async\" class=\"alignnone wp-image-42878 size-full\" title=\"moveis para apartamentos pequenos\" src=\"https:\/\/www.aarquiteta.com.br\/blog\/wp-content\/uploads\/2022\/02\/decoracao-para-apartamentos-compartilhados-2.jpg\" alt=\"moveis para apartamentos pequenos\" width=\"500\" height=\"500\" srcset=\"https:\/\/www.aarquiteta.com.br\/blog\/wp-content\/uploads\/2022\/02\/decoracao-para-apartamentos-compartilhados-2.jpg 500w, https:\/\/www.aarquiteta.com.br\/blog\/wp-content\/uploads\/2022\/02\/decoracao-para-apartamentos-compartilhados-2-96x96.jpg 96w, https:\/\/www.aarquiteta.com.br\/blog\/wp-content\/uploads\/2022\/02\/decoracao-para-apartamentos-compartilhados-2-150x150.jpg 150w\" sizes=\"(max-width: 500px) 100vw, 500px\" \/><\/p>\n<p>Agora que voc\u00ea sabe o que levar para o seu pequeno espa\u00e7o, discutiremos algumas disposi\u00e7\u00f5es comuns.<\/p>\n<p><strong>N\u00e3o tente nada.<\/strong> Uma das grandes reclama\u00e7\u00f5es dos cub\u00edculos \u00e9 que parecem caixas de sapato. Ap\u00f3s instalar o sof\u00e1, a cadeira e a mesa, os \u00e2ngulos das paredes e dos m\u00f3veis v\u00e3o aborrecer a todos antes que voc\u00ea tenha a chance de dizer ol\u00e1.<\/p>\n<p>Uma abordagem de design fora da caixa \u00e9 construir um tri\u00e2ngulo no espa\u00e7o em vez de colocar m\u00f3veis ao longo das paredes.<\/p>\n<p>Crie uma \u00e1rea baixa diretamente em frente \u00e0 entrada, usando um banco baixo, banco ou mesa baixa como uma perna do tri\u00e2ngulo.<\/p>\n<p>Ele se concentrar\u00e1 na disposi\u00e7\u00e3o dos m\u00f3veis no centro da sala, n\u00e3o na forma (e tamanho) da pr\u00f3pria sala.<\/p>\n<h5>Faltou algum ingrediente para a receita?<\/h5>\n<p><em>N\u00e3o se preocupe! Fa\u00e7a suas compras pela internet!<\/em><\/p>\n<p><em>E se voc\u00ea tiver<strong> Cart\u00e3o de Cr\u00e9dito<\/strong> voc\u00ea ainda pode utiliz\u00e1-lo para realizar suas c<strong>ompras pela internet.<\/strong> \u00a0<\/em><\/p>\n<p><em>J\u00e1 conhece o Cart\u00e3o Atacad\u00e3o? Confira o Cart\u00e3o de Cr\u00e9dito da maior rede atacadista de alimentos. Aproveite as<a href=\"https:\/\/www.aarquiteta.com.br\/blog\/como-solicitar-cartao-atacadao\/\" target=\"_blank\" rel=\"noopener\"> vantagens exclusivas<\/a> e pe\u00e7a j\u00e1 o seu!<\/em><\/p>\n<figure id=\"attachment_52493\" aria-describedby=\"caption-attachment-52493\" style=\"width: 1000px\" class=\"wp-caption aligncenter\"><a href=\"https:\/\/www.aarquiteta.com.br\/blog\/como-solicitar-cartao-atacadao\/\" target=\"_blank\" rel=\"noopener\"><img decoding=\"async\" class=\"wp-image-52493 size-full\" title=\"Cart\u00e3o Atacad\u00e3o - Cr\u00e9dito para comprar e prazo para pagar!\" src=\"https:\/\/www.aarquiteta.com.br\/blog\/wp-content\/uploads\/2021\/10\/cartao-atacadao-1.jpg\" alt=\"Cart\u00e3o Atacad\u00e3o - Cr\u00e9dito para comprar e prazo para pagar!\" width=\"1000\" height=\"250\" srcset=\"https:\/\/www.aarquiteta.com.br\/blog\/wp-content\/uploads\/2021\/10\/cartao-atacadao-1.jpg 1000w, https:\/\/www.aarquiteta.com.br\/blog\/wp-content\/uploads\/2021\/10\/cartao-atacadao-1-696x174.jpg 696w, https:\/\/www.aarquiteta.com.br\/blog\/wp-content\/uploads\/2021\/10\/cartao-atacadao-1-150x38.jpg 150w\" sizes=\"(max-width: 1000px) 100vw, 1000px\" \/><\/a><figcaption id=\"caption-attachment-52493\" class=\"wp-caption-text\"><a href=\"https:\/\/www.aarquiteta.com.br\/blog\/como-solicitar-cartao-atacadao\/\" target=\"_blank\" rel=\"noopener\">Cart\u00e3o Atacad\u00e3o &#8211; Cr\u00e9dito para comprar e prazo para pagar! Clique para saber mais!<\/a><\/figcaption><\/figure>\n<p>&nbsp;<\/p>\n<p><strong>Aproveite os cantos.<\/strong> Os cantos s\u00e3o uma das \u00e1reas mais subutilizadas e incompreendidas de uma pequena sala.<\/p>\n<p>S\u00e3o \u00f3timas esta\u00e7\u00f5es de trabalho e \u00e1reas de armazenamento porque est\u00e3o fora do caminho e, na maioria das salas, s\u00e3o um desperd\u00edcio de espa\u00e7o.<\/p>\n<p>Ao adicionar unidades de armazenamento de canto, esta\u00e7\u00f5es de computador ou prateleiras decorativas, voc\u00ea pode aproveitar cada cent\u00edmetro de espa\u00e7o, mantendo os itens atraentes e organizados.<\/p>\n<p><strong>Ir com a corrente.<\/strong> Mesmo que sua \u00e1rea de estar seja pequena, voc\u00ea ainda precisa criar espa\u00e7o suficiente para as pessoas se movimentarem, se movimentarem e circundarem esse espa\u00e7o.<\/p>\n<p>Se voc\u00ea criar um gargalo ao redor da \u00e1rea de jantar ou da poltrona reclin\u00e1vel, esse espa\u00e7o ser\u00e1 menos conveniente de usar e poder\u00e1 at\u00e9 causar a queda de algu\u00e9m.<\/p>\n<p>Antes de come\u00e7ar a mover os m\u00f3veis, desenhe a entrada e a sa\u00edda.<\/p>\n<p>Antecipe como o tr\u00e1fego fluir\u00e1 e certifique-se de deixar espa\u00e7o para corredores largos (28 polegadas (0,71 m) ou mais).<\/p>\n<p><strong>Circule a desordem.<\/strong> Em uma sala grande, uma cole\u00e7\u00e3o de itens como velas e porta-retratos faz com que o espa\u00e7o pare\u00e7a aconchegante e conectado.<\/p>\n<p>A mesma cole\u00e7\u00e3o em um espa\u00e7o pequeno aparecer\u00e1 desordenada. Para espa\u00e7os pequenos, a escala \u00e9 importante, mas tamb\u00e9m \u00e9 uma apar\u00eancia elegante e elegante.<\/p>\n<p>Se voc\u00ea gosta de pe\u00e7as de destaque, escolha uma pe\u00e7a focal atraente, como um painel de vidro soprado em uma mesa de centro, um agrupamento ou uma cole\u00e7\u00e3o.<\/p>\n<p><strong>Conversas em grupo.<\/strong> Voc\u00ea pode agrupar m\u00f3veis para criar \u00e1reas de conversa\u00e7\u00e3o envolventes em salas pequenas, assim como em salas grandes, com algumas exce\u00e7\u00f5es.<\/p>\n<p>A luz \u00e9 sua amiga aqui e pode segurar bem um conjunto de duas cadeiras, ou uma cadeira e uma mesa.<\/p>\n<p>Evite divis\u00f3rias, mesas de sof\u00e1 e tapetes coloridos que dividem e cortam o espa\u00e7o.<\/p>\n<p>L\u00e2mpadas, vasos altos na mesa, plantadores de pedestal e obras de arte nas paredes far\u00e3o o trabalho, mantendo o espa\u00e7o aberto e arejado.<\/p>\n        <section class=\"sc_fs_faq sc_card \">\n            <div>\n\t\t\t\t<h2>Quanto custa colocar m\u00f3veis sob medida em um apartamento de 50 m\u00b2?<\/h2>                <div>\n\t\t\t\t\t                    <p>\n\t\t\t\t\t\tUm fator que voc\u00ea precisa considerar para entender quanto vai custar os m\u00f3veis para o seu plano s\u00e3o os metros quadrados. Em m\u00e9dia, esse tipo de m\u00f3vel custa entre 900 e 1.500 reais por metro quadrado.                    <\/p>\n                <\/div>\n            <\/div>\n        <\/section>\n\t\t        <section class=\"sc_fs_faq sc_card \">\n            <div>\n\t\t\t\t<h2>Quanto custa reformar um apartamento planejado?<\/h2>                <div>\n\t\t\t\t\t                    <p>\n\t\t\t\t\t\tSe voc\u00ea deseja reformar um apartamento e optar por op\u00e7\u00f5es novas e mais acess\u00edveis no mercado imobili\u00e1rio, poder\u00e1 fazer isso por uma m\u00e9dia de cerca de R$ 5.000. Na casa de um casal, esse valor \u00e9 de no m\u00ednimo R$ 6.100 (supondo que escolham o item mais barato).                    <\/p>\n                <\/div>\n            <\/div>\n        <\/section>\n\t\t        <section class=\"sc_fs_faq sc_card \">\n            <div>\n\t\t\t\t<h2>Quanto custar\u00e1 reformar um apartamento em 2022?<\/h2>                <div>\n\t\t\t\t\t                    <p>\n\t\t\t\t\t\tDessa forma, considerando os itens mais comuns e o n\u00famero de c\u00f4modos do im\u00f3vel, o valor da oferta de um apartamento varia de 5 a 20.000 reais. At\u00e9 R$ 5.000: pode fornecer apartamento com 1 quarto, sala, cozinha, banheiro e \u00e1rea de servi\u00e7o                    <\/p>\n                <\/div>\n            <\/div>\n        <\/section>\n\t\t\n<script type=\"application\/ld+json\">\n    {\n\t\t\"@context\": \"https:\/\/schema.org\",\n\t\t\"@type\": \"FAQPage\",\n\t\t\"mainEntity\": [\n\t\t\t\t{\n\t\t\t\t\"@type\": \"Question\",\n\t\t\t\t\"name\": \"Quanto custa colocar m\u00f3veis sob medida em um apartamento de 50 m\u00b2?\",\n\t\t\t\t\"acceptedAnswer\": {\n\t\t\t\t\t\"@type\": \"Answer\",\n\t\t\t\t\t\"text\": \"Um fator que voc\u00ea precisa considerar para entender quanto vai custar os m\u00f3veis para o seu plano s\u00e3o os metros quadrados. Em m\u00e9dia, esse tipo de m\u00f3vel custa entre 900 e 1.500 reais por metro quadrado.\"\n\t\t\t\t\t\t\t\t\t}\n\t\t\t}\n\t\t\t,\t\t\t\t{\n\t\t\t\t\"@type\": \"Question\",\n\t\t\t\t\"name\": \"Quanto custa reformar um apartamento planejado?\",\n\t\t\t\t\"acceptedAnswer\": {\n\t\t\t\t\t\"@type\": \"Answer\",\n\t\t\t\t\t\"text\": \"Se voc\u00ea deseja reformar um apartamento e optar por op\u00e7\u00f5es novas e mais acess\u00edveis no mercado imobili\u00e1rio, poder\u00e1 fazer isso por uma m\u00e9dia de cerca de R$ 5.000. Na casa de um casal, esse valor \u00e9 de no m\u00ednimo R$ 6.100 (supondo que escolham o item mais barato).\"\n\t\t\t\t\t\t\t\t\t}\n\t\t\t}\n\t\t\t,\t\t\t\t{\n\t\t\t\t\"@type\": \"Question\",\n\t\t\t\t\"name\": \"Quanto custar\u00e1 reformar um apartamento em 2022?\",\n\t\t\t\t\"acceptedAnswer\": {\n\t\t\t\t\t\"@type\": \"Answer\",\n\t\t\t\t\t\"text\": \"Dessa forma, considerando os itens mais comuns e o n\u00famero de c\u00f4modos do im\u00f3vel, o valor da oferta de um apartamento varia de 5 a 20.000 reais. At\u00e9 R$ 5.000: pode fornecer apartamento com 1 quarto, sala, cozinha, banheiro e \u00e1rea de servi\u00e7o\"\n\t\t\t\t\t\t\t\t\t}\n\t\t\t}\n\t\t\t\t    ]\n}\n<\/script>\n\n<h3>Gostou das dicas de como usar m\u00f3veis planejados em um apartamento pequeno?<\/h3>\n<p>Ent\u00e3o, veja este v\u00eddeo abaixo sobre o que voc\u00ea deve evitar ao m\u00e1ximo quando o assunto \u00e9 decorar corretamente:<\/p>\n<div class=\"youtube-embed\" data-video_id=\"9PjhGXgCGLU\"><iframe title=\"Decore f\u00e1cil: O que \u00e9 decora\u00e7\u00e3o de ambientes?\" width=\"696\" height=\"392\" src=\"https:\/\/www.youtube.com\/embed\/9PjhGXgCGLU?start=14&#038;feature=oembed\" frameborder=\"0\" allow=\"accelerometer; autoplay; clipboard-write; encrypted-media; gyroscope; picture-in-picture; web-share\" allowfullscreen><\/iframe><\/div>\n<p>Ent\u00e3o, n\u00e3o deixe de acompanhar nosso blog, muitas dicas incr\u00edveis diariamente.<\/p>\n<p>Separamos as melhores dicas e tend\u00eancias do momento para sua casa ficar linda!<\/p>\n<p>Esperamos que essas dicas sejam muito \u00fateis e utilizem muito essas ideias preciosas.<\/p>\n<h3>\u25baVeja mais dicas:<\/h3>\n<p>Quer mais dicas ent\u00e3o confira alguns dos nossos artigos sobre:<\/p>\n<ul>\n<li><a href=\"https:\/\/www.aarquiteta.com.br\/decoracao\/\" target=\"_blank\" rel=\"noopener\">Decora\u00e7\u00e3o<\/a><\/li>\n<li><a href=\"https:\/\/www.aarquiteta.com.br\/blog\/paisagismo\/\" target=\"_blank\" rel=\"noopener\">Casa e Jardim<\/a><\/li>\n<li><a href=\"https:\/\/www.aarquiteta.com.br\/blog\/arquitetura\/mundo-arquitetura\/\" target=\"_blank\" rel=\"noopener\">Mundo Arquitetura<\/a><\/li>\n<\/ul>\n<p>Escolha a pr\u00f3xima e boa leitura!<\/p>\n","protected":false},"excerpt":{"rendered":"<p>Em primeiro lugar, escolher m\u00f3veis sob medida para um apartamento pequeno n\u00e3o \u00e9 uma tarefa f\u00e1cil. Afinal, voc\u00ea precisa saber como usar corretamente cada cent\u00edmetro de espa\u00e7o dispon\u00edvel. Pensando nisso, confira os benef\u00edcios dos m\u00f3veis projetados para apartamentos pequenos, pois utilizar esse tipo de m\u00f3vel pode ser a melhor op\u00e7\u00e3o para esse ambiente. Depois de [&hellip;]<\/p>\n","protected":false},"author":102,"featured_media":26157,"comment_status":"closed","ping_status":"closed","sticky":false,"template":"","format":"standard","meta":{"footnotes":""},"categories":[971,20341,35386,18792,18776],"tags":[9934,9933],"class_list":["post-50620","post","type-post","status-publish","format-standard","has-post-thumbnail","category-design-de-interiores","category-moveis","category-moveis-planejados","category-decoracao-de-apartamento","category-projetos-de-moveis-planejados","tag-moveis-apartamento-pequeno","tag-moveis-planejados"],"_wp_attached_file":null,"_wp_attachment_metadata":null,"_wp_attachment_context":null,"_wp_attachment_is_custom_header":null,"geo_longitude":null,"geo_public":null,"geo_latitude":null,"_publicize_done_external":null,"_wpas_done_3897181":null,"publicize_twitter_user":null,"_wpas_done_3897175":null,"_wpas_skip_3897181":null,"_wpas_skip_3897175":null,"_wpas_skip_3924723":null,"_wpas_mess":null,"_wpas_done_3924723":null,"wps_subtitle":"Se voc\u00ea tem um espa\u00e7o pequeno e est\u00e1 se perguntando como pode fazer com que tudo se encaixe e fique bem, vamos ajudar voc\u00ea.","_links":{"self":[{"href":"https:\/\/www.aarquiteta.com.br\/blog\/wp-json\/wp\/v2\/posts\/50620","targetHints":{"allow":["GET"]}}],"collection":[{"href":"https:\/\/www.aarquiteta.com.br\/blog\/wp-json\/wp\/v2\/posts"}],"about":[{"href":"https:\/\/www.aarquiteta.com.br\/blog\/wp-json\/wp\/v2\/types\/post"}],"author":[{"embeddable":true,"href":"https:\/\/www.aarquiteta.com.br\/blog\/wp-json\/wp\/v2\/users\/102"}],"replies":[{"embeddable":true,"href":"https:\/\/www.aarquiteta.com.br\/blog\/wp-json\/wp\/v2\/comments?post=50620"}],"version-history":[{"count":2,"href":"https:\/\/www.aarquiteta.com.br\/blog\/wp-json\/wp\/v2\/posts\/50620\/revisions"}],"predecessor-version":[{"id":157929,"href":"https:\/\/www.aarquiteta.com.br\/blog\/wp-json\/wp\/v2\/posts\/50620\/revisions\/157929"}],"wp:featuredmedia":[{"embeddable":true,"href":"https:\/\/www.aarquiteta.com.br\/blog\/wp-json\/wp\/v2\/media\/26157"}],"wp:attachment":[{"href":"https:\/\/www.aarquiteta.com.br\/blog\/wp-json\/wp\/v2\/media?parent=50620"}],"wp:term":[{"taxonomy":"category","embeddable":true,"href":"https:\/\/www.aarquiteta.com.br\/blog\/wp-json\/wp\/v2\/categories?post=50620"},{"taxonomy":"post_tag","embeddable":true,"href":"https:\/\/www.aarquiteta.com.br\/blog\/wp-json\/wp\/v2\/tags?post=50620"}],"curies":[{"name":"wp","href":"https:\/\/api.w.org\/{rel}","templated":true}]}}